{"id":4448,"date":"2019-06-27T07:55:22","date_gmt":"2019-06-27T06:55:22","guid":{"rendered":"https:\/\/diba.ccoo.cat\/?p=4448"},"modified":"2023-02-22T18:58:40","modified_gmt":"2023-02-22T17:58:40","slug":"saps-exactament-quan-et-costa-desplacar-te-amb-el-teu-cotxe","status":"publish","type":"post","link":"https:\/\/ccoo.app\/diputacio-de-barcelona\/saps-exactament-quan-et-costa-desplacar-te-amb-el-teu-cotxe\/","title":{"rendered":"SAPS EXACTAMENT QUAN ET COSTA DESPLA\u00c7AR-TE AMB EL TEU COTXE?"},"content":{"rendered":"<p class=\"wp-caption-text\"><img loading=\"lazy\" decoding=\"async\" class=\"alignnone wp-image-1853\" src=\"http:\/\/ccoo.app\/diputacio-de-barcelona\/wp-content\/blogs.dir\/6\/files\/sites\/186\/2018\/01\/logoccoov18.jpg\" alt=\"\" width=\"137\" height=\"63\" \/>\u00a0 \u00a0<a href=\"https:\/\/www.youtube.com\/watch?v=KyWx1zLOe_g&amp;list=PLmUHjYzX1jQCrQ9XC0pXCNMRPY_IZKK65\"><img loading=\"lazy\" decoding=\"async\" class=\"alignnone size-medium wp-image-2726\" src=\"http:\/\/ccoo.app\/diputacio-de-barcelona\/wp-content\/blogs.dir\/6\/files\/sites\/186\/2018\/10\/jjjjjjjjjjjjjjjjjjjj-300x47.png\" alt=\"\" width=\"300\" height=\"47\" srcset=\"https:\/\/ccoo.app\/diputacio-de-barcelona\/wp-content\/blogs.dir\/6\/files\/sites\/186\/2018\/10\/jjjjjjjjjjjjjjjjjjjj-300x47.png 300w, https:\/\/ccoo.app\/diputacio-de-barcelona\/wp-content\/blogs.dir\/6\/files\/sites\/186\/2018\/10\/jjjjjjjjjjjjjjjjjjjj.png 541w\" sizes=\"auto, (max-width: 300px) 100vw, 300px\" \/><\/a><\/p>\n<p style=\"text-align: justify\"><span style=\"font-family: arial, helvetica, sans-serif;color: #000000\">El IDAE ha publicat una guia per implantar plans de transport al treball.\u00a0<\/span><\/p>\n<p style=\"text-align: justify\"><span style=\"font-family: arial, helvetica, sans-serif;color: #000000\">Tamb\u00e9 ha publicat una calculadora amb la qual podr\u00e0s con\u00e8ixer la despesa mensual del \u00fas del cotxe particular.\u00a0<\/span><\/p>\n<ul>\n<li><a href=\"https:\/\/www.movilidad-idae.com\/destacados\/muevete-al-trabajo-con-un-plan\">GUIA DE PLANS DE MOBILITAT AL TREBALL<\/a><\/li>\n<li><a href=\"https:\/\/www.movilidad-idae.es\/coste-total-vida-util\">CALCULADORA<\/a>.<\/li>\n<\/ul>\n<p>&nbsp;<\/p>\n<p><span style=\"color: #0000ff;font-size: 14pt\"><span style=\"font-family: 'arial black', sans-serif\"><strong>CCOO SEGUIM EXIGINT QUE LA DIPUTACI\u00d3 PASSI DE LES PARAULES ALS FETS, ES A DIR, A ME<\/strong><\/span><span style=\"font-family: 'arial black', sans-serif\"><strong>SURES CONCRETES PER A UNA MOBILITAT SOSTENIBLE.<\/strong><\/span><\/span><\/p>\n<ul>\n<li><span style=\"font-family: arial, helvetica, sans-serif;color: #000000\">Beneficis fiscals pel transport p\u00fablic.Incentius<\/span><\/li>\n<li><span style=\"font-family: arial, helvetica, sans-serif;color: #000000\">Valoracions dels llocs de treball que suposen despla\u00e7ament durant la jornada<\/span><\/li>\n<li><span style=\"font-family: arial, helvetica, sans-serif;color: #000000\">Aparcaments segurs per a bicis i vestuaris pels usuaris<\/span><\/li>\n<li><span style=\"font-family: arial, helvetica, sans-serif;color: #000000\">Gesti\u00f3 dels p\u00e0rquings dels centres de treball<\/span><\/li>\n<li><span style=\"font-family: arial, helvetica, sans-serif;color: #000000\">Mesures per afavorir el cotxe compartit<\/span><\/li>\n<li><span style=\"font-family: arial, helvetica, sans-serif;color: #000000\">Minimitzar i optimitzar els despla\u00e7aments<\/span><\/li>\n<li><span style=\"font-family: arial, helvetica, sans-serif;color: #000000\">Teletreball<\/span><\/li>\n<li><span style=\"color: #000000;font-family: arial, helvetica, sans-serif\">Propostes de CCOO diba enviades al President de la Taula de Mobilitat de la Diputaci\u00f3 de Barcelona (<\/span><a style=\"font-family: arial, helvetica, sans-serif\" href=\"http:\/\/ccoo.app\/diputacio-de-barcelona\/wp-content\/blogs.dir\/6\/files\/sites\/186\/2018\/10\/mobilitat-beneficis-fiscals.pdf\"><span style=\"color: #0000ff\"><strong>cliqueu per llegir escrit 2016)<\/strong><\/span><\/a><\/li>\n<li><span style=\"font-family: arial, helvetica, sans-serif;color: #000000\">Nou escrit enviat (<\/span><a style=\"font-family: arial, helvetica, sans-serif\" href=\"https:\/\/diba.ccoo.cat\/wp-content\/uploads\/sites\/37\/2018\/10\/Sra-Lola-Mir%C3%B3-Implantaci%C3%B3-Prova-Pilot-Teletreball.pdf\"><strong><span style=\"color: #0000ff\">cliqueu per llegir escrit 2018<\/span><\/strong><\/a><span style=\"color: #000000;font-family: arial, helvetica, sans-serif\">).<\/span><\/li>\n<\/ul>\n<p><span style=\"font-family: arial, helvetica, sans-serif;color: #000000\">\u00a0Insistim per tant en que <span style=\"color: #0000ff\"><strong>ja \u00e9s hora de comen\u00e7ar a aplicar a la Diputaci\u00f3 les mesures<\/strong><\/span> relacionat amb la mobilitat sostenible dels m\u00e9s de 4700 treballadores i treballadors.<\/span><\/p>\n<p>&nbsp;<\/p>\n<p><strong><a href=\"https:\/\/transparencia.diba.cat\/acords-de-la-mesa-general-de-negociacio-2015-2019\"><img loading=\"lazy\" decoding=\"async\" class=\"wp-image-2336 aligncenter\" src=\"http:\/\/ccoo.app\/diputacio-de-barcelona\/wp-content\/blogs.dir\/6\/files\/sites\/186\/2018\/05\/bnbn-300x47.png\" alt=\"\" width=\"568\" height=\"89\" srcset=\"https:\/\/ccoo.app\/diputacio-de-barcelona\/wp-content\/blogs.dir\/6\/files\/sites\/186\/2018\/05\/bnbn-300x47.png 300w, https:\/\/ccoo.app\/diputacio-de-barcelona\/wp-content\/blogs.dir\/6\/files\/sites\/186\/2018\/05\/bnbn.png 676w\" sizes=\"auto, (max-width: 568px) 100vw, 568px\" \/><\/a><\/strong><\/p>\n<p>&nbsp;<\/p>\n<p><a href=\"https:\/\/diba.ccoo.cat\/afiliat-al-sindicat-amb-mes-afiliacio-i-representacio-a-la-diputacio-de-barcelona\/\"><span style=\"font-family: arial, helvetica, sans-serif;color: #000000\"><strong><img loading=\"lazy\" decoding=\"async\" class=\"wp-image-2304 alignleft\" src=\"http:\/\/ccoo.app\/diputacio-de-barcelona\/wp-content\/blogs.dir\/6\/files\/sites\/186\/2018\/05\/asasas-300x142.png\" alt=\"\" width=\"218\" height=\"103\" srcset=\"https:\/\/ccoo.app\/diputacio-de-barcelona\/wp-content\/blogs.dir\/6\/files\/sites\/186\/2018\/05\/asasas-300x142.png 300w, https:\/\/ccoo.app\/diputacio-de-barcelona\/wp-content\/blogs.dir\/6\/files\/sites\/186\/2018\/05\/asasas.png 318w\" sizes=\"auto, (max-width: 218px) 100vw, 218px\" \/><\/strong><\/span><\/a><\/p>\n<p><span style=\"font-family: 'arial black', sans-serif;color: #0000ff\"><strong>Horari d\u2019atenci\u00f3 CCOO DIBA: <\/strong><\/span><\/p>\n<p><span style=\"font-family: 'arial black', sans-serif;color: #0000ff\"><strong>CARRER MALLORCA, 244, 2on 3a<\/strong><\/span><\/p>\n<p><span style=\"font-family: 'arial black', sans-serif;color: #0000ff\"><strong>DE DILLUNS A DIVENDRES DE 8:30 A 16:30\u00a0\u00a0 <\/strong><span style=\"font-size: 10pt\"><strong>(FORA D\u2019AQUEST HORARI AMB CITA PR\u00c8VIA)<\/strong><\/span><\/span><\/p>\n<p style=\"text-align: center\"><span style=\"font-size: 18pt\"><span style=\"font-family: 'arial black', sans-serif;color: #0000ff\"><strong>\u00a0<\/strong><\/span><span style=\"font-family: arial, helvetica, sans-serif\"><strong><small><span style=\"color: #0000ff;font-family: 'arial black', sans-serif\">Contacta&#8217;ns per tel\u00e8fon 934 022 985 o correu:<\/span> <a href=\"mailto:ccoo@diba.cat\">ccoo@diba.cat<\/a><\/small> <\/strong><\/span><\/span><\/p>\n<p><strong>\u00a0<\/strong><\/p>\n<p><a href=\"https:\/\/twitter.com\/CCOODiba\"><img loading=\"lazy\" decoding=\"async\" class=\"alignleft\" src=\"http:\/\/www.mysocialaccounts.com\/wp-content\/uploads\/2017\/04\/twitter.jpg\" alt=\"Resultado de imagen de twitter\" width=\"44\" height=\"44\" \/><\/a>\u00a0 \u00a0\u00a0<a href=\"http:\/\/diba.ccoo.cat\/\"><img loading=\"lazy\" decoding=\"async\" class=\"\" src=\"https:\/\/encrypted-tbn0.gstatic.com\/images?q=tbn:ANd9GcS98Z75qmWgKpehEkfwdWrInKdK65A-jf2SgkGvuU4oy_fPYt9q\" alt=\"Imagen relacionada\" width=\"52\" height=\"53\" \/><\/a><a href=\"https:\/\/www.facebook.com\/CcooDiputacioDeBarcelona\/\"><img loading=\"lazy\" decoding=\"async\" class=\"alignleft\" src=\"https:\/\/upload.wikimedia.org\/wikipedia\/commons\/thumb\/7\/7c\/Facebook_New_Logo_%282015%29.svg\/2000px-Facebook_New_Logo_%282015%29.svg.png\" alt=\"Resultado de imagen de facebook\" width=\"122\" height=\"46\" \/><\/a><a href=\"https:\/\/www.youtube.com\/channel\/UCFzenkS75udEcs4pB4qoZsg\"><img loading=\"lazy\" decoding=\"async\" class=\"alignleft\" src=\"https:\/\/i.kinja-img.com\/gawker-media\/image\/upload\/s--heVex4FV--\/c_scale,fl_progressive,q_80,w_800\/pol5zfmalpqmpt1jcnbp.png\" alt=\"Resultado de imagen de youtube\" width=\"117\" height=\"50\" \/><\/a><img loading=\"lazy\" decoding=\"async\" class=\"alignleft\" src=\"https:\/\/www.educapeques.com\/wp-content\/uploads\/2016\/04\/descargar-whatsapp.png\" alt=\"Resultado de imagen de whatsapp\" width=\"64\" height=\"50\" \/><\/p>\n<p>&nbsp;<\/p>\n<p>&nbsp;<\/p>\n<p>&nbsp;<\/p>\n<p>&nbsp;<\/p>\n<p>&nbsp;<\/p>\n<p>&nbsp;<\/p>\n<p>&nbsp;<\/p>\n<p>&nbsp;<\/p>\n<p><img loading=\"lazy\" decoding=\"async\" class=\"wp-image-262 alignright\" src=\"http:\/\/ccoo.app\/diputacio-de-barcelona\/wp-content\/blogs.dir\/6\/files\/sites\/186\/2016\/04\/afiliat_ccoo_cat.gif\" alt=\"Tota la informaci\u00f3 de com afiliar-se a CCOO Catalunya i forlmulari d'alta o baxia.\" width=\"90\" height=\"80\" \/><\/p>\n<p>&nbsp;<\/p>\n<p>&nbsp;<\/p>\n<p>&nbsp;<\/p>\n<p>&nbsp;<\/p>\n<p>&nbsp;    \t<\/p>\n","protected":false},"excerpt":{"rendered":"<p>\u00a0 \u00a0 El IDAE ha publicat una guia per implantar plans de transport al treball.\u00a0 Tamb\u00e9 ha publicat una calculadora amb la qual podr\u00e0s con\u00e8ixer la despesa mensual del \u00fas &#8230; <\/p>\n<p class=\"read-more-container\"><a title=\"SAPS EXACTAMENT QUAN ET COSTA DESPLA\u00c7AR-TE AMB EL TEU COTXE?\" class=\"read-more button\" href=\"https:\/\/ccoo.app\/diputacio-de-barcelona\/saps-exactament-quan-et-costa-desplacar-te-amb-el-teu-cotxe\/#more-4448\" aria-label=\"Leer m\u00e1s sobre SAPS EXACTAMENT QUAN ET COSTA DESPLA\u00c7AR-TE AMB EL TEU COTXE?\">Continuar llegint<\/a><\/p>\n","protected":false},"author":4519,"featured_media":4449,"comment_status":"open","ping_status":"open","sticky":false,"template":"","format":"standard","meta":{"footnotes":""},"categories":[38,19,26],"tags":[154],"class_list":["post-4448","post","type-post","status-publish","format-standard","has-post-thumbnail","hentry","category-a-tot-el-personal","category-comunicats","category-mgn","tag-mobilitat-teletreball","generate-columns","tablet-grid-50","mobile-grid-100","grid-parent","grid-50"],"_links":{"self":[{"href":"https:\/\/ccoo.app\/diputacio-de-barcelona\/wp-json\/wp\/v2\/posts\/4448","targetHints":{"allow":["GET"]}}],"collection":[{"href":"https:\/\/ccoo.app\/diputacio-de-barcelona\/wp-json\/wp\/v2\/posts"}],"about":[{"href":"https:\/\/ccoo.app\/diputacio-de-barcelona\/wp-json\/wp\/v2\/types\/post"}],"author":[{"embeddable":true,"href":"https:\/\/ccoo.app\/diputacio-de-barcelona\/wp-json\/wp\/v2\/users\/4519"}],"replies":[{"embeddable":true,"href":"https:\/\/ccoo.app\/diputacio-de-barcelona\/wp-json\/wp\/v2\/comments?post=4448"}],"version-history":[{"count":1,"href":"https:\/\/ccoo.app\/diputacio-de-barcelona\/wp-json\/wp\/v2\/posts\/4448\/revisions"}],"predecessor-version":[{"id":51957,"href":"https:\/\/ccoo.app\/diputacio-de-barcelona\/wp-json\/wp\/v2\/posts\/4448\/revisions\/51957"}],"wp:featuredmedia":[{"embeddable":true,"href":"https:\/\/ccoo.app\/diputacio-de-barcelona\/wp-json\/wp\/v2\/media\/4449"}],"wp:attachment":[{"href":"https:\/\/ccoo.app\/diputacio-de-barcelona\/wp-json\/wp\/v2\/media?parent=4448"}],"wp:term":[{"taxonomy":"category","embeddable":true,"href":"https:\/\/ccoo.app\/diputacio-de-barcelona\/wp-json\/wp\/v2\/categories?post=4448"},{"taxonomy":"post_tag","embeddable":true,"href":"https:\/\/ccoo.app\/diputacio-de-barcelona\/wp-json\/wp\/v2\/tags?post=4448"}],"curies":[{"name":"wp","href":"https:\/\/api.w.org\/{rel}","templated":true}]}}