{"id":4411,"date":"2019-05-28T14:20:24","date_gmt":"2019-05-28T13:20:24","guid":{"rendered":"https:\/\/diba.ccoo.cat\/?p=4411"},"modified":"2023-02-22T18:58:50","modified_gmt":"2023-02-22T17:58:50","slug":"reunio-extraordinaria-de-la-comissio-de-seguiment-dels-acords","status":"publish","type":"post","link":"https:\/\/ccoo.app\/diputacio-de-barcelona\/reunio-extraordinaria-de-la-comissio-de-seguiment-dels-acords\/","title":{"rendered":"REUNI\u00d3 EXTRAORDIN\u00c0RIA DE LA COMISSI\u00d3 DE SEGUIMENT DELS ACORDS D\u2019INTEGRACI\u00d3 DE L&#8217;ORGT"},"content":{"rendered":"<p class=\"wp-caption-text\"><img loading=\"lazy\" decoding=\"async\" class=\"alignnone wp-image-1853\" src=\"http:\/\/ccoo.app\/diputacio-de-barcelona\/wp-content\/blogs.dir\/6\/files\/sites\/186\/2018\/01\/logoccoov18.jpg\" alt=\"\" width=\"137\" height=\"63\" \/><\/p>\n<p style=\"text-align: center\"><strong style=\"color: #0000ff;font-family: 'arial black', sans-serif;font-size: 24px\">REUNI\u00d3 EXTRAORDIN\u00c0RIA DE LA COMISSI\u00d3 DE SEGUIMENT DELS ACORDS D\u2019INTEGRACI\u00d3 DE L&#8217;ORGT<\/strong><\/p>\n<p style=\"text-align: justify\"><span style=\"font-family: arial, helvetica, sans-serif;color: #000000\">Arrel de les diferents consultes rebudes de les treballadores i treballadors sobre la incertesa que hi havia en refer\u00e8ncia a l\u2019horari d\u2019estiu, CCOO v\u00e0rem sol\u00b7licitar\u00a0 una reuni\u00f3 extraordin\u00e0ria de la Comissi\u00f3 de Seguiment per tal de poder tractar i aclarir aquest tema.<\/span><\/p>\n<p style=\"text-align: justify\"><span style=\"font-family: arial, helvetica, sans-serif;color: #000000\">Heu de saber que l<strong>a Direcci\u00f3 de RRHH diu que NO \u00e9s d\u2019aplicaci\u00f3 la jornada d\u2019estiu al personal de l\u2019ORGT<\/strong> ja que aquest t\u00e9 un r\u00e8gim transitori diferent pel que fa al nombre de tardes i horaris.<\/span><\/p>\n<p style=\"text-align: justify\"><span style=\"font-family: arial, helvetica, sans-serif;color: #000000\">CCOO ha posat sobre la taula l\u2019acord de la jornada de la Diba del passat 29\/11\/2018, ratificat pel ple de data 20\/12\/2018, a on queda recollida\u00a0 la jornada d\u2019estiu:<\/span><\/p>\n<p style=\"text-align: justify\"><span style=\"font-family: arial, helvetica, sans-serif;color: #000000\"><em>\u201c(&#8230;) Set\u00e8. Es mant\u00e9 la regulaci\u00f3 de l\u2019acord de la Mesa General de Negociaci\u00f3 de mat\u00e8ries comunes de la Diputaci\u00f3 de Barcelona, pel qual s\u2019aprova la jornada intensiva d\u2019estiu i mesures de flexibilitat de l\u2019horari en plena dedicaci\u00f3 i de les reduccions per motius de conciliaci\u00f3 del 27 de mar\u00e7 de 2015. (&#8230;)<\/em><\/span><\/p>\n<p style=\"text-align: justify\"><span style=\"font-family: arial, helvetica, sans-serif;color: #000000\"><em>Nov\u00e8. Aquest acord ser\u00e0 d\u2019aplicaci\u00f3 als diferents ens i organismes que pertanyen o en els quals participa la Diputaci\u00f3 de Barcelona, respecte del personal funcionari que la corporaci\u00f3 hi tingui adscrit, aix\u00ed com el personal laboral dels diferents ens i organismes que pertanyen o en les quals participa la Diputaci\u00f3 de Barcelona sempre que estiguin adherits a conveni col\u00b7lectiu del personal laboral d\u2019aquesta, <\/em><strong><em><u>amb independ\u00e8ncia de l\u2019adequaci\u00f3 dels horaris que cada organisme pugui determinar en funci\u00f3 de les seves necessitats.\u201d<\/u><\/em><\/strong><\/span><\/p>\n<p>&nbsp;<\/p>\n<p style=\"text-align: justify\"><span style=\"font-family: arial, helvetica, sans-serif;color: #000000\">Per tant, CCOO entenem que \u00e9s de plena aplicaci\u00f3 la jornada d\u2019estiu a tot el personal de l\u2019ORGT pels seg\u00fcents motius:<\/span><\/p>\n<ul style=\"text-align: justify\">\n<li><span style=\"font-family: arial, helvetica, sans-serif;color: #000000\">Perqu\u00e8 no contradiu els acords signats fins al moment.<\/span><\/li>\n<li><span style=\"font-family: arial, helvetica, sans-serif;color: #000000\">Perqu\u00e8 ens trobem en un per\u00edode transitori d\u2019integraci\u00f3.<\/span><\/li>\n<li><span style=\"font-family: arial, helvetica, sans-serif;color: #000000\">Perqu\u00e8 no hi ha cap motiu organitzatiu que ho justifiqui.<\/span><\/li>\n<li><span style=\"font-family: arial, helvetica, sans-serif;color: #000000\">Perqu\u00e8 afavoreix la conciliaci\u00f3 de la vida familiar i laboral.<\/span><\/li>\n<li><span style=\"font-family: arial, helvetica, sans-serif;color: #000000\">Perqu\u00e8 suposa un important estalvi econ\u00f2mic per la corporaci\u00f3 pel que fa als xecs <em>gourmet<\/em> com per les despeses de subministraments de les oficines (llum, aigua, a\/a&#8230;)<\/span><\/li>\n<\/ul>\n<p style=\"text-align: justify\"><span style=\"font-family: arial, helvetica, sans-serif;color: #000000\">I tenint en compte que no s\u2019est\u00e0 demanant treballar ni un minut menys, \u00e9s a dir, respectant el c\u00f2mput d\u2019hores que cadasc\u00fa te assignades.<\/span><\/p>\n<p style=\"text-align: justify\"><span style=\"font-family: arial, helvetica, sans-serif;color: #000000\">Per tant, \u00e9s evident que, un cop m\u00e9s, <strong>la Direcci\u00f3 de Recursos Humans fa una interpretaci\u00f3 restrictiva dels acords d\u2019integraci\u00f3<\/strong> i dels drets laborals sense voler fer cap esfor\u00e7 per arribar a punts d\u2019entesa.<\/span><\/p>\n<p style=\"text-align: justify\"><span style=\"font-family: arial, helvetica, sans-serif;color: #000000\">Estem absolutament decebudes i decebuts davant d\u2019aquesta actitud!!!<\/span><\/p>\n<p style=\"text-align: justify\"><span style=\"font-family: arial, helvetica, sans-serif;color: #000000\">Una mostra m\u00e9s d\u2019aquesta <strong>manca de voluntat<\/strong> \u00e9s que quan CCOO hem volgut aprofitar el temps que quedava de reuni\u00f3 per tractar altres aspectes que preocupen molt al personal, com s\u00f3n les convocat\u00f2ries de les OPO\u2019s de l\u2019ORGT i la problem\u00e0tica dels ATR2 I ATR3, l<strong>a Direcci\u00f3 de RRHH s\u2019ha negat a escoltar els temes que els hi vol\u00edem proposar, aixecant-se de la Mesa i donant per acabada la reuni\u00f3.<\/strong><\/span><\/p>\n<p style=\"text-align: justify\"><span style=\"font-family: arial, helvetica, sans-serif;color: #000000\">Davant aquesta situaci\u00f3 CCOO presentar\u00e0 dem\u00e0 a primera hora una petici\u00f3 per registre d\u2019entrada sol\u00b7licitant una nova convocat\u00f2ria de reuni\u00f3 extraordin\u00e0ria per tractar aquests temes i aquells que siguin necessaris.<\/span><\/p>\n<p>&nbsp;<\/p>\n<p style=\"text-align: justify\"><span style=\"font-family: arial, helvetica, sans-serif;color: #000000\">Amb l\u2019acord d\u2019integraci\u00f3 es va demostrar, tant per la part social com per l\u2019administraci\u00f3, una gran capacitat d\u2019arribar a acords i de trobar solucions a grans reptes que ten\u00edem al davant. \u00c9s evident que sempre queden aspectes\u00a0 i detalls que s\u2019han de continuar treballant i abordant. Ara b\u00e9, el que estem veient es que a on no arriba la lletra i calen certes interpretacions, la corporaci\u00f3 est\u00e0 optant reiteradament en posicionar-se de manera restrictiva amb els drets laborals.<\/span><\/p>\n<p style=\"text-align: justify\"><span style=\"font-family: arial, helvetica, sans-serif;color: #000000\"><strong>Aquesta actitud s\u2019ha fet evident des de l\u20191 de gener,<\/strong> ja que on abans hi havia solucions, ara tot son negatives, problemes, inviabilitat i arguments est\u00e8rils.<\/span><\/p>\n<p style=\"text-align: justify\"><span style=\"font-family: arial, helvetica, sans-serif;color: #000000\">En aquest moment de reorganitzaci\u00f3 de la corporaci\u00f3 a conseq\u00fc\u00e8ncia de les eleccions municipals, <strong>apel\u00b7lem a la Diputaci\u00f3 de Barcelona a que reflexioni sobre el nou model de relacions laborals que vol tenir i posi les solucions adients per tal de poder reconduir la situaci\u00f3 de conflictivitat<\/strong> que amena\u00e7a la conviv\u00e8ncia i pau social que s\u2019havia assolit a l\u2019ORGT.<\/span><\/p>\n<p><img loading=\"lazy\" decoding=\"async\" class=\"size-medium wp-image-3434 aligncenter\" src=\"http:\/\/ccoo.app\/diputacio-de-barcelona\/wp-content\/blogs.dir\/6\/files\/sites\/186\/2019\/02\/kkkkkkkkkkkkkkkkkkk-300x300.jpg\" alt=\"\" width=\"300\" height=\"300\" srcset=\"https:\/\/ccoo.app\/diputacio-de-barcelona\/wp-content\/blogs.dir\/6\/files\/sites\/186\/2019\/02\/kkkkkkkkkkkkkkkkkkk-300x300.jpg 300w, https:\/\/ccoo.app\/diputacio-de-barcelona\/wp-content\/blogs.dir\/6\/files\/sites\/186\/2019\/02\/kkkkkkkkkkkkkkkkkkk-1024x1024.jpg 1024w, https:\/\/ccoo.app\/diputacio-de-barcelona\/wp-content\/blogs.dir\/6\/files\/sites\/186\/2019\/02\/kkkkkkkkkkkkkkkkkkk-150x150.jpg 150w, https:\/\/ccoo.app\/diputacio-de-barcelona\/wp-content\/blogs.dir\/6\/files\/sites\/186\/2019\/02\/kkkkkkkkkkkkkkkkkkk-768x768.jpg 768w, https:\/\/ccoo.app\/diputacio-de-barcelona\/wp-content\/blogs.dir\/6\/files\/sites\/186\/2019\/02\/kkkkkkkkkkkkkkkkkkk.jpg 1080w\" sizes=\"auto, (max-width: 300px) 100vw, 300px\" \/><\/p>\n<p style=\"text-align: justify\"><img loading=\"lazy\" decoding=\"async\" class=\"wp-image-3220 aligncenter\" src=\"http:\/\/ccoo.app\/diputacio-de-barcelona\/wp-content\/blogs.dir\/6\/files\/sites\/186\/2018\/12\/nnnnnnnnnnnnnnno-177x300.png\" alt=\"\" width=\"86\" height=\"146\" srcset=\"https:\/\/ccoo.app\/diputacio-de-barcelona\/wp-content\/blogs.dir\/6\/files\/sites\/186\/2018\/12\/nnnnnnnnnnnnnnno-177x300.png 177w, https:\/\/ccoo.app\/diputacio-de-barcelona\/wp-content\/blogs.dir\/6\/files\/sites\/186\/2018\/12\/nnnnnnnnnnnnnnno-604x1024.png 604w, https:\/\/ccoo.app\/diputacio-de-barcelona\/wp-content\/blogs.dir\/6\/files\/sites\/186\/2018\/12\/nnnnnnnnnnnnnnno-768x1301.png 768w, https:\/\/ccoo.app\/diputacio-de-barcelona\/wp-content\/blogs.dir\/6\/files\/sites\/186\/2018\/12\/nnnnnnnnnnnnnnno-906x1536.png 906w, https:\/\/ccoo.app\/diputacio-de-barcelona\/wp-content\/blogs.dir\/6\/files\/sites\/186\/2018\/12\/nnnnnnnnnnnnnnno.png 1169w\" sizes=\"auto, (max-width: 86px) 100vw, 86px\" \/><\/p>\n<p>&nbsp;<\/p>\n<p><a href=\"https:\/\/www.ccoo.cat\/aspnet\/eleccions.aspx\"><img loading=\"lazy\" decoding=\"async\" class=\"wp-image-3042 aligncenter\" src=\"http:\/\/ccoo.app\/diputacio-de-barcelona\/wp-content\/blogs.dir\/6\/files\/sites\/186\/2018\/12\/logo-revindiquem-lluitem-arribem-acords-300x56.png\" alt=\"\" width=\"514\" height=\"96\" srcset=\"https:\/\/ccoo.app\/diputacio-de-barcelona\/wp-content\/blogs.dir\/6\/files\/sites\/186\/2018\/12\/logo-revindiquem-lluitem-arribem-acords-300x56.png 300w, https:\/\/ccoo.app\/diputacio-de-barcelona\/wp-content\/blogs.dir\/6\/files\/sites\/186\/2018\/12\/logo-revindiquem-lluitem-arribem-acords-768x145.png 768w, https:\/\/ccoo.app\/diputacio-de-barcelona\/wp-content\/blogs.dir\/6\/files\/sites\/186\/2018\/12\/logo-revindiquem-lluitem-arribem-acords.png 940w\" sizes=\"auto, (max-width: 514px) 100vw, 514px\" \/><img loading=\"lazy\" decoding=\"async\" class=\" wp-image-3428 aligncenter\" src=\"http:\/\/ccoo.app\/diputacio-de-barcelona\/wp-content\/blogs.dir\/6\/files\/sites\/186\/2019\/02\/ddddddddddddddddddddddddd-300x115.png\" alt=\"\" width=\"459\" height=\"176\" srcset=\"https:\/\/ccoo.app\/diputacio-de-barcelona\/wp-content\/blogs.dir\/6\/files\/sites\/186\/2019\/02\/ddddddddddddddddddddddddd-300x115.png 300w, https:\/\/ccoo.app\/diputacio-de-barcelona\/wp-content\/blogs.dir\/6\/files\/sites\/186\/2019\/02\/ddddddddddddddddddddddddd.png 611w\" sizes=\"auto, (max-width: 459px) 100vw, 459px\" \/><\/a><\/p>\n<p><a href=\"https:\/\/diba.ccoo.cat\/tambe-a-la-diputacio-no-es-no\/\"><img loading=\"lazy\" decoding=\"async\" class=\"wp-image-3043 aligncenter\" src=\"http:\/\/ccoo.app\/diputacio-de-barcelona\/wp-content\/blogs.dir\/6\/files\/sites\/186\/2018\/12\/ffffffffffffffffffff-1-300x108.png\" alt=\"\" width=\"175\" height=\"63\" srcset=\"https:\/\/ccoo.app\/diputacio-de-barcelona\/wp-content\/blogs.dir\/6\/files\/sites\/186\/2018\/12\/ffffffffffffffffffff-1-300x108.png 300w, https:\/\/ccoo.app\/diputacio-de-barcelona\/wp-content\/blogs.dir\/6\/files\/sites\/186\/2018\/12\/ffffffffffffffffffff-1.png 686w\" sizes=\"auto, (max-width: 175px) 100vw, 175px\" \/><\/a><\/p>\n<p>&nbsp;<\/p>\n<p><a href=\"https:\/\/diba.ccoo.cat\/afiliat-al-sindicat-amb-mes-afiliacio-i-representacio-a-la-diputacio-de-barcelona\/\"><img loading=\"lazy\" decoding=\"async\" class=\"alignnone size-medium wp-image-2346\" src=\"http:\/\/ccoo.app\/diputacio-de-barcelona\/wp-content\/blogs.dir\/6\/files\/sites\/186\/2016\/05\/asasas-300x142-1-300x142.png\" alt=\"\" width=\"300\" height=\"142\" \/><\/a><\/p>\n<p><span style=\"font-family: arial, helvetica, sans-serif;color: #000000\"><strong>Horari d\u2019atenci\u00f3 CCOO DIBA: <\/strong><\/span><\/p>\n<p><span style=\"font-family: arial, helvetica, sans-serif;color: #000000\"><strong>CARRER MALLORCA, 244, 2on 3a<\/strong><\/span><\/p>\n<p><span style=\"font-family: arial, helvetica, sans-serif;color: #000000\"><strong>DE DILLUNS A DIVENDRES DE 8:30 A 16:30\u00a0\u00a0 <\/strong><span style=\"font-size: 10pt\"><strong>(FORA D\u2019AQUEST HORARI, AMB CITA PR\u00c8VIA)<\/strong><\/span><\/span><\/p>\n<p style=\"text-align: center\"><span style=\"font-size: 18pt\"><span style=\"font-family: arial, helvetica, sans-serif;color: #000000\"><strong>\u00a0<\/strong><\/span><span style=\"font-family: arial, helvetica, sans-serif\"><strong><small><span style=\"color: #000000\">Contacta&#8217;ns per tel\u00e8fon al 934 022 985 o correu:<\/span> <a href=\"mailto:ccoo@diba.cat\">ccoo@diba.cat<\/a><\/small> <\/strong><\/span><\/span><\/p>\n<p>&nbsp;<\/p>\n<p><a href=\"http:\/\/diba.ccoo.cat\/\"><img loading=\"lazy\" decoding=\"async\" class=\"wp-image-3263 alignleft\" src=\"http:\/\/ccoo.app\/diputacio-de-barcelona\/wp-content\/blogs.dir\/6\/files\/sites\/186\/2019\/01\/rrrrrrrrrrrrrrrrrrrrr-287x300.png\" alt=\"\" width=\"189\" height=\"198\" srcset=\"https:\/\/ccoo.app\/diputacio-de-barcelona\/wp-content\/blogs.dir\/6\/files\/sites\/186\/2019\/01\/rrrrrrrrrrrrrrrrrrrrr-287x300.png 287w, https:\/\/ccoo.app\/diputacio-de-barcelona\/wp-content\/blogs.dir\/6\/files\/sites\/186\/2019\/01\/rrrrrrrrrrrrrrrrrrrrr.png 550w\" sizes=\"auto, (max-width: 189px) 100vw, 189px\" \/><\/a><\/p>\n<p>&nbsp;<\/p>\n<p><img loading=\"lazy\" decoding=\"async\" class=\"alignnone size-medium wp-image-3266\" src=\"http:\/\/ccoo.app\/diputacio-de-barcelona\/wp-content\/blogs.dir\/6\/files\/sites\/186\/2019\/01\/yyyyyyyyyyyyyyyyyyyyyyyy-300x57.png\" alt=\"\" width=\"300\" height=\"57\" srcset=\"https:\/\/ccoo.app\/diputacio-de-barcelona\/wp-content\/blogs.dir\/6\/files\/sites\/186\/2019\/01\/yyyyyyyyyyyyyyyyyyyyyyyy-300x57.png 300w, https:\/\/ccoo.app\/diputacio-de-barcelona\/wp-content\/blogs.dir\/6\/files\/sites\/186\/2019\/01\/yyyyyyyyyyyyyyyyyyyyyyyy.png 578w\" sizes=\"auto, (max-width: 300px) 100vw, 300px\" \/><\/p>\n<p><img loading=\"lazy\" decoding=\"async\" class=\"alignleft\" src=\"https:\/\/www.educapeques.com\/wp-content\/uploads\/2016\/04\/descargar-whatsapp.png\" alt=\"Resultado de imagen de whatsapp\" width=\"64\" height=\"50\" \/><a href=\"https:\/\/www.facebook.com\/CcooDiputacioDeBarcelona\/\"><img loading=\"lazy\" decoding=\"async\" class=\"alignleft\" src=\"https:\/\/upload.wikimedia.org\/wikipedia\/commons\/thumb\/7\/7c\/Facebook_New_Logo_%282015%29.svg\/2000px-Facebook_New_Logo_%282015%29.svg.png\" alt=\"Resultado de imagen de facebook\" width=\"122\" height=\"46\" \/><\/a>\u00a0<a href=\"https:\/\/twitter.com\/CCOODiba\"><img loading=\"lazy\" decoding=\"async\" class=\"alignnone wp-image-3432\" src=\"http:\/\/ccoo.app\/diputacio-de-barcelona\/wp-content\/blogs.dir\/6\/files\/sites\/186\/2019\/02\/ggggggggggggggggggggggggggg-300x142.jpg\" alt=\"\" width=\"116\" height=\"55\" srcset=\"https:\/\/ccoo.app\/diputacio-de-barcelona\/wp-content\/blogs.dir\/6\/files\/sites\/186\/2019\/02\/ggggggggggggggggggggggggggg-300x142.jpg 300w, https:\/\/ccoo.app\/diputacio-de-barcelona\/wp-content\/blogs.dir\/6\/files\/sites\/186\/2019\/02\/ggggggggggggggggggggggggggg-1024x485.jpg 1024w, https:\/\/ccoo.app\/diputacio-de-barcelona\/wp-content\/blogs.dir\/6\/files\/sites\/186\/2019\/02\/ggggggggggggggggggggggggggg-768x364.jpg 768w, https:\/\/ccoo.app\/diputacio-de-barcelona\/wp-content\/blogs.dir\/6\/files\/sites\/186\/2019\/02\/ggggggggggggggggggggggggggg.jpg 1536w\" sizes=\"auto, (max-width: 116px) 100vw, 116px\" \/><\/a> \u00a0\u00a0<a href=\"https:\/\/www.youtube.com\/channel\/UCFzenkS75udEcs4pB4qoZsg\"><img loading=\"lazy\" decoding=\"async\" class=\"alignleft\" src=\"https:\/\/i.kinja-img.com\/gawker-media\/image\/upload\/s--heVex4FV--\/c_scale,fl_progressive,q_80,w_800\/pol5zfmalpqmpt1jcnbp.png\" alt=\"Resultado de imagen de youtube\" width=\"117\" height=\"50\" \/><\/a><\/p>\n<p>&nbsp;<\/p>\n<p>&nbsp;<\/p>\n<p>&nbsp;<\/p>\n<p>&nbsp;    \t<\/p>\n","protected":false},"excerpt":{"rendered":"<p>REUNI\u00d3 EXTRAORDIN\u00c0RIA DE LA COMISSI\u00d3 DE SEGUIMENT DELS ACORDS D\u2019INTEGRACI\u00d3 DE L&#8217;ORGT Arrel de les diferents consultes rebudes de les treballadores i treballadors sobre la incertesa que hi havia en &#8230; <\/p>\n<p class=\"read-more-container\"><a title=\"REUNI\u00d3 EXTRAORDIN\u00c0RIA DE LA COMISSI\u00d3 DE SEGUIMENT DELS ACORDS D\u2019INTEGRACI\u00d3 DE L&#8217;ORGT\" class=\"read-more button\" href=\"https:\/\/ccoo.app\/diputacio-de-barcelona\/reunio-extraordinaria-de-la-comissio-de-seguiment-dels-acords\/#more-4411\" aria-label=\"Leer m\u00e1s sobre REUNI\u00d3 EXTRAORDIN\u00c0RIA DE LA COMISSI\u00d3 DE SEGUIMENT DELS ACORDS D\u2019INTEGRACI\u00d3 DE L&#8217;ORGT\">Continuar llegint<\/a><\/p>\n","protected":false},"author":4519,"featured_media":2010,"comment_status":"open","ping_status":"open","sticky":false,"template":"","format":"standard","meta":{"footnotes":""},"categories":[19,29],"tags":[148],"class_list":["post-4411","post","type-post","status-publish","format-standard","has-post-thumbnail","hentry","category-comunicats","category-orgt-2","tag-mesa-general-negociacio","generate-columns","tablet-grid-50","mobile-grid-100","grid-parent","grid-50"],"_links":{"self":[{"href":"https:\/\/ccoo.app\/diputacio-de-barcelona\/wp-json\/wp\/v2\/posts\/4411","targetHints":{"allow":["GET"]}}],"collection":[{"href":"https:\/\/ccoo.app\/diputacio-de-barcelona\/wp-json\/wp\/v2\/posts"}],"about":[{"href":"https:\/\/ccoo.app\/diputacio-de-barcelona\/wp-json\/wp\/v2\/types\/post"}],"author":[{"embeddable":true,"href":"https:\/\/ccoo.app\/diputacio-de-barcelona\/wp-json\/wp\/v2\/users\/4519"}],"replies":[{"embeddable":true,"href":"https:\/\/ccoo.app\/diputacio-de-barcelona\/wp-json\/wp\/v2\/comments?post=4411"}],"version-history":[{"count":1,"href":"https:\/\/ccoo.app\/diputacio-de-barcelona\/wp-json\/wp\/v2\/posts\/4411\/revisions"}],"predecessor-version":[{"id":51964,"href":"https:\/\/ccoo.app\/diputacio-de-barcelona\/wp-json\/wp\/v2\/posts\/4411\/revisions\/51964"}],"wp:featuredmedia":[{"embeddable":true,"href":"https:\/\/ccoo.app\/diputacio-de-barcelona\/wp-json\/wp\/v2\/media\/2010"}],"wp:attachment":[{"href":"https:\/\/ccoo.app\/diputacio-de-barcelona\/wp-json\/wp\/v2\/media?parent=4411"}],"wp:term":[{"taxonomy":"category","embeddable":true,"href":"https:\/\/ccoo.app\/diputacio-de-barcelona\/wp-json\/wp\/v2\/categories?post=4411"},{"taxonomy":"post_tag","embeddable":true,"href":"https:\/\/ccoo.app\/diputacio-de-barcelona\/wp-json\/wp\/v2\/tags?post=4411"}],"curies":[{"name":"wp","href":"https:\/\/api.w.org\/{rel}","templated":true}]}}