{"id":4376,"date":"2019-04-29T15:03:14","date_gmt":"2019-04-29T14:03:14","guid":{"rendered":"https:\/\/diba.ccoo.cat\/?p=4376"},"modified":"2023-02-22T18:58:53","modified_gmt":"2023-02-22T17:58:53","slug":"manifestacions-1-de-maig-de-2019","status":"publish","type":"post","link":"https:\/\/ccoo.app\/diputacio-de-barcelona\/manifestacions-1-de-maig-de-2019\/","title":{"rendered":"MANIFESTACIONS 1 de Maig de 2019. M\u00e9s drets, m\u00e9s igualtat, m\u00e9s cohesi\u00f3. Primer les persones"},"content":{"rendered":"<p class=\"wp-caption-text\"><img loading=\"lazy\" decoding=\"async\" class=\"alignnone wp-image-1853\" src=\"http:\/\/ccoo.app\/diputacio-de-barcelona\/wp-content\/blogs.dir\/6\/files\/sites\/186\/2018\/01\/logoccoov18.jpg\" alt=\"\" width=\"137\" height=\"63\" \/><\/p>\n<p style=\"text-align: center\"><span style=\"font-family: 'arial black', sans-serif;color: #0000ff;font-size: 24px\">MANIFESTACIONS 1 de Maig de 2019. PARTICIPA!<\/span><\/p>\n<p style=\"text-align: justify\"><span style=\"font-family: arial, helvetica, sans-serif;color: #000000\">CCOO de Catalunya celebrar\u00e0 aquest Primer de Maig de 2019 amb el lema \u00abM\u00e9s drets, m\u00e9s igualtat, m\u00e9s cohesi\u00f3. Primer les persones\u00bb i realitzar\u00e0 diverses manifestacions a les principals ciutat de Catalunya.<\/span><\/p>\n<p><span style=\"font-family: arial, helvetica, sans-serif;color: #000000\">&#8211;\u00a0<a style=\"color: #000000\" href=\"https:\/\/www.ccoo.cat\/pdf_documents\/2019\/mani_1maig_barcelona.pdf\" target=\"_blank\" rel=\"noopener noreferrer\">Manifestaci\u00f3 a Barcelona: 11.30 hores,\u00a0Ronda Sant Pere\/Passeig de Gr\u00e0cia<\/a><\/span><br \/>\n<span style=\"font-family: arial, helvetica, sans-serif;color: #000000\">&#8211;\u00a0<a style=\"color: #000000\" href=\"https:\/\/www.ccoo.cat\/pdf_documents\/2019\/mani_1maig_tarragona.pdf\" target=\"_blank\" rel=\"noopener noreferrer\">Manifestaci\u00f3 a Tarragona: 12.00 hores, pla\u00e7a Imperial Tarraco<\/a>\u00a0<\/span><br \/>\n<span style=\"font-family: arial, helvetica, sans-serif;color: #000000\">&#8211;\u00a0<a style=\"color: #000000\" href=\"https:\/\/www.ccoo.cat\/pdf_documents\/2019\/mani_1maig_lleida.pdf\" target=\"_blank\" rel=\"noopener noreferrer\">Manifestaci\u00f3 a Lleida: 12.00 hores, pla\u00e7a del Treball<\/a><\/span><br \/>\n<span style=\"font-family: arial, helvetica, sans-serif;color: #000000\">&#8211;\u00a0<a style=\"color: #000000\" href=\"https:\/\/www.ccoo.cat\/pdf_documents\/2019\/mani_1maig_girona.pdf\" target=\"_blank\" rel=\"noopener noreferrer\">Manifestaci\u00f3 a Girona: 12.00 hores, pla\u00e7a de la Independ\u00e8ncia<\/a><\/span><br \/>\n<span style=\"font-family: arial, helvetica, sans-serif;color: #000000\">&#8211;\u00a0<a style=\"color: #000000\" href=\"https:\/\/www.ccoo.cat\/pdf_documents\/2019\/mani_1maig_terrassa.pdf\" target=\"_blank\" rel=\"noopener noreferrer\">Manifestaci\u00f3 a Terrassa: 11.00 hores, pla\u00e7a de Llu\u00eds Companys<\/a><\/span><br \/>\n<span style=\"font-family: arial, helvetica, sans-serif;color: #000000\">&#8211;\u00a0<a style=\"color: #000000\" href=\"https:\/\/www.ccoo.cat\/pdf_documents\/2019\/mani_1maig_tortosa.pdf\" target=\"_blank\" rel=\"noopener noreferrer\">Manifestaci\u00f3 a Tortosa: 12.00 hores, pla\u00e7a del Carrilet<\/a><\/span><\/p>\n<p><span style=\"font-family: arial, helvetica, sans-serif;color: #000000\">&#8211;\u00a0<a style=\"color: #000000\" href=\"https:\/\/www.ccoo.cat\/pdf_documents\/2019\/concentracio_1maig_igualada.pdf\" target=\"_blank\" rel=\"noopener noreferrer\">Concentraci\u00f3 a Igualada: 12.00 hores, passeig Verdaguer\/carrer Sant Mag\u00ed. Despr\u00e9s vermut al parc de l&#8217;Enxub.<\/a><\/span><\/p>\n<p>&nbsp;<\/p>\n<p><img loading=\"lazy\" decoding=\"async\" class=\"alignnone size-medium wp-image-4380 aligncenter\" src=\"http:\/\/ccoo.app\/diputacio-de-barcelona\/wp-content\/blogs.dir\/6\/files\/sites\/186\/2019\/04\/1-maig-2019-285x300.png\" alt=\"\" width=\"285\" height=\"300\" srcset=\"https:\/\/ccoo.app\/diputacio-de-barcelona\/wp-content\/blogs.dir\/6\/files\/sites\/186\/2019\/04\/1-maig-2019-285x300.png 285w, https:\/\/ccoo.app\/diputacio-de-barcelona\/wp-content\/blogs.dir\/6\/files\/sites\/186\/2019\/04\/1-maig-2019.png 372w\" sizes=\"auto, (max-width: 285px) 100vw, 285px\" \/><\/p>\n<p>&nbsp;<\/p>\n<p>Podeu descarregar-vos<br \/>\n<span style=\"font-family: arial, helvetica, sans-serif;color: #000000\">&#8211; el\u00a0<a style=\"color: #000000\" href=\"https:\/\/www.ccoo.cat\/pdf_documents\/2019\/manifest_1maig_2019.pdf\" target=\"_blank\" rel=\"noopener noreferrer\">manifest de CCOO de Catalunya i UGT per a l&#8217;1 de Maig, &#8216;Primer les persones&#8217;<\/a>\u00a0<\/span><br \/>\n<span style=\"font-family: arial, helvetica, sans-serif;color: #000000\">&#8211; el\u00a0<a style=\"color: #000000\" href=\"https:\/\/www.ccoo.cat\/pdf_documents\/2019\/flyer_1maig_2019.pdf\" target=\"_blank\" rel=\"noopener noreferrer\">full informatiu de l&#8217;1 de Maig del 2019 en catal\u00e0<\/a><\/span><br \/>\n<span style=\"font-family: arial, helvetica, sans-serif;color: #000000\">&#8211; el\u00a0<a style=\"color: #000000\" href=\"https:\/\/www.ccoo.cat\/pdf_documents\/2019\/flyer_1maig_2019_esp.pdf\" target=\"_blank\" rel=\"noopener noreferrer\">full informatiu de l&#8217;1 de Maig del 2019 en castell\u00e0<\/a><\/span><br \/>\n<span style=\"font-family: arial, helvetica, sans-serif;color: #000000\">&#8211; els\u00a0<a style=\"color: #000000\" href=\"https:\/\/www.ccoo.cat\/pdf_documents\/2019\/maig_cultura_treball.pdf\" target=\"_blank\" rel=\"noopener noreferrer\">actes previstos del Maig de la Cultura i el Treball 2019<\/a><\/span><\/p>\n<p>&nbsp;<\/p>\n<p style=\"text-align: center\"><span style=\"color: #0000ff;font-family: 'arial black', sans-serif\">M\u00e9s informaci\u00f3: <\/span><\/p>\n<p style=\"text-align: center\"><a href=\"https:\/\/www.ccoo.cat\/noticia\/223094\/1-de-maig-de-2019-mes-drets-mes-igualtat-mes-cohesio-primer-les-persones#.XMb7fTAzaUm\"><span style=\"color: #0000ff\">https:\/\/www.ccoo.cat\/noticia\/223094\/1-de-maig-de-2019-mes-drets-mes-igualtat-mes-cohesio-primer-les-persones#.XMb7fTAzaUm<\/span><\/a><\/p>\n<p>&nbsp;<\/p>\n<p><a href=\"https:\/\/www.youtube.com\/watch?time_continue=8&amp;v=b7Qj7y8VlNs\"><img loading=\"lazy\" decoding=\"async\" class=\"wp-image-4187 aligncenter\" src=\"http:\/\/ccoo.app\/diputacio-de-barcelona\/wp-content\/blogs.dir\/6\/files\/sites\/186\/2019\/03\/app-imatge.png\" alt=\"\" width=\"171\" height=\"178\" \/><\/a><\/p>\n<p>&nbsp;<\/p>\n<p><a href=\"http:\/\/ccoo.app\/diputacio-de-barcelona\/wp-content\/blogs.dir\/6\/files\/sites\/186\/2019\/03\/mem04-acords.pdf\"><img loading=\"lazy\" decoding=\"async\" class=\"wp-image-3042 aligncenter\" src=\"http:\/\/ccoo.app\/diputacio-de-barcelona\/wp-content\/blogs.dir\/6\/files\/sites\/186\/2018\/12\/logo-revindiquem-lluitem-arribem-acords-300x56.png\" alt=\"\" width=\"514\" height=\"96\" srcset=\"https:\/\/ccoo.app\/diputacio-de-barcelona\/wp-content\/blogs.dir\/6\/files\/sites\/186\/2018\/12\/logo-revindiquem-lluitem-arribem-acords-300x56.png 300w, https:\/\/ccoo.app\/diputacio-de-barcelona\/wp-content\/blogs.dir\/6\/files\/sites\/186\/2018\/12\/logo-revindiquem-lluitem-arribem-acords-768x145.png 768w, https:\/\/ccoo.app\/diputacio-de-barcelona\/wp-content\/blogs.dir\/6\/files\/sites\/186\/2018\/12\/logo-revindiquem-lluitem-arribem-acords.png 940w\" sizes=\"auto, (max-width: 514px) 100vw, 514px\" \/><\/a><a href=\"https:\/\/www.ccoo.cat\/aspnet\/eleccions.aspx\"><img loading=\"lazy\" decoding=\"async\" class=\" wp-image-3428 aligncenter\" src=\"http:\/\/ccoo.app\/diputacio-de-barcelona\/wp-content\/blogs.dir\/6\/files\/sites\/186\/2019\/02\/ddddddddddddddddddddddddd-300x115.png\" alt=\"\" width=\"459\" height=\"176\" srcset=\"https:\/\/ccoo.app\/diputacio-de-barcelona\/wp-content\/blogs.dir\/6\/files\/sites\/186\/2019\/02\/ddddddddddddddddddddddddd-300x115.png 300w, https:\/\/ccoo.app\/diputacio-de-barcelona\/wp-content\/blogs.dir\/6\/files\/sites\/186\/2019\/02\/ddddddddddddddddddddddddd.png 611w\" sizes=\"auto, (max-width: 459px) 100vw, 459px\" \/><\/a><\/p>\n<p><a href=\"https:\/\/diba.ccoo.cat\/tambe-a-la-diputacio-no-es-no\/\"><img loading=\"lazy\" decoding=\"async\" class=\"wp-image-3043 aligncenter\" src=\"http:\/\/ccoo.app\/diputacio-de-barcelona\/wp-content\/blogs.dir\/6\/files\/sites\/186\/2018\/12\/ffffffffffffffffffff-1-300x108.png\" alt=\"\" width=\"175\" height=\"63\" srcset=\"https:\/\/ccoo.app\/diputacio-de-barcelona\/wp-content\/blogs.dir\/6\/files\/sites\/186\/2018\/12\/ffffffffffffffffffff-1-300x108.png 300w, https:\/\/ccoo.app\/diputacio-de-barcelona\/wp-content\/blogs.dir\/6\/files\/sites\/186\/2018\/12\/ffffffffffffffffffff-1.png 686w\" sizes=\"auto, (max-width: 175px) 100vw, 175px\" \/><\/a><\/p>\n<p>&nbsp;<\/p>\n<p><a href=\"https:\/\/diba.ccoo.cat\/afiliat-al-sindicat-amb-mes-afiliacio-i-representacio-a-la-diputacio-de-barcelona\/\"><img loading=\"lazy\" decoding=\"async\" class=\"alignnone size-medium wp-image-2346\" src=\"http:\/\/ccoo.app\/diputacio-de-barcelona\/wp-content\/blogs.dir\/6\/files\/sites\/186\/2016\/05\/asasas-300x142-1-300x142.png\" alt=\"\" width=\"300\" height=\"142\" \/><\/a><\/p>\n<p><span style=\"font-family: arial, helvetica, sans-serif;color: #000000\"><strong>Horari d\u2019atenci\u00f3 CCOO DIBA: <\/strong><\/span><\/p>\n<p><span style=\"font-family: arial, helvetica, sans-serif;color: #000000\"><strong>CARRER MALLORCA, 244, 2on 3a<\/strong><\/span><\/p>\n<p><span style=\"font-family: arial, helvetica, sans-serif;color: #000000\"><strong>DE DILLUNS A DIVENDRES DE 8:30 A 16:30\u00a0\u00a0 <\/strong><span style=\"font-size: 10pt\"><strong>(FORA D\u2019AQUEST HORARI, AMB CITA PR\u00c8VIA)<\/strong><\/span><\/span><\/p>\n<p style=\"text-align: center\"><span style=\"font-size: 18pt\"><span style=\"font-family: arial, helvetica, sans-serif;color: #000000\"><strong>\u00a0<\/strong><\/span><span style=\"font-family: arial, helvetica, sans-serif\"><strong><small><span style=\"color: #000000\">Contacta&#8217;ns per tel\u00e8fon al 934 022 985 o correu:<\/span> <a href=\"mailto:ccoo@diba.cat\">ccoo@diba.cat<\/a><\/small> <\/strong><\/span><\/span><\/p>\n<p>&nbsp;<\/p>\n<p><a href=\"http:\/\/diba.ccoo.cat\/\"><img loading=\"lazy\" decoding=\"async\" class=\"wp-image-3263 alignleft\" src=\"http:\/\/ccoo.app\/diputacio-de-barcelona\/wp-content\/blogs.dir\/6\/files\/sites\/186\/2019\/01\/rrrrrrrrrrrrrrrrrrrrr-287x300.png\" alt=\"\" width=\"189\" height=\"198\" srcset=\"https:\/\/ccoo.app\/diputacio-de-barcelona\/wp-content\/blogs.dir\/6\/files\/sites\/186\/2019\/01\/rrrrrrrrrrrrrrrrrrrrr-287x300.png 287w, https:\/\/ccoo.app\/diputacio-de-barcelona\/wp-content\/blogs.dir\/6\/files\/sites\/186\/2019\/01\/rrrrrrrrrrrrrrrrrrrrr.png 550w\" sizes=\"auto, (max-width: 189px) 100vw, 189px\" \/><\/a><\/p>\n<p>&nbsp;<\/p>\n<p><img loading=\"lazy\" decoding=\"async\" class=\"alignnone size-medium wp-image-3266\" src=\"http:\/\/ccoo.app\/diputacio-de-barcelona\/wp-content\/blogs.dir\/6\/files\/sites\/186\/2019\/01\/yyyyyyyyyyyyyyyyyyyyyyyy-300x57.png\" alt=\"\" width=\"300\" height=\"57\" srcset=\"https:\/\/ccoo.app\/diputacio-de-barcelona\/wp-content\/blogs.dir\/6\/files\/sites\/186\/2019\/01\/yyyyyyyyyyyyyyyyyyyyyyyy-300x57.png 300w, https:\/\/ccoo.app\/diputacio-de-barcelona\/wp-content\/blogs.dir\/6\/files\/sites\/186\/2019\/01\/yyyyyyyyyyyyyyyyyyyyyyyy.png 578w\" sizes=\"auto, (max-width: 300px) 100vw, 300px\" \/><\/p>\n<p><img loading=\"lazy\" decoding=\"async\" class=\"alignleft\" src=\"https:\/\/www.educapeques.com\/wp-content\/uploads\/2016\/04\/descargar-whatsapp.png\" alt=\"Resultado de imagen de whatsapp\" width=\"64\" height=\"50\" \/><a href=\"https:\/\/www.facebook.com\/CcooDiputacioDeBarcelona\/\"><img loading=\"lazy\" decoding=\"async\" class=\"alignleft\" src=\"https:\/\/upload.wikimedia.org\/wikipedia\/commons\/thumb\/7\/7c\/Facebook_New_Logo_%282015%29.svg\/2000px-Facebook_New_Logo_%282015%29.svg.png\" alt=\"Resultado de imagen de facebook\" width=\"122\" height=\"46\" \/><\/a>\u00a0<a href=\"https:\/\/twitter.com\/CCOODiba\"><img loading=\"lazy\" decoding=\"async\" class=\"alignnone wp-image-3432\" src=\"http:\/\/ccoo.app\/diputacio-de-barcelona\/wp-content\/blogs.dir\/6\/files\/sites\/186\/2019\/02\/ggggggggggggggggggggggggggg-300x142.jpg\" alt=\"\" width=\"116\" height=\"55\" srcset=\"https:\/\/ccoo.app\/diputacio-de-barcelona\/wp-content\/blogs.dir\/6\/files\/sites\/186\/2019\/02\/ggggggggggggggggggggggggggg-300x142.jpg 300w, https:\/\/ccoo.app\/diputacio-de-barcelona\/wp-content\/blogs.dir\/6\/files\/sites\/186\/2019\/02\/ggggggggggggggggggggggggggg-1024x485.jpg 1024w, https:\/\/ccoo.app\/diputacio-de-barcelona\/wp-content\/blogs.dir\/6\/files\/sites\/186\/2019\/02\/ggggggggggggggggggggggggggg-768x364.jpg 768w, https:\/\/ccoo.app\/diputacio-de-barcelona\/wp-content\/blogs.dir\/6\/files\/sites\/186\/2019\/02\/ggggggggggggggggggggggggggg.jpg 1536w\" sizes=\"auto, (max-width: 116px) 100vw, 116px\" \/><\/a> \u00a0\u00a0<a href=\"https:\/\/www.youtube.com\/channel\/UCFzenkS75udEcs4pB4qoZsg\"><img loading=\"lazy\" decoding=\"async\" class=\"alignleft\" src=\"https:\/\/i.kinja-img.com\/gawker-media\/image\/upload\/s--heVex4FV--\/c_scale,fl_progressive,q_80,w_800\/pol5zfmalpqmpt1jcnbp.png\" alt=\"Resultado de imagen de youtube\" width=\"117\" height=\"50\" \/><\/a><\/p>\n<p>&nbsp;<\/p>\n<p>&nbsp;<\/p>\n<p>&nbsp;<\/p>\n<p>&nbsp;    \t<\/p>\n","protected":false},"excerpt":{"rendered":"<p>MANIFESTACIONS 1 de Maig de 2019. PARTICIPA! CCOO de Catalunya celebrar\u00e0 aquest Primer de Maig de 2019 amb el lema \u00abM\u00e9s drets, m\u00e9s igualtat, m\u00e9s cohesi\u00f3. Primer les persones\u00bb i &#8230; <\/p>\n<p class=\"read-more-container\"><a title=\"MANIFESTACIONS 1 de Maig de 2019. M\u00e9s drets, m\u00e9s igualtat, m\u00e9s cohesi\u00f3. Primer les persones\" class=\"read-more button\" href=\"https:\/\/ccoo.app\/diputacio-de-barcelona\/manifestacions-1-de-maig-de-2019\/#more-4376\" aria-label=\"Leer m\u00e1s sobre MANIFESTACIONS 1 de Maig de 2019. M\u00e9s drets, m\u00e9s igualtat, m\u00e9s cohesi\u00f3. Primer les persones\">Continuar llegint<\/a><\/p>\n","protected":false},"author":4519,"featured_media":4380,"comment_status":"open","ping_status":"open","sticky":false,"template":"","format":"standard","meta":{"footnotes":""},"categories":[38,14,19,23,33],"tags":[138],"class_list":["post-4376","post","type-post","status-publish","format-standard","has-post-thumbnail","hentry","category-a-tot-el-personal","category-afiliacio-ccoo-diba","category-comunicats","category-informacio-general","category-propostes-sindicals","tag-manifestacio-2","generate-columns","tablet-grid-50","mobile-grid-100","grid-parent","grid-50"],"_links":{"self":[{"href":"https:\/\/ccoo.app\/diputacio-de-barcelona\/wp-json\/wp\/v2\/posts\/4376","targetHints":{"allow":["GET"]}}],"collection":[{"href":"https:\/\/ccoo.app\/diputacio-de-barcelona\/wp-json\/wp\/v2\/posts"}],"about":[{"href":"https:\/\/ccoo.app\/diputacio-de-barcelona\/wp-json\/wp\/v2\/types\/post"}],"author":[{"embeddable":true,"href":"https:\/\/ccoo.app\/diputacio-de-barcelona\/wp-json\/wp\/v2\/users\/4519"}],"replies":[{"embeddable":true,"href":"https:\/\/ccoo.app\/diputacio-de-barcelona\/wp-json\/wp\/v2\/comments?post=4376"}],"version-history":[{"count":1,"href":"https:\/\/ccoo.app\/diputacio-de-barcelona\/wp-json\/wp\/v2\/posts\/4376\/revisions"}],"predecessor-version":[{"id":51967,"href":"https:\/\/ccoo.app\/diputacio-de-barcelona\/wp-json\/wp\/v2\/posts\/4376\/revisions\/51967"}],"wp:featuredmedia":[{"embeddable":true,"href":"https:\/\/ccoo.app\/diputacio-de-barcelona\/wp-json\/wp\/v2\/media\/4380"}],"wp:attachment":[{"href":"https:\/\/ccoo.app\/diputacio-de-barcelona\/wp-json\/wp\/v2\/media?parent=4376"}],"wp:term":[{"taxonomy":"category","embeddable":true,"href":"https:\/\/ccoo.app\/diputacio-de-barcelona\/wp-json\/wp\/v2\/categories?post=4376"},{"taxonomy":"post_tag","embeddable":true,"href":"https:\/\/ccoo.app\/diputacio-de-barcelona\/wp-json\/wp\/v2\/tags?post=4376"}],"curies":[{"name":"wp","href":"https:\/\/api.w.org\/{rel}","templated":true}]}}