{"id":435,"date":"2016-06-29T08:09:18","date_gmt":"2016-06-29T07:09:18","guid":{"rendered":"https:\/\/diba.ccoo.cat\/?p=435"},"modified":"2016-06-29T08:09:18","modified_gmt":"2016-06-29T07:09:18","slug":"28-dabril-2016-dia-internacional-de-la-seguretat-i-la-salut-en-el-treball","status":"publish","type":"post","link":"https:\/\/ccoo.app\/diputacio-de-barcelona\/28-dabril-2016-dia-internacional-de-la-seguretat-i-la-salut-en-el-treball\/","title":{"rendered":"28 D&#8217;ABRIL 2016. DIA INTERNACIONAL DE LA SEGURETAT I LA SALUT EN EL TREBALL"},"content":{"rendered":"<p>&nbsp;<\/p>\n<p><img loading=\"lazy\" decoding=\"async\" class=\"wp-image-189\" title=\"Secci\u00f3 Sindical de la Diutaci\u00f3 de Barcelona de la Federaci\u00f3 Sindical de Catalunya\" src=\"http:\/\/ccoo.app\/diputacio-de-barcelona\/wp-content\/blogs.dir\/6\/files\/sites\/186\/2015\/12\/ccoo-fsc-cat.png\" alt=\"Secci\u00f3 Sindical de la Diputaci\u00f3 de Barcelona de la Federaci\u00f3 Sindical de Catalunya\" width=\"469\" height=\"90\" \/><\/p>\n<p class=\"wp-caption-text\">Secci\u00f3 Sindical de la Diputaci\u00f3 de Barcelona<\/p>\n<h3 style=\"text-align: center\"><\/h3>\n<p style=\"text-align: justify\">Avui, dijous 28 d&#8217;abril commemorem el Dia Internacional de la Seguretat i la Salut en el Treball. Aquest any, des de CCOO volem denunciar com les pol\u00edtiques d&#8217;ajust amb marcat accent neoliberal que s&#8217;han plantejat com a alternativa a la crisi mitjan\u00e7ant reformes laborals successives han desregulat i empitjorat les condicions de treball. Els resultats s\u00f3n m\u00e9s sinistralitat laboral (augmenten els accidents per\u00f2 disminueix la declaraci\u00f3 de les malalties professionals) i agreujament de la salut de la poblaci\u00f3 treballadora.<\/p>\n<p style=\"text-align: justify\">Avui \u00e9s far\u00e0 tot un seguit\u00a0 d&#8217;actes que farem arreu del territori, els quals tindran un clar accent reivindicatiu. A Barcelona, es far\u00e0 de 12:30 a 13:00 una performance davant de foment del treball per fer visible la situaci\u00f3 al carrer.<\/p>\n<p style=\"text-align: justify\"><span style=\"color: #3366ff\"><a style=\"color: #3366ff\" href=\"http:\/\/www.ccoo.cat\/pdf_documents\/salutlaboral\/28_abril_2016\/convocatoria%2028abril16%20Barcelona.pdf\">http:\/\/www.ccoo.cat\/pdf_documents\/salutlaboral\/28_abril_2016\/convocatoria%2028abril16%20Barcelona.pdf<\/a><\/span><\/p>\n<p>Manifest de CCOO Catalunya:<\/p>\n<p><span style=\"color: #3366ff\"><a style=\"color: #3366ff\" href=\"http:\/\/www.ccoo.cat\/pdf_documents\/salutlaboral\/28_abril_2016\/manifest_CATALUNYA.pdf\">http:\/\/www.ccoo.cat\/pdf_documents\/salutlaboral\/28_abril_2016\/manifest_CATALUNYA.pdf<\/a><\/span><\/p>\n<p>&nbsp;<\/p>\n<ul>\n<li><b><\/b><b>Tens<\/b><b> mol\u00e8sties o et fa mal alguna part del cos?<\/b><\/li>\n<\/ul>\n<ul>\n<li><b>Est\u00e0s cansat o cansada d&#8217;escolta<\/b><b>r<\/b><b> que <\/b><b><i>\u201c<\/i><\/b><b><i>tot el que et passa<\/i><\/b><b><i> \u00e9s degeneratiu\u201d<\/i><\/b><b>?<\/b><\/li>\n<\/ul>\n<p>&nbsp;<\/p>\n<p>Obre el seg\u00fcent enlla\u00e7:<\/p>\n<p><span style=\"color: #3366ff\"><a style=\"color: #3366ff\" href=\"http:\/\/www.ccoo.cat\/pdf_documents\/salutlaboral\/28_abril_2016\/20160428_SLcartell_traz.pdf\">http:\/\/www.ccoo.cat\/pdf_documents\/salutlaboral\/28_abril_2016\/20160428_SLcartell_traz.pdf<\/a><\/span><\/p>\n<p><span style=\"color: #ff0000\"><b>Parla amb el teu o la teva delegada de CCOO<\/b><b>\u00a0<\/b><b>i lluitem junts per defensar<\/b><b>\u00a0<\/b><b>les teves condicions de treball.<\/b><\/span><\/p>\n<p><span style=\"color: #ff0000\"><b>#<\/b><b>NoCallem<\/b>\u00a0<\/span><b>\u00a0 \u00a0 \u00a0 \u00a0 \u00a0<\/b><\/p>\n<p><b><span style=\"text-decoration: underline\">DELEGATS\/DES DE PREVENCI\u00d3<\/span>\u00a0<\/b><\/p>\n<p><b>CARLOS ARIAS <\/b><b>(Mundet)\u00a0<\/b><b>\u00a0<\/b><b>35284<\/b><\/p>\n<p><b>LEONARDO CHACON <\/b><b>(Can Serra i Minerva)<\/b><b>\u00a0<\/b><b>\u00a0<\/b><b>659 40 40 56<\/b><\/p>\n<p><b>PEDRO <\/b><b>MONTIEL<\/b><b>(Escola Industrial, Londres, Patronat d\u2019Apostes)<\/b><b>\u00a0<\/b><b>648 68 53 75<\/b><\/p>\n<p><b>XAVIER VILLACAMPA\u00a0\u00a0\u00a0\u00a0 <\/b><b>(Maternitat)\u00a0<\/b><b>648 68 53 74<\/b><\/p>\n<p><b>RICARD ALCOJOR\u00a0\u00a0\u00a0 <\/b><b>La resta de centres de treball<\/b><b>\u00a0<\/b><b>699 44 06 73<\/b><\/p>\n<p><b>LIDIA RODRIGUEZ \u00a0<\/b><b>Personal<\/b> <b>XBM<\/b><b> i la resta de centres<\/b><b>\u00a0<\/b><b>\u00a0648 68 53 72<\/b><\/p>\n<p><b>ANTONIO ZARCO<\/b><b> (<\/b><b>Institut<\/b><b> del <\/b><b>Teatre<\/b><b>) <\/b><b>Ext. 288<\/b><b> \/ <\/b><b>JOSEP COLOMER<\/b><b> (<\/b><b>Institut<\/b><b> del <\/b><b>Teatre<\/b><b>) <\/b><b>Ext. 948<\/b><\/p>\n<p><span style=\"color: #ff0000\"><b>CCOO<\/b><\/span><b>\u00a0\u00a0\u00a0 93 402 29 85<\/b><\/p>\n<p><img loading=\"lazy\" decoding=\"async\" class=\"alignleft wp-image-226\" src=\"http:\/\/ccoo.app\/diputacio-de-barcelona\/wp-content\/blogs.dir\/6\/files\/sites\/186\/2016\/04\/estem-decidits-acontinuar-lluitant.png\" alt=\"Estem decidits a continuar lluitant !\" width=\"213\" height=\"89\" \/><\/p>\n<p><img loading=\"lazy\" decoding=\"async\" class=\"wp-image-262 alignright\" src=\"http:\/\/ccoo.app\/diputacio-de-barcelona\/wp-content\/blogs.dir\/6\/files\/sites\/186\/2016\/04\/afiliat_ccoo_cat.gif\" alt=\"Tota la informaci\u00f3 de com afiliar-se a CCOO Catalunya i forlmulari d'alta o baxia.\" width=\"90\" height=\"80\" \/><\/p>\n<p><img loading=\"lazy\" decoding=\"async\" class=\"wp-image-227 aligncenter\" src=\"http:\/\/ccoo.app\/diputacio-de-barcelona\/wp-content\/blogs.dir\/6\/files\/sites\/186\/2016\/04\/logo-peu-300x69.png\" alt=\"logo-peu\" width=\"952\" height=\"219\" srcset=\"https:\/\/ccoo.app\/diputacio-de-barcelona\/wp-content\/blogs.dir\/6\/files\/sites\/186\/2016\/04\/logo-peu-300x69.png 300w, https:\/\/ccoo.app\/diputacio-de-barcelona\/wp-content\/blogs.dir\/6\/files\/sites\/186\/2016\/04\/logo-peu.png 557w\" sizes=\"auto, (max-width: 952px) 100vw, 952px\" \/><\/p>\n<p style=\"text-align: center\"><small><\/small><small>Formulari d&#8217;<a href=\"\/afiliat\/\">alta<\/a>, <a href=\"\/afiliat\/\">baixa <\/a>o <a href=\"\/afiliat\/\">modificaci\u00f3 <\/a>de les dades personals o<br \/>\ncontacta&#8217;ns a trav\u00e9s del tel\u00e8fon<strong> 934 022 985<\/strong> o correu: <a href=\"mailto:ccoo@diba.cat\"><strong>ccoo@diba.cat<\/strong><\/a><\/small><\/p>\n","protected":false},"excerpt":{"rendered":"<p>&nbsp; Secci\u00f3 Sindical de la Diputaci\u00f3 de Barcelona Avui, dijous 28 d&#8217;abril commemorem el Dia Internacional de la Seguretat i la Salut en el Treball. Aquest any, des de CCOO &#8230; <\/p>\n<p class=\"read-more-container\"><a title=\"28 D&#8217;ABRIL 2016. DIA INTERNACIONAL DE LA SEGURETAT I LA SALUT EN EL TREBALL\" class=\"read-more button\" href=\"https:\/\/ccoo.app\/diputacio-de-barcelona\/28-dabril-2016-dia-internacional-de-la-seguretat-i-la-salut-en-el-treball\/#more-435\" aria-label=\"Leer m\u00e1s sobre 28 D&#8217;ABRIL 2016. DIA INTERNACIONAL DE LA SEGURETAT I LA SALUT EN EL TREBALL\">Continuar llegint<\/a><\/p>\n","protected":false},"author":4519,"featured_media":255,"comment_status":"open","ping_status":"open","sticky":false,"template":"","format":"standard","meta":{"footnotes":""},"categories":[38,19,33,35],"tags":[190],"class_list":["post-435","post","type-post","status-publish","format-standard","has-post-thumbnail","hentry","category-a-tot-el-personal","category-comunicats","category-propostes-sindicals","category-salut-laboral","tag-prevencio-riscos-psicosocials-onada-calor","generate-columns","tablet-grid-50","mobile-grid-100","grid-parent","grid-50"],"_links":{"self":[{"href":"https:\/\/ccoo.app\/diputacio-de-barcelona\/wp-json\/wp\/v2\/posts\/435","targetHints":{"allow":["GET"]}}],"collection":[{"href":"https:\/\/ccoo.app\/diputacio-de-barcelona\/wp-json\/wp\/v2\/posts"}],"about":[{"href":"https:\/\/ccoo.app\/diputacio-de-barcelona\/wp-json\/wp\/v2\/types\/post"}],"author":[{"embeddable":true,"href":"https:\/\/ccoo.app\/diputacio-de-barcelona\/wp-json\/wp\/v2\/users\/4519"}],"replies":[{"embeddable":true,"href":"https:\/\/ccoo.app\/diputacio-de-barcelona\/wp-json\/wp\/v2\/comments?post=435"}],"version-history":[{"count":0,"href":"https:\/\/ccoo.app\/diputacio-de-barcelona\/wp-json\/wp\/v2\/posts\/435\/revisions"}],"wp:featuredmedia":[{"embeddable":true,"href":"https:\/\/ccoo.app\/diputacio-de-barcelona\/wp-json\/wp\/v2\/media\/255"}],"wp:attachment":[{"href":"https:\/\/ccoo.app\/diputacio-de-barcelona\/wp-json\/wp\/v2\/media?parent=435"}],"wp:term":[{"taxonomy":"category","embeddable":true,"href":"https:\/\/ccoo.app\/diputacio-de-barcelona\/wp-json\/wp\/v2\/categories?post=435"},{"taxonomy":"post_tag","embeddable":true,"href":"https:\/\/ccoo.app\/diputacio-de-barcelona\/wp-json\/wp\/v2\/tags?post=435"}],"curies":[{"name":"wp","href":"https:\/\/api.w.org\/{rel}","templated":true}]}}