{"id":4337,"date":"2019-04-08T20:50:35","date_gmt":"2019-04-08T19:50:35","guid":{"rendered":"https:\/\/diba.ccoo.cat\/?p=4337"},"modified":"2023-02-22T19:04:38","modified_gmt":"2023-02-22T18:04:38","slug":"assemblea-de-cloenda","status":"publish","type":"post","link":"https:\/\/ccoo.app\/diputacio-de-barcelona\/assemblea-de-cloenda\/","title":{"rendered":"V\u00cdDEO RESUM DE L&#8217;ASSEMBLEA DE CLOENDA CAMPANYA ELECCIONS SINDICALS 2019 DIBA"},"content":{"rendered":"<p class=\"wp-caption-text\"><img loading=\"lazy\" decoding=\"async\" class=\"alignnone wp-image-1853\" src=\"http:\/\/ccoo.app\/diputacio-de-barcelona\/wp-content\/blogs.dir\/6\/files\/sites\/186\/2018\/01\/logoccoov18.jpg\" alt=\"\" width=\"137\" height=\"63\" \/>\u00a0 \u00a0 \u00a0 \u00a0 \u00a0 \u00a0 \u00a0 \u00a0 \u00a0 \u00a0 \u00a0 \u00a0 \u00a0 \u00a0 \u00a0 \u00a0<a href=\"http:\/\/ccoo.app\/diputacio-de-barcelona\/wp-content\/blogs.dir\/6\/files\/sites\/186\/2019\/04\/7--eess-comunicat-tarda-dilluns.pdf\"><img loading=\"lazy\" decoding=\"async\" class=\"alignnone wp-image-2113\" src=\"http:\/\/ccoo.app\/diputacio-de-barcelona\/wp-content\/blogs.dir\/6\/files\/sites\/186\/2018\/04\/22-300x172.png\" alt=\"\" width=\"134\" height=\"77\" srcset=\"https:\/\/ccoo.app\/diputacio-de-barcelona\/wp-content\/blogs.dir\/6\/files\/sites\/186\/2018\/04\/22-300x172.png 300w, https:\/\/ccoo.app\/diputacio-de-barcelona\/wp-content\/blogs.dir\/6\/files\/sites\/186\/2018\/04\/22.png 327w\" sizes=\"auto, (max-width: 134px) 100vw, 134px\" \/><\/a><\/p>\n<p style=\"text-align: center\"><span style=\"color: #000000\"><strong><span style=\"text-decoration: underline\"><span style=\"font-family: 'arial black', sans-serif;font-size: 18pt\">ELECCIONS SINDICALS 10 D&#8217;ABRIL DE 2019<\/span><\/span><\/strong><\/span><\/p>\n<p style=\"text-align: center\"><span style=\"font-family: 'arial black', sans-serif;color: #ff0000;font-size: 36px\">VOTA CCOO!<\/span><\/p>\n<p style=\"text-align: center\"><span style=\"font-family: arial, helvetica, sans-serif;font-size: 24px\"><span style=\"color: #000000\">A la nostra<\/span> <a href=\"https:\/\/diba.ccoo.cat\/\"><strong><u>p\u00e0gina web<\/u><\/strong>,<\/a> <span style=\"color: #000000\">trobareu SEMPRE els documents:<\/span><\/span><\/p>\n<p style=\"text-align: center\"><span style=\"font-size: 20px\"><a href=\"https:\/\/diba.ccoo.cat\/feina-feta-2015-2019\/\"><span style=\"font-family: 'arial black', sans-serif;color: #0000ff\"><strong>FEINA FETA 2015-2019 <\/strong><\/span><\/a><span style=\"font-size: 16px\"><a href=\"https:\/\/diba.ccoo.cat\/feina-feta-2015-2019\/\">(<span style=\"font-family: 'arial black', sans-serif;color: #0000ff\"><strong>Cliqueu aqu\u00ed<\/strong><\/span><\/a><span style=\"font-family: arial, helvetica, sans-serif\"> per entrar)<\/span><\/span><\/span><\/p>\n<p style=\"text-align: center\"><span style=\"font-size: 20px\"><a href=\"https:\/\/diba.ccoo.cat\/programa-electoral-2019-2023\/\"><span style=\"font-family: 'arial black', sans-serif;color: #0000ff\"><strong>PROPOSTES SINDICALS 2019-2023 <\/strong><\/span><\/a><span style=\"font-size: 16px\"><a href=\"https:\/\/diba.ccoo.cat\/programa-electoral-2019-2023\/\">(<span style=\"font-family: 'arial black', sans-serif;color: #0000ff\"><strong>Cliqueu aqu\u00ed<\/strong><\/span><\/a><span style=\"font-family: arial, helvetica, sans-serif\"> per entrar)<\/span><\/span><\/span><\/p>\n<p><img loading=\"lazy\" decoding=\"async\" class=\"wp-image-3896 aligncenter\" src=\"http:\/\/ccoo.app\/diputacio-de-barcelona\/wp-content\/blogs.dir\/6\/files\/sites\/186\/2019\/03\/eslogan-291x300.png\" alt=\"\" width=\"63\" height=\"65\" srcset=\"https:\/\/ccoo.app\/diputacio-de-barcelona\/wp-content\/blogs.dir\/6\/files\/sites\/186\/2019\/03\/eslogan-291x300.png 291w, https:\/\/ccoo.app\/diputacio-de-barcelona\/wp-content\/blogs.dir\/6\/files\/sites\/186\/2019\/03\/eslogan-994x1024.png 994w, https:\/\/ccoo.app\/diputacio-de-barcelona\/wp-content\/blogs.dir\/6\/files\/sites\/186\/2019\/03\/eslogan-768x791.png 768w, https:\/\/ccoo.app\/diputacio-de-barcelona\/wp-content\/blogs.dir\/6\/files\/sites\/186\/2019\/03\/eslogan.png 1432w\" sizes=\"auto, (max-width: 63px) 100vw, 63px\" \/><\/p>\n<p style=\"text-align: justify\"><span style=\"font-family: arial, helvetica, sans-serif;color: #000000\">Avui hem tancat la campanya amb una assemblea de treballadores i treballadors. <\/span><\/p>\n<p style=\"text-align: justify\"><span style=\"font-family: arial, helvetica, sans-serif;color: #000000\">\u00c8xit d&#8217;assist\u00e8ncia i el que \u00e9s m\u00e9s important, sortim enfortits amb ganes de seguir treballant comprom\u00eds, honestedat i transpar\u00e8ncia. <\/span><\/p>\n<p>&nbsp;<\/p>\n<p style=\"text-align: justify\"><span style=\"font-family: arial, helvetica, sans-serif;color: #000000\">Ara toca que la plantilla en el seu conjunt pensi quina \u00e9s l&#8217;opci\u00f3 m\u00e9s adient per assolir nous drets. <\/span><\/p>\n<p style=\"text-align: justify\"><span style=\"font-family: arial, helvetica, sans-serif;color: #000000\">Nom\u00e9s dir-vos que si ens votes, treballarem de valent per a donar resposta adient a la confian\u00e7a que ens mostres. <\/span><\/p>\n<p style=\"text-align: justify\"><span style=\"font-family: arial, helvetica, sans-serif;color: #000000\">Fixeu-vos que queden moltes coses encara per fer i necessitem la teva for\u00e7a. Per aix\u00f2. <span style=\"color: #0000ff;font-size: 24px;font-family: 'arial black', sans-serif\">VOTA CCOO<\/span> i lluita amb nosaltres!<\/span><\/p>\n<p><iframe loading=\"lazy\" title=\"Assemblea de cloenda de la campanya CCOO diba 08.04.19\" width=\"1200\" height=\"675\" src=\"https:\/\/www.youtube.com\/embed\/Ch2lssYoibk?feature=oembed\" frameborder=\"0\" allow=\"accelerometer; autoplay; clipboard-write; encrypted-media; gyroscope; picture-in-picture; web-share\" allowfullscreen><\/iframe><\/p>\n<p><iframe loading=\"lazy\" title=\"Il\u00b7lusiona&#039;t amb les 223 candidates i candidats de CCOO diba. VOTA CCOO!\" width=\"1200\" height=\"675\" src=\"https:\/\/www.youtube.com\/embed\/8Z5rBMopdSo?feature=oembed\" frameborder=\"0\" allow=\"accelerometer; autoplay; clipboard-write; encrypted-media; gyroscope; picture-in-picture; web-share\" allowfullscreen><\/iframe><\/p>\n<p>&nbsp;<\/p>\n<p><a href=\"https:\/\/diba.ccoo.cat\/\"><img loading=\"lazy\" decoding=\"async\" class=\"wp-image-4185 aligncenter\" src=\"http:\/\/ccoo.app\/diputacio-de-barcelona\/wp-content\/blogs.dir\/6\/files\/sites\/186\/2019\/03\/vota-ccoo-1-300x254.png\" alt=\"\" width=\"161\" height=\"137\" srcset=\"https:\/\/ccoo.app\/diputacio-de-barcelona\/wp-content\/blogs.dir\/6\/files\/sites\/186\/2019\/03\/vota-ccoo-1-300x254.png 300w, https:\/\/ccoo.app\/diputacio-de-barcelona\/wp-content\/blogs.dir\/6\/files\/sites\/186\/2019\/03\/vota-ccoo-1.png 454w\" sizes=\"auto, (max-width: 161px) 100vw, 161px\" \/><\/a><\/p>\n<p><a href=\"https:\/\/www.youtube.com\/watch?time_continue=8&amp;v=b7Qj7y8VlNs\"><img loading=\"lazy\" decoding=\"async\" class=\"wp-image-4187 aligncenter\" src=\"http:\/\/ccoo.app\/diputacio-de-barcelona\/wp-content\/blogs.dir\/6\/files\/sites\/186\/2019\/03\/app-imatge.png\" alt=\"\" width=\"171\" height=\"178\" \/><\/a><\/p>\n<p>&nbsp;<\/p>\n<p>&nbsp;<\/p>\n<p><a href=\"http:\/\/ccoo.app\/diputacio-de-barcelona\/wp-content\/blogs.dir\/6\/files\/sites\/186\/2019\/03\/mem04-acords.pdf\"><img loading=\"lazy\" decoding=\"async\" class=\"wp-image-3042 aligncenter\" src=\"http:\/\/ccoo.app\/diputacio-de-barcelona\/wp-content\/blogs.dir\/6\/files\/sites\/186\/2018\/12\/logo-revindiquem-lluitem-arribem-acords-300x56.png\" alt=\"\" width=\"514\" height=\"96\" srcset=\"https:\/\/ccoo.app\/diputacio-de-barcelona\/wp-content\/blogs.dir\/6\/files\/sites\/186\/2018\/12\/logo-revindiquem-lluitem-arribem-acords-300x56.png 300w, https:\/\/ccoo.app\/diputacio-de-barcelona\/wp-content\/blogs.dir\/6\/files\/sites\/186\/2018\/12\/logo-revindiquem-lluitem-arribem-acords-768x145.png 768w, https:\/\/ccoo.app\/diputacio-de-barcelona\/wp-content\/blogs.dir\/6\/files\/sites\/186\/2018\/12\/logo-revindiquem-lluitem-arribem-acords.png 940w\" sizes=\"auto, (max-width: 514px) 100vw, 514px\" \/><\/a><a href=\"https:\/\/www.ccoo.cat\/aspnet\/eleccions.aspx\"><img loading=\"lazy\" decoding=\"async\" class=\" wp-image-3428 aligncenter\" src=\"http:\/\/ccoo.app\/diputacio-de-barcelona\/wp-content\/blogs.dir\/6\/files\/sites\/186\/2019\/02\/ddddddddddddddddddddddddd-300x115.png\" alt=\"\" width=\"459\" height=\"176\" srcset=\"https:\/\/ccoo.app\/diputacio-de-barcelona\/wp-content\/blogs.dir\/6\/files\/sites\/186\/2019\/02\/ddddddddddddddddddddddddd-300x115.png 300w, https:\/\/ccoo.app\/diputacio-de-barcelona\/wp-content\/blogs.dir\/6\/files\/sites\/186\/2019\/02\/ddddddddddddddddddddddddd.png 611w\" sizes=\"auto, (max-width: 459px) 100vw, 459px\" \/><\/a><\/p>\n<p><a href=\"https:\/\/diba.ccoo.cat\/tambe-a-la-diputacio-no-es-no\/\"><img loading=\"lazy\" decoding=\"async\" class=\"wp-image-3043 aligncenter\" src=\"http:\/\/ccoo.app\/diputacio-de-barcelona\/wp-content\/blogs.dir\/6\/files\/sites\/186\/2018\/12\/ffffffffffffffffffff-1-300x108.png\" alt=\"\" width=\"175\" height=\"63\" srcset=\"https:\/\/ccoo.app\/diputacio-de-barcelona\/wp-content\/blogs.dir\/6\/files\/sites\/186\/2018\/12\/ffffffffffffffffffff-1-300x108.png 300w, https:\/\/ccoo.app\/diputacio-de-barcelona\/wp-content\/blogs.dir\/6\/files\/sites\/186\/2018\/12\/ffffffffffffffffffff-1.png 686w\" sizes=\"auto, (max-width: 175px) 100vw, 175px\" \/><\/a><\/p>\n<p>&nbsp;<\/p>\n<p><a href=\"https:\/\/diba.ccoo.cat\/afiliat-al-sindicat-amb-mes-afiliacio-i-representacio-a-la-diputacio-de-barcelona\/\"><img loading=\"lazy\" decoding=\"async\" class=\"alignnone size-medium wp-image-2346\" src=\"http:\/\/ccoo.app\/diputacio-de-barcelona\/wp-content\/blogs.dir\/6\/files\/sites\/186\/2016\/05\/asasas-300x142-1-300x142.png\" alt=\"\" width=\"300\" height=\"142\" \/><\/a><\/p>\n<p><span style=\"font-family: arial, helvetica, sans-serif;color: #000000\"><strong>Horari d\u2019atenci\u00f3 CCOO DIBA: <\/strong><\/span><\/p>\n<p><span style=\"font-family: arial, helvetica, sans-serif;color: #000000\"><strong>CARRER MALLORCA, 244, 2on 3a<\/strong><\/span><\/p>\n<p><span style=\"font-family: arial, helvetica, sans-serif;color: #000000\"><strong>DE DILLUNS A DIVENDRES DE 8:30 A 16:30\u00a0\u00a0 <\/strong><span style=\"font-size: 10pt\"><strong>(FORA D\u2019AQUEST HORARI, AMB CITA PR\u00c8VIA)<\/strong><\/span><\/span><\/p>\n<p style=\"text-align: center\"><span style=\"font-size: 18pt\"><span style=\"font-family: arial, helvetica, sans-serif;color: #000000\"><strong>\u00a0<\/strong><\/span><span style=\"font-family: arial, helvetica, sans-serif\"><strong><small><span style=\"color: #000000\">Contacta&#8217;ns per tel\u00e8fon al 934 022 985 o correu:<\/span> <a href=\"mailto:ccoo@diba.cat\">ccoo@diba.cat<\/a><\/small> <\/strong><\/span><\/span><\/p>\n<p>&nbsp;<\/p>\n<p><a href=\"http:\/\/diba.ccoo.cat\/\"><img loading=\"lazy\" decoding=\"async\" class=\"wp-image-3263 alignleft\" src=\"http:\/\/ccoo.app\/diputacio-de-barcelona\/wp-content\/blogs.dir\/6\/files\/sites\/186\/2019\/01\/rrrrrrrrrrrrrrrrrrrrr-287x300.png\" alt=\"\" width=\"189\" height=\"198\" srcset=\"https:\/\/ccoo.app\/diputacio-de-barcelona\/wp-content\/blogs.dir\/6\/files\/sites\/186\/2019\/01\/rrrrrrrrrrrrrrrrrrrrr-287x300.png 287w, https:\/\/ccoo.app\/diputacio-de-barcelona\/wp-content\/blogs.dir\/6\/files\/sites\/186\/2019\/01\/rrrrrrrrrrrrrrrrrrrrr.png 550w\" sizes=\"auto, (max-width: 189px) 100vw, 189px\" \/><\/a><\/p>\n<p>&nbsp;<\/p>\n<p><img loading=\"lazy\" decoding=\"async\" class=\"alignnone size-medium wp-image-3266\" src=\"http:\/\/ccoo.app\/diputacio-de-barcelona\/wp-content\/blogs.dir\/6\/files\/sites\/186\/2019\/01\/yyyyyyyyyyyyyyyyyyyyyyyy-300x57.png\" alt=\"\" width=\"300\" height=\"57\" srcset=\"https:\/\/ccoo.app\/diputacio-de-barcelona\/wp-content\/blogs.dir\/6\/files\/sites\/186\/2019\/01\/yyyyyyyyyyyyyyyyyyyyyyyy-300x57.png 300w, https:\/\/ccoo.app\/diputacio-de-barcelona\/wp-content\/blogs.dir\/6\/files\/sites\/186\/2019\/01\/yyyyyyyyyyyyyyyyyyyyyyyy.png 578w\" sizes=\"auto, (max-width: 300px) 100vw, 300px\" \/><\/p>\n<p><img loading=\"lazy\" decoding=\"async\" class=\"alignleft\" src=\"https:\/\/www.educapeques.com\/wp-content\/uploads\/2016\/04\/descargar-whatsapp.png\" alt=\"Resultado de imagen de whatsapp\" width=\"64\" height=\"50\" \/><a href=\"https:\/\/www.facebook.com\/CcooDiputacioDeBarcelona\/\"><img loading=\"lazy\" decoding=\"async\" class=\"alignleft\" src=\"https:\/\/upload.wikimedia.org\/wikipedia\/commons\/thumb\/7\/7c\/Facebook_New_Logo_%282015%29.svg\/2000px-Facebook_New_Logo_%282015%29.svg.png\" alt=\"Resultado de imagen de facebook\" width=\"122\" height=\"46\" \/><\/a>\u00a0<a href=\"https:\/\/twitter.com\/CCOODiba\"><img loading=\"lazy\" decoding=\"async\" class=\"alignnone wp-image-3432\" src=\"http:\/\/ccoo.app\/diputacio-de-barcelona\/wp-content\/blogs.dir\/6\/files\/sites\/186\/2019\/02\/ggggggggggggggggggggggggggg-300x142.jpg\" alt=\"\" width=\"116\" height=\"55\" srcset=\"https:\/\/ccoo.app\/diputacio-de-barcelona\/wp-content\/blogs.dir\/6\/files\/sites\/186\/2019\/02\/ggggggggggggggggggggggggggg-300x142.jpg 300w, https:\/\/ccoo.app\/diputacio-de-barcelona\/wp-content\/blogs.dir\/6\/files\/sites\/186\/2019\/02\/ggggggggggggggggggggggggggg-1024x485.jpg 1024w, https:\/\/ccoo.app\/diputacio-de-barcelona\/wp-content\/blogs.dir\/6\/files\/sites\/186\/2019\/02\/ggggggggggggggggggggggggggg-768x364.jpg 768w, https:\/\/ccoo.app\/diputacio-de-barcelona\/wp-content\/blogs.dir\/6\/files\/sites\/186\/2019\/02\/ggggggggggggggggggggggggggg.jpg 1536w\" sizes=\"auto, (max-width: 116px) 100vw, 116px\" \/><\/a> \u00a0\u00a0<a href=\"https:\/\/www.youtube.com\/channel\/UCFzenkS75udEcs4pB4qoZsg\"><img loading=\"lazy\" decoding=\"async\" class=\"alignleft\" src=\"https:\/\/i.kinja-img.com\/gawker-media\/image\/upload\/s--heVex4FV--\/c_scale,fl_progressive,q_80,w_800\/pol5zfmalpqmpt1jcnbp.png\" alt=\"Resultado de imagen de youtube\" width=\"117\" height=\"50\" \/><\/a><\/p>\n<p>&nbsp;<\/p>\n<p>&nbsp;<\/p>\n<p>&nbsp;<\/p>\n<p>&nbsp;    \t<\/p>\n","protected":false},"excerpt":{"rendered":"<p>\u00a0 \u00a0 \u00a0 \u00a0 \u00a0 \u00a0 \u00a0 \u00a0 \u00a0 \u00a0 \u00a0 \u00a0 \u00a0 \u00a0 \u00a0 \u00a0 ELECCIONS SINDICALS 10 D&#8217;ABRIL DE 2019 VOTA CCOO! A la nostra p\u00e0gina web, trobareu &#8230; <\/p>\n<p class=\"read-more-container\"><a title=\"V\u00cdDEO RESUM DE L&#8217;ASSEMBLEA DE CLOENDA CAMPANYA ELECCIONS SINDICALS 2019 DIBA\" class=\"read-more button\" href=\"https:\/\/ccoo.app\/diputacio-de-barcelona\/assemblea-de-cloenda\/#more-4337\" aria-label=\"Leer m\u00e1s sobre V\u00cdDEO RESUM DE L&#8217;ASSEMBLEA DE CLOENDA CAMPANYA ELECCIONS SINDICALS 2019 DIBA\">Continuar llegint<\/a><\/p>\n","protected":false},"author":4519,"featured_media":3896,"comment_status":"open","ping_status":"open","sticky":false,"template":"","format":"standard","meta":{"footnotes":""},"categories":[19,21],"tags":[148],"class_list":["post-4337","post","type-post","status-publish","format-standard","has-post-thumbnail","hentry","category-comunicats","category-eleccions-sindicals","tag-mesa-general-negociacio","generate-columns","tablet-grid-50","mobile-grid-100","grid-parent","grid-50"],"_links":{"self":[{"href":"https:\/\/ccoo.app\/diputacio-de-barcelona\/wp-json\/wp\/v2\/posts\/4337","targetHints":{"allow":["GET"]}}],"collection":[{"href":"https:\/\/ccoo.app\/diputacio-de-barcelona\/wp-json\/wp\/v2\/posts"}],"about":[{"href":"https:\/\/ccoo.app\/diputacio-de-barcelona\/wp-json\/wp\/v2\/types\/post"}],"author":[{"embeddable":true,"href":"https:\/\/ccoo.app\/diputacio-de-barcelona\/wp-json\/wp\/v2\/users\/4519"}],"replies":[{"embeddable":true,"href":"https:\/\/ccoo.app\/diputacio-de-barcelona\/wp-json\/wp\/v2\/comments?post=4337"}],"version-history":[{"count":1,"href":"https:\/\/ccoo.app\/diputacio-de-barcelona\/wp-json\/wp\/v2\/posts\/4337\/revisions"}],"predecessor-version":[{"id":51976,"href":"https:\/\/ccoo.app\/diputacio-de-barcelona\/wp-json\/wp\/v2\/posts\/4337\/revisions\/51976"}],"wp:featuredmedia":[{"embeddable":true,"href":"https:\/\/ccoo.app\/diputacio-de-barcelona\/wp-json\/wp\/v2\/media\/3896"}],"wp:attachment":[{"href":"https:\/\/ccoo.app\/diputacio-de-barcelona\/wp-json\/wp\/v2\/media?parent=4337"}],"wp:term":[{"taxonomy":"category","embeddable":true,"href":"https:\/\/ccoo.app\/diputacio-de-barcelona\/wp-json\/wp\/v2\/categories?post=4337"},{"taxonomy":"post_tag","embeddable":true,"href":"https:\/\/ccoo.app\/diputacio-de-barcelona\/wp-json\/wp\/v2\/tags?post=4337"}],"curies":[{"name":"wp","href":"https:\/\/api.w.org\/{rel}","templated":true}]}}