{"id":432,"date":"2016-06-22T08:47:00","date_gmt":"2016-06-22T07:47:00","guid":{"rendered":"https:\/\/diba.ccoo.cat\/?p=432"},"modified":"2016-06-22T08:47:00","modified_gmt":"2016-06-22T07:47:00","slug":"programari-lliure-per-la-diba-racionalitzar-recursos-economics-i-promoure-leconomia-local","status":"publish","type":"post","link":"https:\/\/ccoo.app\/diputacio-de-barcelona\/programari-lliure-per-la-diba-racionalitzar-recursos-economics-i-promoure-leconomia-local\/","title":{"rendered":"PROGRAMARI LLIURE PER LA DIBA. RACIONALITZAR RECURSOS ECON\u00d2MICS i PROMOURE L\u2019ECONOMIA LOCAL"},"content":{"rendered":"<p>&nbsp;<\/p>\n<p><img loading=\"lazy\" decoding=\"async\" class=\"wp-image-189\" title=\"Secci\u00f3 Sindical de la Diutaci\u00f3 de Barcelona de la Federaci\u00f3 Sindical de Catalunya\" src=\"http:\/\/ccoo.app\/diputacio-de-barcelona\/wp-content\/blogs.dir\/6\/files\/sites\/186\/2015\/12\/ccoo-fsc-cat.png\" alt=\"Secci\u00f3 Sindical de la Diputaci\u00f3 de Barcelona de la Federaci\u00f3 Sindical de Catalunya\" width=\"469\" height=\"90\" \/><\/p>\n<p class=\"wp-caption-text\">Secci\u00f3 Sindical de la Diputaci\u00f3 de Barcelona<\/p>\n<h3 style=\"text-align: center\"><\/h3>\n<p style=\"text-align: justify\">La Secci\u00f3 Sindical de <strong>CCOO,<\/strong> amb una voluntat d&#8217;aportar propostes que racionalitzin l&#8217;\u00fas dels recursos p\u00fablics, d&#8217;una millora de l&#8217;efic\u00e0cia en l&#8217;assoliment d&#8217;objectius de millor prestaci\u00f3 dels serveis p\u00fablics, aix\u00ed com una influ\u00e8ncia positiva sobre l&#8217;economia i el coneixement en el territori, tot promovent la ind\u00fastria local tecnol\u00f2gica, <strong>ha fet arribar als grups pol\u00edtics de la Diputaci\u00f3 de Barcelona una proposta de moci\u00f3 en favor de l&#8217;\u00fas del programari inform\u00e0tic lliure.<\/strong><\/p>\n<p style=\"text-align: justify\">En una tessitura sociopol\u00edtica de restriccions pressupost\u00e0ries i de retallades en els serveis p\u00fablics i al col\u00b7lectiu de treballadores i treballadors, cal un esfor\u00e7 de re-enfocament de tot all\u00f2 que pugui subministrar recursos estalviant despesa i derivant-la cap a \u00e0mbits d&#8217;utilitat social i laboral.<\/p>\n<p style=\"text-align: justify\">Nom\u00e9s des de la<strong> voluntat pol\u00edtica <\/strong>es poden afrontar els processos de canvi a tecnologies lliures com ara el programari o <em>software<\/em> lliure, per aix\u00f2 es demana que es dictin directives expresses per encetar els processos de transformaci\u00f3 necessaris en els \u00e0mbits tecnol\u00f2gics. Tot reconeixent la introducci\u00f3 d&#8217;alguns elements en aquest sentit en l&#8217;actual infraestructura, considerem que s\u00f3n del tot insuficients i s&#8217;ha d&#8217;anar m\u00e9s enll\u00e0. <strong>Els beneficis p\u00fablics que podem obtenir s\u00f3n quantiosos.<\/strong><\/p>\n<p style=\"text-align: justify\">Amb la voluntat ferma de poder contribuir a dits aven\u00e7os socials i de gesti\u00f3 del que \u00e9s p\u00fablic, hem lliurat a tots els grups pol\u00edtics amb representaci\u00f3 al Ple de la Diputaci\u00f3 de Barcelona, la proposta de moci\u00f3 perqu\u00e8 sigui presentada, analitzada i aprovada.<\/p>\n<p style=\"text-align: justify\">No s&#8217;hauria de perdre l&#8217;oportunitat que el <strong>nou mandat,<\/strong> que ara tot just comen\u00e7a, no dugui a terme aquest projecte de canvi integral del model tecnoproductiu de la Diputaci\u00f3 de Barcelona.<\/p>\n<p style=\"text-align: center\">* \u00a0* \u00a0* \u00a0* \u00a0*<\/p>\n<p><img loading=\"lazy\" decoding=\"async\" class=\"alignleft wp-image-226\" src=\"http:\/\/ccoo.app\/diputacio-de-barcelona\/wp-content\/blogs.dir\/6\/files\/sites\/186\/2016\/04\/estem-decidits-acontinuar-lluitant.png\" alt=\"Estem decidits a continuar lluitant !\" width=\"213\" height=\"89\" \/><\/p>\n<p><img loading=\"lazy\" decoding=\"async\" class=\"wp-image-262 alignright\" src=\"http:\/\/ccoo.app\/diputacio-de-barcelona\/wp-content\/blogs.dir\/6\/files\/sites\/186\/2016\/04\/afiliat_ccoo_cat.gif\" alt=\"Tota la informaci\u00f3 de com afiliar-se a CCOO Catalunya i forlmulari d'alta o baxia.\" width=\"90\" height=\"80\" \/><\/p>\n<p><img loading=\"lazy\" decoding=\"async\" class=\"wp-image-227 aligncenter\" src=\"http:\/\/ccoo.app\/diputacio-de-barcelona\/wp-content\/blogs.dir\/6\/files\/sites\/186\/2016\/04\/logo-peu-300x69.png\" alt=\"logo-peu\" width=\"952\" height=\"219\" srcset=\"https:\/\/ccoo.app\/diputacio-de-barcelona\/wp-content\/blogs.dir\/6\/files\/sites\/186\/2016\/04\/logo-peu-300x69.png 300w, https:\/\/ccoo.app\/diputacio-de-barcelona\/wp-content\/blogs.dir\/6\/files\/sites\/186\/2016\/04\/logo-peu.png 557w\" sizes=\"auto, (max-width: 952px) 100vw, 952px\" \/><\/p>\n<p style=\"text-align: center\"><small><\/small><small>Formulari d&#8217;<a href=\"\/afiliat\/\">alta<\/a>, <a href=\"\/afiliat\/\">baixa <\/a>o <a href=\"\/afiliat\/\">modificaci\u00f3 <\/a>de les dades personals o<br \/>\ncontacta&#8217;ns a trav\u00e9s del tel\u00e8fon<strong> 934 022 985<\/strong> o correu: <a href=\"mailto:ccoo@diba.cat\"><strong>ccoo@diba.cat<\/strong><\/a><\/small><\/p>\n","protected":false},"excerpt":{"rendered":"<p>&nbsp; Secci\u00f3 Sindical de la Diputaci\u00f3 de Barcelona La Secci\u00f3 Sindical de CCOO, amb una voluntat d&#8217;aportar propostes que racionalitzin l&#8217;\u00fas dels recursos p\u00fablics, d&#8217;una millora de l&#8217;efic\u00e0cia en l&#8217;assoliment &#8230; <\/p>\n<p class=\"read-more-container\"><a title=\"PROGRAMARI LLIURE PER LA DIBA. RACIONALITZAR RECURSOS ECON\u00d2MICS i PROMOURE L\u2019ECONOMIA LOCAL\" class=\"read-more button\" href=\"https:\/\/ccoo.app\/diputacio-de-barcelona\/programari-lliure-per-la-diba-racionalitzar-recursos-economics-i-promoure-leconomia-local\/#more-432\" aria-label=\"Leer m\u00e1s sobre PROGRAMARI LLIURE PER LA DIBA. RACIONALITZAR RECURSOS ECON\u00d2MICS i PROMOURE L\u2019ECONOMIA LOCAL\">Continuar llegint<\/a><\/p>\n","protected":false},"author":4519,"featured_media":255,"comment_status":"open","ping_status":"open","sticky":false,"template":"","format":"standard","meta":{"footnotes":""},"categories":[38,19,33],"tags":[],"class_list":["post-432","post","type-post","status-publish","format-standard","has-post-thumbnail","hentry","category-a-tot-el-personal","category-comunicats","category-propostes-sindicals","generate-columns","tablet-grid-50","mobile-grid-100","grid-parent","grid-50"],"_links":{"self":[{"href":"https:\/\/ccoo.app\/diputacio-de-barcelona\/wp-json\/wp\/v2\/posts\/432","targetHints":{"allow":["GET"]}}],"collection":[{"href":"https:\/\/ccoo.app\/diputacio-de-barcelona\/wp-json\/wp\/v2\/posts"}],"about":[{"href":"https:\/\/ccoo.app\/diputacio-de-barcelona\/wp-json\/wp\/v2\/types\/post"}],"author":[{"embeddable":true,"href":"https:\/\/ccoo.app\/diputacio-de-barcelona\/wp-json\/wp\/v2\/users\/4519"}],"replies":[{"embeddable":true,"href":"https:\/\/ccoo.app\/diputacio-de-barcelona\/wp-json\/wp\/v2\/comments?post=432"}],"version-history":[{"count":0,"href":"https:\/\/ccoo.app\/diputacio-de-barcelona\/wp-json\/wp\/v2\/posts\/432\/revisions"}],"wp:featuredmedia":[{"embeddable":true,"href":"https:\/\/ccoo.app\/diputacio-de-barcelona\/wp-json\/wp\/v2\/media\/255"}],"wp:attachment":[{"href":"https:\/\/ccoo.app\/diputacio-de-barcelona\/wp-json\/wp\/v2\/media?parent=432"}],"wp:term":[{"taxonomy":"category","embeddable":true,"href":"https:\/\/ccoo.app\/diputacio-de-barcelona\/wp-json\/wp\/v2\/categories?post=432"},{"taxonomy":"post_tag","embeddable":true,"href":"https:\/\/ccoo.app\/diputacio-de-barcelona\/wp-json\/wp\/v2\/tags?post=432"}],"curies":[{"name":"wp","href":"https:\/\/api.w.org\/{rel}","templated":true}]}}