{"id":4309,"date":"2019-03-25T20:54:31","date_gmt":"2019-03-25T19:54:31","guid":{"rendered":"https:\/\/diba.ccoo.cat\/?p=4309"},"modified":"2023-02-22T19:05:30","modified_gmt":"2023-02-22T18:05:30","slug":"integracio-de-la-orgt-a-la-diba","status":"publish","type":"post","link":"https:\/\/ccoo.app\/diputacio-de-barcelona\/integracio-de-la-orgt-a-la-diba\/","title":{"rendered":"INTEGRACI\u00d3 DE LA ORGT A LA DIBA"},"content":{"rendered":"<div id=\"pl-4309\" class=\"panel-layout\">\n<div id=\"pg-4309-0\" class=\"panel-grid panel-no-style\">\n<div id=\"pgc-4309-0-0\" class=\"panel-grid-cell\" data-weight=\"1\">\n<div id=\"panel-4309-0-0-0\" class=\"so-panel widget widget_sow-editor panel-first-child panel-last-child\" data-index=\"0\" data-style=\"{&quot;background_image_attachment&quot;:false,&quot;background_display&quot;:&quot;tile&quot;}\">\n<div class=\"so-widget-sow-editor so-widget-sow-editor-base\">\n<div class=\"siteorigin-widget-tinymce textwidget\">\n<p style=\"font-weight: 400;text-align: justify\"><img loading=\"lazy\" decoding=\"async\" class=\" wp-image-4314 alignright\" src=\"http:\/\/ccoo.app\/diputacio-de-barcelona\/wp-content\/blogs.dir\/6\/files\/sites\/186\/2019\/04\/orgt-9732-16.jpg\" alt=\"\" width=\"276\" height=\"195\" srcset=\"https:\/\/ccoo.app\/diputacio-de-barcelona\/wp-content\/blogs.dir\/6\/files\/sites\/186\/2019\/04\/orgt-9732-16.jpg 543w, https:\/\/ccoo.app\/diputacio-de-barcelona\/wp-content\/blogs.dir\/6\/files\/sites\/186\/2019\/04\/orgt-9732-16-300x212.jpg 300w\" sizes=\"auto, (max-width: 276px) 100vw, 276px\" \/>Aqu\u00ed us adjuntem la <strong><a href=\"http:\/\/ccoo.app\/diputacio-de-barcelona\/wp-content\/blogs.dir\/6\/files\/sites\/186\/2019\/04\/ortg-altaveu-45-comprimit.pdf\">darrera revista<\/a>*<\/strong> que varem elaborar com a personal de l\u2019<a href=\"https:\/\/diba.ccoo.cat\/category\/comunicats\/orgt\/\"><strong>Organisme de Gesti\u00f3 Tribut\u00e0ria (ORGT)<\/strong><\/a> abans de la Integraci\u00f3 de la Funci\u00f3 P\u00fablica de l\u2019ORGT a la Funci\u00f3 P\u00fablica de la <a href=\"http:\/\/www.diba.cat\" target=\"_blank\" rel=\"noopener noreferrer\"><strong>Diputaci\u00f3 de Barcelona<\/strong> <\/a>acordada al desembre del 2018.<\/p>\n<p style=\"font-weight: 400;text-align: justify\">L\u2019objectiu d\u2019aquesta\u00a0 era fer un breu rep\u00e0s de la hist\u00f2ria de la nostra lluita a l\u2019ORGT dels darrers 14 anys, per\u00f2 sobretot Agrair a totes les treballadores i treballadors que han estat implicats de del primer minut acompanyant-nos a les assemblees, concentracions i vagues dels darrers anys, que sense totes elles i ells mai hagu\u00e9s estat possible arribar a bon port.<\/p>\n<p style=\"font-weight: 400;text-align: justify\">\u00a0Si una plantilla de 700 persones ha aconseguit tot el que ha aconseguit, imagineu que podrem fer ara que som 4700! La lluita continua i totes i tots junts aconseguirem tot all\u00f2 que ens proposem. Units i fent for\u00e7a. Que mai es trenqui aquesta uni\u00f3.<\/p>\n<p style=\"font-weight: 400\"><strong>Jessica Paredes<br \/>\n<\/strong>CCOO DIBA<strong><br \/>\n<\/strong><\/p>\n<p><em><span style=\"font-size: 12px\">* \u00daltim n\u00famero de la revista <a href=\"http:\/\/ccoo.app\/diputacio-de-barcelona\/wp-content\/blogs.dir\/6\/files\/sites\/186\/2019\/04\/ortg-altaveu-45-comprimit.pdf\">ALTAVEU 45<\/a> (desembre 2018)<\/span><\/em><\/p>\n<\/div>\n<\/div>\n<\/div>\n<\/div>\n<\/div>\n<\/div>\n","protected":false},"excerpt":{"rendered":"<p>Aqu\u00ed us adjuntem la darrera revista* que varem elaborar com a personal de l\u2019Organisme de Gesti\u00f3 Tribut\u00e0ria (ORGT) abans de la Integraci\u00f3 de la Funci\u00f3 P\u00fablica de l\u2019ORGT a la &#8230; <\/p>\n<p class=\"read-more-container\"><a title=\"INTEGRACI\u00d3 DE LA ORGT A LA DIBA\" class=\"read-more button\" href=\"https:\/\/ccoo.app\/diputacio-de-barcelona\/integracio-de-la-orgt-a-la-diba\/#more-4309\" aria-label=\"Leer m\u00e1s sobre INTEGRACI\u00d3 DE LA ORGT A LA DIBA\">Continuar llegint<\/a><\/p>\n","protected":false},"author":4519,"featured_media":4315,"comment_status":"open","ping_status":"open","sticky":false,"template":"","format":"standard","meta":{"footnotes":""},"categories":[29],"tags":[61,148],"class_list":["post-4309","post","type-post","status-publish","format-standard","has-post-thumbnail","hentry","category-orgt-2","tag-assemblea","tag-mesa-general-negociacio","generate-columns","tablet-grid-50","mobile-grid-100","grid-parent","grid-50"],"_links":{"self":[{"href":"https:\/\/ccoo.app\/diputacio-de-barcelona\/wp-json\/wp\/v2\/posts\/4309","targetHints":{"allow":["GET"]}}],"collection":[{"href":"https:\/\/ccoo.app\/diputacio-de-barcelona\/wp-json\/wp\/v2\/posts"}],"about":[{"href":"https:\/\/ccoo.app\/diputacio-de-barcelona\/wp-json\/wp\/v2\/types\/post"}],"author":[{"embeddable":true,"href":"https:\/\/ccoo.app\/diputacio-de-barcelona\/wp-json\/wp\/v2\/users\/4519"}],"replies":[{"embeddable":true,"href":"https:\/\/ccoo.app\/diputacio-de-barcelona\/wp-json\/wp\/v2\/comments?post=4309"}],"version-history":[{"count":1,"href":"https:\/\/ccoo.app\/diputacio-de-barcelona\/wp-json\/wp\/v2\/posts\/4309\/revisions"}],"predecessor-version":[{"id":52040,"href":"https:\/\/ccoo.app\/diputacio-de-barcelona\/wp-json\/wp\/v2\/posts\/4309\/revisions\/52040"}],"wp:featuredmedia":[{"embeddable":true,"href":"https:\/\/ccoo.app\/diputacio-de-barcelona\/wp-json\/wp\/v2\/media\/4315"}],"wp:attachment":[{"href":"https:\/\/ccoo.app\/diputacio-de-barcelona\/wp-json\/wp\/v2\/media?parent=4309"}],"wp:term":[{"taxonomy":"category","embeddable":true,"href":"https:\/\/ccoo.app\/diputacio-de-barcelona\/wp-json\/wp\/v2\/categories?post=4309"},{"taxonomy":"post_tag","embeddable":true,"href":"https:\/\/ccoo.app\/diputacio-de-barcelona\/wp-json\/wp\/v2\/tags?post=4309"}],"curies":[{"name":"wp","href":"https:\/\/api.w.org\/{rel}","templated":true}]}}