{"id":4291,"date":"2019-04-06T19:27:33","date_gmt":"2019-04-06T18:27:33","guid":{"rendered":"https:\/\/diba.ccoo.cat\/?p=4291"},"modified":"2023-02-22T19:04:42","modified_gmt":"2023-02-22T18:04:42","slug":"6-eess-mes-propostes-2015-2019","status":"publish","type":"post","link":"https:\/\/ccoo.app\/diputacio-de-barcelona\/6-eess-mes-propostes-2015-2019\/","title":{"rendered":"6 EESS M\u00c9S PROPOSTES 2015-2019"},"content":{"rendered":"<p class=\"wp-caption-text\"><img loading=\"lazy\" decoding=\"async\" class=\"alignnone wp-image-1853\" src=\"http:\/\/ccoo.app\/diputacio-de-barcelona\/wp-content\/blogs.dir\/6\/files\/sites\/186\/2018\/01\/logoccoov18.jpg\" alt=\"\" width=\"137\" height=\"63\" \/>\u00a0 \u00a0 \u00a0 \u00a0 \u00a0 \u00a0 \u00a0 \u00a0 \u00a0 \u00a0 \u00a0 \u00a0 \u00a0 \u00a0 \u00a0 \u00a0<a href=\"http:\/\/ccoo.app\/diputacio-de-barcelona\/wp-content\/blogs.dir\/6\/files\/sites\/186\/2019\/04\/6--eess-comunicat.pdf\"><img loading=\"lazy\" decoding=\"async\" class=\"alignnone wp-image-2113\" src=\"http:\/\/ccoo.app\/diputacio-de-barcelona\/wp-content\/blogs.dir\/6\/files\/sites\/186\/2018\/04\/22-300x172.png\" alt=\"\" width=\"134\" height=\"77\" srcset=\"https:\/\/ccoo.app\/diputacio-de-barcelona\/wp-content\/blogs.dir\/6\/files\/sites\/186\/2018\/04\/22-300x172.png 300w, https:\/\/ccoo.app\/diputacio-de-barcelona\/wp-content\/blogs.dir\/6\/files\/sites\/186\/2018\/04\/22.png 327w\" sizes=\"auto, (max-width: 134px) 100vw, 134px\" \/><\/a><\/p>\n<p style=\"text-align: center\"><span style=\"text-decoration: underline\"><span style=\"font-family: 'arial black', sans-serif;font-size: 18pt;color: #ff0000;text-decoration: underline\">ELECCIONS SINDICALS 10 D&#8217;ABRIL DE 2019<\/span><\/span><\/p>\n<p style=\"text-align: center\"><span style=\"font-family: arial, helvetica, sans-serif;font-size: 24px\"><span style=\"color: #000000\">A la nostra<\/span> <a href=\"https:\/\/diba.ccoo.cat\/\"><strong><u>p\u00e0gina web<\/u><\/strong>,<\/a> <span style=\"color: #000000\">trobareu SEMPRE els documents:<\/span><\/span><\/p>\n<p style=\"text-align: center\"><span style=\"font-size: 20px\"><a href=\"https:\/\/diba.ccoo.cat\/feina-feta-2015-2019\/\"><span style=\"font-family: 'arial black', sans-serif;color: #0000ff\"><strong>FEINA FETA 2015-2019 <\/strong><\/span><\/a><span style=\"font-size: 16px\"><a href=\"https:\/\/diba.ccoo.cat\/feina-feta-2015-2019\/\">(<span style=\"font-family: 'arial black', sans-serif;color: #0000ff\"><strong>Cliqueu aqu\u00ed<\/strong><\/span><\/a><span style=\"font-family: arial, helvetica, sans-serif\"> per entrar)<\/span><\/span><\/span><\/p>\n<p style=\"text-align: center\"><span style=\"font-size: 20px\"><a href=\"https:\/\/diba.ccoo.cat\/programa-electoral-2019-2023\/\"><span style=\"font-family: 'arial black', sans-serif;color: #0000ff\"><strong>PROPOSTES SINDICALS 2019-2023 <\/strong><\/span><\/a><span style=\"font-size: 16px\"><a href=\"https:\/\/diba.ccoo.cat\/programa-electoral-2019-2023\/\">(<span style=\"font-family: 'arial black', sans-serif;color: #0000ff\"><strong>Cliqueu aqu\u00ed<\/strong><\/span><\/a><span style=\"font-family: arial, helvetica, sans-serif\"> per entrar)<\/span><\/span><\/span><\/p>\n<p><img loading=\"lazy\" decoding=\"async\" class=\"wp-image-3896 aligncenter\" src=\"http:\/\/ccoo.app\/diputacio-de-barcelona\/wp-content\/blogs.dir\/6\/files\/sites\/186\/2019\/03\/eslogan-291x300.png\" alt=\"\" width=\"63\" height=\"65\" srcset=\"https:\/\/ccoo.app\/diputacio-de-barcelona\/wp-content\/blogs.dir\/6\/files\/sites\/186\/2019\/03\/eslogan-291x300.png 291w, https:\/\/ccoo.app\/diputacio-de-barcelona\/wp-content\/blogs.dir\/6\/files\/sites\/186\/2019\/03\/eslogan-994x1024.png 994w, https:\/\/ccoo.app\/diputacio-de-barcelona\/wp-content\/blogs.dir\/6\/files\/sites\/186\/2019\/03\/eslogan-768x791.png 768w, https:\/\/ccoo.app\/diputacio-de-barcelona\/wp-content\/blogs.dir\/6\/files\/sites\/186\/2019\/03\/eslogan.png 1432w\" sizes=\"auto, (max-width: 63px) 100vw, 63px\" \/><\/p>\n<p><a href=\"http:\/\/ccoo.app\/diputacio-de-barcelona\/wp-content\/blogs.dir\/6\/files\/sites\/186\/2019\/04\/assemble-acte-final-campanya-2.pdf\"><img loading=\"lazy\" decoding=\"async\" class=\"size-medium wp-image-4293 aligncenter\" src=\"http:\/\/ccoo.app\/diputacio-de-barcelona\/wp-content\/blogs.dir\/6\/files\/sites\/186\/2019\/04\/assemblea-pacheco-2-300x204.png\" alt=\"\" width=\"300\" height=\"204\" srcset=\"https:\/\/ccoo.app\/diputacio-de-barcelona\/wp-content\/blogs.dir\/6\/files\/sites\/186\/2019\/04\/assemblea-pacheco-2-300x204.png 300w, https:\/\/ccoo.app\/diputacio-de-barcelona\/wp-content\/blogs.dir\/6\/files\/sites\/186\/2019\/04\/assemblea-pacheco-2.png 380w\" sizes=\"auto, (max-width: 300px) 100vw, 300px\" \/><\/a><\/p>\n<p>&nbsp;<\/p>\n<p style=\"text-align: justify\"><span style=\"font-family: arial, helvetica, sans-serif;color: #000000\">Hi ha persones que diuen qu\u00e8 fan. D\u2019altres prometen qu\u00e8 faran. A nosaltres ens agrada m\u00e9s all\u00f2 de \u201cfets, no paraules\u201d. El que hem fet i com ho hem fet \u00e9s el nostre aval.<\/span><\/p>\n<p style=\"text-align: justify\"><span style=\"font-family: arial, helvetica, sans-serif;color: #000000\">Ara b\u00e9, la feina no est\u00e0 acabada i per tant <strong><u>la lluita continua<\/u><\/strong>. En aquest sentit us fem un resum de 12 PROPOSTES SINDICALS m\u00e9s:<\/span><\/p>\n<p style=\"text-align: justify\"><span style=\"font-family: arial, helvetica, sans-serif;color: #000000\"><strong>\u00a0<\/strong><\/span><\/p>\n<p style=\"text-align: justify\"><span style=\"font-family: arial, helvetica, sans-serif;color: #000000\"><span style=\"font-family: 'arial black', sans-serif;color: #0000ff;font-size: 24px\">CONCILIACI\u00d3<\/span> (<a href=\"http:\/\/ccoo.app\/diputacio-de-barcelona\/wp-content\/blogs.dir\/6\/files\/sites\/186\/2019\/03\/10-conciliacio.pdf\"><span style=\"color: #0000ff;font-family: 'arial black', sans-serif\">Cliqueu<\/span><\/a> per a + info):<\/span><\/p>\n<ul style=\"text-align: justify\">\n<li style=\"text-align: justify\"><span style=\"font-family: arial, helvetica, sans-serif;color: #000000\"><strong>INCREMENT DE 3 DIES DE PERM\u00cdS RETRIBU\u00cfTS (48j)<\/strong><\/span><\/li>\n<\/ul>\n<ul style=\"text-align: justify\">\n<li><span style=\"font-family: arial, helvetica, sans-serif;color: #000000\"><strong>ABS\u00c8NCIES RETRIBU\u00cfDES <\/strong>per l\u2019acompanyament de fill\/filla o persona dependent a reunions al centre educatiu o a un centre sanitari.<\/span><\/li>\n<\/ul>\n<ul style=\"text-align: justify\">\n<li><span style=\"font-family: arial, helvetica, sans-serif;color: #000000\"><strong>FLEXIBILITAT PER A LES REDUCCIONS DE JORNADA<\/strong><\/span><\/li>\n<\/ul>\n<ul style=\"text-align: justify\">\n<li><span style=\"font-family: arial, helvetica, sans-serif;color: #000000\"><strong>GAUDIMENT DE TOTS ELS PERMISOS FRACCIONATS EN HORES<\/strong><\/span><\/li>\n<\/ul>\n<ul style=\"text-align: justify\">\n<li><span style=\"font-family: arial, helvetica, sans-serif;color: #000000\"><strong>BORSA DE 80 HORES PER A CONCILIACI\u00d3 I FLEXIBILITAT<\/strong><\/span><\/li>\n<li><span style=\"font-family: arial, helvetica, sans-serif;color: #000000\"><strong>PROPOSTES PER AMPLIAR FLEXIBILITAT AL PERSONAL: <\/strong><\/span>\n<ul style=\"text-align: justify\">\n<li><span style=\"font-family: arial, helvetica, sans-serif;color: #000000\">Amb fills\/filles de 12 a 18 anys<\/span><\/li>\n<li><span style=\"font-family: arial, helvetica, sans-serif;color: #000000\">Amb fam\u00edlia nombrosa o monoparental<\/span><\/li>\n<li><span style=\"font-family: arial, helvetica, sans-serif;color: #000000\">Amb jornades sense cap flexibilitat<\/span><\/li>\n<li><span style=\"font-family: arial, helvetica, sans-serif;color: #000000\">Amb discapacitat i\/o majors de 55 anys<\/span><\/li>\n<li><span style=\"font-family: arial, helvetica, sans-serif;color: #000000\">Amb nomenaments de substituci\u00f3<\/span><\/li>\n<li><span style=\"font-family: arial, helvetica, sans-serif;color: #000000\">Subjecte a torn (espec\u00edfiques torn nit)<\/span><\/li>\n<\/ul>\n<\/li>\n<\/ul>\n<p>&nbsp;<\/p>\n<p style=\"text-align: justify\"><span style=\"font-family: arial, helvetica, sans-serif;color: #000000\"><span style=\"font-family: 'arial black', sans-serif;font-size: 24px;color: #0000ff\">JUBILACI\u00d3<\/span> (<a href=\"http:\/\/ccoo.app\/diputacio-de-barcelona\/wp-content\/blogs.dir\/6\/files\/sites\/186\/2019\/03\/14-jubilacio.pdf\"><span style=\"font-family: 'arial black', sans-serif;color: #0000ff\">Cliqueu<\/span><\/a> per a + info):<\/span><\/p>\n<ul style=\"text-align: justify\">\n<li><span style=\"font-family: arial, helvetica, sans-serif;color: #000000\"><strong>INCENTIUS ECON\u00d2MICS PER A LA JUBILACI\u00d3 <\/strong>Actualment tenim \u00e0<\/span>\n<ul style=\"text-align: justify\">\n<li><span style=\"font-family: arial, helvetica, sans-serif;color: #000000\"><strong>14 mensualitats<\/strong> si la persona avan\u00e7a la seva jubilaci\u00f3 2 anys<\/span><\/li>\n<li><span style=\"font-family: arial, helvetica, sans-serif;color: #000000\"><strong>7 mensualitats<\/strong> si la persona avan\u00e7a la seva jubilaci\u00f3 1 any.<\/span><\/li>\n<li><span style=\"font-family: arial, helvetica, sans-serif\">D\u2019acord amb la disponibilitat pressupostaria, qui es jubili 2 anys abans pot incrementar aquestes mensualitats a fins <strong style=\"color: #000000\">28 mensualitats<\/strong><span style=\"color: #000000\"> (1 any abans 14 mensualitats).<\/span><\/span><\/li>\n<li><span style=\"font-family: arial, helvetica, sans-serif\">Tot el personal que es jubili 2 anys abans de la seva edat obligat\u00f2ria tindr\u00e0 dret a com a m\u00ednim a 30.<strong style=\"color: #000000\">000<\/strong><span style=\"color: #000000\"> \u20ac (1 any abans 15.000\u20ac).<\/span><\/span><\/li>\n<li><span style=\"font-family: arial, helvetica, sans-serif\">Aix\u00ed mateix, s\u2019estableix un topall m\u00e0xim respecte al que una sola persona pot endur-se: 55.000 \u20ac (55.000 dividit per 14 \u00e0 mensualitats de 3928 \u20ac).<\/span><\/li>\n<li><span style=\"font-family: arial, helvetica, sans-serif;color: #000000\"><strong>PROPOSAREM<\/strong> una revisi\u00f3 a l\u2019al\u00e7a de les mensualitats a percebre aix\u00ed com dels topalls si hi han romanents pressupostaris aquest any 2019.<\/span><\/li>\n<\/ul>\n<\/li>\n<\/ul>\n<ul style=\"text-align: justify\">\n<li><span style=\"font-family: arial, helvetica, sans-serif;color: #000000\"><strong>REDUCCIONS DE JORNADA I JUBILACI\u00d3 ANTICIPADA<\/strong><\/span><\/li>\n<li><span style=\"font-family: arial, helvetica, sans-serif;color: #000000\"><strong>PLA DE PENSIONS: <\/strong>aportacions per part de la Diputaci\u00f3.<\/span><\/li>\n<\/ul>\n<p>&nbsp;<\/p>\n<p style=\"text-align: justify\"><span style=\"font-family: arial, helvetica, sans-serif;color: #000000\"><a href=\"http:\/\/ccoo.app\/diputacio-de-barcelona\/wp-content\/blogs.dir\/6\/files\/sites\/186\/2019\/03\/12-millores-socials.pdf\"><span style=\"font-family: 'arial black', sans-serif;color: #0000ff;font-size: 24px\">MILLORES SOCIALS<\/span> (<span style=\"font-family: 'arial black', sans-serif;color: #0000ff\">Cliqueu<\/span><\/a> per a + info):<\/span><\/p>\n<p style=\"text-align: justify\"><span style=\"font-family: arial, helvetica, sans-serif;color: #000000\">Proposem increments:<\/span><\/p>\n<ul style=\"text-align: justify\">\n<li><span style=\"font-family: arial, helvetica, sans-serif;color: #000000\">L\u2019import <u>fixe<\/u> per a Millores socials sigui de <strong>250 \u20ac per empleat<\/strong><\/span><\/li>\n<li><span style=\"font-family: arial, helvetica, sans-serif;color: #000000\">L\u2019import Ajut per fills passi a ser de <strong>150 \u20ac<\/strong><\/span><\/li>\n<li><span style=\"font-family: arial, helvetica, sans-serif;color: #000000\">Continuar cercant formules jur\u00eddicament viables per evitar haver de presentar factures i\/o justificant.<\/span><\/li>\n<li><span style=\"font-family: arial, helvetica, sans-serif;color: #000000\">Ampliar els criteris de despeses.<\/span><\/li>\n<\/ul>\n<p style=\"text-align: justify\"><span style=\"font-family: arial, helvetica, sans-serif;color: #000000\"><strong>\u00a0<\/strong><\/span><\/p>\n<p style=\"text-align: justify\"><span style=\"font-family: arial, helvetica, sans-serif;color: #000000\"><span style=\"color: #0000ff;font-family: 'arial black', sans-serif;font-size: 24px\">MILLORES SOCIAL PER EDAT<\/span> (<a href=\"http:\/\/ccoo.app\/diputacio-de-barcelona\/wp-content\/blogs.dir\/6\/files\/sites\/186\/2019\/03\/13-millora-social-complementaria-per-edat.pdf\"><span style=\"font-family: 'arial black', sans-serif;color: #0000ff\">Cliqueu<\/span><\/a> per a + info):<\/span><\/p>\n<ul style=\"text-align: justify\">\n<li><span style=\"font-family: arial, helvetica, sans-serif;color: #000000\"><strong>PREMIS<\/strong> Comprom\u00eds de portar immediatament a la Mesa de Negociaci\u00f3 el tema de Premis per Anys de Servei si la just\u00edcia sentenci\u00e9s favorablement als nostres interessos.<\/span><\/li>\n<\/ul>\n<p>&nbsp;<\/p>\n<p style=\"text-align: justify\"><span style=\"font-family: arial, helvetica, sans-serif;color: #000000\"><span style=\"font-family: 'arial black', sans-serif;color: #0000ff;font-size: 24px\">INCID\u00c8NCIES<\/span> (<a href=\"http:\/\/ccoo.app\/diputacio-de-barcelona\/wp-content\/blogs.dir\/6\/files\/sites\/186\/2019\/03\/09-jornada-i-incidencies.pdf\"><span style=\"color: #0000ff;font-family: 'arial black', sans-serif\">Cliqueu<\/span><\/a> per a + info):<\/span><\/p>\n<ul style=\"text-align: justify\">\n<li><span style=\"font-family: arial, helvetica, sans-serif;color: #000000\">Ja n\u2019hi ha prou d\u2019imposar criteris restrictius unilaterals relacionat al temps per a visites m\u00e8diques entre d\u2019altres. Convocat\u00f2ria ja de la Comissi\u00f3 d\u2019Incid\u00e8ncies per a resoldre problemes i ampliar sup\u00f2sits.<\/span><\/li>\n<\/ul>\n<p>&nbsp;<\/p>\n<p style=\"text-align: justify\"><span style=\"font-family: arial, helvetica, sans-serif;color: #000000\"><span style=\"font-family: 'arial black', sans-serif;color: #0000ff;font-size: 24px\">MOBILITAT I TELETREBALL<\/span> (<a href=\"http:\/\/ccoo.app\/diputacio-de-barcelona\/wp-content\/blogs.dir\/6\/files\/sites\/186\/2019\/03\/15-pla-mobilitat.pdf\"><span style=\"font-family: 'arial black', sans-serif;color: #0000ff\">Cliqueu<\/span><\/a> per a + info):<\/span><\/p>\n<ul style=\"text-align: justify\">\n<li><span style=\"font-family: arial, helvetica, sans-serif;color: #000000\">El <strong>PLA DE DESPLA\u00c7AMENT D\u2019EMPRESA<\/strong> ja est\u00e0 elaborat. El que toca \u00e9s fer-ne difusi\u00f3 entre el personal i establir un calendari d\u2019implementaci\u00f3 de les mesures necess\u00e0ries:<\/span><\/li>\n<\/ul>\n<p>&nbsp;<\/p>\n<ul style=\"text-align: justify\">\n<li><span style=\"font-family: arial, helvetica, sans-serif;color: #000000\"><strong>INCENTIUS ECON\u00d2MICS <\/strong>Subvenci\u00f3 dels t\u00edtols de transport. Beneficis fiscals per la compra dels abonaments de transport p\u00fablic.<\/span>\n<ul style=\"text-align: justify\">\n<li><span style=\"font-family: arial, helvetica, sans-serif;color: #000000\"><strong>CREACI\u00d3 D&#8217;APARCAMENTS SEGURS <\/strong>.<\/span><\/li>\n<li><span style=\"font-family: arial, helvetica, sans-serif;color: #000000\"><strong>AFAVORIR L\u2019\u00daS DE LA BICICLETA<\/strong><\/span><\/li>\n<li><span style=\"font-family: arial, helvetica, sans-serif;color: #000000\"><strong>AFAVORIR EL COTXE COMPARTIT<\/strong> Amb una aplicaci\u00f3 M\u00f2bil de diba.<\/span><\/li>\n<li><span style=\"font-family: arial, helvetica, sans-serif;color: #000000\"><strong>CREACI\u00d3 DE VESTUARIS ADIENTS<\/strong><\/span><\/li>\n<\/ul>\n<\/li>\n<\/ul>\n<ul style=\"text-align: justify\">\n<li style=\"list-style-type: none\"><\/li>\n<\/ul>\n<ul style=\"text-align: justify\">\n<li><strong style=\"color: #000000;font-family: arial, helvetica, sans-serif\">TELETREBALL <span style=\"font-family: arial, helvetica, sans-serif;color: #000000\">(<a href=\"http:\/\/ccoo.app\/diputacio-de-barcelona\/wp-content\/blogs.dir\/6\/files\/sites\/186\/2019\/03\/16-teletreball.pdf\"><span style=\"font-family: 'arial black', sans-serif;color: #0000ff\">Cliqueu<\/span> <\/a>per a + info)<\/span><\/strong><\/li>\n<\/ul>\n<p>&nbsp;<\/p>\n<p style=\"text-align: justify\"><span style=\"font-family: arial, helvetica, sans-serif;color: #000000\"><span style=\"font-family: 'arial black', sans-serif;font-size: 24px;color: #0000ff\">MESURES D\u2019IGUALTAT DE G\u00c8NERE<\/span> (<a href=\"http:\/\/ccoo.app\/diputacio-de-barcelona\/wp-content\/blogs.dir\/6\/files\/sites\/186\/2019\/03\/11-igualtat-de-genere.pdf\"><span style=\"font-family: 'arial black', sans-serif;color: #0000ff\">Cliqueu<\/span><\/a> per a + info):<\/span><\/p>\n<ul style=\"text-align: justify\">\n<li><span style=\"font-family: arial, helvetica, sans-serif;color: #000000\"><strong>SEGON PLA D\u2019IGUALTAT<\/strong> amb mesures progressista i efectives.<\/span><\/li>\n<\/ul>\n<ul style=\"text-align: justify\">\n<li><span style=\"font-family: arial, helvetica, sans-serif;color: #000000\"><strong>FORMACI\u00d3<\/strong> d\u2019Igualtat de G\u00e8nere i contra la discriminaci\u00f3.<\/span><\/li>\n<\/ul>\n<ul style=\"text-align: justify\">\n<li><span style=\"font-family: arial, helvetica, sans-serif;color: #000000\"><strong>SOSTRE DE VIDRE<\/strong> Mesures per afavorir l\u2019arribada de m\u00e9s dones a llocs de comandament (actualment a la Diputaci\u00f3 nom\u00e9s hi ha un 34%).<\/span><\/li>\n<\/ul>\n<p>&nbsp;<\/p>\n<p style=\"text-align: justify\"><span style=\"font-family: arial, helvetica, sans-serif;color: #000000\"><span style=\"font-family: 'arial black', sans-serif;color: #0000ff\"><strong><span style=\"font-size: 24px\">LGTBI<\/span> <\/strong><\/span>(<a href=\"http:\/\/ccoo.app\/diputacio-de-barcelona\/wp-content\/blogs.dir\/6\/files\/sites\/186\/2019\/03\/21-lgtbi_.pdf\"><span style=\"font-family: 'arial black', sans-serif;color: #0000ff\">Cliqueu<\/span><\/a> per a + info):<\/span><\/p>\n<ul style=\"text-align: justify\">\n<li><span style=\"font-family: arial, helvetica, sans-serif;color: #000000\"><strong>PREVENCI\u00d3 ACTIVA CONTRA LA DISCRIMINACI\u00d3<\/strong><\/span><\/li>\n<\/ul>\n<ul>\n<li style=\"list-style-type: none\">\n<ul style=\"text-align: justify\">\n<li><span style=\"font-family: arial, helvetica, sans-serif;color: #000000\">Cal vetllar pel compliment de les directives.<\/span><\/li>\n<\/ul>\n<\/li>\n<\/ul>\n<ul>\n<li style=\"list-style-type: none\">\n<ul style=\"text-align: justify\">\n<li><span style=\"font-family: arial, helvetica, sans-serif;color: #000000\">Cal que els acords que es pactin reflecteixin tamb\u00e9 les necessitats de les persones LGTB. S\u2019inclogui les parelles que formen gais i lesbianes.<\/span><\/li>\n<\/ul>\n<\/li>\n<\/ul>\n<ul>\n<li style=\"list-style-type: none\">\n<ul style=\"text-align: justify\">\n<li><span style=\"font-family: arial, helvetica, sans-serif;color: #000000\">Que els beneficis socials siguin tamb\u00e9 per a les parelles del mateix sexe.<\/span><\/li>\n<\/ul>\n<\/li>\n<\/ul>\n<p>&nbsp;<\/p>\n<p style=\"text-align: justify\"><span style=\"font-family: arial, helvetica, sans-serif;color: #000000\"><span style=\"font-family: 'arial black', sans-serif;color: #0000ff;font-size: 24px\">FORMACI\u00d3<\/span> (<a href=\"http:\/\/ccoo.app\/diputacio-de-barcelona\/wp-content\/blogs.dir\/6\/files\/sites\/186\/2019\/03\/17-formacio.pdf\"><span style=\"font-family: 'arial black', sans-serif;color: #0000ff\">Cliqueu<\/span> <\/a>per a + info):<\/span><\/p>\n<ul style=\"text-align: justify\">\n<li><span style=\"font-family: arial, helvetica, sans-serif;color: #000000\"><strong>IGUALTAT D\u2019OPORTUNITATS FORMATIVES <\/strong>Informaci\u00f3 enviada als sindicats plurianual transparent del nombre d\u2019hores de tot el personal.<\/span><\/li>\n<\/ul>\n<ul style=\"text-align: justify\">\n<li><span style=\"font-family: arial, helvetica, sans-serif;color: #000000\"><strong>TORN DE TARDA, NIT O PERSONAL INTER\u00cd DE SUBSTITUCI\u00d3 <\/strong>Mateixos drets i condicions per aquest personal.<\/span><\/li>\n<\/ul>\n<p>&nbsp;<\/p>\n<p style=\"text-align: justify\"><span style=\"font-family: arial, helvetica, sans-serif;color: #000000\"><span style=\"font-family: 'arial black', sans-serif;color: #0000ff;font-size: 24px\">SALUT LABORAL<\/span> (<a href=\"http:\/\/ccoo.app\/diputacio-de-barcelona\/wp-content\/blogs.dir\/6\/files\/sites\/186\/2019\/03\/18-salut-laboral-x.pdf\"><span style=\"font-family: 'arial black', sans-serif;color: #0000ff\">Cliqueu<\/span><\/a> per a + info):<\/span><\/p>\n<ul style=\"text-align: justify\">\n<li><span style=\"font-family: arial, helvetica, sans-serif;color: #000000\"><strong>OFICINA DE PREVENCI\u00d3 DE LA DIBA, ACTIVA M\u00daTUA I PREVEMONT<\/strong> Exigim millores.<\/span><\/li>\n<\/ul>\n<ul style=\"text-align: justify\">\n<li><span style=\"font-family: arial, helvetica, sans-serif;color: #000000\"><strong>DISPENSARIS M\u00c8DICS LABORALS<\/strong><\/span>\n<ul style=\"text-align: justify\">\n<li><span style=\"font-family: arial, helvetica, sans-serif;color: #000000\">Dispensaris m\u00e8dics a les capitals de comarca de la prov\u00edncia.<\/span><\/li>\n<li><span style=\"font-family: arial, helvetica, sans-serif;color: #000000\">Ampliaci\u00f3 hor\u00e0ria a la franja de tarda i mesures pel torn de nit<\/span><\/li>\n<\/ul>\n<\/li>\n<\/ul>\n<ul style=\"text-align: justify\">\n<li><span style=\"font-family: arial, helvetica, sans-serif;color: #000000\"><strong>COORDINACI\u00d3<\/strong> amb els municipis o entitats\/empreses on treballa el personal del territori.<\/span><\/li>\n<\/ul>\n<p style=\"text-align: justify\"><span style=\"font-family: arial, helvetica, sans-serif;color: #000000\"><strong>\u00a0<\/strong><\/span><\/p>\n<p style=\"text-align: justify\"><span style=\"font-family: arial, helvetica, sans-serif;color: #000000\"><span style=\"font-family: 'arial black', sans-serif;color: #0000ff;font-size: 24px\"><strong>LA DIBA QUE VOLEM <\/strong><\/span>(<a href=\"http:\/\/ccoo.app\/diputacio-de-barcelona\/wp-content\/blogs.dir\/6\/files\/sites\/186\/2019\/03\/19-la-diputacio-que-volem.pdf\"><span style=\"font-family: 'arial black', sans-serif;color: #0000ff\">Cliqueu<\/span><\/a> per a + info)<\/span><\/p>\n<ul style=\"text-align: justify\">\n<li><span style=\"font-family: arial, helvetica, sans-serif;color: #000000\">Integradora, participativa no elitista ni excloent. Sense imposicions unilaterals. Sense actituds arbitr\u00e0ries, contundent front als assetjaments o al mobbing. P\u00fablica i de qualitat amb condicions de treball dignes.<\/span><\/li>\n<\/ul>\n<p style=\"text-align: justify\"><span style=\"font-family: arial, helvetica, sans-serif;color: #000000\"><strong>\u00a0<\/strong><\/span><\/p>\n<p style=\"text-align: justify\"><span style=\"font-family: arial, helvetica, sans-serif;color: #000000\"><span style=\"font-family: 'arial black', sans-serif;font-size: 24px;color: #0000ff\"><strong>RSC <\/strong><\/span>(<a href=\"http:\/\/ccoo.app\/diputacio-de-barcelona\/wp-content\/blogs.dir\/6\/files\/sites\/186\/2019\/03\/20-responsabilitat-social-corporativa.pdf\"><span style=\"font-family: 'arial black', sans-serif;color: #0000ff\">Cliqueu<\/span><\/a> per a + info)<\/span><\/p>\n<ul style=\"text-align: justify\">\n<li><span style=\"font-family: arial, helvetica, sans-serif;color: #000000\">Nous protocols de riscos psicosocials \u00a0i, d&#8217;usos dels mitjans digitals que no vulneri la privacitat dels treballadors. \u00das de les tecnologies lliures<\/span><\/li>\n<li><span style=\"font-family: arial, helvetica, sans-serif;color: #000000\">Reglaments de les borses de treball i de la provisi\u00f3 basat en la Igualtat, capacitat i m\u00e8rit.<\/span><\/li>\n<\/ul>\n<p style=\"text-align: justify\"><span style=\"font-family: arial, helvetica, sans-serif;color: #000000\"><strong>\u00a0<\/strong><\/span><\/p>\n<p style=\"text-align: center\"><span style=\"font-family: arial, helvetica, sans-serif;color: #000000\"><strong>\u00a0<\/strong><\/span><span style=\"font-size: 20px\"><strong><span style=\"font-family: arial, helvetica, sans-serif;color: #000000\">Tenim 21 propostes per a continuar millorant les nostres condicions de treball.<\/span><\/strong><\/span><\/p>\n<p style=\"text-align: center\"><span style=\"font-size: 20px\"><strong><span style=\"font-family: arial, helvetica, sans-serif;color: #000000\">Es tracta doncs que la Corporaci\u00f3 tingui voluntat i\/o <u>la for\u00e7a sindical l\u2019obligui<\/u> a tenir-la.<\/span><\/strong><\/span><\/p>\n<p style=\"text-align: center\"><span style=\"font-size: 20px\"><strong><span style=\"font-family: arial, helvetica, sans-serif;color: #000000\">Recorda, amb tu tenim la for\u00e7a!<\/span><\/strong><\/span><\/p>\n<p>&nbsp;<\/p>\n<p><a href=\"https:\/\/www.youtube.com\/watch?v=8Z5rBMopdSo\"><img loading=\"lazy\" decoding=\"async\" class=\"size-medium wp-image-4296 aligncenter\" src=\"http:\/\/ccoo.app\/diputacio-de-barcelona\/wp-content\/blogs.dir\/6\/files\/sites\/186\/2019\/04\/video-vota-ccoo-3-300x171.png\" alt=\"\" width=\"300\" height=\"171\" srcset=\"https:\/\/ccoo.app\/diputacio-de-barcelona\/wp-content\/blogs.dir\/6\/files\/sites\/186\/2019\/04\/video-vota-ccoo-3-300x171.png 300w, https:\/\/ccoo.app\/diputacio-de-barcelona\/wp-content\/blogs.dir\/6\/files\/sites\/186\/2019\/04\/video-vota-ccoo-3.png 424w\" sizes=\"auto, (max-width: 300px) 100vw, 300px\" \/><\/a><\/p>\n<p>&nbsp;<\/p>\n<p><a href=\"https:\/\/diba.ccoo.cat\/\"><img loading=\"lazy\" decoding=\"async\" class=\"wp-image-4185 aligncenter\" src=\"http:\/\/ccoo.app\/diputacio-de-barcelona\/wp-content\/blogs.dir\/6\/files\/sites\/186\/2019\/03\/vota-ccoo-1-300x254.png\" alt=\"\" width=\"161\" height=\"137\" srcset=\"https:\/\/ccoo.app\/diputacio-de-barcelona\/wp-content\/blogs.dir\/6\/files\/sites\/186\/2019\/03\/vota-ccoo-1-300x254.png 300w, https:\/\/ccoo.app\/diputacio-de-barcelona\/wp-content\/blogs.dir\/6\/files\/sites\/186\/2019\/03\/vota-ccoo-1.png 454w\" sizes=\"auto, (max-width: 161px) 100vw, 161px\" \/><\/a><\/p>\n<p><a href=\"https:\/\/www.youtube.com\/watch?time_continue=8&amp;v=b7Qj7y8VlNs\"><img loading=\"lazy\" decoding=\"async\" class=\"wp-image-4187 aligncenter\" src=\"http:\/\/ccoo.app\/diputacio-de-barcelona\/wp-content\/blogs.dir\/6\/files\/sites\/186\/2019\/03\/app-imatge.png\" alt=\"\" width=\"171\" height=\"178\" \/><\/a><\/p>\n<p>&nbsp;<\/p>\n<p>&nbsp;<\/p>\n<p><a href=\"http:\/\/ccoo.app\/diputacio-de-barcelona\/wp-content\/blogs.dir\/6\/files\/sites\/186\/2019\/03\/mem04-acords.pdf\"><img loading=\"lazy\" decoding=\"async\" class=\"wp-image-3042 aligncenter\" src=\"http:\/\/ccoo.app\/diputacio-de-barcelona\/wp-content\/blogs.dir\/6\/files\/sites\/186\/2018\/12\/logo-revindiquem-lluitem-arribem-acords-300x56.png\" alt=\"\" width=\"514\" height=\"96\" srcset=\"https:\/\/ccoo.app\/diputacio-de-barcelona\/wp-content\/blogs.dir\/6\/files\/sites\/186\/2018\/12\/logo-revindiquem-lluitem-arribem-acords-300x56.png 300w, https:\/\/ccoo.app\/diputacio-de-barcelona\/wp-content\/blogs.dir\/6\/files\/sites\/186\/2018\/12\/logo-revindiquem-lluitem-arribem-acords-768x145.png 768w, https:\/\/ccoo.app\/diputacio-de-barcelona\/wp-content\/blogs.dir\/6\/files\/sites\/186\/2018\/12\/logo-revindiquem-lluitem-arribem-acords.png 940w\" sizes=\"auto, (max-width: 514px) 100vw, 514px\" \/><\/a><a href=\"https:\/\/www.ccoo.cat\/aspnet\/eleccions.aspx\"><img loading=\"lazy\" decoding=\"async\" class=\" wp-image-3428 aligncenter\" src=\"http:\/\/ccoo.app\/diputacio-de-barcelona\/wp-content\/blogs.dir\/6\/files\/sites\/186\/2019\/02\/ddddddddddddddddddddddddd-300x115.png\" alt=\"\" width=\"459\" height=\"176\" srcset=\"https:\/\/ccoo.app\/diputacio-de-barcelona\/wp-content\/blogs.dir\/6\/files\/sites\/186\/2019\/02\/ddddddddddddddddddddddddd-300x115.png 300w, https:\/\/ccoo.app\/diputacio-de-barcelona\/wp-content\/blogs.dir\/6\/files\/sites\/186\/2019\/02\/ddddddddddddddddddddddddd.png 611w\" sizes=\"auto, (max-width: 459px) 100vw, 459px\" \/><\/a><\/p>\n<p><a href=\"https:\/\/diba.ccoo.cat\/tambe-a-la-diputacio-no-es-no\/\"><img loading=\"lazy\" decoding=\"async\" class=\"wp-image-3043 aligncenter\" src=\"http:\/\/ccoo.app\/diputacio-de-barcelona\/wp-content\/blogs.dir\/6\/files\/sites\/186\/2018\/12\/ffffffffffffffffffff-1-300x108.png\" alt=\"\" width=\"175\" height=\"63\" srcset=\"https:\/\/ccoo.app\/diputacio-de-barcelona\/wp-content\/blogs.dir\/6\/files\/sites\/186\/2018\/12\/ffffffffffffffffffff-1-300x108.png 300w, https:\/\/ccoo.app\/diputacio-de-barcelona\/wp-content\/blogs.dir\/6\/files\/sites\/186\/2018\/12\/ffffffffffffffffffff-1.png 686w\" sizes=\"auto, (max-width: 175px) 100vw, 175px\" \/><\/a><\/p>\n<p>&nbsp;<\/p>\n<p><a href=\"https:\/\/diba.ccoo.cat\/afiliat-al-sindicat-amb-mes-afiliacio-i-representacio-a-la-diputacio-de-barcelona\/\"><img loading=\"lazy\" decoding=\"async\" class=\"alignnone size-medium wp-image-2346\" src=\"http:\/\/ccoo.app\/diputacio-de-barcelona\/wp-content\/blogs.dir\/6\/files\/sites\/186\/2016\/05\/asasas-300x142-1-300x142.png\" alt=\"\" width=\"300\" height=\"142\" \/><\/a><\/p>\n<p><span style=\"font-family: arial, helvetica, sans-serif;color: #000000\"><strong>Horari d\u2019atenci\u00f3 CCOO DIBA: <\/strong><\/span><\/p>\n<p><span style=\"font-family: arial, helvetica, sans-serif;color: #000000\"><strong>CARRER MALLORCA, 244, 2on 3a<\/strong><\/span><\/p>\n<p><span style=\"font-family: arial, helvetica, sans-serif;color: #000000\"><strong>DE DILLUNS A DIVENDRES DE 8:30 A 16:30\u00a0\u00a0 <\/strong><span style=\"font-size: 10pt\"><strong>(FORA D\u2019AQUEST HORARI, AMB CITA PR\u00c8VIA)<\/strong><\/span><\/span><\/p>\n<p style=\"text-align: center\"><span style=\"font-size: 18pt\"><span style=\"font-family: arial, helvetica, sans-serif;color: #000000\"><strong>\u00a0<\/strong><\/span><span style=\"font-family: arial, helvetica, sans-serif\"><strong><small><span style=\"color: #000000\">Contacta&#8217;ns per tel\u00e8fon al 934 022 985 o correu:<\/span> <a href=\"mailto:ccoo@diba.cat\">ccoo@diba.cat<\/a><\/small> <\/strong><\/span><\/span><\/p>\n<p>&nbsp;<\/p>\n<p><a href=\"http:\/\/diba.ccoo.cat\/\"><img loading=\"lazy\" decoding=\"async\" class=\"wp-image-3263 alignleft\" src=\"http:\/\/ccoo.app\/diputacio-de-barcelona\/wp-content\/blogs.dir\/6\/files\/sites\/186\/2019\/01\/rrrrrrrrrrrrrrrrrrrrr-287x300.png\" alt=\"\" width=\"189\" height=\"198\" srcset=\"https:\/\/ccoo.app\/diputacio-de-barcelona\/wp-content\/blogs.dir\/6\/files\/sites\/186\/2019\/01\/rrrrrrrrrrrrrrrrrrrrr-287x300.png 287w, https:\/\/ccoo.app\/diputacio-de-barcelona\/wp-content\/blogs.dir\/6\/files\/sites\/186\/2019\/01\/rrrrrrrrrrrrrrrrrrrrr.png 550w\" sizes=\"auto, (max-width: 189px) 100vw, 189px\" \/><\/a><\/p>\n<p>&nbsp;<\/p>\n<p><img loading=\"lazy\" decoding=\"async\" class=\"alignnone size-medium wp-image-3266\" src=\"http:\/\/ccoo.app\/diputacio-de-barcelona\/wp-content\/blogs.dir\/6\/files\/sites\/186\/2019\/01\/yyyyyyyyyyyyyyyyyyyyyyyy-300x57.png\" alt=\"\" width=\"300\" height=\"57\" srcset=\"https:\/\/ccoo.app\/diputacio-de-barcelona\/wp-content\/blogs.dir\/6\/files\/sites\/186\/2019\/01\/yyyyyyyyyyyyyyyyyyyyyyyy-300x57.png 300w, https:\/\/ccoo.app\/diputacio-de-barcelona\/wp-content\/blogs.dir\/6\/files\/sites\/186\/2019\/01\/yyyyyyyyyyyyyyyyyyyyyyyy.png 578w\" sizes=\"auto, (max-width: 300px) 100vw, 300px\" \/><\/p>\n<p><img loading=\"lazy\" decoding=\"async\" class=\"alignleft\" src=\"https:\/\/www.educapeques.com\/wp-content\/uploads\/2016\/04\/descargar-whatsapp.png\" alt=\"Resultado de imagen de whatsapp\" width=\"64\" height=\"50\" \/><a href=\"https:\/\/www.facebook.com\/CcooDiputacioDeBarcelona\/\"><img loading=\"lazy\" decoding=\"async\" class=\"alignleft\" src=\"https:\/\/upload.wikimedia.org\/wikipedia\/commons\/thumb\/7\/7c\/Facebook_New_Logo_%282015%29.svg\/2000px-Facebook_New_Logo_%282015%29.svg.png\" alt=\"Resultado de imagen de facebook\" width=\"122\" height=\"46\" \/><\/a>\u00a0<a href=\"https:\/\/twitter.com\/CCOODiba\"><img loading=\"lazy\" decoding=\"async\" class=\"alignnone wp-image-3432\" src=\"http:\/\/ccoo.app\/diputacio-de-barcelona\/wp-content\/blogs.dir\/6\/files\/sites\/186\/2019\/02\/ggggggggggggggggggggggggggg-300x142.jpg\" alt=\"\" width=\"116\" height=\"55\" srcset=\"https:\/\/ccoo.app\/diputacio-de-barcelona\/wp-content\/blogs.dir\/6\/files\/sites\/186\/2019\/02\/ggggggggggggggggggggggggggg-300x142.jpg 300w, https:\/\/ccoo.app\/diputacio-de-barcelona\/wp-content\/blogs.dir\/6\/files\/sites\/186\/2019\/02\/ggggggggggggggggggggggggggg-1024x485.jpg 1024w, https:\/\/ccoo.app\/diputacio-de-barcelona\/wp-content\/blogs.dir\/6\/files\/sites\/186\/2019\/02\/ggggggggggggggggggggggggggg-768x364.jpg 768w, https:\/\/ccoo.app\/diputacio-de-barcelona\/wp-content\/blogs.dir\/6\/files\/sites\/186\/2019\/02\/ggggggggggggggggggggggggggg.jpg 1536w\" sizes=\"auto, (max-width: 116px) 100vw, 116px\" \/><\/a> \u00a0\u00a0<a href=\"https:\/\/www.youtube.com\/channel\/UCFzenkS75udEcs4pB4qoZsg\"><img loading=\"lazy\" decoding=\"async\" class=\"alignleft\" src=\"https:\/\/i.kinja-img.com\/gawker-media\/image\/upload\/s--heVex4FV--\/c_scale,fl_progressive,q_80,w_800\/pol5zfmalpqmpt1jcnbp.png\" alt=\"Resultado de imagen de youtube\" width=\"117\" height=\"50\" \/><\/a><\/p>\n<p>&nbsp;<\/p>\n<p>&nbsp;<\/p>\n<p>&nbsp;<\/p>\n<p>&nbsp;    \t<\/p>\n","protected":false},"excerpt":{"rendered":"<p>\u00a0 \u00a0 \u00a0 \u00a0 \u00a0 \u00a0 \u00a0 \u00a0 \u00a0 \u00a0 \u00a0 \u00a0 \u00a0 \u00a0 \u00a0 \u00a0 ELECCIONS SINDICALS 10 D&#8217;ABRIL DE 2019 A la nostra p\u00e0gina web, trobareu SEMPRE els &#8230; <\/p>\n<p class=\"read-more-container\"><a title=\"6 EESS M\u00c9S PROPOSTES 2015-2019\" class=\"read-more button\" href=\"https:\/\/ccoo.app\/diputacio-de-barcelona\/6-eess-mes-propostes-2015-2019\/#more-4291\" aria-label=\"Leer m\u00e1s sobre 6 EESS M\u00c9S PROPOSTES 2015-2019\">Continuar llegint<\/a><\/p>\n","protected":false},"author":4519,"featured_media":4303,"comment_status":"open","ping_status":"open","sticky":false,"template":"","format":"standard","meta":{"footnotes":""},"categories":[19,21],"tags":[148],"class_list":["post-4291","post","type-post","status-publish","format-standard","has-post-thumbnail","hentry","category-comunicats","category-eleccions-sindicals","tag-mesa-general-negociacio","generate-columns","tablet-grid-50","mobile-grid-100","grid-parent","grid-50"],"_links":{"self":[{"href":"https:\/\/ccoo.app\/diputacio-de-barcelona\/wp-json\/wp\/v2\/posts\/4291","targetHints":{"allow":["GET"]}}],"collection":[{"href":"https:\/\/ccoo.app\/diputacio-de-barcelona\/wp-json\/wp\/v2\/posts"}],"about":[{"href":"https:\/\/ccoo.app\/diputacio-de-barcelona\/wp-json\/wp\/v2\/types\/post"}],"author":[{"embeddable":true,"href":"https:\/\/ccoo.app\/diputacio-de-barcelona\/wp-json\/wp\/v2\/users\/4519"}],"replies":[{"embeddable":true,"href":"https:\/\/ccoo.app\/diputacio-de-barcelona\/wp-json\/wp\/v2\/comments?post=4291"}],"version-history":[{"count":1,"href":"https:\/\/ccoo.app\/diputacio-de-barcelona\/wp-json\/wp\/v2\/posts\/4291\/revisions"}],"predecessor-version":[{"id":51978,"href":"https:\/\/ccoo.app\/diputacio-de-barcelona\/wp-json\/wp\/v2\/posts\/4291\/revisions\/51978"}],"wp:featuredmedia":[{"embeddable":true,"href":"https:\/\/ccoo.app\/diputacio-de-barcelona\/wp-json\/wp\/v2\/media\/4303"}],"wp:attachment":[{"href":"https:\/\/ccoo.app\/diputacio-de-barcelona\/wp-json\/wp\/v2\/media?parent=4291"}],"wp:term":[{"taxonomy":"category","embeddable":true,"href":"https:\/\/ccoo.app\/diputacio-de-barcelona\/wp-json\/wp\/v2\/categories?post=4291"},{"taxonomy":"post_tag","embeddable":true,"href":"https:\/\/ccoo.app\/diputacio-de-barcelona\/wp-json\/wp\/v2\/tags?post=4291"}],"curies":[{"name":"wp","href":"https:\/\/api.w.org\/{rel}","templated":true}]}}