{"id":429,"date":"2016-06-22T08:20:27","date_gmt":"2016-06-22T07:20:27","guid":{"rendered":"https:\/\/diba.ccoo.cat\/?p=429"},"modified":"2016-06-22T08:20:27","modified_gmt":"2016-06-22T07:20:27","slug":"exigim-mes-i-millor-formacio-per-a-tots-i-totes","status":"publish","type":"post","link":"https:\/\/ccoo.app\/diputacio-de-barcelona\/exigim-mes-i-millor-formacio-per-a-tots-i-totes\/","title":{"rendered":"EXIGIM M\u00c9S I MILLOR FORMACI\u00d3  PER A TOTS I TOTES"},"content":{"rendered":"<p>&nbsp;<\/p>\n<p><img loading=\"lazy\" decoding=\"async\" class=\"wp-image-189\" title=\"Secci\u00f3 Sindical de la Diutaci\u00f3 de Barcelona de la Federaci\u00f3 Sindical de Catalunya\" src=\"http:\/\/ccoo.app\/diputacio-de-barcelona\/wp-content\/blogs.dir\/6\/files\/sites\/186\/2015\/12\/ccoo-fsc-cat.png\" alt=\"Secci\u00f3 Sindical de la Diputaci\u00f3 de Barcelona de la Federaci\u00f3 Sindical de Catalunya\" width=\"469\" height=\"90\" \/><\/p>\n<p class=\"wp-caption-text\">Secci\u00f3 Sindical de la Diputaci\u00f3 de Barcelona<\/p>\n<h3 style=\"text-align: center\"><\/h3>\n<p style=\"text-align: justify\">L\u2019article 37 de <i>l&#8217;Estatut B\u00e0sic de l&#8217;Empleat P<\/i><i>\u00fablic<\/i> diu que \u00e9s mat\u00e8ria objecte de negociaci\u00f3 els criteris generals dels plans i fons per a la formaci\u00f3. A m\u00e9s, des de fa anys, existeix la Comissi\u00f3 de Formaci\u00f3 a la Diputaci\u00f3 de Barcelona, en la que tant sindicats com representants de la corporaci\u00f3, \u201csuposadament\u201d haur\u00edem de negociar, proposar, trobar solucions a les incid\u00e8ncies o defici\u00e8ncies detectades.<\/p>\n<p style=\"text-align: justify\">La realitat es que fins ara, la nostra conclusi\u00f3 de tot plegat ha estat, que <b>ni \u00e9s negociava ni realment hav\u00edem pogut trobar solucions a les greus mancances que hav\u00edem denunciat molt\u00edssimes vegades des de CCOO<\/b>. Dit aix\u00f2, ens felicitem que les intencions actuals siguin diferents i una mostra d&#8217;aix\u00f2 l&#8217;hem pogut constatar en la convocat\u00f2ria d&#8217;una Mesa de Negociaci\u00f3 (que va tenir lloc durant el mes de desembre passat) amb la formaci\u00f3 com a \u00fanic tema a l&#8217;ordre del dia i a m\u00e9s de la declaraci\u00f3 de bones intencions que tan la DSRH com la Direcci\u00f3 de Serveis de\u00a0 Formaci\u00f3 van expressar.<\/p>\n<p style=\"text-align: justify\">Sabem el que diu l\u2019<i>EBEP<\/i>, per\u00f2 m\u00e9s enll\u00e0 d&#8217;aix\u00f2, CCOO hem expressat que la nostra voluntat de, no nom\u00e9s negociar criteris generals sin\u00f3 <b>participar en la programaci\u00f3 i disseny del Pla de Formaci\u00f3 treballant en una Comissi\u00f3 <\/b><b>Parit\u00e0<\/b><b>ria.<\/b> La nostra demanda no ha estat acceptada. Ara b\u00e9, creiem que seria la manera m\u00e9s optima de planificar l&#8217;acci\u00f3 formativa perqu\u00e8, qui millor que el mateixos treballadors i treballadores que coneixen les seves pr\u00f2pies necessitats espec\u00edfiques, que condueixin a un desenvolupament professional ple i uns nivells de qualitat en l&#8217;acompliment i productivitat \u00f2ptims?<\/p>\n<p style=\"text-align: justify\">Com a <b>resum general<\/b> de la MGNmc de desembre, van quedar algunes coses clares:<\/p>\n<ul style=\"text-align: justify\">\n<li>Que hi ha una manca d\u2019informaci\u00f3 respecte a les accions formatives. Al menys, a una gran part del personal no els hi arriba. S\u2019haurien de buscar maneres de donar m\u00e9s i millor publicitat.<\/li>\n<li>Per una altra banda, \u00e9s fonamental buscar mecanismes per fomentar la participaci\u00f3 real del personal respecte a les necessitats formatives pr\u00f2pies en relaci\u00f3 al lloc de treball.<\/li>\n<li>S\u2019ha de garantir que tothom tingui les mateixes oportunitats.<\/li>\n<li>Cal transpar\u00e8ncia en l&#8217;adjudicaci\u00f3.<\/li>\n<\/ul>\n<p><b>ENTRANT EN DETALLS<\/b><\/p>\n<ul style=\"text-align: justify\">\n<li><b>Els i les representants de la Corporaci\u00f3 ens van comunicar la intenci\u00f3 d&#8217;incidir en els <\/b><b>itineraris formatius<\/b>, \u00e9s a dir, avaluar les necessitats formatives de les persones en el lloc de treball concret i amb les comeses que se&#8217;ls assignen per part dels seus i les seves comandaments.&nbsp;\n<ul>\n<li><b>CCOO vam expressar que aquest enfocament de la formaci\u00f3 \u00e9s tan necessari i vital com absent de la realitat del nostre entorn laboral. Per tant, <\/b><b>c<\/b><b>al una urgent planificaci\u00f3 de l&#8217;acci\u00f3 formativa en els nostres llocs de treball.\u00a0<\/b><\/li>\n<\/ul>\n<\/li>\n<li><b>La Direcci\u00f3 de Serveis de Formaci\u00f3 (DSF) va expressar la seva intenci\u00f3 d&#8217;<\/b><b>establir un mecanisme de comunicaci\u00f3 amb les diferents direccions de serveis i ger\u00e8ncies <\/b>per a incidir d&#8217;una forma m\u00e9s acurada en els aspectes formatius necessaris per a les i els treballadors. Esperem que la iniciativa tingui una bona acollida, encara que pel coneixement de l&#8217;entorn que tenim ens fa preveure que la tasca no ser\u00e0 f\u00e0cil.<b>\u00a0<\/b>\n<ul>\n<li><b>CCOO vam expressar que l&#8217;actual recollida d&#8217;informaci\u00f3 sobre les necessitats formatives (DSF versus Serveis o Ger\u00e8ncies) no \u00e9s efectiva perqu\u00e8 no arriba al personal. S&#8217;ha de buscar altres mecanismes de participaci\u00f3 directa per a de tenir en compte les necessitats formatives reals del personal. (Enquestes, entrevistes, etc).\u00a0<\/b><\/li>\n<\/ul>\n<\/li>\n<\/ul>\n<p>Ens trobem amb <b>greus mancances <\/b>en la situaci\u00f3 actual.<\/p>\n<ul>\n<li>La primera \u00e9s la no assumpci\u00f3 per part de la Corporaci\u00f3 de qu\u00e8 <b>la formaci\u00f3 \u00e9s<\/b> <b>factor<\/b> sense el qual el <b>desenvolupament d&#8217;una<\/b> <b>acci\u00f3 efica\u00e7 en els llocs de treball <\/b>\u00e9s impossible. Frustraci\u00f3 per part de les treballadores i falta de qualitat i rendiment esperat, s\u00f3n les conseq\u00fc\u00e8ncies que patim.<\/li>\n<li>Cal una conscienciaci\u00f3 i si cal, ateses les resist\u00e8ncies que pugui haver-hi, <b>directrius expl\u00edcites als i les comandaments<\/b> que cal, que han, d&#8217;establir una planificaci\u00f3 formativa efica\u00e7 quant a l&#8217;obtenci\u00f3 de resultats que promogui el desenvolupament professional de les persones de les diferents \u00e0rees.<\/li>\n<li style=\"text-align: justify\">La formaci\u00f3 ha de ser <b>gen\u00e8rica<\/b> quan es necessiti difondre coneixement d&#8217;abast global. Ha de ser <b>per\u00f2 alhora<\/b> <b>espec\u00edfica <\/b><b>que s&#8217;ajusti a l&#8217;especificitat del lloc<\/b> en un entorn socioproductiu que demana particularitzaci\u00f3 en la provisi\u00f3 dels serveis. Els p\u00fablics no en s\u00f3n una excepci\u00f3.<\/li>\n<li style=\"text-align: justify\">L&#8217;assignaci\u00f3 de formaci\u00f3 <b>no pot restringir-se a uns quants que sempre en reben i d&#8217;altres que gaire b\u00e9 mai.<\/b> Hi ha treballadores que fa anys que no reben una proposta de formaci\u00f3. Ha de ser compensada i equilibrada, acabant-se amb els <b>greuges comparatius <\/b>que tristament patim molts i moltes.<\/li>\n<li style=\"text-align: justify\">La formaci\u00f3 no pot ser una proposta a l\u2019engr\u00f2s, aprofitant ofertes o places vacants en cursos contractats. <b>No es tracta de cobrir l&#8217;expedient<\/b> ni posar el comptador a zero per evitar les leg\u00edtimes reclamacions formatives. La formaci\u00f3 cada cop m\u00e9s ha de ser concreta, particularitzada, espec\u00edfica, cont\u00ednua i ubiqua. Hi ha possibilitats i mecanismes que permetin aquest plantejament no per treballar menys, tot el contrari, per a treballar millor i fer-ho en millors condicions.<\/li>\n<li style=\"text-align: justify\">No volem deixar de remarcar <b>l&#8217;estr\u00e8s<\/b><b> afegit<\/b> que suposa per a molt i moltes de nosaltres l&#8217;haver de donar <b>compliment a les nostres funcions amb exig\u00e8ncies i sense suport formatiu,<\/b> element sense dubte que contribueix negativament en els riscos laborals que patim.<\/li>\n<\/ul>\n<p style=\"text-align: justify\"><b>REUNI\u00d3 DE LA COMISSI\u00d3 <\/b><b>DEL DIA 13 DE GENER de 2016<\/b><\/p>\n<p style=\"text-align: justify\">La direcci\u00f3 de Formaci\u00f3 ens va presentar abans d&#8217;ahir la proposta del Banc d&#8217;Accions Formatives adre\u00e7at als empleats i empleades de la Diputaci\u00f3 de Barcelona (2016) i ens va invitar a poder fer les nostres aportacions. El pressupost \u00e9s de 300 mil euros. Tenim fins a la setmana\u00a0 vinent per fer les nostres observacions respecte a la proposta presentada.<\/p>\n<p style=\"text-align: justify\">\u00c9s aix\u00ed que atesa aquesta \u00ednfima consignaci\u00f3 pressupost\u00e0ria, demanem s&#8217;incideixi de forma especial en els sectors laborals m\u00e9s necessitats, en qui arrossega m\u00e9s d\u00e8ficit formatiu, en qui no t\u00e9 recursos per formaci\u00f3 alternativa tot prioritzant els nivells t\u00e8cnics i auxiliars.<\/p>\n<p style=\"text-align: justify\"><b>PROPERAMENT<\/b><\/p>\n<p style=\"text-align: justify\"><b>Tamb\u00e9 convocaran <\/b><b>als sindicats <\/b><b>per a negociar<\/b><b>,<\/b> a la Mesa General de Negociaci\u00f3, els criteris generals. Esperem que per fi puguin tenir en compte les nostres propostes.<\/p>\n<p style=\"text-align: justify\">Entre altres coses, ha de quedar clar que els <b>mateixos criteris<\/b> son d&#8217;aplicaci\u00f3 <b>per a tots els serveis<\/b> de la corporaci\u00f3. Per exemple, els personal Inter\u00ed t\u00e9 el mateix dret a la formaci\u00f3 que els funcionaris de carrera. Sembla que en alguns llocs, aix\u00f2 no \u00e9s t\u00e9 clar. A m\u00e9s, <b>s&#8217;ha de poder negociar millores<\/b><b> i\/o canvis<\/b>. Fixeu-vos que la normativa estableix que \u00e9s subvenciona el Catal\u00e0 fins al nivell C o l&#8217;angl\u00e8s. Ja portem anys exigint ampliar, en el cas del Catal\u00e0 fins al nivell D, i respecte a llengua estrangeres, introduint el franc\u00e8s o l&#8217;alemany entre d&#8217;altres. Finalment, la <b>formaci\u00f3<\/b> s&#8217;ha d&#8217;impartir <b>dins de l&#8217;horari laboral<\/b>. Fins hi tot, proposarem que la que sigui per a iniciativa personal tamb\u00e9 sempre que estigui contemplada en l&#8217;itinerari professional.<\/p>\n<p style=\"text-align: justify\">Com ja sabeu, podeu fer-nos arribar els vostres comentaris, reflexions\u00a0 o suggeriments a <a href=\"mailto:ccoo@diba.cat\">ccoo@diba.cat<\/a><\/p>\n<p style=\"text-align: justify\"><b>CONCLUSIONS\u00a0<\/b><\/p>\n<p style=\"text-align: justify\">La tecnificaci\u00f3 digital de l&#8217;entorn productiu ha sofert en els \u00faltims anys un aven\u00e7 imparable. Les lleis recentment aprovades, ens situen en una <b>administraci\u00f3 electr\u00f2nica integral<\/b>. \u00c9s aix\u00ed que, la <b>compet\u00e8ncia digital<\/b>, coneixements i capacitats, d&#8217;una gran part, quasi majorit\u00e0ria, dels i les treballadores que utilitzem eines inform\u00e0tiques, \u00e9s objectiu ineludible i inajornable. Cal incidir en aquest \u00e0mbit tecnol\u00f2gic transversal de forma especial no nom\u00e9s amb cursos d&#8217;ofim\u00e0tica.<\/p>\n<p style=\"text-align: justify\">La formaci\u00f3 ha d&#8217;adaptar-se de manera m\u00e9s exacta al lloc de treball. S&#8217;ha de tenir en compte la promoci\u00f3 personal o\/i els possibles canvis de llocs de treball que el personal pugui tenir per a millorar professionalment.<\/p>\n<p style=\"text-align: justify\">El Pla Director de Responsabilitat Corporativa marca aquest \u00e0mbit com eix principal d&#8217;actuaci\u00f3. Per tant, esperem que de veritat puguem aconseguir m\u00e9s i millor formaci\u00f3 per a tots i totes.<\/p>\n<p style=\"text-align: justify\">* \u00a0* \u00a0* \u00a0* \u00a0*<\/p>\n<p><img loading=\"lazy\" decoding=\"async\" class=\"alignleft wp-image-226\" src=\"http:\/\/ccoo.app\/diputacio-de-barcelona\/wp-content\/blogs.dir\/6\/files\/sites\/186\/2016\/04\/estem-decidits-acontinuar-lluitant.png\" alt=\"Estem decidits a continuar lluitant !\" width=\"213\" height=\"89\" \/><\/p>\n<p><img loading=\"lazy\" decoding=\"async\" class=\"wp-image-262 alignright\" src=\"http:\/\/ccoo.app\/diputacio-de-barcelona\/wp-content\/blogs.dir\/6\/files\/sites\/186\/2016\/04\/afiliat_ccoo_cat.gif\" alt=\"Tota la informaci\u00f3 de com afiliar-se a CCOO Catalunya i forlmulari d'alta o baxia.\" width=\"90\" height=\"80\" \/><\/p>\n<p><img loading=\"lazy\" decoding=\"async\" class=\"wp-image-227 aligncenter\" src=\"http:\/\/ccoo.app\/diputacio-de-barcelona\/wp-content\/blogs.dir\/6\/files\/sites\/186\/2016\/04\/logo-peu-300x69.png\" alt=\"logo-peu\" width=\"952\" height=\"219\" srcset=\"https:\/\/ccoo.app\/diputacio-de-barcelona\/wp-content\/blogs.dir\/6\/files\/sites\/186\/2016\/04\/logo-peu-300x69.png 300w, https:\/\/ccoo.app\/diputacio-de-barcelona\/wp-content\/blogs.dir\/6\/files\/sites\/186\/2016\/04\/logo-peu.png 557w\" sizes=\"auto, (max-width: 952px) 100vw, 952px\" \/><\/p>\n<p style=\"text-align: center\"><small><\/small><small>Formulari d&#8217;<a href=\"\/afiliat\/\">alta<\/a>, <a href=\"\/afiliat\/\">baixa <\/a>o <a href=\"\/afiliat\/\">modificaci\u00f3 <\/a>de les dades personals o<br \/>\ncontacta&#8217;ns a trav\u00e9s del tel\u00e8fon<strong> 934 022 985<\/strong> o correu: <a href=\"mailto:ccoo@diba.cat\"><strong>ccoo@diba.cat<\/strong><\/a><\/small><\/p>\n","protected":false},"excerpt":{"rendered":"<p>&nbsp; Secci\u00f3 Sindical de la Diputaci\u00f3 de Barcelona L\u2019article 37 de l&#8217;Estatut B\u00e0sic de l&#8217;Empleat P\u00fablic diu que \u00e9s mat\u00e8ria objecte de negociaci\u00f3 els criteris generals dels plans i fons &#8230; <\/p>\n<p class=\"read-more-container\"><a title=\"EXIGIM M\u00c9S I MILLOR FORMACI\u00d3  PER A TOTS I TOTES\" class=\"read-more button\" href=\"https:\/\/ccoo.app\/diputacio-de-barcelona\/exigim-mes-i-millor-formacio-per-a-tots-i-totes\/#more-429\" aria-label=\"Leer m\u00e1s sobre EXIGIM M\u00c9S I MILLOR FORMACI\u00d3  PER A TOTS I TOTES\">Continuar llegint<\/a><\/p>\n","protected":false},"author":4519,"featured_media":255,"comment_status":"open","ping_status":"open","sticky":false,"template":"","format":"standard","meta":{"footnotes":""},"categories":[38,19,26,33],"tags":[148],"class_list":["post-429","post","type-post","status-publish","format-standard","has-post-thumbnail","hentry","category-a-tot-el-personal","category-comunicats","category-mgn","category-propostes-sindicals","tag-mesa-general-negociacio","generate-columns","tablet-grid-50","mobile-grid-100","grid-parent","grid-50"],"_links":{"self":[{"href":"https:\/\/ccoo.app\/diputacio-de-barcelona\/wp-json\/wp\/v2\/posts\/429","targetHints":{"allow":["GET"]}}],"collection":[{"href":"https:\/\/ccoo.app\/diputacio-de-barcelona\/wp-json\/wp\/v2\/posts"}],"about":[{"href":"https:\/\/ccoo.app\/diputacio-de-barcelona\/wp-json\/wp\/v2\/types\/post"}],"author":[{"embeddable":true,"href":"https:\/\/ccoo.app\/diputacio-de-barcelona\/wp-json\/wp\/v2\/users\/4519"}],"replies":[{"embeddable":true,"href":"https:\/\/ccoo.app\/diputacio-de-barcelona\/wp-json\/wp\/v2\/comments?post=429"}],"version-history":[{"count":0,"href":"https:\/\/ccoo.app\/diputacio-de-barcelona\/wp-json\/wp\/v2\/posts\/429\/revisions"}],"wp:featuredmedia":[{"embeddable":true,"href":"https:\/\/ccoo.app\/diputacio-de-barcelona\/wp-json\/wp\/v2\/media\/255"}],"wp:attachment":[{"href":"https:\/\/ccoo.app\/diputacio-de-barcelona\/wp-json\/wp\/v2\/media?parent=429"}],"wp:term":[{"taxonomy":"category","embeddable":true,"href":"https:\/\/ccoo.app\/diputacio-de-barcelona\/wp-json\/wp\/v2\/categories?post=429"},{"taxonomy":"post_tag","embeddable":true,"href":"https:\/\/ccoo.app\/diputacio-de-barcelona\/wp-json\/wp\/v2\/tags?post=429"}],"curies":[{"name":"wp","href":"https:\/\/api.w.org\/{rel}","templated":true}]}}