{"id":426,"date":"2016-06-22T07:49:18","date_gmt":"2016-06-22T06:49:18","guid":{"rendered":"https:\/\/diba.ccoo.cat\/?p=426"},"modified":"2016-06-22T07:49:18","modified_gmt":"2016-06-22T06:49:18","slug":"la-diputacio-de-barcelona-ha-de-facilitar-als-i-les-seves-treballadores-els-mecanismes-necessaris-per-a-millorar-leficiencia-energetica-i-lluitar-contra-el-canvi-climatic","status":"publish","type":"post","link":"https:\/\/ccoo.app\/diputacio-de-barcelona\/la-diputacio-de-barcelona-ha-de-facilitar-als-i-les-seves-treballadores-els-mecanismes-necessaris-per-a-millorar-leficiencia-energetica-i-lluitar-contra-el-canvi-climatic\/","title":{"rendered":"La Diputaci\u00f3 de Barcelona ha de facilitar als i les seves treballadores els mecanismes necessaris per a millorar l&#8217;efici\u00e8ncia energ\u00e8tica i lluitar contra el canvi clim\u00e0tic"},"content":{"rendered":"<p>&nbsp;<\/p>\n<p><img loading=\"lazy\" decoding=\"async\" class=\"wp-image-189\" title=\"Secci\u00f3 Sindical de la Diutaci\u00f3 de Barcelona de la Federaci\u00f3 Sindical de Catalunya\" src=\"http:\/\/ccoo.app\/diputacio-de-barcelona\/wp-content\/blogs.dir\/6\/files\/sites\/186\/2015\/12\/ccoo-fsc-cat.png\" alt=\"Secci\u00f3 Sindical de la Diputaci\u00f3 de Barcelona de la Federaci\u00f3 Sindical de Catalunya\" width=\"469\" height=\"90\" \/><\/p>\n<p class=\"wp-caption-text\">Secci\u00f3 Sindical de la Diputaci\u00f3 de Barcelona<\/p>\n<h3 style=\"text-align: center\"><\/h3>\n<p style=\"text-align: justify\">Com potser recordareu, al nostre programa electoral propos\u00e0vem una s\u00e8rie de mesures a desenvolupar per la lluita contra el canvi clim\u00e0tic i la millora de l&#8217;efici\u00e8ncia energ\u00e8tica.<\/p>\n<p style=\"text-align: justify\">Aprofitant que la Diputaci\u00f3 de Barcelona, per <b>acord per unanimitat al ple<\/b> de desembre, va aprovar la creaci\u00f3 del <b><i>Pla Estrat\u00e8gic pel Canvi Clim\u00e0tic de la Diputaci\u00f3<\/i><\/b>, que ha de donar suport al compliment dels objectius dels acords de la recent Cimera de Par\u00eds 2015, <b>hem fet arribar un escrit a la corporaci\u00f3<\/b> amb una s\u00e8rie de propostes per a que la Corporaci\u00f3 faciliti als treballadors i treballadores la possibilitat de lluitar contra el canvi clim\u00e0tic, tant des del seu lloc de treball com a la seva vida di\u00e0ria i alhora fomentar l&#8217;estalvi energ\u00e8tic als edificis de Diputaci\u00f3 de Barcelona mitjan\u00e7ant la col\u00b7laboraci\u00f3 del seus empleats i empleades. Estem conven\u00e7uts que <b>la Diputaci\u00f3 de Barcelona podria desenvolupar molt millor aquests compromisos <\/b>de millora de l&#8217;efici\u00e8ncia energ\u00e8tica i de reducci\u00f3 d&#8217;emissions de gasos d&#8217;efecte hivernacle<b> amb el suport i recolzament dels seus treballadors i treballadores<\/b> si desenvolup\u00e9s els mecanismes necessaris per ajudar-los a combatre el canvi clim\u00e0tic tamb\u00e9 des dels seus llocs de feina.<\/p>\n<p style=\"text-align: justify\">Per tot aix\u00f2, demanem que <b>s&#8217;inclogui aquest tema<\/b> com a punt de l&#8217;ordre del dia <b>a la Mesa General de Negociaci\u00f3<\/b><\/p>\n<p style=\"text-align: justify\">\n<p style=\"text-align: justify\"><span style=\"color: #99cc00\"><b>PER AIX\u00d2 HEM DEMANAT A DIPUTACI\u00d3 DE BARCELONA QUE:<\/b>\u00a0<\/span><\/p>\n<ul style=\"text-align: justify\">\n<li>Formi espec\u00edficament al treballadors i treballadores en conceptes b\u00e0sics d&#8217;efici\u00e8ncia energ\u00e8tica, que podrien aplicar tant a la feina com a casa seva, i en aquest segon cas, podent-los oferir la cessi\u00f3 temporal d&#8217;aparells per als seus habitatges (com fa la Corporaci\u00f3 per als edificis municipals dels ajuntaments de la prov\u00edncia) per mesurar el seu consum i poder adequar pot\u00e8ncia i tarifa contractada, detectar consums innecessaris, etc &#8230; Per experi\u00e8ncies pr\u00e8vies aix\u00f2 podria generar un estalvi anual aproximat d&#8217;un 10% de consum, uns 50 euros anuals per treballador o treballadora.<\/li>\n<\/ul>\n<ul style=\"text-align: justify\">\n<li>Aconsegueixi, mitjan\u00e7ant acords amb les empreses del sector i\/o emprant l&#8217;economia d&#8217;escala, condicions m\u00e9s avantatjoses en la compra d&#8217;aparells m\u00e9s eficients energ\u00e8ticament per als treballadors i treballadores de la corporaci\u00f3.<\/li>\n<\/ul>\n<ul style=\"text-align: justify\">\n<li>Desenvolupi i apliqui un mecanisme per compartir els estalvis generats mitjan\u00e7ant els comportaments m\u00e9s energ\u00e8ticament responsables a la feina , de tal manera que la meitat (o el percentatge que s&#8217;acordi) d&#8217;<strong><span class=\"TextRun SCX213522431\" lang=\"CA-ES\" xml:lang=\"CA-ES\"><span class=\"NormalTextRun SCX213522431\">estalvis aconseguits<\/span><\/span> <\/strong>pel comportament sostenible dels seus treballadors i treballadores als edificis propis de Diputaci\u00f3 (com podria ser subvencionar aquella ONG que es decid\u00eds entre tots els treballadors i treballadores). Seria una f\u00f3rmula similar a la que ja fa m\u00e9s de tres anys que aplica als projectes europeus Euronet 50\/50 i Euronet Max amb escoles i altres equipaments dependents d&#8217;ajuntaments de la prov\u00edncia, pel que creiem que seria desitjable comptar amb l&#8217;experi\u00e8ncia pr\u00e8via dels t\u00e8cnics i t\u00e8cniques de la Corporaci\u00f3 que han dissenyat i desenvolupat aquests projectes.<\/li>\n<\/ul>\n<ul style=\"text-align: justify\">\n<li>Desenvolupi i apliqui un mecanisme per compartir els estalvis generats mitjan\u00e7ant els comportaments m\u00e9s energ\u00e8ticament responsables a la feina , de tal manera que la meitat (o el percentatge que s&#8217;acordi) d&#8217;<b>estalvis aconseguits<\/b> pel comportament sostenible dels seus treballadors i treballadores als edificis propis de Diputaci\u00f3 <b>vagi a dotar la bossa de millores socials o altres f\u00f3rmules que es poguessin acordar <\/b>(com podria ser subvencionar aquella ONG que es decid\u00eds entre tots els treballadors i treballadores). Seria una f\u00f3rmula similar a la que ja fa m\u00e9s de tres anys que aplica als projectes europeus Euronet 50\/50 i Euronet Max amb escoles i altres equipaments dependents d&#8217;ajuntaments de la prov\u00edncia, pel que creiem que seria desitjable comptar amb l&#8217;experi\u00e8ncia pr\u00e8via dels t\u00e8cnics i t\u00e8cniques de la Corporaci\u00f3 que han dissenyat i desenvolupat aquests projectes.<\/li>\n<\/ul>\n<ul style=\"text-align: justify\">\n<li>Proposi als treballadors i treballadores de la corporaci\u00f3 participar com inversors particulars en inversions col\u00b7laboratives per implantar plaques fotovoltaiques per autoconsum als edificis de Diputaci\u00f3, o altres inversions en efici\u00e8ncia energ\u00e8tica amb un retorn econ\u00f2mic clar i interessant. Els treballadors i treballadores que decidissin invertir en aquestes inversions no nom\u00e9s veurien facilitat per la Corporaci\u00f3 en una forma de lluitar contra en canvi clim\u00e0tic, si no que a m\u00e9s obtindrien una remuneraci\u00f3 per la seva inversi\u00f3 molt superior al que actualment ofereixen els dip\u00f2sits bancaris. El servei de medi ambient est\u00e0 desenvolupant un model de crowfunding per AMPAS d&#8217;escoles o per usuaris d&#8217;equipaments municipals, i ha presentat un projecte INTERREGSUDOE al respecte,\u00a0 que podria ser d&#8217;aplicaci\u00f3.<\/li>\n<\/ul>\n<p style=\"text-align: justify\">\n<p style=\"text-align: justify\"><span style=\"color: #99cc00\"><b>TOTHOM HI GUANYA<\/b><\/span> El nostre enfocament busca generar escenaris on tothom hi surti guanyant. Per una banda, la Corporaci\u00f3 veient facilitat el compliment dels seus compromisos de lluita contra el canvi clim\u00e0tic i de Responsabilitat Social Corporativa, aix\u00ed com obtenint estalvis de despesa corrent per l&#8217;estalvi energ\u00e8tic generat, i per una altra banda, <b>els i les treballadores recuperant part de l&#8217;estalvi econ\u00f2mic generat amb el seu comportament m\u00e9s eficient energ\u00e8ticament i. rebent formaci\u00f3 pr\u00e0ctica<\/b> i equipaments per poder aplicar-ho i estalviar tamb\u00e9 a casa seva i finalment la resta de la societat per la contribuci\u00f3 a la millora del medi ambient generada pels projectes endegats.<\/p>\n<p style=\"text-align: justify\">Us mantindrem informats de la resposta que rebem a les nostres propostes.<\/p>\n<p style=\"text-align: center\">* \u00a0* \u00a0* \u00a0* \u00a0*<\/p>\n<p><img loading=\"lazy\" decoding=\"async\" class=\"alignleft wp-image-226\" src=\"http:\/\/ccoo.app\/diputacio-de-barcelona\/wp-content\/blogs.dir\/6\/files\/sites\/186\/2016\/04\/estem-decidits-acontinuar-lluitant.png\" alt=\"Estem decidits a continuar lluitant !\" width=\"213\" height=\"89\" \/><\/p>\n<p><img loading=\"lazy\" decoding=\"async\" class=\"wp-image-262 alignright\" src=\"http:\/\/ccoo.app\/diputacio-de-barcelona\/wp-content\/blogs.dir\/6\/files\/sites\/186\/2016\/04\/afiliat_ccoo_cat.gif\" alt=\"Tota la informaci\u00f3 de com afiliar-se a CCOO Catalunya i forlmulari d'alta o baxia.\" width=\"90\" height=\"80\" \/><\/p>\n<p><img loading=\"lazy\" decoding=\"async\" class=\"wp-image-227 aligncenter\" src=\"http:\/\/ccoo.app\/diputacio-de-barcelona\/wp-content\/blogs.dir\/6\/files\/sites\/186\/2016\/04\/logo-peu-300x69.png\" alt=\"logo-peu\" width=\"952\" height=\"219\" srcset=\"https:\/\/ccoo.app\/diputacio-de-barcelona\/wp-content\/blogs.dir\/6\/files\/sites\/186\/2016\/04\/logo-peu-300x69.png 300w, https:\/\/ccoo.app\/diputacio-de-barcelona\/wp-content\/blogs.dir\/6\/files\/sites\/186\/2016\/04\/logo-peu.png 557w\" sizes=\"auto, (max-width: 952px) 100vw, 952px\" \/><\/p>\n<p style=\"text-align: center\"><small><\/small><small>Formulari d&#8217;<a href=\"\/afiliat\/\">alta<\/a>, <a href=\"\/afiliat\/\">baixa <\/a>o <a href=\"\/afiliat\/\">modificaci\u00f3 <\/a>de les dades personals o<br \/>\ncontacta&#8217;ns a trav\u00e9s del tel\u00e8fon<strong> 934 022 985<\/strong> o correu: <a href=\"mailto:ccoo@diba.cat\"><strong>ccoo@diba.cat<\/strong><\/a><\/small><\/p>\n","protected":false},"excerpt":{"rendered":"<p>&nbsp; Secci\u00f3 Sindical de la Diputaci\u00f3 de Barcelona Com potser recordareu, al nostre programa electoral propos\u00e0vem una s\u00e8rie de mesures a desenvolupar per la lluita contra el canvi clim\u00e0tic i &#8230; <\/p>\n<p class=\"read-more-container\"><a title=\"La Diputaci\u00f3 de Barcelona ha de facilitar als i les seves treballadores els mecanismes necessaris per a millorar l&#8217;efici\u00e8ncia energ\u00e8tica i lluitar contra el canvi clim\u00e0tic\" class=\"read-more button\" href=\"https:\/\/ccoo.app\/diputacio-de-barcelona\/la-diputacio-de-barcelona-ha-de-facilitar-als-i-les-seves-treballadores-els-mecanismes-necessaris-per-a-millorar-leficiencia-energetica-i-lluitar-contra-el-canvi-climatic\/#more-426\" aria-label=\"Leer m\u00e1s sobre La Diputaci\u00f3 de Barcelona ha de facilitar als i les seves treballadores els mecanismes necessaris per a millorar l&#8217;efici\u00e8ncia energ\u00e8tica i lluitar contra el canvi clim\u00e0tic\">Continuar llegint<\/a><\/p>\n","protected":false},"author":4519,"featured_media":255,"comment_status":"open","ping_status":"open","sticky":false,"template":"","format":"standard","meta":{"footnotes":""},"categories":[38,19,27,33],"tags":[],"class_list":["post-426","post","type-post","status-publish","format-standard","has-post-thumbnail","hentry","category-a-tot-el-personal","category-comunicats","category-millores-socials","category-propostes-sindicals","generate-columns","tablet-grid-50","mobile-grid-100","grid-parent","grid-50"],"_links":{"self":[{"href":"https:\/\/ccoo.app\/diputacio-de-barcelona\/wp-json\/wp\/v2\/posts\/426","targetHints":{"allow":["GET"]}}],"collection":[{"href":"https:\/\/ccoo.app\/diputacio-de-barcelona\/wp-json\/wp\/v2\/posts"}],"about":[{"href":"https:\/\/ccoo.app\/diputacio-de-barcelona\/wp-json\/wp\/v2\/types\/post"}],"author":[{"embeddable":true,"href":"https:\/\/ccoo.app\/diputacio-de-barcelona\/wp-json\/wp\/v2\/users\/4519"}],"replies":[{"embeddable":true,"href":"https:\/\/ccoo.app\/diputacio-de-barcelona\/wp-json\/wp\/v2\/comments?post=426"}],"version-history":[{"count":0,"href":"https:\/\/ccoo.app\/diputacio-de-barcelona\/wp-json\/wp\/v2\/posts\/426\/revisions"}],"wp:featuredmedia":[{"embeddable":true,"href":"https:\/\/ccoo.app\/diputacio-de-barcelona\/wp-json\/wp\/v2\/media\/255"}],"wp:attachment":[{"href":"https:\/\/ccoo.app\/diputacio-de-barcelona\/wp-json\/wp\/v2\/media?parent=426"}],"wp:term":[{"taxonomy":"category","embeddable":true,"href":"https:\/\/ccoo.app\/diputacio-de-barcelona\/wp-json\/wp\/v2\/categories?post=426"},{"taxonomy":"post_tag","embeddable":true,"href":"https:\/\/ccoo.app\/diputacio-de-barcelona\/wp-json\/wp\/v2\/tags?post=426"}],"curies":[{"name":"wp","href":"https:\/\/api.w.org\/{rel}","templated":true}]}}