{"id":4224,"date":"2019-04-02T21:07:27","date_gmt":"2019-04-02T20:07:27","guid":{"rendered":"https:\/\/diba.ccoo.cat\/?p=4224"},"modified":"2023-02-22T19:04:48","modified_gmt":"2023-02-22T18:04:48","slug":"presentem-laccio-feta-i-propostes-sindicals-2","status":"publish","type":"post","link":"https:\/\/ccoo.app\/diputacio-de-barcelona\/presentem-laccio-feta-i-propostes-sindicals-2\/","title":{"rendered":"3 EESS PRESENTEM L&#8217;ACCI\u00d3 FETA I PROPOSTES SINDICALS"},"content":{"rendered":"<p class=\"wp-caption-text\"><img loading=\"lazy\" decoding=\"async\" class=\"alignnone wp-image-1853\" src=\"http:\/\/ccoo.app\/diputacio-de-barcelona\/wp-content\/blogs.dir\/6\/files\/sites\/186\/2018\/01\/logoccoov18.jpg\" alt=\"\" width=\"137\" height=\"63\" \/>\u00a0 \u00a0 \u00a0 \u00a0 \u00a0 \u00a0 \u00a0 \u00a0 \u00a0 \u00a0 \u00a0 \u00a0 \u00a0 \u00a0 \u00a0 \u00a0<a href=\"http:\/\/ccoo.app\/diputacio-de-barcelona\/wp-content\/blogs.dir\/6\/files\/sites\/186\/2019\/04\/3-eess-comunicat.pdf\"><img loading=\"lazy\" decoding=\"async\" class=\"alignnone wp-image-2113\" src=\"http:\/\/ccoo.app\/diputacio-de-barcelona\/wp-content\/blogs.dir\/6\/files\/sites\/186\/2018\/04\/22-300x172.png\" alt=\"\" width=\"134\" height=\"77\" srcset=\"https:\/\/ccoo.app\/diputacio-de-barcelona\/wp-content\/blogs.dir\/6\/files\/sites\/186\/2018\/04\/22-300x172.png 300w, https:\/\/ccoo.app\/diputacio-de-barcelona\/wp-content\/blogs.dir\/6\/files\/sites\/186\/2018\/04\/22.png 327w\" sizes=\"auto, (max-width: 134px) 100vw, 134px\" \/><\/a><\/p>\n<p style=\"text-align: center\"><span style=\"text-decoration: underline\"><span style=\"font-family: 'arial black', sans-serif;font-size: 18pt;color: #ff0000;text-decoration: underline\">ELECCIONS SINDICALS 10 D&#8217;ABRIL DE 2019<\/span><\/span><\/p>\n<p style=\"text-align: center\"><span style=\"font-family: arial, helvetica, sans-serif;font-size: 24px\">A la nostra <a href=\"https:\/\/diba.ccoo.cat\/\"><strong><u>p\u00e0gina web<\/u><\/strong>,<\/a> trobareu SEMPRE els documents:<\/span><\/p>\n<p style=\"text-align: center\"><span style=\"font-size: 20px\"><a href=\"https:\/\/diba.ccoo.cat\/feina-feta-2015-2019\/\"><span style=\"font-family: 'arial black', sans-serif;color: #0000ff\"><strong>FEINA FETA 2015-2019 <\/strong><\/span><\/a><span style=\"font-size: 16px\"><a href=\"https:\/\/diba.ccoo.cat\/feina-feta-2015-2019\/\">(<span style=\"font-family: 'arial black', sans-serif;color: #0000ff\"><strong>Cliqueu aqu\u00ed<\/strong><\/span><\/a><span style=\"font-family: arial, helvetica, sans-serif\"> per entrar)<\/span><\/span><\/span><\/p>\n<p style=\"text-align: center\"><span style=\"font-size: 20px\"><a href=\"https:\/\/diba.ccoo.cat\/programa-electoral-2019-2023\/\"><span style=\"font-family: 'arial black', sans-serif;color: #0000ff\"><strong>PROPOSTES SINDICALS 2019-2023 <\/strong><\/span><\/a><span style=\"font-size: 16px\"><a href=\"https:\/\/diba.ccoo.cat\/programa-electoral-2019-2023\/\">(<span style=\"font-family: 'arial black', sans-serif;color: #0000ff\"><strong>Cliqueu aqu\u00ed<\/strong><\/span><\/a><span style=\"font-family: arial, helvetica, sans-serif\"> per entrar)<\/span><\/span><\/span><\/p>\n<p>&nbsp;<\/p>\n<p>&nbsp;<\/p>\n<p><span style=\"font-family: 'arial black', sans-serif;font-size: 20px;color: #ff0000\">PRESENTEM L&#8217;ACCI\u00d3 FETA I PROPOSTES SINDICALS<\/span><\/p>\n<p style=\"text-align: justify\"><span style=\"font-family: arial, helvetica, sans-serif;color: #000000\">Vam comen\u00e7ar el mandat a l\u2019ofensiva amb la clara intenci\u00f3 de fer front a les retallades del govern central: recuperar poder adquisitiu, permisos i drets arrabassats.<\/span><\/p>\n<p style=\"text-align: justify\"><span style=\"font-family: arial, helvetica, sans-serif;color: #000000\">A m\u00e9s, sab\u00edem que hi havia molt a fer a la corporaci\u00f3 en mat\u00e8ria d\u2019igualtat de g\u00e8nere, que ens trobar\u00edem uns \u00f2rgans de Prevenci\u00f3 de Salud Laboral a la Diputaci\u00f3 ineficients i un sistema arbitrari profundament arrelat relacionat amb les borses de treball i els processos de selecci\u00f3 en general.<\/span><\/p>\n<p style=\"text-align: justify\"><span style=\"font-family: arial, helvetica, sans-serif;color: #000000\">Finalment, a meitat de mandat, ens va caure una inesperada garrotada: l\u2019informe efectuat per la Sindicatura de Comptes que q\u00fcestionava importants aspectes dels nostres Acords de Condicions de Treball. Quedava en suspens els Premis per Anys, la Paga d\u2019Assidu\u00eftats i la Jubilaci\u00f3 Anticipada!<\/span><\/p>\n<p>&nbsp;<\/p>\n<p style=\"text-align: justify\"><span style=\"font-family: arial, helvetica, sans-serif;color: #000000\">Heu de saber que els resultats del 2015 van permetre que CCOO increment\u00e9ssim el nombre de les nostres representants, per\u00f2 no van suposar tenir majoria absoluta (a la Mesa General de Negociaci\u00f3). Per tant, per fer front als reptes d\u2019aquest mandat, hem afavorit la unitat d\u2019acci\u00f3 treballant consensos amb els altres sindicats, la qual cosa ens ha perm\u00e8s tancar acords amb uns i amb altres.<\/span><\/p>\n<p style=\"text-align: justify\"><span style=\"font-family: arial, helvetica, sans-serif;color: #000000\"><a href=\"http:\/\/ccoo.app\/diputacio-de-barcelona\/wp-content\/blogs.dir\/6\/files\/sites\/186\/2019\/03\/mem04-acords.pdf\"><span style=\"font-family: 'arial black', sans-serif;color: #0000ff;font-size: 20px\"><strong>Cliqueu aqu\u00ed<\/strong> <\/span><\/a>per veure els <strong>28 acords <\/strong>que s\u2019han tancat al llarg del mandat i qui els ha signat.<\/span><\/p>\n<p><img loading=\"lazy\" decoding=\"async\" class=\"wp-image-3895 aligncenter\" src=\"http:\/\/ccoo.app\/diputacio-de-barcelona\/wp-content\/blogs.dir\/6\/files\/sites\/186\/2019\/03\/ambtutenimlaforca-291x300.jpg\" alt=\"\" width=\"80\" height=\"82\" srcset=\"https:\/\/ccoo.app\/diputacio-de-barcelona\/wp-content\/blogs.dir\/6\/files\/sites\/186\/2019\/03\/ambtutenimlaforca-291x300.jpg 291w, https:\/\/ccoo.app\/diputacio-de-barcelona\/wp-content\/blogs.dir\/6\/files\/sites\/186\/2019\/03\/ambtutenimlaforca-993x1024.jpg 993w, https:\/\/ccoo.app\/diputacio-de-barcelona\/wp-content\/blogs.dir\/6\/files\/sites\/186\/2019\/03\/ambtutenimlaforca-768x792.jpg 768w, https:\/\/ccoo.app\/diputacio-de-barcelona\/wp-content\/blogs.dir\/6\/files\/sites\/186\/2019\/03\/ambtutenimlaforca.jpg 1164w\" sizes=\"auto, (max-width: 80px) 100vw, 80px\" \/><\/p>\n<p style=\"text-align: justify\"><span style=\"font-family: arial, helvetica, sans-serif;color: #000000\">CCOO Diba som un sindicat que actua de manera aut\u00f2noma i independent del \u201ccolor\u201d dels pol\u00edtics que manen a la Diputaci\u00f3.\u00a0<\/span><\/p>\n<p style=\"text-align: justify\"><span style=\"font-family: arial, helvetica, sans-serif;color: #000000\">Som \u00fanicament l\u2019expressi\u00f3 de la unitat de les treballadores i treballadors de la Diputaci\u00f3 que ens organitzem en torn a CCOO en defensa dels nostres drets.<\/span><\/p>\n<p style=\"text-align: justify\"><span style=\"font-family: arial, helvetica, sans-serif;color: #000000\">CCOO Diba som gent diversa, cadasc\u00fa amb la seva ideologia o concepci\u00f3 pol\u00edtica. Tenim la plena convicci\u00f3 que <strong>nom\u00e9s una organitzaci\u00f3 arrelada en el conjunt de la diversitat de la nostra plantilla garanteix l\u2019aven\u00e7<\/strong> per millorar les nostres condicions.<\/span><\/p>\n<p style=\"text-align: justify\"><span style=\"font-family: arial, helvetica, sans-serif;color: #000000\"><strong>\u00a0<\/strong><\/span><\/p>\n<p style=\"text-align: center\"><span style=\"font-family: 'arial black', sans-serif;color: #0000ff;font-size: 24px\"><strong>ELS OBJECTIUS ASSOLITS 2015-2019 EN S\u00d3N UN CLAR EXEMPLE:<\/strong><\/span><\/p>\n<p style=\"text-align: center\"><span style=\"font-family: arial, helvetica, sans-serif;color: #0000ff\"><strong>(cliqueu sobre el <span style=\"color: #000000\">TEMA<\/span> que us interessi)<\/strong><\/span><\/p>\n<ul style=\"text-align: justify\">\n<li><span style=\"font-family: arial, helvetica, sans-serif;color: #000000\"><a style=\"color: #000000\" href=\"http:\/\/ccoo.app\/diputacio-de-barcelona\/wp-content\/blogs.dir\/6\/files\/sites\/186\/2019\/03\/mem08-front_sindicatura.pdf\"><strong>PAGA D\u2019ASSIDU\u00cfTAT <\/strong><\/a>Passem de 1.325 \u20ac l\u2019any 2015 a 1675 \u20ac a l\u2019abril de 2019<\/span><\/li>\n<\/ul>\n<p>&nbsp;<\/p>\n<ul style=\"text-align: justify\">\n<li><span style=\"font-family: arial, helvetica, sans-serif;color: #000000\"><a style=\"color: #000000\" href=\"http:\/\/ccoo.app\/diputacio-de-barcelona\/wp-content\/blogs.dir\/6\/files\/sites\/186\/2019\/03\/01-increments-retributius.pdf\"><strong>PODER ADQUISITIU<\/strong><\/a> Anem sempre als m\u00e0xims dels acords estatals<\/span><\/li>\n<\/ul>\n<p>&nbsp;<\/p>\n<ul style=\"text-align: justify\">\n<li><span style=\"font-family: arial, helvetica, sans-serif;color: #000000\"><a style=\"color: #000000\" href=\"https:\/\/www.youtube.com\/watch?v=zY93tU9ojyY\"><strong>ACORD D\u2019INTEGRACI\u00d3 DE L&#8217;ORGT<\/strong> <\/a>a la Diputaci\u00f3 de Barcelona.<\/span>\n<ul>\n<li><span style=\"font-family: arial, helvetica, sans-serif;color: #000000\">Acord liderat per CCOO representa pel personal un increment mig de m\u00e9s 350\u20ac en les seves retribucions.<\/span><\/li>\n<\/ul>\n<\/li>\n<\/ul>\n<p>&nbsp;<\/p>\n<ul style=\"text-align: justify\">\n<li><span style=\"font-family: arial, helvetica, sans-serif;color: #000000\"><strong>RECLASSIFICACI\u00d3<\/strong> 497 places des del PAMO 2014 fins al PAMO 2018<\/span><\/li>\n<\/ul>\n<p>&nbsp;<\/p>\n<ul style=\"text-align: justify\">\n<li><span style=\"font-family: arial, helvetica, sans-serif;color: #000000\"><a style=\"color: #000000\" href=\"http:\/\/ccoo.app\/diputacio-de-barcelona\/wp-content\/blogs.dir\/6\/files\/sites\/186\/2019\/03\/mem07-drets_consolidats.pdf\"><strong>PERSONAL INTER\u00cd<\/strong> <\/a>m\u00e9s drets i estabilitat:<\/span>\n<ul style=\"text-align: justify\">\n<li><span style=\"color: #000000\">Amplantillament de m\u00e9s de 300 persones que ocupaven places estructurals amb nomenaments \u201cfins a provisi\u00f3\u201d. Acabem amb l\u2019ocupaci\u00f3 \u201ctransit\u00f2ria\u201d injustificada i abusiva!<\/span><\/li>\n<li><span style=\"color: #000000\">Donem un pas endavant establint nous drets pel personal inter\u00ed (permisos i mobilitat). Dret a percebre productivitat en proporci\u00f3 al temps treballat sense m\u00ednims de perman\u00e8ncia, acc\u00e9s als ajuts especials (persones a c\u00e0rrec amb discapacitat) i a la Millora Social.<\/span><\/li>\n<\/ul>\n<\/li>\n<\/ul>\n<ul style=\"text-align: justify\">\n<li><span style=\"font-family: arial, helvetica, sans-serif;color: #000000\"><a style=\"color: #000000\" href=\"https:\/\/intradiba.diba.cat\/documents\/28776273\/101294137\/Acord+criteris+contingut+acta+4.3.14+borses+treball+PAMO+2016-2017+i+successius+procsssos\/6eb3bd9c-177b-40e2-81af-c86e7532bf91\"><strong>CONTINU\u00cfTAT<\/strong><\/a> del personal inter\u00ed major de 55 anys<\/span><\/li>\n<\/ul>\n<ul>\n<li><span style=\"font-family: arial, helvetica, sans-serif;color: #000000\"><a style=\"color: #000000\" href=\"https:\/\/diba.ccoo.cat\/mesures-i-millores-en-materia-dit-o-baixa-inclou-indisposicions\/\"><strong>BAIXES<\/strong> <\/a>: 100% de les retribucions per a totes:<\/span>\n<ul>\n<li><span style=\"font-family: arial, helvetica, sans-serif;color: #000000\">Sense tenir en compte el motiu de la baixa.<\/span><\/li>\n<li><span style=\"color: #000000\">Des del primer dia (totes les baixes 24 hores i\/o indisposicions)<\/span><\/li>\n<li><span style=\"color: #000000\">Sense l\u00edmit en la duraci\u00f3.<\/span><\/li>\n<\/ul>\n<\/li>\n<\/ul>\n<ul style=\"text-align: justify\">\n<li><span style=\"font-family: arial, helvetica, sans-serif;color: #000000\"><a style=\"color: #000000\" href=\"http:\/\/ccoo.app\/diputacio-de-barcelona\/wp-content\/blogs.dir\/6\/files\/sites\/186\/2019\/03\/02-carrera-horitzontal.pdf\"><strong>CARRERA<\/strong><\/a> (Nivell de Transici\u00f3) Import mensual de 48,15 \u20ac (14 mensualitats\/any) des de gener de 2016<\/span><\/li>\n<\/ul>\n<ul style=\"text-align: justify\">\n<li><span style=\"font-family: arial, helvetica, sans-serif;color: #000000\"><a style=\"color: #000000\" href=\"https:\/\/diba.ccoo.cat\/ccoo-decisiva-en-laprovacio-del-protocol-contra-lassetjament-sexual\/\"><strong>PROTOCOL<\/strong><\/a> contra l&#8217;assetjament sexual, amb pres\u00e8ncia en veu i vot de la representaci\u00f3 del personal als \u00f2rgans de decisi\u00f3.<\/span><\/li>\n<\/ul>\n<ul style=\"text-align: justify\">\n<li><span style=\"font-family: arial, helvetica, sans-serif;color: #000000\"><a style=\"color: #000000\" href=\"http:\/\/ccoo.app\/diputacio-de-barcelona\/wp-content\/blogs.dir\/6\/files\/sites\/186\/2019\/03\/mem05-dies_permis.pdf\"><strong>+ DIES D\u2019ANTIGUITAT<\/strong><\/a> i recuperaci\u00f3 paga extra de 2012<\/span>\n<ul>\n<li><span style=\"font-family: arial, helvetica, sans-serif;color: #000000\">Recuperem els dies addicionals de vacances per antiguitat incrementant-los en pr\u00e0cticament el doble respecte a abans de les retallades<\/span><\/li>\n<\/ul>\n<\/li>\n<\/ul>\n<ul style=\"text-align: justify\">\n<li><span style=\"font-family: arial, helvetica, sans-serif;color: #000000\"><a style=\"color: #000000\" href=\"https:\/\/diba.ccoo.cat\/a-respir-exigim-millores-en-les-nostres-condicions-de-treball\/\"><strong>PLANILLES<\/strong><\/a> nou i millorat acord<\/span>\n<ul>\n<li><span style=\"font-family: arial, helvetica, sans-serif;color: #000000\">Intersetmanals fixats per la treballadora enlloc d\u2019imposat, com abans.<\/span><\/li>\n<li><span style=\"font-family: arial, helvetica, sans-serif;color: #000000\">Caps de setmana voluntaris pel personal de 55 o m\u00e9s anys<\/span><\/li>\n<li><span style=\"font-family: arial, helvetica, sans-serif;color: #000000\">Peticions denegades de permisos motivades per escrit obligat\u00f2riament<\/span><\/li>\n<li><span style=\"font-family: arial, helvetica, sans-serif;color: #000000\">Personal coneixedor especificat.<\/span><\/li>\n<\/ul>\n<\/li>\n<\/ul>\n<ul style=\"text-align: justify\">\n<li><span style=\"font-family: arial, helvetica, sans-serif;color: #000000\"><strong>JORNADA<\/strong> general: tornem a les 35 hores<\/span><\/li>\n<\/ul>\n<ul style=\"text-align: justify\">\n<li><span style=\"font-family: arial, helvetica, sans-serif;color: #000000\"><strong>FLEXIBILITAT HOR\u00c0RIA<\/strong> per conciliaci\u00f3 familiar: pel personal amb fills\/es menors de 17 anys. Petici\u00f3 feta i aconseguida per CCOO<\/span><\/li>\n<\/ul>\n<ul style=\"text-align: justify\">\n<li><span style=\"font-family: arial, helvetica, sans-serif;color: #000000\"><strong>GAIP DONA LA RA\u00d3 A CCOO<\/strong> (Veure resoluci\u00f3 95\/2017) Els sindicats \u201ctenim dret a la informaci\u00f3 de les borses de treball i dels nomenaments efectuats\u201d per exercir la nostra tasca de control i supervisi\u00f3.<\/span><\/li>\n<\/ul>\n<ul style=\"text-align: justify\">\n<li><span style=\"font-family: arial, helvetica, sans-serif;color: #000000\"><a style=\"color: #000000\" href=\"https:\/\/diba.ccoo.cat\/vols-ser-membre-dun-tribunal\/\"><strong>TRIBUNALS DE SELECCI\u00d3<\/strong><\/a> CCOO imposem model d\u2019autoregulaci\u00f3 i obrim els tribunals de selecci\u00f3 a tot el personal.<\/span><\/li>\n<\/ul>\n<ul style=\"text-align: justify\">\n<li><span style=\"font-family: arial, helvetica, sans-serif;color: #000000\"><a style=\"color: #000000\" href=\"http:\/\/ccoo.app\/diputacio-de-barcelona\/wp-content\/blogs.dir\/6\/files\/sites\/186\/2019\/03\/15-pla-mobilitat.pdf\"><strong>TAULA DE MOBILITAT<\/strong><\/a> Reivindicaci\u00f3 hist\u00f2rica de CCOO Diba<\/span>\n<ul>\n<li><span style=\"font-family: arial, helvetica, sans-serif;color: #000000\">Ja tenim Pla de Despla\u00e7ament d\u2019Empresa. El que toca ara \u00e9s fer-ne difusi\u00f3 entre el personal i establir un calendari d\u2019implementaci\u00f3 de les mesures necess\u00e0ries.<\/span><\/li>\n<\/ul>\n<\/li>\n<\/ul>\n<ul>\n<li style=\"text-align: justify\"><span style=\"font-family: arial, helvetica, sans-serif;color: #000000\"><a style=\"color: #000000\" href=\"http:\/\/ccoo.app\/diputacio-de-barcelona\/wp-content\/blogs.dir\/6\/files\/sites\/186\/2019\/03\/16-teletreball.pdf\"><strong>TELETREBALL <\/strong><\/a>CCOO a la Diputaci\u00f3 de Barcelona apostem decididament per la implementaci\u00f3 del Teletreball. <strong>Fruit de la nostra insist\u00e8ncia<\/strong> a les reunions de la Mesa General de Negociaci\u00f3 i tamb\u00e9 de la Taula de Mobilitat, <strong>la Diputaci\u00f3 ja parla, inicialment, de realitzar una prova pilot. <\/strong><\/span><\/li>\n<\/ul>\n<p>&nbsp;<\/p>\n<p style=\"text-align: center\"><span style=\"font-family: 'arial black', sans-serif;background-color: #ffff00\"><strong>\u00daLTIM DIA PER SOL\u00b7LICITAR EL VOT<\/strong><\/span><\/p>\n<p style=\"text-align: justify\"><img loading=\"lazy\" decoding=\"async\" class=\"wp-image-3670 alignleft\" src=\"http:\/\/ccoo.app\/diputacio-de-barcelona\/wp-content\/blogs.dir\/6\/files\/sites\/186\/2019\/03\/xxxxxxxxxxxxxxxxxxxxxxxxxxxxxxxxxxxd.jpg\" alt=\"\" width=\"41\" height=\"72\" \/><\/p>\n<p style=\"text-align: justify\"><span style=\"font-family: arial, helvetica, sans-serif;font-size: 14px;color: #000000\"><span style=\"font-size: 20px;font-family: 'arial black', sans-serif\"><a href=\"http:\/\/ccoo.app\/diputacio-de-barcelona\/wp-content\/blogs.dir\/6\/files\/sites\/186\/2019\/03\/vot-correu-per-a-tots-els-collectius.pdf\"><span style=\"color: #0000ff\">Cliqueu aqu\u00ed<\/span><\/a> <\/span>per llegir i\/o descarregar en PDF les INSTRUCCIONS per realitzar EL <span style=\"text-decoration: underline\"><strong>VOT PER CORREU.<\/strong><\/span><\/span><\/p>\n<p style=\"text-align: justify\"><span style=\"font-family: 'arial black', sans-serif\"><a href=\"https:\/\/intradiba.diba.cat\/web\/noticies\/-\/vot-per-correu\"><span style=\"color: #0000ff;font-size: 20px\"><strong>Cliqueu aqu\u00ed<\/strong> <\/span><\/a><span style=\"font-family: arial, helvetica, sans-serif\">per anar a la informaci\u00f3 d&#8217;Intradiba.<\/span><\/span><\/p>\n<p>&nbsp;<\/p>\n<p><a href=\"https:\/\/diba.ccoo.cat\/\"><img loading=\"lazy\" decoding=\"async\" class=\"wp-image-4185 aligncenter\" src=\"http:\/\/ccoo.app\/diputacio-de-barcelona\/wp-content\/blogs.dir\/6\/files\/sites\/186\/2019\/03\/vota-ccoo-1-300x254.png\" alt=\"\" width=\"198\" height=\"168\" srcset=\"https:\/\/ccoo.app\/diputacio-de-barcelona\/wp-content\/blogs.dir\/6\/files\/sites\/186\/2019\/03\/vota-ccoo-1-300x254.png 300w, https:\/\/ccoo.app\/diputacio-de-barcelona\/wp-content\/blogs.dir\/6\/files\/sites\/186\/2019\/03\/vota-ccoo-1.png 454w\" sizes=\"auto, (max-width: 198px) 100vw, 198px\" \/><\/a><\/p>\n<p><a href=\"https:\/\/www.youtube.com\/watch?time_continue=8&amp;v=b7Qj7y8VlNs\"><img loading=\"lazy\" decoding=\"async\" class=\"wp-image-4187 aligncenter\" src=\"http:\/\/ccoo.app\/diputacio-de-barcelona\/wp-content\/blogs.dir\/6\/files\/sites\/186\/2019\/03\/app-imatge.png\" alt=\"\" width=\"171\" height=\"178\" \/><\/a><\/p>\n<p><a href=\"https:\/\/www.youtube.com\/watch?v=8Z5rBMopdSo\"><img loading=\"lazy\" decoding=\"async\" class=\"wp-image-4177 aligncenter\" src=\"http:\/\/ccoo.app\/diputacio-de-barcelona\/wp-content\/blogs.dir\/6\/files\/sites\/186\/2019\/03\/aaaaaaaaaaaaaaaaaaaaaaaaaaaaaaaaaaaaaaaaa-300x100.png\" alt=\"\" width=\"396\" height=\"132\" srcset=\"https:\/\/ccoo.app\/diputacio-de-barcelona\/wp-content\/blogs.dir\/6\/files\/sites\/186\/2019\/03\/aaaaaaaaaaaaaaaaaaaaaaaaaaaaaaaaaaaaaaaaa-300x100.png 300w, https:\/\/ccoo.app\/diputacio-de-barcelona\/wp-content\/blogs.dir\/6\/files\/sites\/186\/2019\/03\/aaaaaaaaaaaaaaaaaaaaaaaaaaaaaaaaaaaaaaaaa.png 684w\" sizes=\"auto, (max-width: 396px) 100vw, 396px\" \/><\/a><\/p>\n<p>&nbsp;<\/p>\n<p><a href=\"http:\/\/ccoo.app\/diputacio-de-barcelona\/wp-content\/blogs.dir\/6\/files\/sites\/186\/2019\/03\/mem04-acords.pdf\"><img loading=\"lazy\" decoding=\"async\" class=\"wp-image-3042 aligncenter\" src=\"http:\/\/ccoo.app\/diputacio-de-barcelona\/wp-content\/blogs.dir\/6\/files\/sites\/186\/2018\/12\/logo-revindiquem-lluitem-arribem-acords-300x56.png\" alt=\"\" width=\"514\" height=\"96\" srcset=\"https:\/\/ccoo.app\/diputacio-de-barcelona\/wp-content\/blogs.dir\/6\/files\/sites\/186\/2018\/12\/logo-revindiquem-lluitem-arribem-acords-300x56.png 300w, https:\/\/ccoo.app\/diputacio-de-barcelona\/wp-content\/blogs.dir\/6\/files\/sites\/186\/2018\/12\/logo-revindiquem-lluitem-arribem-acords-768x145.png 768w, https:\/\/ccoo.app\/diputacio-de-barcelona\/wp-content\/blogs.dir\/6\/files\/sites\/186\/2018\/12\/logo-revindiquem-lluitem-arribem-acords.png 940w\" sizes=\"auto, (max-width: 514px) 100vw, 514px\" \/><\/a><a href=\"https:\/\/www.ccoo.cat\/aspnet\/eleccions.aspx\"><img loading=\"lazy\" decoding=\"async\" class=\" wp-image-3428 aligncenter\" src=\"http:\/\/ccoo.app\/diputacio-de-barcelona\/wp-content\/blogs.dir\/6\/files\/sites\/186\/2019\/02\/ddddddddddddddddddddddddd-300x115.png\" alt=\"\" width=\"459\" height=\"176\" srcset=\"https:\/\/ccoo.app\/diputacio-de-barcelona\/wp-content\/blogs.dir\/6\/files\/sites\/186\/2019\/02\/ddddddddddddddddddddddddd-300x115.png 300w, https:\/\/ccoo.app\/diputacio-de-barcelona\/wp-content\/blogs.dir\/6\/files\/sites\/186\/2019\/02\/ddddddddddddddddddddddddd.png 611w\" sizes=\"auto, (max-width: 459px) 100vw, 459px\" \/><\/a><\/p>\n<p><a href=\"https:\/\/diba.ccoo.cat\/tambe-a-la-diputacio-no-es-no\/\"><img loading=\"lazy\" decoding=\"async\" class=\"wp-image-3043 aligncenter\" src=\"http:\/\/ccoo.app\/diputacio-de-barcelona\/wp-content\/blogs.dir\/6\/files\/sites\/186\/2018\/12\/ffffffffffffffffffff-1-300x108.png\" alt=\"\" width=\"175\" height=\"63\" srcset=\"https:\/\/ccoo.app\/diputacio-de-barcelona\/wp-content\/blogs.dir\/6\/files\/sites\/186\/2018\/12\/ffffffffffffffffffff-1-300x108.png 300w, https:\/\/ccoo.app\/diputacio-de-barcelona\/wp-content\/blogs.dir\/6\/files\/sites\/186\/2018\/12\/ffffffffffffffffffff-1.png 686w\" sizes=\"auto, (max-width: 175px) 100vw, 175px\" \/><\/a><\/p>\n<p>&nbsp;<\/p>\n<p><a href=\"https:\/\/diba.ccoo.cat\/afiliat-al-sindicat-amb-mes-afiliacio-i-representacio-a-la-diputacio-de-barcelona\/\"><img loading=\"lazy\" decoding=\"async\" class=\"alignnone size-medium wp-image-2346\" src=\"http:\/\/ccoo.app\/diputacio-de-barcelona\/wp-content\/blogs.dir\/6\/files\/sites\/186\/2016\/05\/asasas-300x142-1-300x142.png\" alt=\"\" width=\"300\" height=\"142\" \/><\/a><\/p>\n<p><span style=\"font-family: arial, helvetica, sans-serif;color: #000000\"><strong>Horari d\u2019atenci\u00f3 CCOO DIBA: <\/strong><\/span><\/p>\n<p><span style=\"font-family: arial, helvetica, sans-serif;color: #000000\"><strong>CARRER MALLORCA, 244, 2on 3a<\/strong><\/span><\/p>\n<p><span style=\"font-family: arial, helvetica, sans-serif;color: #000000\"><strong>DE DILLUNS A DIVENDRES DE 8:30 A 16:30\u00a0\u00a0 <\/strong><span style=\"font-size: 10pt\"><strong>(FORA D\u2019AQUEST HORARI, AMB CITA PR\u00c8VIA)<\/strong><\/span><\/span><\/p>\n<p style=\"text-align: center\"><span style=\"font-size: 18pt\"><span style=\"font-family: arial, helvetica, sans-serif;color: #000000\"><strong>\u00a0<\/strong><\/span><span style=\"font-family: arial, helvetica, sans-serif\"><strong><small><span style=\"color: #000000\">Contacta&#8217;ns per tel\u00e8fon al 934 022 985 o correu:<\/span> <a href=\"mailto:ccoo@diba.cat\">ccoo@diba.cat<\/a><\/small> <\/strong><\/span><\/span><\/p>\n<p>&nbsp;<\/p>\n<p><a href=\"http:\/\/diba.ccoo.cat\/\"><img loading=\"lazy\" decoding=\"async\" class=\"wp-image-3263 alignleft\" src=\"http:\/\/ccoo.app\/diputacio-de-barcelona\/wp-content\/blogs.dir\/6\/files\/sites\/186\/2019\/01\/rrrrrrrrrrrrrrrrrrrrr-287x300.png\" alt=\"\" width=\"189\" height=\"198\" srcset=\"https:\/\/ccoo.app\/diputacio-de-barcelona\/wp-content\/blogs.dir\/6\/files\/sites\/186\/2019\/01\/rrrrrrrrrrrrrrrrrrrrr-287x300.png 287w, https:\/\/ccoo.app\/diputacio-de-barcelona\/wp-content\/blogs.dir\/6\/files\/sites\/186\/2019\/01\/rrrrrrrrrrrrrrrrrrrrr.png 550w\" sizes=\"auto, (max-width: 189px) 100vw, 189px\" \/><\/a><\/p>\n<p>&nbsp;<\/p>\n<p><img loading=\"lazy\" decoding=\"async\" class=\"alignnone size-medium wp-image-3266\" src=\"http:\/\/ccoo.app\/diputacio-de-barcelona\/wp-content\/blogs.dir\/6\/files\/sites\/186\/2019\/01\/yyyyyyyyyyyyyyyyyyyyyyyy-300x57.png\" alt=\"\" width=\"300\" height=\"57\" srcset=\"https:\/\/ccoo.app\/diputacio-de-barcelona\/wp-content\/blogs.dir\/6\/files\/sites\/186\/2019\/01\/yyyyyyyyyyyyyyyyyyyyyyyy-300x57.png 300w, https:\/\/ccoo.app\/diputacio-de-barcelona\/wp-content\/blogs.dir\/6\/files\/sites\/186\/2019\/01\/yyyyyyyyyyyyyyyyyyyyyyyy.png 578w\" sizes=\"auto, (max-width: 300px) 100vw, 300px\" \/><\/p>\n<p><img loading=\"lazy\" decoding=\"async\" class=\"alignleft\" src=\"https:\/\/www.educapeques.com\/wp-content\/uploads\/2016\/04\/descargar-whatsapp.png\" alt=\"Resultado de imagen de whatsapp\" width=\"64\" height=\"50\" \/><a href=\"https:\/\/www.facebook.com\/CcooDiputacioDeBarcelona\/\"><img loading=\"lazy\" decoding=\"async\" class=\"alignleft\" src=\"https:\/\/upload.wikimedia.org\/wikipedia\/commons\/thumb\/7\/7c\/Facebook_New_Logo_%282015%29.svg\/2000px-Facebook_New_Logo_%282015%29.svg.png\" alt=\"Resultado de imagen de facebook\" width=\"122\" height=\"46\" \/><\/a>\u00a0<a href=\"https:\/\/twitter.com\/CCOODiba\"><img loading=\"lazy\" decoding=\"async\" class=\"alignnone wp-image-3432\" src=\"http:\/\/ccoo.app\/diputacio-de-barcelona\/wp-content\/blogs.dir\/6\/files\/sites\/186\/2019\/02\/ggggggggggggggggggggggggggg-300x142.jpg\" alt=\"\" width=\"116\" height=\"55\" srcset=\"https:\/\/ccoo.app\/diputacio-de-barcelona\/wp-content\/blogs.dir\/6\/files\/sites\/186\/2019\/02\/ggggggggggggggggggggggggggg-300x142.jpg 300w, https:\/\/ccoo.app\/diputacio-de-barcelona\/wp-content\/blogs.dir\/6\/files\/sites\/186\/2019\/02\/ggggggggggggggggggggggggggg-1024x485.jpg 1024w, https:\/\/ccoo.app\/diputacio-de-barcelona\/wp-content\/blogs.dir\/6\/files\/sites\/186\/2019\/02\/ggggggggggggggggggggggggggg-768x364.jpg 768w, https:\/\/ccoo.app\/diputacio-de-barcelona\/wp-content\/blogs.dir\/6\/files\/sites\/186\/2019\/02\/ggggggggggggggggggggggggggg.jpg 1536w\" sizes=\"auto, (max-width: 116px) 100vw, 116px\" \/><\/a> \u00a0\u00a0<a href=\"https:\/\/www.youtube.com\/channel\/UCFzenkS75udEcs4pB4qoZsg\"><img loading=\"lazy\" decoding=\"async\" class=\"alignleft\" src=\"https:\/\/i.kinja-img.com\/gawker-media\/image\/upload\/s--heVex4FV--\/c_scale,fl_progressive,q_80,w_800\/pol5zfmalpqmpt1jcnbp.png\" alt=\"Resultado de imagen de youtube\" width=\"117\" height=\"50\" \/><\/a><\/p>\n<p>&nbsp;<\/p>\n<p>&nbsp;<\/p>\n<p>&nbsp;<\/p>\n<p>&nbsp;    \t<\/p>\n","protected":false},"excerpt":{"rendered":"<p>\u00a0 \u00a0 \u00a0 \u00a0 \u00a0 \u00a0 \u00a0 \u00a0 \u00a0 \u00a0 \u00a0 \u00a0 \u00a0 \u00a0 \u00a0 \u00a0 ELECCIONS SINDICALS 10 D&#8217;ABRIL DE 2019 A la nostra p\u00e0gina web, trobareu SEMPRE els &#8230; <\/p>\n<p class=\"read-more-container\"><a title=\"3 EESS PRESENTEM L&#8217;ACCI\u00d3 FETA I PROPOSTES SINDICALS\" class=\"read-more button\" href=\"https:\/\/ccoo.app\/diputacio-de-barcelona\/presentem-laccio-feta-i-propostes-sindicals-2\/#more-4224\" aria-label=\"Leer m\u00e1s sobre 3 EESS PRESENTEM L&#8217;ACCI\u00d3 FETA I PROPOSTES SINDICALS\">Continuar llegint<\/a><\/p>\n","protected":false},"author":4519,"featured_media":4229,"comment_status":"open","ping_status":"open","sticky":false,"template":"","format":"standard","meta":{"footnotes":""},"categories":[19,21],"tags":[148],"class_list":["post-4224","post","type-post","status-publish","format-standard","has-post-thumbnail","hentry","category-comunicats","category-eleccions-sindicals","tag-mesa-general-negociacio","generate-columns","tablet-grid-50","mobile-grid-100","grid-parent","grid-50"],"_links":{"self":[{"href":"https:\/\/ccoo.app\/diputacio-de-barcelona\/wp-json\/wp\/v2\/posts\/4224","targetHints":{"allow":["GET"]}}],"collection":[{"href":"https:\/\/ccoo.app\/diputacio-de-barcelona\/wp-json\/wp\/v2\/posts"}],"about":[{"href":"https:\/\/ccoo.app\/diputacio-de-barcelona\/wp-json\/wp\/v2\/types\/post"}],"author":[{"embeddable":true,"href":"https:\/\/ccoo.app\/diputacio-de-barcelona\/wp-json\/wp\/v2\/users\/4519"}],"replies":[{"embeddable":true,"href":"https:\/\/ccoo.app\/diputacio-de-barcelona\/wp-json\/wp\/v2\/comments?post=4224"}],"version-history":[{"count":1,"href":"https:\/\/ccoo.app\/diputacio-de-barcelona\/wp-json\/wp\/v2\/posts\/4224\/revisions"}],"predecessor-version":[{"id":51982,"href":"https:\/\/ccoo.app\/diputacio-de-barcelona\/wp-json\/wp\/v2\/posts\/4224\/revisions\/51982"}],"wp:featuredmedia":[{"embeddable":true,"href":"https:\/\/ccoo.app\/diputacio-de-barcelona\/wp-json\/wp\/v2\/media\/4229"}],"wp:attachment":[{"href":"https:\/\/ccoo.app\/diputacio-de-barcelona\/wp-json\/wp\/v2\/media?parent=4224"}],"wp:term":[{"taxonomy":"category","embeddable":true,"href":"https:\/\/ccoo.app\/diputacio-de-barcelona\/wp-json\/wp\/v2\/categories?post=4224"},{"taxonomy":"post_tag","embeddable":true,"href":"https:\/\/ccoo.app\/diputacio-de-barcelona\/wp-json\/wp\/v2\/tags?post=4224"}],"curies":[{"name":"wp","href":"https:\/\/api.w.org\/{rel}","templated":true}]}}