{"id":4171,"date":"2019-03-31T19:23:11","date_gmt":"2019-03-31T18:23:11","guid":{"rendered":"https:\/\/diba.ccoo.cat\/?p=4171"},"modified":"2023-02-22T19:04:54","modified_gmt":"2023-02-22T18:04:54","slug":"eess-ccoo-presentem-la-nostra-candidatura","status":"publish","type":"post","link":"https:\/\/ccoo.app\/diputacio-de-barcelona\/eess-ccoo-presentem-la-nostra-candidatura\/","title":{"rendered":"1 EESS CCOO PRESENTEM LA NOSTRA CANDIDATURA"},"content":{"rendered":"<p class=\"wp-caption-text\"><img loading=\"lazy\" decoding=\"async\" class=\"alignnone wp-image-1853\" src=\"http:\/\/ccoo.app\/diputacio-de-barcelona\/wp-content\/blogs.dir\/6\/files\/sites\/186\/2018\/01\/logoccoov18.jpg\" alt=\"\" width=\"137\" height=\"63\" \/>\u00a0 \u00a0 \u00a0 \u00a0 \u00a0 \u00a0 \u00a0 \u00a0 \u00a0 \u00a0 \u00a0 \u00a0 \u00a0 \u00a0 \u00a0 \u00a0<a href=\"http:\/\/ccoo.app\/diputacio-de-barcelona\/wp-content\/blogs.dir\/6\/files\/sites\/186\/2019\/03\/1--eess-comunicat-def.pdf\"><img loading=\"lazy\" decoding=\"async\" class=\"alignnone wp-image-2113\" src=\"http:\/\/ccoo.app\/diputacio-de-barcelona\/wp-content\/blogs.dir\/6\/files\/sites\/186\/2018\/04\/22-300x172.png\" alt=\"\" width=\"134\" height=\"77\" srcset=\"https:\/\/ccoo.app\/diputacio-de-barcelona\/wp-content\/blogs.dir\/6\/files\/sites\/186\/2018\/04\/22-300x172.png 300w, https:\/\/ccoo.app\/diputacio-de-barcelona\/wp-content\/blogs.dir\/6\/files\/sites\/186\/2018\/04\/22.png 327w\" sizes=\"auto, (max-width: 134px) 100vw, 134px\" \/><\/a><\/p>\n<p style=\"text-align: center\"><span style=\"text-decoration: underline\"><span style=\"font-family: 'arial black', sans-serif;font-size: 18pt;color: #ff0000;text-decoration: underline\">ELECCIONS SINDICALS 10 D&#8217;ABRIL DE 2019<\/span><\/span><\/p>\n<p><span style=\"font-family: arial, helvetica, sans-serif\">Ja ha comen\u00e7at la campanya!<\/span><\/p>\n<p><span style=\"font-family: arial, helvetica, sans-serif\">Durant aquesta, el nostre objectiu ser\u00e0 explicar-vos en qu\u00e8 consisteix la nostra proposta:<\/span><\/p>\n<ul>\n<li><span style=\"font-family: arial, helvetica, sans-serif;color: #0000ff\"><strong>Perqu\u00e8 haur\u00edeu de votar CCOO DiBa?<\/strong><\/span><\/li>\n<li><span style=\"font-family: arial, helvetica, sans-serif;color: #0000ff\"><strong>Qu\u00e8 ens diferencia d\u2019altres opcions?<\/strong><\/span><\/li>\n<\/ul>\n<p>&nbsp;<\/p>\n<p style=\"text-align: justify\"><span style=\"font-family: arial, helvetica, sans-serif\">A la nostra <a href=\"https:\/\/diba.ccoo.cat\/\"><strong><u>p\u00e0gina web<\/u><\/strong>,<\/a> trobareu SEMPRE els documents:<\/span><\/p>\n<ul style=\"text-align: justify\">\n<li><span style=\"font-size: 20px\"><a href=\"https:\/\/diba.ccoo.cat\/feina-feta-2015-2019\/\"><span style=\"font-family: 'arial black', sans-serif;color: #0000ff\"><strong>FEINA FETA 2015-2019 <\/strong><\/span><\/a><span style=\"font-size: 16px\"><a href=\"https:\/\/diba.ccoo.cat\/feina-feta-2015-2019\/\">(<span style=\"font-family: 'arial black', sans-serif;color: #0000ff\"><strong>Cliqueu aqu\u00ed<\/strong><\/span><\/a><span style=\"font-family: arial, helvetica, sans-serif\"> per entrar)<\/span><\/span><\/span><\/li>\n<\/ul>\n<ul style=\"text-align: justify\">\n<li><span style=\"font-size: 20px\"><a href=\"https:\/\/diba.ccoo.cat\/programa-electoral-2019-2023\/\"><span style=\"font-family: 'arial black', sans-serif;color: #0000ff\"><strong>PROPOSTES SINDICALS 2019-2023 <\/strong><\/span><\/a><span style=\"font-size: 16px\"><a href=\"https:\/\/diba.ccoo.cat\/programa-electoral-2019-2023\/\">(<span style=\"font-family: 'arial black', sans-serif;color: #0000ff\"><strong>Cliqueu aqu\u00ed<\/strong><\/span><\/a><span style=\"font-family: arial, helvetica, sans-serif\"> per entrar)<\/span><\/span><\/span><\/li>\n<\/ul>\n<p>&nbsp;<\/p>\n<p style=\"text-align: center\"><span style=\"text-decoration: underline;color: #000000\"><span style=\"font-family: 'arial black', sans-serif;font-size: 28px\"><strong>LA CANDIDATURA DE CCOO <\/strong><\/span><\/span><\/p>\n<p style=\"text-align: center\"><span style=\"text-decoration: underline;color: #000000\"><span style=\"font-family: 'arial black', sans-serif;font-size: 28px\"><strong>A LA JUNTA DE PERSONAL<\/strong><\/span><\/span><\/p>\n<p style=\"text-align: center\"><span style=\"font-size: 20px;color: #000000\"><strong>Quines persones formen part de la nostra candidatura?<\/strong><\/span><\/p>\n<p>&nbsp;<\/p>\n<p><a href=\"https:\/\/www.youtube.com\/watch?v=8Z5rBMopdSo\"><img loading=\"lazy\" decoding=\"async\" class=\"wp-image-4177 aligncenter\" src=\"http:\/\/ccoo.app\/diputacio-de-barcelona\/wp-content\/blogs.dir\/6\/files\/sites\/186\/2019\/03\/aaaaaaaaaaaaaaaaaaaaaaaaaaaaaaaaaaaaaaaaa-300x100.png\" alt=\"\" width=\"396\" height=\"132\" srcset=\"https:\/\/ccoo.app\/diputacio-de-barcelona\/wp-content\/blogs.dir\/6\/files\/sites\/186\/2019\/03\/aaaaaaaaaaaaaaaaaaaaaaaaaaaaaaaaaaaaaaaaa-300x100.png 300w, https:\/\/ccoo.app\/diputacio-de-barcelona\/wp-content\/blogs.dir\/6\/files\/sites\/186\/2019\/03\/aaaaaaaaaaaaaaaaaaaaaaaaaaaaaaaaaaaaaaaaa.png 684w\" sizes=\"auto, (max-width: 396px) 100vw, 396px\" \/><\/a><\/p>\n<p>&nbsp;<\/p>\n<p><a href=\"http:\/\/ccoo.app\/diputacio-de-barcelona\/wp-content\/blogs.dir\/6\/files\/sites\/186\/2019\/03\/candidatura-ccoo-2019.pdf\"><img loading=\"lazy\" decoding=\"async\" class=\" wp-image-4178 aligncenter\" src=\"http:\/\/ccoo.app\/diputacio-de-barcelona\/wp-content\/blogs.dir\/6\/files\/sites\/186\/2019\/03\/aaaaaaaaaaaaaaaaaaaaaaaaaaaaaaaaaaaaaaaaaaaaaaaaaaaaaaaaaaaaaaaaaaaa-300x130.png\" alt=\"\" width=\"369\" height=\"160\" srcset=\"https:\/\/ccoo.app\/diputacio-de-barcelona\/wp-content\/blogs.dir\/6\/files\/sites\/186\/2019\/03\/aaaaaaaaaaaaaaaaaaaaaaaaaaaaaaaaaaaaaaaaaaaaaaaaaaaaaaaaaaaaaaaaaaaa-300x130.png 300w, https:\/\/ccoo.app\/diputacio-de-barcelona\/wp-content\/blogs.dir\/6\/files\/sites\/186\/2019\/03\/aaaaaaaaaaaaaaaaaaaaaaaaaaaaaaaaaaaaaaaaaaaaaaaaaaaaaaaaaaaaaaaaaaaa.png 674w\" sizes=\"auto, (max-width: 369px) 100vw, 369px\" \/><\/a><\/p>\n<p>&nbsp;<\/p>\n<ul>\n<li style=\"text-align: justify\"><span style=\"font-family: arial, helvetica, sans-serif;color: #000000\"><strong>223 persones formen part de la nostra candidatura:<\/strong><\/span>\n<ul>\n<li style=\"list-style-type: none\">\n<ul>\n<li><span style=\"font-family: arial, helvetica, sans-serif;color: #000000\">132 Dones<\/span><\/li>\n<li><span style=\"font-family: arial, helvetica, sans-serif;color: #000000\">91 Homes<\/span><\/li>\n<li><span style=\"color: #000000\"><span style=\"font-family: arial, helvetica, sans-serif\">La nostra candidatura \u00e9s un reflex de la nostra realitat a la Diputaci\u00f3: les dones representen entorn un 60% del total de la plantilla. <\/span><strong style=\"font-family: arial, helvetica, sans-serif\">Anem m\u00e9s enll\u00e0 del concepte \u201ccremallera\u201d dona\/home!<\/strong><\/span><\/li>\n<\/ul>\n<\/li>\n<\/ul>\n<\/li>\n<\/ul>\n<ul style=\"text-align: justify\">\n<li><span style=\"font-family: arial, helvetica, sans-serif;color: #000000\">\u00c9s la candidatura <strong>m\u00e9s nombrosa<\/strong> de totes les que es presenten.<\/span>\n<ul>\n<li><span style=\"font-family: arial, helvetica, sans-serif;color: #000000\"><strong>CCOO <\/strong><span style=\"color: #0000ff\"><strong>223<\/strong><\/span><strong> \/ UGT <\/strong><span style=\"color: #0000ff\"><strong>99<\/strong><\/span><strong> \/ CGT <\/strong><span style=\"color: #0000ff\"><strong>45<\/strong><\/span><strong> \/ ICSC <\/strong><span style=\"color: #0000ff\"><strong>43<\/strong><\/span><\/span><\/li>\n<\/ul>\n<\/li>\n<\/ul>\n<ul style=\"text-align: justify\">\n<li><span style=\"font-family: arial, helvetica, sans-serif;color: #000000\">Persones de centres de treball <strong>d\u2019arreu de la prov\u00edncia<\/strong>.<\/span><\/li>\n<li><span style=\"font-family: arial, helvetica, sans-serif;color: #000000\">Persones de molts <strong>col\u00b7lectius i categories.<\/strong><\/span><\/li>\n<li><span style=\"font-family: arial, helvetica, sans-serif;color: #000000\">Noves incorporacions: <strong>5 noves persones<\/strong> entre les 10 primeres posicions.<\/span><\/li>\n<li><span style=\"font-family: arial, helvetica, sans-serif;color: #000000\">Escollides mitjan\u00e7ant <strong>llista oberta ratificada en assemblea.<\/strong><\/span><\/li>\n<\/ul>\n<p>&nbsp;<\/p>\n<p><img loading=\"lazy\" decoding=\"async\" class=\"wp-image-4192 aligncenter\" src=\"http:\/\/ccoo.app\/diputacio-de-barcelona\/wp-content\/blogs.dir\/6\/files\/sites\/186\/2019\/03\/assemblea-1-300x161.png\" alt=\"\" width=\"376\" height=\"202\" srcset=\"https:\/\/ccoo.app\/diputacio-de-barcelona\/wp-content\/blogs.dir\/6\/files\/sites\/186\/2019\/03\/assemblea-1-300x161.png 300w, https:\/\/ccoo.app\/diputacio-de-barcelona\/wp-content\/blogs.dir\/6\/files\/sites\/186\/2019\/03\/assemblea-1.png 560w\" sizes=\"auto, (max-width: 376px) 100vw, 376px\" \/><\/p>\n<p>&nbsp;<\/p>\n<p style=\"text-align: justify\"><span style=\"font-family: arial, helvetica, sans-serif;color: #000000\"><strong>No deixeu de venir a les<\/strong> <strong>assemblees <\/strong>que anirem celebrant al llarg de la setmana on a m\u00e9s de <strong>repassar la feina feta (2015-2019) i d\u2019explicar-vos les nostres propostes<\/strong> pels pr\u00f2xims 4 anys, ens agradar\u00e0 poder con\u00e8ixer la vostra opini\u00f3 i recollir de primera m\u00e0 els vostres suggeriments.\u00a0<\/span><\/p>\n<p>&nbsp;<\/p>\n<p><img loading=\"lazy\" decoding=\"async\" class=\"wp-image-4193 aligncenter\" src=\"http:\/\/ccoo.app\/diputacio-de-barcelona\/wp-content\/blogs.dir\/6\/files\/sites\/186\/2019\/03\/assemblea-2-300x140.png\" alt=\"\" width=\"369\" height=\"172\" srcset=\"https:\/\/ccoo.app\/diputacio-de-barcelona\/wp-content\/blogs.dir\/6\/files\/sites\/186\/2019\/03\/assemblea-2-300x140.png 300w, https:\/\/ccoo.app\/diputacio-de-barcelona\/wp-content\/blogs.dir\/6\/files\/sites\/186\/2019\/03\/assemblea-2.png 552w\" sizes=\"auto, (max-width: 369px) 100vw, 369px\" \/><\/p>\n<p style=\"text-align: justify\"><span style=\"font-family: arial, helvetica, sans-serif\"><a href=\"https:\/\/diba.ccoo.cat\/wp-content\/uploads\/sites\/37\/2019\/03\/PROGRAMACI%C3%93-ASSEMBLEES-ELECCIONS-SINDICALS-2019.pdf\"><span style=\"font-family: 'arial black', sans-serif;color: #0000ff\"><strong>Cliqueu aqu\u00ed<\/strong><\/span><\/a> <span style=\"color: #000000\">per veure el programa complet d\u2019assemblees.<\/span><\/span><\/p>\n<p>&nbsp;<\/p>\n<p style=\"text-align: justify\"><span style=\"font-family: arial, helvetica, sans-serif\"><span style=\"color: #000000\">Com sempre, us podeu posar en contacte amb nosaltres al 93.402.29.85, a<\/span> <a href=\"mailto:ccoo@diba.cat\">ccoo@diba.cat<\/a> , <span style=\"color: #000000\"><em>FaceBook <\/em>o <em>Twitter<\/em>\u00a0 #EleccionsSindicalsDiBa2019 .<\/span><\/span><\/p>\n<p>&nbsp;<\/p>\n<p style=\"text-align: justify\"><img loading=\"lazy\" decoding=\"async\" class=\"wp-image-3670 alignleft\" src=\"http:\/\/ccoo.app\/diputacio-de-barcelona\/wp-content\/blogs.dir\/6\/files\/sites\/186\/2019\/03\/xxxxxxxxxxxxxxxxxxxxxxxxxxxxxxxxxxxd.jpg\" alt=\"\" width=\"41\" height=\"72\" \/><\/p>\n<p style=\"text-align: justify\"><span style=\"font-family: arial, helvetica, sans-serif;font-size: 14px;color: #000000\"><span style=\"font-size: 20px;font-family: 'arial black', sans-serif\"><a href=\"http:\/\/ccoo.app\/diputacio-de-barcelona\/wp-content\/blogs.dir\/6\/files\/sites\/186\/2019\/03\/vot-correu-per-a-tots-els-collectius.pdf\"><span style=\"color: #0000ff\">Cliqueu aqu\u00ed<\/span><\/a> <\/span>per llegir i\/o descarregar en PDF les INSTRUCCIONS per realitzar EL <span style=\"text-decoration: underline\"><strong>VOT PER CORREU.<\/strong><\/span><\/span><\/p>\n<p style=\"text-align: justify\"><span style=\"font-family: 'arial black', sans-serif\"><a href=\"https:\/\/intradiba.diba.cat\/web\/noticies\/-\/vot-per-correu\"><span style=\"color: #0000ff;font-size: 20px\"><strong>Cliqueu aqu\u00ed<\/strong> <\/span><\/a><span style=\"font-family: arial, helvetica, sans-serif\">per anar a la informaci\u00f3 d&#8217;Intradiba.<\/span><\/span><\/p>\n<p>&nbsp;<\/p>\n<p><a href=\"https:\/\/diba.ccoo.cat\/\"><img loading=\"lazy\" decoding=\"async\" class=\"wp-image-4185 aligncenter\" src=\"http:\/\/ccoo.app\/diputacio-de-barcelona\/wp-content\/blogs.dir\/6\/files\/sites\/186\/2019\/03\/vota-ccoo-1-300x254.png\" alt=\"\" width=\"198\" height=\"168\" srcset=\"https:\/\/ccoo.app\/diputacio-de-barcelona\/wp-content\/blogs.dir\/6\/files\/sites\/186\/2019\/03\/vota-ccoo-1-300x254.png 300w, https:\/\/ccoo.app\/diputacio-de-barcelona\/wp-content\/blogs.dir\/6\/files\/sites\/186\/2019\/03\/vota-ccoo-1.png 454w\" sizes=\"auto, (max-width: 198px) 100vw, 198px\" \/><\/a><\/p>\n<p><a href=\"https:\/\/www.youtube.com\/watch?time_continue=8&amp;v=b7Qj7y8VlNs\"><img loading=\"lazy\" decoding=\"async\" class=\"wp-image-4187 aligncenter\" src=\"http:\/\/ccoo.app\/diputacio-de-barcelona\/wp-content\/blogs.dir\/6\/files\/sites\/186\/2019\/03\/app-imatge.png\" alt=\"\" width=\"171\" height=\"178\" \/><\/a><\/p>\n<p>&nbsp;<\/p>\n<p><a href=\"http:\/\/ccoo.app\/diputacio-de-barcelona\/wp-content\/blogs.dir\/6\/files\/sites\/186\/2019\/03\/mem04-acords.pdf\"><img loading=\"lazy\" decoding=\"async\" class=\"wp-image-3042 aligncenter\" src=\"http:\/\/ccoo.app\/diputacio-de-barcelona\/wp-content\/blogs.dir\/6\/files\/sites\/186\/2018\/12\/logo-revindiquem-lluitem-arribem-acords-300x56.png\" alt=\"\" width=\"514\" height=\"96\" srcset=\"https:\/\/ccoo.app\/diputacio-de-barcelona\/wp-content\/blogs.dir\/6\/files\/sites\/186\/2018\/12\/logo-revindiquem-lluitem-arribem-acords-300x56.png 300w, https:\/\/ccoo.app\/diputacio-de-barcelona\/wp-content\/blogs.dir\/6\/files\/sites\/186\/2018\/12\/logo-revindiquem-lluitem-arribem-acords-768x145.png 768w, https:\/\/ccoo.app\/diputacio-de-barcelona\/wp-content\/blogs.dir\/6\/files\/sites\/186\/2018\/12\/logo-revindiquem-lluitem-arribem-acords.png 940w\" sizes=\"auto, (max-width: 514px) 100vw, 514px\" \/><\/a><a href=\"https:\/\/www.ccoo.cat\/aspnet\/eleccions.aspx\"><img loading=\"lazy\" decoding=\"async\" class=\" wp-image-3428 aligncenter\" src=\"http:\/\/ccoo.app\/diputacio-de-barcelona\/wp-content\/blogs.dir\/6\/files\/sites\/186\/2019\/02\/ddddddddddddddddddddddddd-300x115.png\" alt=\"\" width=\"459\" height=\"176\" srcset=\"https:\/\/ccoo.app\/diputacio-de-barcelona\/wp-content\/blogs.dir\/6\/files\/sites\/186\/2019\/02\/ddddddddddddddddddddddddd-300x115.png 300w, https:\/\/ccoo.app\/diputacio-de-barcelona\/wp-content\/blogs.dir\/6\/files\/sites\/186\/2019\/02\/ddddddddddddddddddddddddd.png 611w\" sizes=\"auto, (max-width: 459px) 100vw, 459px\" \/><\/a><\/p>\n<p><a href=\"https:\/\/diba.ccoo.cat\/tambe-a-la-diputacio-no-es-no\/\"><img loading=\"lazy\" decoding=\"async\" class=\"wp-image-3043 aligncenter\" src=\"http:\/\/ccoo.app\/diputacio-de-barcelona\/wp-content\/blogs.dir\/6\/files\/sites\/186\/2018\/12\/ffffffffffffffffffff-1-300x108.png\" alt=\"\" width=\"175\" height=\"63\" srcset=\"https:\/\/ccoo.app\/diputacio-de-barcelona\/wp-content\/blogs.dir\/6\/files\/sites\/186\/2018\/12\/ffffffffffffffffffff-1-300x108.png 300w, https:\/\/ccoo.app\/diputacio-de-barcelona\/wp-content\/blogs.dir\/6\/files\/sites\/186\/2018\/12\/ffffffffffffffffffff-1.png 686w\" sizes=\"auto, (max-width: 175px) 100vw, 175px\" \/><\/a><\/p>\n<p>&nbsp;<\/p>\n<p><a href=\"https:\/\/diba.ccoo.cat\/afiliat-al-sindicat-amb-mes-afiliacio-i-representacio-a-la-diputacio-de-barcelona\/\"><img loading=\"lazy\" decoding=\"async\" class=\"alignnone size-medium wp-image-2346\" src=\"http:\/\/ccoo.app\/diputacio-de-barcelona\/wp-content\/blogs.dir\/6\/files\/sites\/186\/2016\/05\/asasas-300x142-1-300x142.png\" alt=\"\" width=\"300\" height=\"142\" \/><\/a><\/p>\n<p><span style=\"font-family: arial, helvetica, sans-serif;color: #000000\"><strong>Horari d\u2019atenci\u00f3 CCOO DIBA: <\/strong><\/span><\/p>\n<p><span style=\"font-family: arial, helvetica, sans-serif;color: #000000\"><strong>CARRER MALLORCA, 244, 2on 3a<\/strong><\/span><\/p>\n<p><span style=\"font-family: arial, helvetica, sans-serif;color: #000000\"><strong>DE DILLUNS A DIVENDRES DE 8:30 A 16:30\u00a0\u00a0 <\/strong><span style=\"font-size: 10pt\"><strong>(FORA D\u2019AQUEST HORARI, AMB CITA PR\u00c8VIA)<\/strong><\/span><\/span><\/p>\n<p style=\"text-align: center\"><span style=\"font-size: 18pt\"><span style=\"font-family: arial, helvetica, sans-serif;color: #000000\"><strong>\u00a0<\/strong><\/span><span style=\"font-family: arial, helvetica, sans-serif\"><strong><small><span style=\"color: #000000\">Contacta&#8217;ns per tel\u00e8fon al 934 022 985 o correu:<\/span> <a href=\"mailto:ccoo@diba.cat\">ccoo@diba.cat<\/a><\/small> <\/strong><\/span><\/span><\/p>\n<p>&nbsp;<\/p>\n<p><a href=\"http:\/\/diba.ccoo.cat\/\"><img loading=\"lazy\" decoding=\"async\" class=\"wp-image-3263 alignleft\" src=\"http:\/\/ccoo.app\/diputacio-de-barcelona\/wp-content\/blogs.dir\/6\/files\/sites\/186\/2019\/01\/rrrrrrrrrrrrrrrrrrrrr-287x300.png\" alt=\"\" width=\"189\" height=\"198\" srcset=\"https:\/\/ccoo.app\/diputacio-de-barcelona\/wp-content\/blogs.dir\/6\/files\/sites\/186\/2019\/01\/rrrrrrrrrrrrrrrrrrrrr-287x300.png 287w, https:\/\/ccoo.app\/diputacio-de-barcelona\/wp-content\/blogs.dir\/6\/files\/sites\/186\/2019\/01\/rrrrrrrrrrrrrrrrrrrrr.png 550w\" sizes=\"auto, (max-width: 189px) 100vw, 189px\" \/><\/a><\/p>\n<p>&nbsp;<\/p>\n<p><img loading=\"lazy\" decoding=\"async\" class=\"alignnone size-medium wp-image-3266\" src=\"http:\/\/ccoo.app\/diputacio-de-barcelona\/wp-content\/blogs.dir\/6\/files\/sites\/186\/2019\/01\/yyyyyyyyyyyyyyyyyyyyyyyy-300x57.png\" alt=\"\" width=\"300\" height=\"57\" srcset=\"https:\/\/ccoo.app\/diputacio-de-barcelona\/wp-content\/blogs.dir\/6\/files\/sites\/186\/2019\/01\/yyyyyyyyyyyyyyyyyyyyyyyy-300x57.png 300w, https:\/\/ccoo.app\/diputacio-de-barcelona\/wp-content\/blogs.dir\/6\/files\/sites\/186\/2019\/01\/yyyyyyyyyyyyyyyyyyyyyyyy.png 578w\" sizes=\"auto, (max-width: 300px) 100vw, 300px\" \/><\/p>\n<p><img loading=\"lazy\" decoding=\"async\" class=\"alignleft\" src=\"https:\/\/www.educapeques.com\/wp-content\/uploads\/2016\/04\/descargar-whatsapp.png\" alt=\"Resultado de imagen de whatsapp\" width=\"64\" height=\"50\" \/><a href=\"https:\/\/www.facebook.com\/CcooDiputacioDeBarcelona\/\"><img loading=\"lazy\" decoding=\"async\" class=\"alignleft\" src=\"https:\/\/upload.wikimedia.org\/wikipedia\/commons\/thumb\/7\/7c\/Facebook_New_Logo_%282015%29.svg\/2000px-Facebook_New_Logo_%282015%29.svg.png\" alt=\"Resultado de imagen de facebook\" width=\"122\" height=\"46\" \/><\/a>\u00a0<a href=\"https:\/\/twitter.com\/CCOODiba\"><img loading=\"lazy\" decoding=\"async\" class=\"alignnone wp-image-3432\" src=\"http:\/\/ccoo.app\/diputacio-de-barcelona\/wp-content\/blogs.dir\/6\/files\/sites\/186\/2019\/02\/ggggggggggggggggggggggggggg-300x142.jpg\" alt=\"\" width=\"116\" height=\"55\" srcset=\"https:\/\/ccoo.app\/diputacio-de-barcelona\/wp-content\/blogs.dir\/6\/files\/sites\/186\/2019\/02\/ggggggggggggggggggggggggggg-300x142.jpg 300w, https:\/\/ccoo.app\/diputacio-de-barcelona\/wp-content\/blogs.dir\/6\/files\/sites\/186\/2019\/02\/ggggggggggggggggggggggggggg-1024x485.jpg 1024w, https:\/\/ccoo.app\/diputacio-de-barcelona\/wp-content\/blogs.dir\/6\/files\/sites\/186\/2019\/02\/ggggggggggggggggggggggggggg-768x364.jpg 768w, https:\/\/ccoo.app\/diputacio-de-barcelona\/wp-content\/blogs.dir\/6\/files\/sites\/186\/2019\/02\/ggggggggggggggggggggggggggg.jpg 1536w\" sizes=\"auto, (max-width: 116px) 100vw, 116px\" \/><\/a> \u00a0\u00a0<a href=\"https:\/\/www.youtube.com\/channel\/UCFzenkS75udEcs4pB4qoZsg\"><img loading=\"lazy\" decoding=\"async\" class=\"alignleft\" src=\"https:\/\/i.kinja-img.com\/gawker-media\/image\/upload\/s--heVex4FV--\/c_scale,fl_progressive,q_80,w_800\/pol5zfmalpqmpt1jcnbp.png\" alt=\"Resultado de imagen de youtube\" width=\"117\" height=\"50\" \/><\/a><\/p>\n<p>&nbsp;<\/p>\n<p>&nbsp;<\/p>\n<p>&nbsp;<\/p>\n<p>&nbsp;    \t<\/p>\n","protected":false},"excerpt":{"rendered":"<p>\u00a0 \u00a0 \u00a0 \u00a0 \u00a0 \u00a0 \u00a0 \u00a0 \u00a0 \u00a0 \u00a0 \u00a0 \u00a0 \u00a0 \u00a0 \u00a0 ELECCIONS SINDICALS 10 D&#8217;ABRIL DE 2019 Ja ha comen\u00e7at la campanya! Durant aquesta, el &#8230; <\/p>\n<p class=\"read-more-container\"><a title=\"1 EESS CCOO PRESENTEM LA NOSTRA CANDIDATURA\" class=\"read-more button\" href=\"https:\/\/ccoo.app\/diputacio-de-barcelona\/eess-ccoo-presentem-la-nostra-candidatura\/#more-4171\" aria-label=\"Leer m\u00e1s sobre 1 EESS CCOO PRESENTEM LA NOSTRA CANDIDATURA\">Continuar llegint<\/a><\/p>\n","protected":false},"author":4519,"featured_media":4201,"comment_status":"open","ping_status":"open","sticky":false,"template":"","format":"standard","meta":{"footnotes":""},"categories":[19,21],"tags":[148],"class_list":["post-4171","post","type-post","status-publish","format-standard","has-post-thumbnail","hentry","category-comunicats","category-eleccions-sindicals","tag-mesa-general-negociacio","generate-columns","tablet-grid-50","mobile-grid-100","grid-parent","grid-50"],"_links":{"self":[{"href":"https:\/\/ccoo.app\/diputacio-de-barcelona\/wp-json\/wp\/v2\/posts\/4171","targetHints":{"allow":["GET"]}}],"collection":[{"href":"https:\/\/ccoo.app\/diputacio-de-barcelona\/wp-json\/wp\/v2\/posts"}],"about":[{"href":"https:\/\/ccoo.app\/diputacio-de-barcelona\/wp-json\/wp\/v2\/types\/post"}],"author":[{"embeddable":true,"href":"https:\/\/ccoo.app\/diputacio-de-barcelona\/wp-json\/wp\/v2\/users\/4519"}],"replies":[{"embeddable":true,"href":"https:\/\/ccoo.app\/diputacio-de-barcelona\/wp-json\/wp\/v2\/comments?post=4171"}],"version-history":[{"count":1,"href":"https:\/\/ccoo.app\/diputacio-de-barcelona\/wp-json\/wp\/v2\/posts\/4171\/revisions"}],"predecessor-version":[{"id":51985,"href":"https:\/\/ccoo.app\/diputacio-de-barcelona\/wp-json\/wp\/v2\/posts\/4171\/revisions\/51985"}],"wp:featuredmedia":[{"embeddable":true,"href":"https:\/\/ccoo.app\/diputacio-de-barcelona\/wp-json\/wp\/v2\/media\/4201"}],"wp:attachment":[{"href":"https:\/\/ccoo.app\/diputacio-de-barcelona\/wp-json\/wp\/v2\/media?parent=4171"}],"wp:term":[{"taxonomy":"category","embeddable":true,"href":"https:\/\/ccoo.app\/diputacio-de-barcelona\/wp-json\/wp\/v2\/categories?post=4171"},{"taxonomy":"post_tag","embeddable":true,"href":"https:\/\/ccoo.app\/diputacio-de-barcelona\/wp-json\/wp\/v2\/tags?post=4171"}],"curies":[{"name":"wp","href":"https:\/\/api.w.org\/{rel}","templated":true}]}}