{"id":406,"date":"2016-06-08T07:47:23","date_gmt":"2016-06-08T06:47:23","guid":{"rendered":"https:\/\/diba.ccoo.cat\/?p=406"},"modified":"2016-06-08T07:47:23","modified_gmt":"2016-06-08T06:47:23","slug":"defensem-els-serveis-publics-que-presten-les-diputacions-i-el-seu-paper-en-el-suport-municipal","status":"publish","type":"post","link":"https:\/\/ccoo.app\/diputacio-de-barcelona\/defensem-els-serveis-publics-que-presten-les-diputacions-i-el-seu-paper-en-el-suport-municipal\/","title":{"rendered":"DEFENSEM ELS SERVEIS P\u00daBLICS QUE PRESTEN LES DIPUTACIONS I EL SEU PAPER EN EL SUPORT MUNICIPAL"},"content":{"rendered":"<p>&nbsp;<\/p>\n<p><img loading=\"lazy\" decoding=\"async\" class=\"wp-image-189\" title=\"Secci\u00f3 Sindical de la Diutaci\u00f3 de Barcelona de la Federaci\u00f3 Sindical de Catalunya\" src=\"http:\/\/ccoo.app\/diputacio-de-barcelona\/wp-content\/blogs.dir\/6\/files\/sites\/186\/2015\/12\/ccoo-fsc-cat.png\" alt=\"Secci\u00f3 Sindical de la Diputaci\u00f3 de Barcelona de la Federaci\u00f3 Sindical de Catalunya\" width=\"469\" height=\"90\" \/><\/p>\n<p class=\"wp-caption-text\">Secci\u00f3 Sindical de la Diputaci\u00f3 de Barcelona<\/p>\n<h3 style=\"text-align: center\"><\/h3>\n<p style=\"text-align: justify\"><b>El <\/b><b>q\u00fcestionament<\/b><b> del paper de les diputacions provincials o, com s&#8217;est\u00e0 proposant aquests dies, la seva supressi\u00f3 i reconversi\u00f3 en un dif\u00fas ens de consell <\/b><b>d&#8217;alcaldes, \u00e9s fruit de l&#8217;oportunisme pol\u00edtic, del desconeixement de la realitat de l&#8217;administraci\u00f3 municipal i de l&#8217;afany de lucre i conseg\u00fcent privatitzaci\u00f3 de serveis p\u00fablics.<\/b><\/p>\n<p style=\"text-align: justify\">De forma demag\u00f2gica i <b>seguint de forma submisa instruccions de la <\/b><b><i>Troika<\/i><\/b><b> europea<\/b>, des d&#8217;algunes inst\u00e0ncies pol\u00edtiques es vol desmantellar estructures p\u00fabliques de producci\u00f3 de serveis. En particular les iniciatives pol\u00edtiques s\u2019han focalitzat en entitats p\u00fabliques supramunicipals com ara les diputacions. S&#8217;ignora que les entitats de provisi\u00f3 de serveis supramunicipals apliquen economies d&#8217;escala i atresorament de coneixement fent econ\u00f2micament m\u00e9s rendibles els recursos destinats a la provisi\u00f3 de serveis, la potestat dels quals \u00e9s dels ajuntaments.<\/p>\n<p style=\"text-align: justify\">Un dels arguments per tirar endavant la supressi\u00f3 de les diputacions \u00e9s la voluntat de racionalitzar els recursos p\u00fablics. Per\u00f2 al contrari, suprimir les diputacions <b>suposaria un fort increment de la despesa. <\/b>Per qu\u00e8? Hem de tenir en compte que obligaria a la particularitzaci\u00f3 de la provisi\u00f3 de serveis ajuntament a ajuntament. Per tant, quan es parla de suprimir diputacions, en realitat <b>s&#8217;amaga l&#8217;objectiu inconfessable d&#8217;una gesti\u00f3 privatitzada <\/b>on el compte de resultats de les empreses adjudicat\u00e0ries i no el b\u00e9 social p\u00fablic, ser\u00e0 l&#8217;objectiu a acomplir. M\u00e9s despesa, pitjors serveis i augment de la precaritzaci\u00f3 com a resultat.<\/p>\n<p style=\"text-align: justify\"><b>Defensem com a forma m\u00e9s eficient i efica\u00e7 la tasca duta a terme per personal funcionari <\/b>qui ret obedi\u00e8ncia exclusiva al b\u00e9 com\u00fa i no a l&#8217;inter\u00e8s privat. Els organismes supralocals han de ser mecanismes de provisi\u00f3 de finan\u00e7ament optimitzat a la particularitat dels municipis, han de ser subministradors de valor dels serveis professionals fruit de la seva actuaci\u00f3 experta en les desenes de municipis de la demarcaci\u00f3. Han d&#8217;arribar aix\u00ed mateix al servei ciutad\u00e0 all\u00e0 on no pot un consistori,\u00a0 tot complementant la seva intervenci\u00f3.<\/p>\n<p style=\"text-align: justify\">No volem deixar de constatar que <b>el deficient disseny de les estructures de govern de les diputacions i dels seus <\/b>alts comandaments \u00e9s una c\u00e0rrega que malmet el seu \u00f2ptim funcionament tot projectant una imatge d\u2019inefic\u00e0cia vers la ciutadania. Els cassos de corrupci\u00f3 apareguts als mitjans de comunicaci\u00f3 en s\u00f3n una conseq\u00fc\u00e8ncia.<\/p>\n<p style=\"text-align: justify\">No \u00e9s en la privatitzaci\u00f3 dels serveis de les diputacions sin\u00f3 en la regularitzaci\u00f3 i<b> consolidaci\u00f3 del seu personal precari inter\u00ed,<\/b> on rau una m\u00e9s eficient prestaci\u00f3 dels mateixos. Com han coincidit els agents socials, <b>la feina de qualitat \u00e9s la feina fixa i estable<\/b>. No \u00e9s en la seva supressi\u00f3 sin\u00f3 en la racionalitzaci\u00f3 radical de la seva governan\u00e7a i gesti\u00f3 on es troba la necess\u00e0ria millora que han de tenir les administracions supralocals, molt en particular la nostra diputaci\u00f3.<\/p>\n<p style=\"text-align: justify\">Aix\u00ed doncs, <b>CCOO <\/b><b>DiBa<\/b><b> defensem el paper de prestaci\u00f3 de serveis p\u00fablics d&#8217;\u00e0mbit municipal i de m\u00e0xima subsidiarietat a la ciutadania que presten les diputacions<\/b> juntament amb els ajuntaments de les nostres demarcacions territorials. Per la qual cosa, <b>fem una crida a la ciutadania i treballadors i treballadores a les necess\u00e0ries mobilitzacions<\/b> cas que arribat el cas, es vulgui posar en perill la seva exist\u00e8ncia i viabilitat com a prestadores p\u00fabliques de serveis a la ciutadania.<\/p>\n<p style=\"text-align: justify\">A m\u00e9s, com que entenem que aquest posicionament ferm envers el paper de les diputacions ha de ser una lluita conjunta i unit\u00e0ria, hem introdu\u00eft a l&#8217;ordre del dia de la reuni\u00f3 de la <b>Junta de Personal<\/b> de dem\u00e0 el seg\u00fcent punt:<\/p>\n<ul style=\"text-align: justify\">\n<li>Pronunciament de la Junta de Personal en defensa dels Serveis P\u00fablics que presten les Diputacions, i\u202f el seu paper en el suport municipal.<\/li>\n<\/ul>\n<p style=\"text-align: justify\">Proposarem acordar un posicionament conjunt i fer-lo extensiu a tot el personal i als partits pol\u00edtics amb representaci\u00f3 a la Diputaci\u00f3 de Barcelona.<\/p>\n<p style=\"text-align: justify\">Davant discursos interessats, oportunistes i superficials, defensem el paper de les Diputacions, tot i que tenim clar que s\u00f3n radicalment millorables per fer-les encara m\u00e9s eficients.<\/p>\n<p><img loading=\"lazy\" decoding=\"async\" class=\"alignleft wp-image-226\" src=\"http:\/\/ccoo.app\/diputacio-de-barcelona\/wp-content\/blogs.dir\/6\/files\/sites\/186\/2016\/04\/estem-decidits-acontinuar-lluitant.png\" alt=\"Estem decidits a continuar lluitant !\" width=\"213\" height=\"89\" \/><\/p>\n<p><img loading=\"lazy\" decoding=\"async\" class=\"wp-image-262 alignright\" src=\"http:\/\/ccoo.app\/diputacio-de-barcelona\/wp-content\/blogs.dir\/6\/files\/sites\/186\/2016\/04\/afiliat_ccoo_cat.gif\" alt=\"Tota la informaci\u00f3 de com afiliar-se a CCOO Catalunya i forlmulari d'alta o baxia.\" width=\"90\" height=\"80\" \/><\/p>\n<p><img loading=\"lazy\" decoding=\"async\" class=\"wp-image-227 aligncenter\" src=\"http:\/\/ccoo.app\/diputacio-de-barcelona\/wp-content\/blogs.dir\/6\/files\/sites\/186\/2016\/04\/logo-peu-300x69.png\" alt=\"logo-peu\" width=\"952\" height=\"219\" srcset=\"https:\/\/ccoo.app\/diputacio-de-barcelona\/wp-content\/blogs.dir\/6\/files\/sites\/186\/2016\/04\/logo-peu-300x69.png 300w, https:\/\/ccoo.app\/diputacio-de-barcelona\/wp-content\/blogs.dir\/6\/files\/sites\/186\/2016\/04\/logo-peu.png 557w\" sizes=\"auto, (max-width: 952px) 100vw, 952px\" \/><\/p>\n<p style=\"text-align: center\"><small><\/small><small>Formulari d&#8217;<a href=\"\/afiliat\/\">alta<\/a>, <a href=\"\/afiliat\/\">baixa <\/a>o <a href=\"\/afiliat\/\">modificaci\u00f3 <\/a>de les dades personals o<br \/>\ncontacta&#8217;ns a trav\u00e9s del tel\u00e8fon<strong> 934 022 985<\/strong> o correu: <a href=\"mailto:ccoo@diba.cat\"><strong>ccoo@diba.cat<\/strong><\/a><\/small><\/p>\n","protected":false},"excerpt":{"rendered":"<p>&nbsp; Secci\u00f3 Sindical de la Diputaci\u00f3 de Barcelona El q\u00fcestionament del paper de les diputacions provincials o, com s&#8217;est\u00e0 proposant aquests dies, la seva supressi\u00f3 i reconversi\u00f3 en un dif\u00fas &#8230; <\/p>\n<p class=\"read-more-container\"><a title=\"DEFENSEM ELS SERVEIS P\u00daBLICS QUE PRESTEN LES DIPUTACIONS I EL SEU PAPER EN EL SUPORT MUNICIPAL\" class=\"read-more button\" href=\"https:\/\/ccoo.app\/diputacio-de-barcelona\/defensem-els-serveis-publics-que-presten-les-diputacions-i-el-seu-paper-en-el-suport-municipal\/#more-406\" aria-label=\"Leer m\u00e1s sobre DEFENSEM ELS SERVEIS P\u00daBLICS QUE PRESTEN LES DIPUTACIONS I EL SEU PAPER EN EL SUPORT MUNICIPAL\">Continuar llegint<\/a><\/p>\n","protected":false},"author":4519,"featured_media":255,"comment_status":"open","ping_status":"open","sticky":false,"template":"","format":"standard","meta":{"footnotes":""},"categories":[38,19],"tags":[],"class_list":["post-406","post","type-post","status-publish","format-standard","has-post-thumbnail","hentry","category-a-tot-el-personal","category-comunicats","generate-columns","tablet-grid-50","mobile-grid-100","grid-parent","grid-50"],"_links":{"self":[{"href":"https:\/\/ccoo.app\/diputacio-de-barcelona\/wp-json\/wp\/v2\/posts\/406","targetHints":{"allow":["GET"]}}],"collection":[{"href":"https:\/\/ccoo.app\/diputacio-de-barcelona\/wp-json\/wp\/v2\/posts"}],"about":[{"href":"https:\/\/ccoo.app\/diputacio-de-barcelona\/wp-json\/wp\/v2\/types\/post"}],"author":[{"embeddable":true,"href":"https:\/\/ccoo.app\/diputacio-de-barcelona\/wp-json\/wp\/v2\/users\/4519"}],"replies":[{"embeddable":true,"href":"https:\/\/ccoo.app\/diputacio-de-barcelona\/wp-json\/wp\/v2\/comments?post=406"}],"version-history":[{"count":0,"href":"https:\/\/ccoo.app\/diputacio-de-barcelona\/wp-json\/wp\/v2\/posts\/406\/revisions"}],"wp:featuredmedia":[{"embeddable":true,"href":"https:\/\/ccoo.app\/diputacio-de-barcelona\/wp-json\/wp\/v2\/media\/255"}],"wp:attachment":[{"href":"https:\/\/ccoo.app\/diputacio-de-barcelona\/wp-json\/wp\/v2\/media?parent=406"}],"wp:term":[{"taxonomy":"category","embeddable":true,"href":"https:\/\/ccoo.app\/diputacio-de-barcelona\/wp-json\/wp\/v2\/categories?post=406"},{"taxonomy":"post_tag","embeddable":true,"href":"https:\/\/ccoo.app\/diputacio-de-barcelona\/wp-json\/wp\/v2\/tags?post=406"}],"curies":[{"name":"wp","href":"https:\/\/api.w.org\/{rel}","templated":true}]}}