{"id":4036,"date":"2019-03-30T00:44:26","date_gmt":"2019-03-29T23:44:26","guid":{"rendered":"https:\/\/diba.ccoo.cat\/?p=4036"},"modified":"2023-02-22T19:05:15","modified_gmt":"2023-02-22T18:05:15","slug":"mem05-mes-dies-de-permis","status":"publish","type":"post","link":"https:\/\/ccoo.app\/diputacio-de-barcelona\/mem05-mes-dies-de-permis\/","title":{"rendered":"05-M\u00c9S DIES DE PERM\u00cdS"},"content":{"rendered":"<p><strong>M\u00c9S DIES DE PERM\u00cdS <\/strong><\/p>\n<p><a href=\"http:\/\/ccoo.app\/diputacio-de-barcelona\/wp-content\/blogs.dir\/6\/files\/sites\/186\/2019\/03\/mem05-dies_permis.pdf\"><img loading=\"lazy\" decoding=\"async\" class=\"wp-image-3999 alignnone\" src=\"http:\/\/ccoo.app\/diputacio-de-barcelona\/wp-content\/blogs.dir\/6\/files\/sites\/186\/2019\/03\/pdf-icon-6.png\" alt=\"\" width=\"51\" height=\"50\" srcset=\"https:\/\/ccoo.app\/diputacio-de-barcelona\/wp-content\/blogs.dir\/6\/files\/sites\/186\/2019\/03\/pdf-icon-6.png 200w, https:\/\/ccoo.app\/diputacio-de-barcelona\/wp-content\/blogs.dir\/6\/files\/sites\/186\/2019\/03\/pdf-icon-6-150x150.png 150w\" sizes=\"auto, (max-width: 51px) 100vw, 51px\" \/><\/a><\/p>\n<p><span style=\"font-size: 12px;color: #808080\"><em>CCOO, Feina feta 2015-19<\/em><\/span>    \t<\/p>\n","protected":false},"excerpt":{"rendered":"<p>M\u00c9S DIES DE PERM\u00cdS CCOO, Feina feta 2015-19<\/p>\n","protected":false},"author":4519,"featured_media":2959,"comment_status":"open","ping_status":"open","sticky":false,"template":"","format":"standard","meta":{"footnotes":""},"categories":[41],"tags":[],"class_list":["post-4036","post","type-post","status-publish","format-standard","has-post-thumbnail","hentry","category-e19-memoria","generate-columns","tablet-grid-50","mobile-grid-100","grid-parent","grid-50"],"_links":{"self":[{"href":"https:\/\/ccoo.app\/diputacio-de-barcelona\/wp-json\/wp\/v2\/posts\/4036","targetHints":{"allow":["GET"]}}],"collection":[{"href":"https:\/\/ccoo.app\/diputacio-de-barcelona\/wp-json\/wp\/v2\/posts"}],"about":[{"href":"https:\/\/ccoo.app\/diputacio-de-barcelona\/wp-json\/wp\/v2\/types\/post"}],"author":[{"embeddable":true,"href":"https:\/\/ccoo.app\/diputacio-de-barcelona\/wp-json\/wp\/v2\/users\/4519"}],"replies":[{"embeddable":true,"href":"https:\/\/ccoo.app\/diputacio-de-barcelona\/wp-json\/wp\/v2\/comments?post=4036"}],"version-history":[{"count":1,"href":"https:\/\/ccoo.app\/diputacio-de-barcelona\/wp-json\/wp\/v2\/posts\/4036\/revisions"}],"predecessor-version":[{"id":52011,"href":"https:\/\/ccoo.app\/diputacio-de-barcelona\/wp-json\/wp\/v2\/posts\/4036\/revisions\/52011"}],"wp:featuredmedia":[{"embeddable":true,"href":"https:\/\/ccoo.app\/diputacio-de-barcelona\/wp-json\/wp\/v2\/media\/2959"}],"wp:attachment":[{"href":"https:\/\/ccoo.app\/diputacio-de-barcelona\/wp-json\/wp\/v2\/media?parent=4036"}],"wp:term":[{"taxonomy":"category","embeddable":true,"href":"https:\/\/ccoo.app\/diputacio-de-barcelona\/wp-json\/wp\/v2\/categories?post=4036"},{"taxonomy":"post_tag","embeddable":true,"href":"https:\/\/ccoo.app\/diputacio-de-barcelona\/wp-json\/wp\/v2\/tags?post=4036"}],"curies":[{"name":"wp","href":"https:\/\/api.w.org\/{rel}","templated":true}]}}