{"id":402,"date":"2016-06-08T07:37:40","date_gmt":"2016-06-08T06:37:40","guid":{"rendered":"https:\/\/diba.ccoo.cat\/?p=402"},"modified":"2016-06-08T07:37:40","modified_gmt":"2016-06-08T06:37:40","slug":"1-de-maig-precarietat-es-explotacio","status":"publish","type":"post","link":"https:\/\/ccoo.app\/diputacio-de-barcelona\/1-de-maig-precarietat-es-explotacio\/","title":{"rendered":"1 DE MAIG PRECARIETAT \u00c9S EXPLOTACI\u00d3"},"content":{"rendered":"<p>&nbsp;<\/p>\n<p><img loading=\"lazy\" decoding=\"async\" class=\"wp-image-189\" title=\"Secci\u00f3 Sindical de la Diutaci\u00f3 de Barcelona de la Federaci\u00f3 Sindical de Catalunya\" src=\"http:\/\/ccoo.app\/diputacio-de-barcelona\/wp-content\/blogs.dir\/6\/files\/sites\/186\/2015\/12\/ccoo-fsc-cat.png\" alt=\"Secci\u00f3 Sindical de la Diputaci\u00f3 de Barcelona de la Federaci\u00f3 Sindical de Catalunya\" width=\"469\" height=\"90\" \/><\/p>\n<p class=\"wp-caption-text\">Secci\u00f3 Sindical de la Diputaci\u00f3 de Barcelona<\/p>\n<h3 style=\"text-align: center\"><\/h3>\n<h3 style=\"text-align: center\">TREBALL I SALARIS DIGNES + PROTECCI\u00d3 SOCIAL<\/h3>\n<h3 style=\"text-align: center\"><strong><span style=\"color: #ff0000\"><img decoding=\"async\" class=\"WACImage SCX178581646\" src=\"https:\/\/word-edit.officeapps.live.com\/we\/ResReader.ashx?v=00000000-0000-0000-0000-000000000014&amp;n=E2o7.img&amp;rndm=2fce3b3f-9d4f-4579-b8d4-dfaaf1944f8a&amp;WOPIsrc=https%3A%2F%2Fwopi%2Dtest%2Edropbox%2Ecom%2Fwopi%2Ffiles%2FsOUhOhT5gcAAAAAAAAAABA&amp;access_token=OGQ4ZjZjYWUtY2U5Ny00N2FkLWFiMWMtYWZmNmI0MDBlY2Ix&amp;access_token_ttl=1467788235181&amp;usid=c856d443-28dc-4faa-ade6-756902caa903&amp;build=16.0.7031.2251&amp;waccluster=NL1\" alt=\"Cuadro de texto\" \/><\/span><\/strong><br \/>\n<img decoding=\"async\" class=\"WACImage SCX25223580\" src=\"https:\/\/word-edit.officeapps.live.com\/we\/ResReader.ashx?v=00000000-0000-0000-0000-000000000014&amp;n=E2o1.img&amp;rndm=f55e6559-8e7a-4080-8c0b-2e72a38ad360&amp;WOPIsrc=https%3A%2F%2Fwopi%2Dtest%2Edropbox%2Ecom%2Fwopi%2Ffiles%2FsOUhOhT5gcAAAAAAAAAABA&amp;access_token=OGQ4ZjZjYWUtY2U5Ny00N2FkLWFiMWMtYWZmNmI0MDBlY2Ix&amp;access_token_ttl=1467788235181&amp;usid=c856d443-28dc-4faa-ade6-756902caa903&amp;build=16.0.7031.2251&amp;waccluster=NL1\" alt=\"Cuadro de texto\" \/><\/h3>\n<p style=\"text-align: justify\">Sobren els motius per\u00a0 reivindicar al carrer la necessitat d\u2019un canvi radical de les pol\u00edtiques en el nostre entorn, tant europeu com a l\u2019estat. El conjunt de la ciutadania i especialment la classe treballadora i les classes populars han vist retallats els seus drets.<\/p>\n<p style=\"text-align: justify\">Les elits econ\u00f2miques i pol\u00edtiques han aprofitat la crisi per anar desmantellant l\u2019estat del benestar que havia estat el s\u00edmbol del model econ\u00f2mic i social europeu. No \u00e9s admissible que l\u2019empobriment de la majoria de la societat hagi anat acompanyat del m\u00e9s gran enriquiment dels m\u00e9s privilegiats i de les grans corporacions financeres.<\/p>\n<p style=\"text-align: justify\">Com a conseq\u00fc\u00e8ncia de les pol\u00edtiques austeres, <b>els serveis p\u00fablics i, per extensi\u00f3, els i les treballadores tamb\u00e9 hem patit fortes retallades.<\/b> Per exemple, des del 2012, totes les Lleis de Pressupostos <b>impedeixen o limiten la reposici\u00f3 d\u2019efectius.<\/b> La Llei de Pressupostos Generals de l&#8217;Estat per a l&#8217;any 2016 no permet la reposici\u00f3 de totes les places vacants sin\u00f3 que imposa una taxa de reposici\u00f3. En la majoria de sectors i administracions aquesta taxa de reposici\u00f3 \u00e9s de fins al 50% de les vacants produ\u00efdes l\u2019any passat.<\/p>\n<p style=\"text-align: justify\">No es compleix amb all\u00f2 que l\u2019Estatut B\u00e0sic de l\u2019Empleat P\u00fablic diu a l\u2019art.10.4:<i> \u201cles places vacants ocupades per funcionaris interins <\/i><b><i>s\u2019han d\u2019incloure en l\u2019oferta d\u2019ocupaci\u00f3 <\/i><\/b><i>corresponent a <\/i><b><i>l\u2019exercici en qu\u00e8 es produeix <\/i><\/b><b><i>el seu nomenament i, <\/i><\/b><b><i>si no \u00e9s possible, <\/i><\/b><b><i>en el seg\u00fcent<\/i><\/b><b><i>\u201d.<\/i><\/b><\/p>\n<p style=\"text-align: justify\">Quant costaria convocar places de funcionari de carrera? Suposaria increments pressupostaris? Ni un euro, al contrari!\u00a0 No es produeix cap increment quan una pla\u00e7a ocupada interinament es cobreix per un funcionari o funcion\u00e0ria de carrera. Per tant, hi ha una clara voluntat pol\u00edtica de precaritzar els i les treballadores del sector p\u00fablic retallant els seus drets.<\/p>\n<p style=\"text-align: justify\">\u00c9s el moment de revertir les retallades. Per aconseguir-ho, hem d\u2019omplir els carrers, motiu pel qual, <b>fem una crida <\/b><b>a tot el personal de la Diputaci\u00f3 de Barcelona a participar<\/b><b> a la manifestaci\u00f3 de l\u20191 de maig.\u00a0\u00a0<\/b><\/p>\n<p style=\"text-align: justify\">Exigirem que les administracions donin exemple creant ocupaci\u00f3 p\u00fablica estable i de qualitat. Volem recuperar el nostre poder adquisitiu i tots els nostres drets. <b>Participa en l\u2019ofensiva contra les retallades!<\/b><\/p>\n<p style=\"text-align: justify\">\n<p style=\"text-align: justify\"><b>Manifest unitari de l\u20191 de maig de 2016:<\/b><\/p>\n<p style=\"text-align: justify\"><a href=\"http:\/\/www.ccoo.cat\/pdf_documents\/2016\/manifest_unitari_1maig2016.pdf\">http:\/\/www.ccoo.cat\/pdf_documents\/2016\/manifest_unitari_1maig2016.pdf<\/a><\/p>\n<p style=\"text-align: justify\"><b>Maig de la cultura i el treball.<\/b><\/p>\n<p style=\"text-align: justify\">Programa d\u2019activitats relacionades amb l\u20191 de maig:<\/p>\n<p style=\"text-align: justify\"><a href=\"http:\/\/www.ccoo.cat\/pdf_documents\/2016\/1_maig_2016_setmana_cultural.pdf\">http:\/\/www.ccoo.cat\/pdf_documents\/2016\/1_maig_2016_setmana_cultural.pdf<\/a><\/p>\n<p style=\"text-align: justify\">\n<p style=\"text-align: justify\"><img decoding=\"async\" class=\"WACImage SCX159304995\" src=\"https:\/\/word-edit.officeapps.live.com\/we\/ResReader.ashx?v=00000000-0000-0000-0000-000000000014&amp;n=E2o5.img&amp;rndm=24f0bc28-0aa4-427b-b47a-94ca557211d1&amp;WOPIsrc=https%3A%2F%2Fwopi%2Dtest%2Edropbox%2Ecom%2Fwopi%2Ffiles%2FsOUhOhT5gcAAAAAAAAAABA&amp;access_token=OGQ4ZjZjYWUtY2U5Ny00N2FkLWFiMWMtYWZmNmI0MDBlY2Ix&amp;access_token_ttl=1467788235181&amp;usid=c856d443-28dc-4faa-ade6-756902caa903&amp;build=16.0.7031.2251&amp;waccluster=NL1\" alt=\"Cuadro de texto\" \/><\/p>\n<p style=\"text-align: justify\">Moci\u00f3 promoguda per <a href=\"https:\/\/twitter.com\/CCOODiba\"><b>CCOO <\/b><b>DIB<\/b><b>a<\/b><\/a> a favor de convocar Oferta d\u2019Ocupaci\u00f3 Publica negociada amb els sindicats i d\u2019equiparaci\u00f3 de drets del personal funcionari inter\u00ed. Moci\u00f3 presentada pel grup d\u2019Entesa i PSC ahir al Ple ordinari i <b>aprovada<\/b> amb els vots a favor de tots els grups pol\u00edtics i l\u2019abstenci\u00f3 de C\u2019s.<\/p>\n<ul>\n<li style=\"text-align: justify\"><a href=\"https:\/\/youtu.be\/xChZ_Aap16I?t=3h14m\">https:\/\/youtu.be\/xChZ_Aap16I?t=3h14m<\/a><\/li>\n<\/ul>\n<p><img loading=\"lazy\" decoding=\"async\" class=\"alignleft wp-image-226\" src=\"http:\/\/ccoo.app\/diputacio-de-barcelona\/wp-content\/blogs.dir\/6\/files\/sites\/186\/2016\/04\/estem-decidits-acontinuar-lluitant.png\" alt=\"Estem decidits a continuar lluitant !\" width=\"213\" height=\"89\" \/><\/p>\n<p><img loading=\"lazy\" decoding=\"async\" class=\"wp-image-262 alignright\" src=\"http:\/\/ccoo.app\/diputacio-de-barcelona\/wp-content\/blogs.dir\/6\/files\/sites\/186\/2016\/04\/afiliat_ccoo_cat.gif\" alt=\"Tota la informaci\u00f3 de com afiliar-se a CCOO Catalunya i forlmulari d'alta o baxia.\" width=\"90\" height=\"80\" \/><\/p>\n<p><img loading=\"lazy\" decoding=\"async\" class=\"wp-image-227 aligncenter\" src=\"http:\/\/ccoo.app\/diputacio-de-barcelona\/wp-content\/blogs.dir\/6\/files\/sites\/186\/2016\/04\/logo-peu-300x69.png\" alt=\"logo-peu\" width=\"952\" height=\"219\" srcset=\"https:\/\/ccoo.app\/diputacio-de-barcelona\/wp-content\/blogs.dir\/6\/files\/sites\/186\/2016\/04\/logo-peu-300x69.png 300w, https:\/\/ccoo.app\/diputacio-de-barcelona\/wp-content\/blogs.dir\/6\/files\/sites\/186\/2016\/04\/logo-peu.png 557w\" sizes=\"auto, (max-width: 952px) 100vw, 952px\" \/><\/p>\n<p style=\"text-align: center\"><small><\/small><small>Formulari d&#8217;<a href=\"\/afiliat\/\">alta<\/a>, <a href=\"\/afiliat\/\">baixa <\/a>o <a href=\"\/afiliat\/\">modificaci\u00f3 <\/a>de les dades personals o<br \/>\ncontacta&#8217;ns a trav\u00e9s del tel\u00e8fon<strong> 934 022 985<\/strong> o correu: <a href=\"mailto:ccoo@diba.cat\"><strong>ccoo@diba.cat<\/strong><\/a><\/small><\/p>\n","protected":false},"excerpt":{"rendered":"<p>&nbsp; Secci\u00f3 Sindical de la Diputaci\u00f3 de Barcelona TREBALL I SALARIS DIGNES + PROTECCI\u00d3 SOCIAL Sobren els motius per\u00a0 reivindicar al carrer la necessitat d\u2019un canvi radical de les pol\u00edtiques &#8230; <\/p>\n<p class=\"read-more-container\"><a title=\"1 DE MAIG PRECARIETAT \u00c9S EXPLOTACI\u00d3\" class=\"read-more button\" href=\"https:\/\/ccoo.app\/diputacio-de-barcelona\/1-de-maig-precarietat-es-explotacio\/#more-402\" aria-label=\"Leer m\u00e1s sobre 1 DE MAIG PRECARIETAT \u00c9S EXPLOTACI\u00d3\">Continuar llegint<\/a><\/p>\n","protected":false},"author":4519,"featured_media":255,"comment_status":"open","ping_status":"open","sticky":false,"template":"","format":"standard","meta":{"footnotes":""},"categories":[38,19,33],"tags":[],"class_list":["post-402","post","type-post","status-publish","format-standard","has-post-thumbnail","hentry","category-a-tot-el-personal","category-comunicats","category-propostes-sindicals","generate-columns","tablet-grid-50","mobile-grid-100","grid-parent","grid-50"],"_links":{"self":[{"href":"https:\/\/ccoo.app\/diputacio-de-barcelona\/wp-json\/wp\/v2\/posts\/402","targetHints":{"allow":["GET"]}}],"collection":[{"href":"https:\/\/ccoo.app\/diputacio-de-barcelona\/wp-json\/wp\/v2\/posts"}],"about":[{"href":"https:\/\/ccoo.app\/diputacio-de-barcelona\/wp-json\/wp\/v2\/types\/post"}],"author":[{"embeddable":true,"href":"https:\/\/ccoo.app\/diputacio-de-barcelona\/wp-json\/wp\/v2\/users\/4519"}],"replies":[{"embeddable":true,"href":"https:\/\/ccoo.app\/diputacio-de-barcelona\/wp-json\/wp\/v2\/comments?post=402"}],"version-history":[{"count":0,"href":"https:\/\/ccoo.app\/diputacio-de-barcelona\/wp-json\/wp\/v2\/posts\/402\/revisions"}],"wp:featuredmedia":[{"embeddable":true,"href":"https:\/\/ccoo.app\/diputacio-de-barcelona\/wp-json\/wp\/v2\/media\/255"}],"wp:attachment":[{"href":"https:\/\/ccoo.app\/diputacio-de-barcelona\/wp-json\/wp\/v2\/media?parent=402"}],"wp:term":[{"taxonomy":"category","embeddable":true,"href":"https:\/\/ccoo.app\/diputacio-de-barcelona\/wp-json\/wp\/v2\/categories?post=402"},{"taxonomy":"post_tag","embeddable":true,"href":"https:\/\/ccoo.app\/diputacio-de-barcelona\/wp-json\/wp\/v2\/tags?post=402"}],"curies":[{"name":"wp","href":"https:\/\/api.w.org\/{rel}","templated":true}]}}