{"id":398,"date":"2016-03-10T08:08:58","date_gmt":"2016-03-10T07:08:58","guid":{"rendered":"https:\/\/diba.ccoo.cat\/?p=398"},"modified":"2016-03-10T08:08:58","modified_gmt":"2016-03-10T07:08:58","slug":"resum-mesa-general-de-negociacio-10-03-2016","status":"publish","type":"post","link":"https:\/\/ccoo.app\/diputacio-de-barcelona\/resum-mesa-general-de-negociacio-10-03-2016\/","title":{"rendered":"RESUM MESA NEGOCIACI\u00d3 10.03.2016"},"content":{"rendered":"<p>&nbsp;<\/p>\n<p><img loading=\"lazy\" decoding=\"async\" class=\"wp-image-189\" title=\"Secci\u00f3 Sindical de la Diutaci\u00f3 de Barcelona de la Federaci\u00f3 Sindical de Catalunya\" src=\"http:\/\/ccoo.app\/diputacio-de-barcelona\/wp-content\/blogs.dir\/6\/files\/sites\/186\/2015\/12\/ccoo-fsc-cat.png\" alt=\"Secci\u00f3 Sindical de la Diputaci\u00f3 de Barcelona de la Federaci\u00f3 Sindical de Catalunya\" width=\"469\" height=\"90\" \/><\/p>\n<p class=\"wp-caption-text\">Secci\u00f3 Sindical de la Diputaci\u00f3 de Barcelona<\/p>\n<h3 style=\"text-align: center\"><\/h3>\n<h3 style=\"text-align: center\"><strong><span style=\"color: #ff0000\">RESUM MESA GENERAL DE NEGOCIACI\u00d3<\/span><\/strong><\/h3>\n<p style=\"text-align: center\"><span style=\"color: #ff0000\">-10\u00a0MAR\u00c7 DE 2016-<\/span><\/p>\n<h3 style=\"text-align: center\"><\/h3>\n<p style=\"text-align: justify\">La Mesa de Negociaci\u00f3, de m\u00e9s de tres hores, s\u2019ha centrat principalment en:<\/p>\n<ol>\n<li>Consolidaci\u00f3 i estabilitat del personal funcionari inter\u00ed.<\/li>\n<li>Oferta d\u2019Ocupaci\u00f3 P\u00fablica (Taxa de reposici\u00f3 LPGE 2016)<\/li>\n<li>Equiparaci\u00f3 de drets (tamb\u00e9 dels que treballen menys de 9 mesos).<\/li>\n<li>Reglament de les borses de treball.<\/li>\n<\/ol>\n<p style=\"text-align: justify\"><strong>1.\u00a0CONSOLIDACI\u00d3 I ESTABILITAT DEL PERSONAL FUNCIONARI INTER\u00cd <\/strong><\/p>\n<p style=\"text-align: justify\">La proposta que la Corporaci\u00f3 ens ha presentat va en la l\u00ednia del que nosaltres deman\u00e0vem en el sentit que es don\u00e9s soluci\u00f3 a la manca d\u2019estabilitat: <strong>aplantillar el major nombre possible de personal inter\u00ed i oferir-li un nomenament de \u201cfins a provisi\u00f3 reglament\u00e0ria\u201d.<\/strong> Fins no tinguem una proposta per escrit no us podrem donar m\u00e9s informaci\u00f3.<\/p>\n<p style=\"text-align: justify\"><strong> 2. HI HAUR\u00c0 OFERTA D\u2019OCUPACI\u00d3 P\u00daBLICA <\/strong><\/p>\n<p style=\"text-align: justify\">Hem reiterat a la Mesa que estem en contra de les taxes de reposici\u00f3 imposades. Tot i aquestes limitacions, <strong>hem demanat<\/strong> <strong>que <\/strong><strong>l\u2019Oferta d\u2019Ocupaci\u00f3 P\u00fablica (OOP) inclogui totes les places ocupades per personal funcionari inter\u00ed.<\/strong><\/p>\n<p style=\"text-align: justify\">En principi, sembla que la Corporaci\u00f3 <strong><u>nom\u00e9s est\u00e0 disposada a aplicar les taxes de reposici\u00f3<\/u><\/strong> que marca la Llei de Pressupostos Generals de L\u2019Estat 2016 (LPGE 2016). Com ja sabeu, unes taxes molt limitades (en la majoria de sectors i administracions, nom\u00e9s el 50% de les vacants de l\u2019any 2015). Ara b\u00e9, el com s\u2019aplicar\u00e0 aix\u00f2 \u00e9s el que encara hem d\u2019analitzar a la llum del nombre de places que sortiran a l\u2019OOP. No disposem encara d\u2019aquesta dada.<\/p>\n<p style=\"text-align: justify\">Encara que sabem que molts esteu desitjant poder optar a ser personal funcionari de carrera, no podem deixar de pensar que tamb\u00e9 uns altres poden tenir molts neguits. Aix\u00ed doncs, som conscients que qualsevol decisi\u00f3 en aquest sentit hauria d\u2019anar acompanyada de mesures per \u201cprotegir\u201d el personal m\u00e9s vulnerable, com pot ser el de m\u00e9s edat.<\/p>\n<p style=\"text-align: justify\"><strong> 3. EQUIPARACI\u00d3 DE DRETS<\/strong><\/p>\n<p style=\"text-align: justify\">Tal com ja us hem dit altres vegades, CCOO apostem per a que l\u2019equiparaci\u00f3 sigui <strong>tan \u00e0mplia com es pugui. <\/strong>Nom\u00e9s per raons objectives des del punt de vista legal es podria justificar una difer\u00e8ncia entre el personal funcionari inter\u00ed i el de carrera. All\u00f2 de l\u2019article 10.5, <em>\u201c<u>quan sigui adequat<\/u> a la naturalesa de la seva condici\u00f3\u201d. <\/em><\/p>\n<p style=\"text-align: justify\">A la Mesa s\u2019ha parlat dels permisos, de la mobilitat (canvi de lloc dins una mateixa categoria -canvis d\u2019adscripci\u00f3- o canvi de torn) i dels incentius per jubilaci\u00f3. I la possibilitat de tenir dret a llic\u00e8ncies com \u00e9s, per exemple, <em>la Llic\u00e8ncia per assumptes propis sense retribuci\u00f3<\/em> i tamb\u00e9 s\u2019ha parlat de <em>l\u2019Exced\u00e8ncia volunt\u00e0ria<\/em>.<\/p>\n<p style=\"text-align: justify\">Hem assenyalat que al <strong>personal inter\u00ed que treballa menys de 9 mesos a l\u2019any<\/strong>, tampoc se li ha de negar cap dret. CCOO hem demanat que tinguin els drets proporcionals al que hagin meritat (p.e.: cada mes treballat generaria el dret a \u00bd dia <em>d\u2019Assumptes personals<\/em>. Mateixa regla a aplicar per al perm\u00eds de <em>Tardes de festius no recuperables<\/em>). Tamb\u00e9 se\u2019ls haur\u00e0 d\u2019equiparar a la resta de personal pel que fa als dies per trasllat de domicili, mort d\u2019un familiar o malaltia greu d\u2019un familiar.<\/p>\n<p style=\"text-align: justify\"><strong> 4. REGLAMENT DE LES BORSES DE TREBALL<\/strong><\/p>\n<p style=\"text-align: justify\">Disposar d\u2019un reglament \u00e9s un tema per a CCOO molt urgent. \u00c9s per aix\u00f2 que hem incidit en la necessitat de calendaritzar la negociaci\u00f3 del reglament. Hem aconseguit el comprom\u00eds, per part de les representants de la Corporaci\u00f3, que a la propera Mesa de Negociaci\u00f3 ens presentaran un calendari concret amb l\u2019objectiu de limitar en els temps el fet de disposar d\u2019un reglament per a la gesti\u00f3 de les borses \u00e0gil i transparent.<\/p>\n<p style=\"text-align: justify\"><strong>CONTINUAREM LA NEGOCIACI\u00d3 DIVENDRES 18 DE MAR\u00c7<\/strong><\/p>\n<p style=\"text-align: justify\">Ja tenim data per continuar la negociaci\u00f3 relacionada amb el personal inter\u00ed. Per llavors, hi ha comprom\u00eds per part de la Corporaci\u00f3 de fer-nos arribar <strong>una proposta d\u2019acord concreta i global,<\/strong> \u00e9s a dir, que inclogui tots els aspectes tractats.<\/p>\n<p style=\"text-align: justify\">L\u2019acord haur\u00e0 de contemplar:<\/p>\n<ul style=\"text-align: justify\">\n<li>Aplantillament del personal (a \u201cfins a provisi\u00f3 reglament\u00e0ria\u201d) i criteris d\u2019aplicaci\u00f3 (Exemple \u00e0 una possibilitat podria ser als de m\u00e9s antiguitat i\/o m\u00e9s edat&#8230;).<\/li>\n<li>Assumptes relacionats amb l\u2019Oferta P\u00fablica: aplicaci\u00f3 de la taxa de reposici\u00f3 i proc\u00e9s selectiu.<\/li>\n<li>Equiparaci\u00f3 de drets.<\/li>\n<\/ul>\n<p style=\"text-align: justify\">REUNI\u00d3 AMB LA RESTA DE SINDICATS I LA PLATAFORMA D\u2019INTERINES<\/p>\n<p style=\"text-align: justify\">La nostra valoraci\u00f3 del que ha passat avui a la Mesa \u00e9s positiva. Tot i aix\u00f2, som conscients que tot encara est\u00e0 per fer i les pr\u00f2ximes negociacions seran decisives. M\u00e9s que mai <strong>necessitem treballar totes i tots plegats<\/strong>.<\/p>\n<p style=\"text-align: justify\">Es per aix\u00f2 que la setmana passada CCOO ens vam posar en contacte amb la resta de sindicats i tamb\u00e9 amb la <strong><em>Plataforma d\u2019interins\/nes<\/em><\/strong> proposant-los una reuni\u00f3 conjunta. El passat dijous al mat\u00ed va tenir lloc la trobada on vam poder escoltar a representants de la <em>Plataforma<\/em> i vam poder exposar tamb\u00e9 els nostres posicionaments.<\/p>\n<p style=\"text-align: justify\">A la Mesa de Negociaci\u00f3, com a representaci\u00f3 de CCOO, assisteixen com de costum afiliats i afiliades al nostre sindicat. En aquesta ocasi\u00f3, van ser 4 funcionaris\/\u00e0ries de Carrera i 3 funcionaris\/\u00e0ries interins\/es. Ja hem convidat a que es pugui sumar a la pr\u00f2xima vegada, si ho desitgen, algun membre de la <em>Plataforma<\/em>.<\/p>\n<p style=\"text-align: justify\"><strong>Tenim clar els objectius que volem assolir.<\/strong> Fins que no tinguem la proposta d\u2019acord no podrem fer valoracions m\u00e9s concretes. Tingueu en compte que encara ens han de fer arribar tamb\u00e9 el seu posicionament respecte al reglament de Borses. Esperem que tot plegat vagi en la l\u00ednia del que tots i totes desitgem, \u00e9s a dir, de l\u2019estabilitat i l\u2019equiparaci\u00f3 del personal funcionari Inter\u00ed amb el de Carrera, i d\u2019un reglament de borsa \u00e0gil i efica\u00e7 per\u00f2 tamb\u00e9 transparent.<\/p>\n<p><img loading=\"lazy\" decoding=\"async\" class=\"alignleft wp-image-226\" src=\"http:\/\/ccoo.app\/diputacio-de-barcelona\/wp-content\/blogs.dir\/6\/files\/sites\/186\/2016\/04\/estem-decidits-acontinuar-lluitant.png\" alt=\"Estem decidits a continuar lluitant !\" width=\"213\" height=\"89\" \/><\/p>\n<p><img loading=\"lazy\" decoding=\"async\" class=\"wp-image-262 alignright\" src=\"http:\/\/ccoo.app\/diputacio-de-barcelona\/wp-content\/blogs.dir\/6\/files\/sites\/186\/2016\/04\/afiliat_ccoo_cat.gif\" alt=\"Tota la informaci\u00f3 de com afiliar-se a CCOO Catalunya i forlmulari d'alta o baxia.\" width=\"90\" height=\"80\" \/><\/p>\n<p><img loading=\"lazy\" decoding=\"async\" class=\"wp-image-227 aligncenter\" src=\"http:\/\/ccoo.app\/diputacio-de-barcelona\/wp-content\/blogs.dir\/6\/files\/sites\/186\/2016\/04\/logo-peu-300x69.png\" alt=\"logo-peu\" width=\"952\" height=\"219\" srcset=\"https:\/\/ccoo.app\/diputacio-de-barcelona\/wp-content\/blogs.dir\/6\/files\/sites\/186\/2016\/04\/logo-peu-300x69.png 300w, https:\/\/ccoo.app\/diputacio-de-barcelona\/wp-content\/blogs.dir\/6\/files\/sites\/186\/2016\/04\/logo-peu.png 557w\" sizes=\"auto, (max-width: 952px) 100vw, 952px\" \/><\/p>\n<p style=\"text-align: center\"><small><\/small><small>Formulari d&#8217;<a href=\"\/afiliat\/\">alta<\/a>, <a href=\"\/afiliat\/\">baixa <\/a>o <a href=\"\/afiliat\/\">modificaci\u00f3 <\/a>de les dades personals o<br \/>\ncontacta&#8217;ns a trav\u00e9s del tel\u00e8fon<strong> 934 022 985<\/strong> o correu: <a href=\"mailto:ccoo@diba.cat\"><strong>ccoo@diba.cat<\/strong><\/a><\/small><\/p>\n","protected":false},"excerpt":{"rendered":"<p>&nbsp; Secci\u00f3 Sindical de la Diputaci\u00f3 de Barcelona RESUM MESA GENERAL DE NEGOCIACI\u00d3 -10\u00a0MAR\u00c7 DE 2016- La Mesa de Negociaci\u00f3, de m\u00e9s de tres hores, s\u2019ha centrat principalment en: Consolidaci\u00f3 &#8230; <\/p>\n<p class=\"read-more-container\"><a title=\"RESUM MESA NEGOCIACI\u00d3 10.03.2016\" class=\"read-more button\" href=\"https:\/\/ccoo.app\/diputacio-de-barcelona\/resum-mesa-general-de-negociacio-10-03-2016\/#more-398\" aria-label=\"Leer m\u00e1s sobre RESUM MESA NEGOCIACI\u00d3 10.03.2016\">Continuar llegint<\/a><\/p>\n","protected":false},"author":4519,"featured_media":255,"comment_status":"open","ping_status":"open","sticky":false,"template":"","format":"standard","meta":{"footnotes":""},"categories":[38,19,26,31],"tags":[148,169,179],"class_list":["post-398","post","type-post","status-publish","format-standard","has-post-thumbnail","hentry","category-a-tot-el-personal","category-comunicats","category-mgn","category-personal-interi-comunicats","tag-mesa-general-negociacio","tag-pamo","tag-personal-interi-seleccio-borses-treball","generate-columns","tablet-grid-50","mobile-grid-100","grid-parent","grid-50"],"_links":{"self":[{"href":"https:\/\/ccoo.app\/diputacio-de-barcelona\/wp-json\/wp\/v2\/posts\/398","targetHints":{"allow":["GET"]}}],"collection":[{"href":"https:\/\/ccoo.app\/diputacio-de-barcelona\/wp-json\/wp\/v2\/posts"}],"about":[{"href":"https:\/\/ccoo.app\/diputacio-de-barcelona\/wp-json\/wp\/v2\/types\/post"}],"author":[{"embeddable":true,"href":"https:\/\/ccoo.app\/diputacio-de-barcelona\/wp-json\/wp\/v2\/users\/4519"}],"replies":[{"embeddable":true,"href":"https:\/\/ccoo.app\/diputacio-de-barcelona\/wp-json\/wp\/v2\/comments?post=398"}],"version-history":[{"count":0,"href":"https:\/\/ccoo.app\/diputacio-de-barcelona\/wp-json\/wp\/v2\/posts\/398\/revisions"}],"wp:featuredmedia":[{"embeddable":true,"href":"https:\/\/ccoo.app\/diputacio-de-barcelona\/wp-json\/wp\/v2\/media\/255"}],"wp:attachment":[{"href":"https:\/\/ccoo.app\/diputacio-de-barcelona\/wp-json\/wp\/v2\/media?parent=398"}],"wp:term":[{"taxonomy":"category","embeddable":true,"href":"https:\/\/ccoo.app\/diputacio-de-barcelona\/wp-json\/wp\/v2\/categories?post=398"},{"taxonomy":"post_tag","embeddable":true,"href":"https:\/\/ccoo.app\/diputacio-de-barcelona\/wp-json\/wp\/v2\/tags?post=398"}],"curies":[{"name":"wp","href":"https:\/\/api.w.org\/{rel}","templated":true}]}}