{"id":395,"date":"2016-03-11T08:18:06","date_gmt":"2016-03-11T07:18:06","guid":{"rendered":"https:\/\/diba.ccoo.cat\/plantilla_post-copy-copy\/"},"modified":"2016-03-11T08:18:06","modified_gmt":"2016-03-11T07:18:06","slug":"resum-de-la-mesa-general-de-negociacio-11-03-2016","status":"publish","type":"post","link":"https:\/\/ccoo.app\/diputacio-de-barcelona\/resum-de-la-mesa-general-de-negociacio-11-03-2016\/","title":{"rendered":"RESUM MESA NEGOCIACI\u00d3 11.03.2016"},"content":{"rendered":"<p>&nbsp;<\/p>\n<p><img loading=\"lazy\" decoding=\"async\" class=\"wp-image-189\" title=\"Secci\u00f3 Sindical de la Diutaci\u00f3 de Barcelona de la Federaci\u00f3 Sindical de Catalunya\" src=\"http:\/\/ccoo.app\/diputacio-de-barcelona\/wp-content\/blogs.dir\/6\/files\/sites\/186\/2015\/12\/ccoo-fsc-cat.png\" alt=\"Secci\u00f3 Sindical de la Diputaci\u00f3 de Barcelona de la Federaci\u00f3 Sindical de Catalunya\" width=\"469\" height=\"90\" \/><\/p>\n<p class=\"wp-caption-text\">Secci\u00f3 Sindical de la Diputaci\u00f3 de Barcelona<\/p>\n<h3 style=\"text-align: center\"><\/h3>\n<h3 style=\"text-align: center\"><strong><span style=\"color: #ff0000\">RESUM DE LA MESA\u00a0GENERAL DE NEGOCIACI\u00d3<\/span><\/strong><\/h3>\n<p style=\"text-align: center\"><span style=\"color: #ff0000\">-11 MAR\u00c7\u00a0DE 2016-<\/span><\/p>\n<h3 style=\"text-align: center\"><\/h3>\n<p>Divendres passat, de nou ens van tornar a convocar a una Mesa de Negociaci\u00f3, en aquest cas, per donar-nos informaci\u00f3 de <b>nou<\/b><b>s<\/b><b> canvis d&#8217;organigrama<\/b>.<\/p>\n<p>Modificacions org\u00e0niques a :<\/p>\n<ol>\n<li>Ger\u00e8ncia de Serveis d&#8217;Educaci\u00f3.<\/li>\n<\/ol>\n<ol>\n<li>Direcci\u00f3 de Relacions Internacionals.<\/li>\n<\/ol>\n<p style=\"text-align: justify\">Nom\u00e9s ens han informat de les modificacions. Com sempre, les explicacions que ens donen son molt generalistes i en cap cas entren detalladament en perqu\u00e8 aquest nou organigrama ser\u00e0 millor que l&#8217;anterior. Ens varen reiterar que aquests canvis no son mat\u00e8ria de negociaci\u00f3. Per tant, ens donem per assabentats. Mitjan\u00e7ant l&#8217;informe de la Junta de Personal ja farem arribar les nostres al\u00b7legacions. De nou ens diuen que no suposen canvis de condicions de treball. <b>En qualsevol cas, c<\/b><b>om sempre quedem a la vostra disposici\u00f3 per d<\/b><b>onar <\/b><b>resposta als dubtes que podeu tenir al respecte.<\/b><\/p>\n<p style=\"text-align: justify\">Tamb\u00e9 hem demanat m\u00e9s concreci\u00f3 respecte al que ens van informar dijous en relaci\u00f3 a la intenci\u00f3 de col\u00b7locar a tots els cotxes de la corporaci\u00f3 <b>Geo<\/b><b>lo<\/b><b>ca<\/b><b>litzadors<\/b><b>.<\/b> D&#8217;acord amb el que marca el Parlament Europeu, tots els cotxes fabricats a partir del 2018 portaran integrat el sistema <i>eCall<\/i>, mecanisme interconnectat amb el 112. Segons ens informen, la intenci\u00f3 \u00e9s implantar als cotxes de la corporaci\u00f3 un sistema que tingui les prestacions similars i amb l&#8217;objectiu de millorar la seguretat vial. Hem volgut deixar clar que <b>no acceptarem c<\/b><b>ap altr<\/b><b>e<\/b><b> \u00fas que no sigui estrictament aquest i aix\u00ed ens ho han confirmat.<\/b><\/p>\n<p style=\"text-align: justify\">Hem aprofitat aquest tema per incidir en la nostra petici\u00f3 que la Diputaci\u00f3 de Barcelona disposi, el m\u00e9s aviat possible, d\u2019un <b>Pla de Mobilitat<\/b> pel seu personal. Un espai on podr\u00edem abordar aquest i altres aspectes de la mobilitat.<\/p>\n<p style=\"text-align: justify\">Hem reiterat que, per exemple, els vehicles sense conductor (VSC) encara no tenen el sistema <b><i>Via-T<\/i><\/b> implantat. O per exemple, <b>el personal que utilitza<\/b><b> la bicicleta per anar a la feina,<\/b> com de fet la campanya <i>\u201cMillorem el medi ambient\u201d <\/i>recomana, encara no t\u00e9 un lloc segur on deixar-la. Aix\u00ed ens trobem, com ha passat la darrera setmana, que a la porta d\u2019un centre de treball, una companya ha patit el <b>robatori<\/b> de la seva bicicleta (no \u00e9s la primera vegada que li passa a un treballador\/a).<\/p>\n<p style=\"text-align: justify\">Finalment, tamb\u00e9 dijous ens van informar respecte a la normativa que tota persona que treballi amb menors ha de tenir un certificat que permeti <b>acreditar la manca d&#8217;antecedents penals.<\/b> La corporaci\u00f3 aviat ens far\u00e0 arribar un llistat dels llocs de treball afectats i del procediment que haur\u00e0 de seguir el personal per obtenir aquest certificat.<\/p>\n<p style=\"text-align: justify\">Recordeu que aquest <b>Divendres 18 de mar\u00e7 tornem a la Mesa<\/b> de Negociaci\u00f3 amb el tema del personal Inter\u00ed.<\/p>\n<p style=\"text-align: center\">* \u00a0* \u00a0* \u00a0* \u00a0*<\/p>\n<p><img loading=\"lazy\" decoding=\"async\" class=\"alignleft wp-image-226\" src=\"http:\/\/ccoo.app\/diputacio-de-barcelona\/wp-content\/blogs.dir\/6\/files\/sites\/186\/2016\/04\/estem-decidits-acontinuar-lluitant.png\" alt=\"Estem decidits a continuar lluitant !\" width=\"213\" height=\"89\" \/><\/p>\n<p><img loading=\"lazy\" decoding=\"async\" class=\"wp-image-262 alignright\" src=\"http:\/\/ccoo.app\/diputacio-de-barcelona\/wp-content\/blogs.dir\/6\/files\/sites\/186\/2016\/04\/afiliat_ccoo_cat.gif\" alt=\"Tota la informaci\u00f3 de com afiliar-se a CCOO Catalunya i forlmulari d'alta o baxia.\" width=\"90\" height=\"80\" \/><\/p>\n<p><img loading=\"lazy\" decoding=\"async\" class=\"wp-image-227 aligncenter\" src=\"http:\/\/ccoo.app\/diputacio-de-barcelona\/wp-content\/blogs.dir\/6\/files\/sites\/186\/2016\/04\/logo-peu-300x69.png\" alt=\"logo-peu\" width=\"952\" height=\"219\" srcset=\"https:\/\/ccoo.app\/diputacio-de-barcelona\/wp-content\/blogs.dir\/6\/files\/sites\/186\/2016\/04\/logo-peu-300x69.png 300w, https:\/\/ccoo.app\/diputacio-de-barcelona\/wp-content\/blogs.dir\/6\/files\/sites\/186\/2016\/04\/logo-peu.png 557w\" sizes=\"auto, (max-width: 952px) 100vw, 952px\" \/><\/p>\n<p style=\"text-align: center\"><small><\/small><small>Formulari d&#8217;<a href=\"\/afiliat\/\">alta<\/a>, <a href=\"\/afiliat\/\">baixa <\/a>o <a href=\"\/afiliat\/\">modificaci\u00f3 <\/a>de les dades personals o<br \/>\ncontacta&#8217;ns a trav\u00e9s del tel\u00e8fon<strong> 934 022 985<\/strong> o correu: <a href=\"mailto:ccoo@diba.cat\"><strong>ccoo@diba.cat<\/strong><\/a><\/small><\/p>\n","protected":false},"excerpt":{"rendered":"<p>&nbsp; Secci\u00f3 Sindical de la Diputaci\u00f3 de Barcelona RESUM DE LA MESA\u00a0GENERAL DE NEGOCIACI\u00d3 -11 MAR\u00c7\u00a0DE 2016- Divendres passat, de nou ens van tornar a convocar a una Mesa de &#8230; <\/p>\n<p class=\"read-more-container\"><a title=\"RESUM MESA NEGOCIACI\u00d3 11.03.2016\" class=\"read-more button\" href=\"https:\/\/ccoo.app\/diputacio-de-barcelona\/resum-de-la-mesa-general-de-negociacio-11-03-2016\/#more-395\" aria-label=\"Leer m\u00e1s sobre RESUM MESA NEGOCIACI\u00d3 11.03.2016\">Continuar llegint<\/a><\/p>\n","protected":false},"author":4519,"featured_media":255,"comment_status":"open","ping_status":"open","sticky":false,"template":"","format":"standard","meta":{"footnotes":""},"categories":[38,19,26],"tags":[74,148],"class_list":["post-395","post","type-post","status-publish","format-standard","has-post-thumbnail","hentry","category-a-tot-el-personal","category-comunicats","category-mgn","tag-canvis-organigrama-direccio-relacions-internacionals-gerencia-serveis-educacio-espais-naturals-organics","tag-mesa-general-negociacio","generate-columns","tablet-grid-50","mobile-grid-100","grid-parent","grid-50"],"_links":{"self":[{"href":"https:\/\/ccoo.app\/diputacio-de-barcelona\/wp-json\/wp\/v2\/posts\/395","targetHints":{"allow":["GET"]}}],"collection":[{"href":"https:\/\/ccoo.app\/diputacio-de-barcelona\/wp-json\/wp\/v2\/posts"}],"about":[{"href":"https:\/\/ccoo.app\/diputacio-de-barcelona\/wp-json\/wp\/v2\/types\/post"}],"author":[{"embeddable":true,"href":"https:\/\/ccoo.app\/diputacio-de-barcelona\/wp-json\/wp\/v2\/users\/4519"}],"replies":[{"embeddable":true,"href":"https:\/\/ccoo.app\/diputacio-de-barcelona\/wp-json\/wp\/v2\/comments?post=395"}],"version-history":[{"count":0,"href":"https:\/\/ccoo.app\/diputacio-de-barcelona\/wp-json\/wp\/v2\/posts\/395\/revisions"}],"wp:featuredmedia":[{"embeddable":true,"href":"https:\/\/ccoo.app\/diputacio-de-barcelona\/wp-json\/wp\/v2\/media\/255"}],"wp:attachment":[{"href":"https:\/\/ccoo.app\/diputacio-de-barcelona\/wp-json\/wp\/v2\/media?parent=395"}],"wp:term":[{"taxonomy":"category","embeddable":true,"href":"https:\/\/ccoo.app\/diputacio-de-barcelona\/wp-json\/wp\/v2\/categories?post=395"},{"taxonomy":"post_tag","embeddable":true,"href":"https:\/\/ccoo.app\/diputacio-de-barcelona\/wp-json\/wp\/v2\/tags?post=395"}],"curies":[{"name":"wp","href":"https:\/\/api.w.org\/{rel}","templated":true}]}}