{"id":391,"date":"2016-11-08T14:25:53","date_gmt":"2016-11-08T13:25:53","guid":{"rendered":"https:\/\/diba.ccoo.cat\/?p=391"},"modified":"2023-02-22T19:15:37","modified_gmt":"2023-02-22T18:15:37","slug":"resum-mesa-negociacio-3-11-2016","status":"publish","type":"post","link":"https:\/\/ccoo.app\/diputacio-de-barcelona\/resum-mesa-negociacio-3-11-2016\/","title":{"rendered":"RESUM MESA NEGOCIACI\u00d3 3\/11\/2016"},"content":{"rendered":"<p>&nbsp;<\/p>\n<p><img loading=\"lazy\" decoding=\"async\" class=\"wp-image-189\" title=\"Secci\u00f3 Sindical de la Diutaci\u00f3 de Barcelona de la Federaci\u00f3 Sindical de Catalunya\" src=\"http:\/\/ccoo.app\/diputacio-de-barcelona\/wp-content\/blogs.dir\/6\/files\/sites\/186\/2015\/12\/ccoo-fsc-cat.png\" alt=\"Secci\u00f3 Sindical de la Diputaci\u00f3 de Barcelona de la Federaci\u00f3 Sindical de Catalunya\" width=\"469\" height=\"90\" \/><\/p>\n<p class=\"wp-caption-text\">Secci\u00f3 Sindical de la Diputaci\u00f3 de Barcelona<\/p>\n<h3 style=\"text-align: center\"><\/h3>\n<h3 class=\"widget-title\">RESUM MESA NEGOCIACI\u00d3 2016<\/h3>\n<h3 style=\"text-align: center\"><strong><span style=\"color: #ff0000\">RESUM MESA NEGOCIACI\u00d3 3 NOVEMBRE 2016<\/span><\/strong><\/h3>\n<p style=\"text-align: center\"><span style=\"color: #ff0000\">-3\u00a0NOVEMBRE DE 2016-<\/span><\/p>\n<table width=\"100%\">\n<tbody>\n<tr>\n<td>\n<p style=\"text-align: center\"><strong>COMISSI\u00d3 XARXA DE BIBLIOTEQUES (XBM)<\/strong><\/p>\n<\/td>\n<\/tr>\n<\/tbody>\n<\/table>\n<p style=\"text-align: justify\">Hem reiterat la creaci\u00f3 de la Comissi\u00f3 de Biblioteques per donar solucions als nostres companys\/es de biblioteques i bibliobusos a totes les problem\u00e0tiques que genera la gesti\u00f3 compartida d\u2019aquest servei, aix\u00ed com a les seves peculiaritats a nivell de feina, jornada i horaris, i la seva dispersi\u00f3 geogr\u00e0fica. Volem que s\u2019acompleixin tots els acords i que aquest col\u00b7lectiu pugui gaudir de tots els seus drets com a treballadors\/es de la DiBa.<\/p>\n<table width=\"100%\">\n<tbody>\n<tr>\n<td>\n<p style=\"text-align: center\"><strong>PRIVATITZACI\u00d3 DELS SERVEIS M\u00c8DICS\u00a0\u00a0\u00a0\u00a0\u00a0\u00a0\u00a0\u00a0<\/strong><\/p>\n<p style=\"text-align: center\"><strong>\u00a0A RESPIR (MUNDET)<\/strong><\/p>\n<\/td>\n<\/tr>\n<\/tbody>\n<\/table>\n<p style=\"text-align: justify\">Davant la not\u00edcia d\u2019imminent externalitzaci\u00f3 dels serveis m\u00e8dics a RESPIR DE MUNDET, CCOO manifestem el <span style=\"text-decoration: underline\"><span style=\"color: #0000ff;text-decoration: underline\"><strong>nostre absolut rebuig<\/strong> <\/span><\/span>a qualsevol tipus d\u2019externalitzaci\u00f3 (privatitzacions dels serveis s\u00f2cio-sanitaris i assistencials), <span style=\"color: #0000ff\"><strong>i<\/strong> <strong>defensarem l\u2019actual model p\u00fablic<\/strong> <\/span>que garanteix els objectius de qualitat-preu en la prestaci\u00f3 del servei, en front d\u2019un model privatitzat que suposa un increment dels diners p\u00fablics a mans privades, un clar empitjorament dels serveis prestats, i un impuls de la precarietat laboral.<\/p>\n<p style=\"text-align: justify\">Hem exigit la retirada de la dotaci\u00f3 per a aquest efecte dels pressupostos de la DiBa.<\/p>\n<p style=\"text-align: justify\">En un moment en que molts ajuntaments estan fent el cam\u00ed invers remunipalitzant serveis, sobta que la Diputaci\u00f3 vagi en el sentit contrari. Farem costat als nostres companys i companyes per paralitzar aquestes externalitzacions-privatitzacions.<\/p>\n<p style=\"text-align: justify\"><span style=\"color: #0000ff\"><strong>Aquest dijous, tenim previst assistir a una reuni\u00f3 amb el <\/strong><strong>diputat<\/strong> <\/span>delegat d&#8217;Hisenda i Recursos Humans juntament amb els i les delegades de personal. CCOO li farem saber la nostra clara oposici\u00f3 a aquest canvi de model.<\/p>\n<table width=\"100%\">\n<tbody>\n<tr>\n<td>\n<p style=\"text-align: center\"><strong>APLANTILLAMENT PERSONAL INTER\u00cd<\/strong><\/p>\n<\/td>\n<\/tr>\n<\/tbody>\n<\/table>\n<p>Continua endavant el proc\u00e9s \u201cd\u2019aplantillament\u201d del personal contractat de la DiBa, col\u00b7lectiu que fins ara patia una gran vulnerabilitat conseq\u00fc\u00e8ncia de la inestabilitat que garant\u00eds la seva continu\u00eftat laboral, i que amb l\u2019acord que tamb\u00e9 va signar CCOO, els permetr\u00e0 accedir a una vacant fins a la provisi\u00f3 reglament\u00e0ria, evitant d&#8217;aquesta manera la via jur\u00eddica segons les \u00faltimes sent\u00e8ncies del tribunal europeu.<\/p>\n<p>En aquesta reuni\u00f3 no se\u2019ns va donar gaire m\u00e9s detalls. A un <span style=\"color: #0000ff\"><strong>document adjunt (INFO <u>1<\/u> MESA NEGOCIACI\u00d3 20.10.2016)<\/strong><\/span> podeu trobar la informaci\u00f3 que ja us vam donar de la Mesa del dia 20 d\u2019octubre.<\/p>\n<table width=\"100%\">\n<tbody>\n<tr>\n<td>\n<p style=\"text-align: center\"><strong>PRESSUPOSTOS PER AL 2017<\/strong><\/p>\n<\/td>\n<\/tr>\n<\/tbody>\n<\/table>\n<p style=\"text-align: justify\">Hem demanat un increment de la partida per a la carrera professional en considerar-la insuficient segons els nostres criteris de disseny de la mateixa, aix\u00ed com un increment en la partida de formaci\u00f3, amb una formaci\u00f3 m\u00e9s acord amb els perfils laborals dels treballadors\/es de la DiBa.<\/p>\n<p style=\"text-align: justify\">CCOO ha demanat tamb\u00e9 les liquidacions i romanents del pressupost de 2016 i que dits romanents repercuteixin a les partides de millores socials i paga de productivitat.<\/p>\n<table width=\"100%\">\n<tbody>\n<tr>\n<td>\n<p style=\"text-align: center\"><strong>ESPAIS SINDICALS<\/strong><\/p>\n<\/td>\n<\/tr>\n<\/tbody>\n<\/table>\n<p style=\"text-align: justify\">Per fi s\u2019ha signat un acord per part de dues seccions sindicals que permetr\u00e0 tenir els espais sindicals proporcionals i justos als resultats obtinguts en les darreres eleccions sindicals, aix\u00ed com una sala per a la Junta de Personal segregada i independent de qualsevol sindicat.<\/p>\n<table width=\"100%\">\n<tbody>\n<tr>\n<td>\n<p style=\"text-align: center\"><strong>VIA-T I MOBILITAT DEL PERSONAL<\/strong><\/p>\n<\/td>\n<\/tr>\n<\/tbody>\n<\/table>\n<p style=\"text-align: justify\">Us tornem a enviar <span style=\"color: #0000ff\"><strong>en un document adjunt<\/strong> (<strong>INFO <u>3<\/u> MESA NEGOCIACI\u00d3 20.10.2016) respecte al VIA-T. <\/strong><\/span>Aleshores us inform\u00e0vem que a la reuni\u00f3 de la Mesa de Negociaci\u00f3 del 3 de mar\u00e7 de 2015 (consta en acta), CCOO hav\u00edem demanat la implantaci\u00f3 general del <strong>VIA-T<\/strong> per a tots els vehicles sense conductors (VSC).<\/p>\n<p style=\"text-align: justify\">CCOO nom\u00e9s informem d\u2019all\u00f2 que hem fet o demanat nosaltres, sense que aix\u00f2 vulgui dir que altres no s\u2019hagin preocupat tamb\u00e9 pel tema. En qualsevol cas, entenem que l\u2019objectiu com\u00fa ha de ser millorar les condicions del personal i en aquesta l\u00ednia de treball cooperatiu ens hi trobareu sempre.<\/p>\n<p style=\"text-align: center\">* \u00a0* \u00a0* \u00a0* \u00a0*<\/p>\n<p><img loading=\"lazy\" decoding=\"async\" class=\"alignleft wp-image-226\" src=\"http:\/\/ccoo.app\/diputacio-de-barcelona\/wp-content\/blogs.dir\/6\/files\/sites\/186\/2016\/04\/estem-decidits-acontinuar-lluitant.png\" alt=\"Estem decidits a continuar lluitant !\" width=\"213\" height=\"89\" \/><\/p>\n<p><img loading=\"lazy\" decoding=\"async\" class=\"wp-image-262 alignright\" src=\"http:\/\/ccoo.app\/diputacio-de-barcelona\/wp-content\/blogs.dir\/6\/files\/sites\/186\/2016\/04\/afiliat_ccoo_cat.gif\" alt=\"Tota la informaci\u00f3 de com afiliar-se a CCOO Catalunya i forlmulari d'alta o baxia.\" width=\"90\" height=\"80\" \/><\/p>\n<p><img loading=\"lazy\" decoding=\"async\" class=\"wp-image-227 aligncenter\" src=\"http:\/\/ccoo.app\/diputacio-de-barcelona\/wp-content\/blogs.dir\/6\/files\/sites\/186\/2016\/04\/logo-peu-300x69.png\" alt=\"logo-peu\" width=\"952\" height=\"219\" srcset=\"https:\/\/ccoo.app\/diputacio-de-barcelona\/wp-content\/blogs.dir\/6\/files\/sites\/186\/2016\/04\/logo-peu-300x69.png 300w, https:\/\/ccoo.app\/diputacio-de-barcelona\/wp-content\/blogs.dir\/6\/files\/sites\/186\/2016\/04\/logo-peu.png 557w\" sizes=\"auto, (max-width: 952px) 100vw, 952px\" \/><\/p>\n<p style=\"text-align: center\"><small><\/small><small>Formulari d&#8217;<a href=\"\/afiliat\/\">alta<\/a>, <a href=\"\/afiliat\/\">baixa <\/a>o <a href=\"\/afiliat\/\">modificaci\u00f3 <\/a>de les dades personals o<br \/>\ncontacta&#8217;ns a trav\u00e9s del tel\u00e8fon<strong> 934 022 985<\/strong> o correu: <a href=\"mailto:ccoo@diba.cat\"><strong>ccoo@diba.cat<\/strong><\/a><\/small><\/p>\n","protected":false},"excerpt":{"rendered":"<p>&nbsp; Secci\u00f3 Sindical de la Diputaci\u00f3 de Barcelona RESUM MESA NEGOCIACI\u00d3 2016 RESUM MESA NEGOCIACI\u00d3 3 NOVEMBRE 2016 -3\u00a0NOVEMBRE DE 2016- COMISSI\u00d3 XARXA DE BIBLIOTEQUES (XBM) Hem reiterat la creaci\u00f3 &#8230; <\/p>\n<p class=\"read-more-container\"><a title=\"RESUM MESA NEGOCIACI\u00d3 3\/11\/2016\" class=\"read-more button\" href=\"https:\/\/ccoo.app\/diputacio-de-barcelona\/resum-mesa-negociacio-3-11-2016\/#more-391\" aria-label=\"Leer m\u00e1s sobre RESUM MESA NEGOCIACI\u00d3 3\/11\/2016\">Continuar llegint<\/a><\/p>\n","protected":false},"author":4519,"featured_media":255,"comment_status":"open","ping_status":"open","sticky":false,"template":"","format":"standard","meta":{"footnotes":""},"categories":[38,19,24,26],"tags":[148,180],"class_list":["post-391","post","type-post","status-publish","format-standard","has-post-thumbnail","hentry","category-a-tot-el-personal","category-comunicats","category-interins","category-mgn","tag-mesa-general-negociacio","tag-personal-interi","generate-columns","tablet-grid-50","mobile-grid-100","grid-parent","grid-50"],"_links":{"self":[{"href":"https:\/\/ccoo.app\/diputacio-de-barcelona\/wp-json\/wp\/v2\/posts\/391","targetHints":{"allow":["GET"]}}],"collection":[{"href":"https:\/\/ccoo.app\/diputacio-de-barcelona\/wp-json\/wp\/v2\/posts"}],"about":[{"href":"https:\/\/ccoo.app\/diputacio-de-barcelona\/wp-json\/wp\/v2\/types\/post"}],"author":[{"embeddable":true,"href":"https:\/\/ccoo.app\/diputacio-de-barcelona\/wp-json\/wp\/v2\/users\/4519"}],"replies":[{"embeddable":true,"href":"https:\/\/ccoo.app\/diputacio-de-barcelona\/wp-json\/wp\/v2\/comments?post=391"}],"version-history":[{"count":1,"href":"https:\/\/ccoo.app\/diputacio-de-barcelona\/wp-json\/wp\/v2\/posts\/391\/revisions"}],"predecessor-version":[{"id":52259,"href":"https:\/\/ccoo.app\/diputacio-de-barcelona\/wp-json\/wp\/v2\/posts\/391\/revisions\/52259"}],"wp:featuredmedia":[{"embeddable":true,"href":"https:\/\/ccoo.app\/diputacio-de-barcelona\/wp-json\/wp\/v2\/media\/255"}],"wp:attachment":[{"href":"https:\/\/ccoo.app\/diputacio-de-barcelona\/wp-json\/wp\/v2\/media?parent=391"}],"wp:term":[{"taxonomy":"category","embeddable":true,"href":"https:\/\/ccoo.app\/diputacio-de-barcelona\/wp-json\/wp\/v2\/categories?post=391"},{"taxonomy":"post_tag","embeddable":true,"href":"https:\/\/ccoo.app\/diputacio-de-barcelona\/wp-json\/wp\/v2\/tags?post=391"}],"curies":[{"name":"wp","href":"https:\/\/api.w.org\/{rel}","templated":true}]}}