{"id":3847,"date":"2019-03-27T19:40:26","date_gmt":"2019-03-27T18:40:26","guid":{"rendered":"https:\/\/diba.ccoo.cat\/?p=3847"},"modified":"2023-02-22T19:05:22","modified_gmt":"2023-02-22T18:05:22","slug":"millores-excedencia-voluntaria","status":"publish","type":"post","link":"https:\/\/ccoo.app\/diputacio-de-barcelona\/millores-excedencia-voluntaria\/","title":{"rendered":"Exced\u00e8ncia volunt\u00e0ria"},"content":{"rendered":"<h4><strong>EXCED\u00c8NCIA VOLUNT\u00c0RIA PER CUIDAR A&#8230;<\/strong><\/h4>\n<h4><strong>Un <span style=\"text-decoration: underline\">FILL o FILLA<\/span>:<\/strong><\/h4>\n<ul>\n<li><strong>Durada<\/strong>: m\u00e0xim 3 anys, a comptar de la data del naixement o de la sent\u00e8ncia o la resoluci\u00f3 judicial en el cas d&#8217;acolliment o adopci\u00f3.<\/li>\n<li><strong>Beneficiaris<\/strong>: el personal al servei de les administracions p\u00fabliques, a excepci\u00f3 del personal eventual.<\/li>\n<li><strong>Condicions<\/strong>: (<a href=\"https:\/\/intradiba2.diba.cat\/web\/administracio-rrhh\/excedencia-voluntaria-per-tenir-cura-d-un-fill\" target=\"_blank\" rel=\"noopener noreferrer\">Intradiba<\/a>)<\/li>\n<li><strong>Acreditaci\u00f3<\/strong>: fotoc\u00f2pia del llibre de fam\u00edlia.<\/li>\n<\/ul>\n<p>+ info: Intradiba (<a href=\"https:\/\/intradiba2.diba.cat\/web\/administracio-rrhh\/excedencia-voluntaria-per-tenir-cura-d-un-fill\" target=\"_blank\" rel=\"noopener noreferrer\">anar-hi<\/a>)<\/p>\n<p>&nbsp;<\/p>\n<h4><strong>Un <span style=\"text-decoration: underline\">FAMILIAR<\/span>:<\/strong><\/h4>\n<ul>\n<li><strong>Durada<\/strong>: m\u00ednim 3 mesos i m\u00e0xim 3 anys, per cura d&#8217;un familiar fins al segon grau de consanguinitat o afinitat incl\u00f2s, amb la condici\u00f3 que no es pugui valdre per si mateix i que no pugui exercir cap activitat retribu\u00efda.<\/li>\n<li><strong>Beneficiaris<\/strong>: el personal al servei de les administracions p\u00fabliques, a excepci\u00f3 del personal eventual.<\/li>\n<li><strong>Condicions<\/strong>: (<a href=\"https:\/\/intradiba2.diba.cat\/web\/administracio-rrhh\/excedencia-voluntaria-per-a-tenir-cura-de-familiars\" target=\"_blank\" rel=\"noopener noreferrer\">Intradiba<\/a>)<\/li>\n<li><strong>Acreditaci\u00f3<\/strong>: Document acreditatiu del parentiu i document m\u00e8dic que acrediti que no es pot valdre per si mateix.<\/li>\n<\/ul>\n<p>+ info: Intradiba (<a href=\"https:\/\/intradiba2.diba.cat\/web\/administracio-rrhh\/excedencia-voluntaria-per-a-tenir-cura-de-familiars\" target=\"_blank\" rel=\"noopener noreferrer\">anar-hi<\/a>)<\/p>\n<p><em>+ info en relaci\u00f3 amb l&#8217;assidu\u00eftat (<a href=\"https:\/\/intradiba.diba.cat\/web\/administracio-rrhh\/factor-d-assiduitat\" target=\"_blank\" rel=\"noopener noreferrer\">anar-hi<\/a>)<\/em><\/p>\n<p>&nbsp;    \t<\/p>\n","protected":false},"excerpt":{"rendered":"<p>EXCED\u00c8NCIA VOLUNT\u00c0RIA PER CUIDAR A&#8230; Un FILL o FILLA: Durada: m\u00e0xim 3 anys, a comptar de la data del naixement o de la sent\u00e8ncia o la resoluci\u00f3 judicial en el &#8230; <\/p>\n<p class=\"read-more-container\"><a title=\"Exced\u00e8ncia volunt\u00e0ria\" class=\"read-more button\" href=\"https:\/\/ccoo.app\/diputacio-de-barcelona\/millores-excedencia-voluntaria\/#more-3847\" aria-label=\"Leer m\u00e1s sobre Exced\u00e8ncia volunt\u00e0ria\">Continuar llegint<\/a><\/p>\n","protected":false},"author":4519,"featured_media":2788,"comment_status":"open","ping_status":"open","sticky":false,"template":"","format":"standard","meta":{"footnotes":""},"categories":[42],"tags":[],"class_list":["post-3847","post","type-post","status-publish","format-standard","has-post-thumbnail","hentry","category-millores-prestacions","generate-columns","tablet-grid-50","mobile-grid-100","grid-parent","grid-50"],"_links":{"self":[{"href":"https:\/\/ccoo.app\/diputacio-de-barcelona\/wp-json\/wp\/v2\/posts\/3847","targetHints":{"allow":["GET"]}}],"collection":[{"href":"https:\/\/ccoo.app\/diputacio-de-barcelona\/wp-json\/wp\/v2\/posts"}],"about":[{"href":"https:\/\/ccoo.app\/diputacio-de-barcelona\/wp-json\/wp\/v2\/types\/post"}],"author":[{"embeddable":true,"href":"https:\/\/ccoo.app\/diputacio-de-barcelona\/wp-json\/wp\/v2\/users\/4519"}],"replies":[{"embeddable":true,"href":"https:\/\/ccoo.app\/diputacio-de-barcelona\/wp-json\/wp\/v2\/comments?post=3847"}],"version-history":[{"count":1,"href":"https:\/\/ccoo.app\/diputacio-de-barcelona\/wp-json\/wp\/v2\/posts\/3847\/revisions"}],"predecessor-version":[{"id":52025,"href":"https:\/\/ccoo.app\/diputacio-de-barcelona\/wp-json\/wp\/v2\/posts\/3847\/revisions\/52025"}],"wp:featuredmedia":[{"embeddable":true,"href":"https:\/\/ccoo.app\/diputacio-de-barcelona\/wp-json\/wp\/v2\/media\/2788"}],"wp:attachment":[{"href":"https:\/\/ccoo.app\/diputacio-de-barcelona\/wp-json\/wp\/v2\/media?parent=3847"}],"wp:term":[{"taxonomy":"category","embeddable":true,"href":"https:\/\/ccoo.app\/diputacio-de-barcelona\/wp-json\/wp\/v2\/categories?post=3847"},{"taxonomy":"post_tag","embeddable":true,"href":"https:\/\/ccoo.app\/diputacio-de-barcelona\/wp-json\/wp\/v2\/tags?post=3847"}],"curies":[{"name":"wp","href":"https:\/\/api.w.org\/{rel}","templated":true}]}}