{"id":3843,"date":"2019-03-27T17:34:23","date_gmt":"2019-03-27T16:34:23","guid":{"rendered":"https:\/\/diba.ccoo.cat\/?p=3843"},"modified":"2023-02-22T19:05:24","modified_gmt":"2023-02-22T18:05:24","slug":"millores-permis-de-conciliacio","status":"publish","type":"post","link":"https:\/\/ccoo.app\/diputacio-de-barcelona\/millores-permis-de-conciliacio\/","title":{"rendered":"Perm\u00eds de conciliaci\u00f3"},"content":{"rendered":"<h4><strong>PERM\u00cdS DE CONCILIACI\u00d3:<\/strong><\/h4>\n<p>S&#8217;estableix un m\u00e0xim de 4 dies de perm\u00eds retribu\u00eft per conciliaci\u00f3 de la vida laboral i familiar.<\/p>\n<p>+ info: Intradiba (<a href=\"https:\/\/intradiba2.diba.cat\/web\/administracio-rrhh\/permis-de-conciliacio?p_p_id=56_INSTANCE_2vDpPKqGnLEx&amp;p_p_lifecycle=0&amp;p_p_state=normal&amp;p_p_mode=view&amp;p_p_col_id=column-1&amp;p_p_col_count=1\" target=\"_blank\" rel=\"noopener noreferrer\">anar-hi<\/a>)<\/p>\n<p>&nbsp;    \t<\/p>\n","protected":false},"excerpt":{"rendered":"<p>PERM\u00cdS DE CONCILIACI\u00d3: S&#8217;estableix un m\u00e0xim de 4 dies de perm\u00eds retribu\u00eft per conciliaci\u00f3 de la vida laboral i familiar. + info: Intradiba (anar-hi) &nbsp;<\/p>\n","protected":false},"author":4519,"featured_media":2788,"comment_status":"open","ping_status":"open","sticky":false,"template":"","format":"standard","meta":{"footnotes":""},"categories":[42],"tags":[],"class_list":["post-3843","post","type-post","status-publish","format-standard","has-post-thumbnail","hentry","category-millores-prestacions","generate-columns","tablet-grid-50","mobile-grid-100","grid-parent","grid-50"],"_links":{"self":[{"href":"https:\/\/ccoo.app\/diputacio-de-barcelona\/wp-json\/wp\/v2\/posts\/3843","targetHints":{"allow":["GET"]}}],"collection":[{"href":"https:\/\/ccoo.app\/diputacio-de-barcelona\/wp-json\/wp\/v2\/posts"}],"about":[{"href":"https:\/\/ccoo.app\/diputacio-de-barcelona\/wp-json\/wp\/v2\/types\/post"}],"author":[{"embeddable":true,"href":"https:\/\/ccoo.app\/diputacio-de-barcelona\/wp-json\/wp\/v2\/users\/4519"}],"replies":[{"embeddable":true,"href":"https:\/\/ccoo.app\/diputacio-de-barcelona\/wp-json\/wp\/v2\/comments?post=3843"}],"version-history":[{"count":1,"href":"https:\/\/ccoo.app\/diputacio-de-barcelona\/wp-json\/wp\/v2\/posts\/3843\/revisions"}],"predecessor-version":[{"id":52028,"href":"https:\/\/ccoo.app\/diputacio-de-barcelona\/wp-json\/wp\/v2\/posts\/3843\/revisions\/52028"}],"wp:featuredmedia":[{"embeddable":true,"href":"https:\/\/ccoo.app\/diputacio-de-barcelona\/wp-json\/wp\/v2\/media\/2788"}],"wp:attachment":[{"href":"https:\/\/ccoo.app\/diputacio-de-barcelona\/wp-json\/wp\/v2\/media?parent=3843"}],"wp:term":[{"taxonomy":"category","embeddable":true,"href":"https:\/\/ccoo.app\/diputacio-de-barcelona\/wp-json\/wp\/v2\/categories?post=3843"},{"taxonomy":"post_tag","embeddable":true,"href":"https:\/\/ccoo.app\/diputacio-de-barcelona\/wp-json\/wp\/v2\/tags?post=3843"}],"curies":[{"name":"wp","href":"https:\/\/api.w.org\/{rel}","templated":true}]}}