{"id":3819,"date":"2019-03-27T17:00:51","date_gmt":"2019-03-27T16:00:51","guid":{"rendered":"https:\/\/diba.ccoo.cat\/?p=3819"},"modified":"2023-02-22T19:05:24","modified_gmt":"2023-02-22T18:05:24","slug":"permis-cura-de-fills-afectats-de-cancer-o-malalties-greus","status":"publish","type":"post","link":"https:\/\/ccoo.app\/diputacio-de-barcelona\/permis-cura-de-fills-afectats-de-cancer-o-malalties-greus\/","title":{"rendered":"Cura de fills afectats de c\u00e0ncer o malalties greus"},"content":{"rendered":"<p><strong>PERM\u00cdS PER TENIR CURA DE FILLS MENORS AFECTATS DE C\u00c0NCER O ALTRES MALALTIES GREUS<\/strong>:<br \/>\nFills menors de 18 anys. perm\u00eds consistent en la reducci\u00f3, com a m\u00ednim, del<br \/>\n50% de la jornada de treball i a continuar percebent \u00edntegrament les<br \/>\nretribucions.<\/p>\n<p>+ info: Intradiba (<a href=\"https:\/\/intradiba2.diba.cat\/web\/administracio-rrhh\/permis-per-a-cura-de-fills-menors-afectats-per-cancer-o-altra-malaltia-greu\" target=\"_blank\" rel=\"noopener noreferrer\">anar-hi<\/a>)    \t<\/p>\n","protected":false},"excerpt":{"rendered":"<p>PERM\u00cdS PER TENIR CURA DE FILLS MENORS AFECTATS DE C\u00c0NCER O ALTRES MALALTIES GREUS: Fills menors de 18 anys. perm\u00eds consistent en la reducci\u00f3, com a m\u00ednim, del 50% de &#8230; <\/p>\n<p class=\"read-more-container\"><a title=\"Cura de fills afectats de c\u00e0ncer o malalties greus\" class=\"read-more button\" href=\"https:\/\/ccoo.app\/diputacio-de-barcelona\/permis-cura-de-fills-afectats-de-cancer-o-malalties-greus\/#more-3819\" aria-label=\"Leer m\u00e1s sobre Cura de fills afectats de c\u00e0ncer o malalties greus\">Continuar llegint<\/a><\/p>\n","protected":false},"author":4519,"featured_media":2060,"comment_status":"open","ping_status":"open","sticky":false,"template":"","format":"standard","meta":{"footnotes":""},"categories":[44],"tags":[],"class_list":["post-3819","post","type-post","status-publish","format-standard","has-post-thumbnail","hentry","category-permissions","generate-columns","tablet-grid-50","mobile-grid-100","grid-parent","grid-50"],"_links":{"self":[{"href":"https:\/\/ccoo.app\/diputacio-de-barcelona\/wp-json\/wp\/v2\/posts\/3819","targetHints":{"allow":["GET"]}}],"collection":[{"href":"https:\/\/ccoo.app\/diputacio-de-barcelona\/wp-json\/wp\/v2\/posts"}],"about":[{"href":"https:\/\/ccoo.app\/diputacio-de-barcelona\/wp-json\/wp\/v2\/types\/post"}],"author":[{"embeddable":true,"href":"https:\/\/ccoo.app\/diputacio-de-barcelona\/wp-json\/wp\/v2\/users\/4519"}],"replies":[{"embeddable":true,"href":"https:\/\/ccoo.app\/diputacio-de-barcelona\/wp-json\/wp\/v2\/comments?post=3819"}],"version-history":[{"count":1,"href":"https:\/\/ccoo.app\/diputacio-de-barcelona\/wp-json\/wp\/v2\/posts\/3819\/revisions"}],"predecessor-version":[{"id":52029,"href":"https:\/\/ccoo.app\/diputacio-de-barcelona\/wp-json\/wp\/v2\/posts\/3819\/revisions\/52029"}],"wp:featuredmedia":[{"embeddable":true,"href":"https:\/\/ccoo.app\/diputacio-de-barcelona\/wp-json\/wp\/v2\/media\/2060"}],"wp:attachment":[{"href":"https:\/\/ccoo.app\/diputacio-de-barcelona\/wp-json\/wp\/v2\/media?parent=3819"}],"wp:term":[{"taxonomy":"category","embeddable":true,"href":"https:\/\/ccoo.app\/diputacio-de-barcelona\/wp-json\/wp\/v2\/categories?post=3819"},{"taxonomy":"post_tag","embeddable":true,"href":"https:\/\/ccoo.app\/diputacio-de-barcelona\/wp-json\/wp\/v2\/tags?post=3819"}],"curies":[{"name":"wp","href":"https:\/\/api.w.org\/{rel}","templated":true}]}}