{"id":3810,"date":"2019-03-27T16:00:42","date_gmt":"2019-03-27T15:00:42","guid":{"rendered":"https:\/\/diba.ccoo.cat\/permis-per-la-mort-d-un-familiar-copy\/"},"modified":"2023-02-22T19:05:25","modified_gmt":"2023-02-22T18:05:25","slug":"permis-empleades-en-estat-de-gestacio","status":"publish","type":"post","link":"https:\/\/ccoo.app\/diputacio-de-barcelona\/permis-empleades-en-estat-de-gestacio\/","title":{"rendered":"Empleades en estat de gestaci\u00f3"},"content":{"rendered":"<p><strong>PERM\u00cdS EMPLEADES EN ESTAT DE GESTACI\u00d3<\/strong>:<br \/>\n1r dia de la setmana 37 de l&#8217;embar\u00e0s i fins a la data del part.<\/p>\n<p>+ info: Intradiba (<a href=\"https:\/\/intradiba2.diba.cat\/web\/administracio-rrhh\/permis-retribuit-empleades-en-estat-de-gestacio\" target=\"_blank\" rel=\"noopener noreferrer\">anar-hi<\/a>)    \t<\/p>\n","protected":false},"excerpt":{"rendered":"<p>PERM\u00cdS EMPLEADES EN ESTAT DE GESTACI\u00d3: 1r dia de la setmana 37 de l&#8217;embar\u00e0s i fins a la data del part. + info: Intradiba (anar-hi)<\/p>\n","protected":false},"author":4519,"featured_media":2788,"comment_status":"open","ping_status":"open","sticky":false,"template":"","format":"standard","meta":{"footnotes":""},"categories":[44],"tags":[],"class_list":["post-3810","post","type-post","status-publish","format-standard","has-post-thumbnail","hentry","category-permissions","generate-columns","tablet-grid-50","mobile-grid-100","grid-parent","grid-50"],"_links":{"self":[{"href":"https:\/\/ccoo.app\/diputacio-de-barcelona\/wp-json\/wp\/v2\/posts\/3810","targetHints":{"allow":["GET"]}}],"collection":[{"href":"https:\/\/ccoo.app\/diputacio-de-barcelona\/wp-json\/wp\/v2\/posts"}],"about":[{"href":"https:\/\/ccoo.app\/diputacio-de-barcelona\/wp-json\/wp\/v2\/types\/post"}],"author":[{"embeddable":true,"href":"https:\/\/ccoo.app\/diputacio-de-barcelona\/wp-json\/wp\/v2\/users\/4519"}],"replies":[{"embeddable":true,"href":"https:\/\/ccoo.app\/diputacio-de-barcelona\/wp-json\/wp\/v2\/comments?post=3810"}],"version-history":[{"count":1,"href":"https:\/\/ccoo.app\/diputacio-de-barcelona\/wp-json\/wp\/v2\/posts\/3810\/revisions"}],"predecessor-version":[{"id":52031,"href":"https:\/\/ccoo.app\/diputacio-de-barcelona\/wp-json\/wp\/v2\/posts\/3810\/revisions\/52031"}],"wp:featuredmedia":[{"embeddable":true,"href":"https:\/\/ccoo.app\/diputacio-de-barcelona\/wp-json\/wp\/v2\/media\/2788"}],"wp:attachment":[{"href":"https:\/\/ccoo.app\/diputacio-de-barcelona\/wp-json\/wp\/v2\/media?parent=3810"}],"wp:term":[{"taxonomy":"category","embeddable":true,"href":"https:\/\/ccoo.app\/diputacio-de-barcelona\/wp-json\/wp\/v2\/categories?post=3810"},{"taxonomy":"post_tag","embeddable":true,"href":"https:\/\/ccoo.app\/diputacio-de-barcelona\/wp-json\/wp\/v2\/tags?post=3810"}],"curies":[{"name":"wp","href":"https:\/\/api.w.org\/{rel}","templated":true}]}}