{"id":3807,"date":"2019-03-27T11:57:56","date_gmt":"2019-03-27T10:57:56","guid":{"rendered":"https:\/\/diba.ccoo.cat\/permis-maternitat-paternitat-copy\/"},"modified":"2023-02-22T19:05:28","modified_gmt":"2023-02-22T18:05:28","slug":"permis-per-la-mort-d-un-familiar","status":"publish","type":"post","link":"https:\/\/ccoo.app\/diputacio-de-barcelona\/permis-per-la-mort-d-un-familiar\/","title":{"rendered":"Mort d&#8217;un familiar"},"content":{"rendered":"<p><strong>PEEM\u00cdS PER LA MORT D&#8217;UN FAMILIAR<\/strong>:<br \/>\n&#8211; 3 dies a la prov\u00edncia Barcelona.<br \/>\n&#8211; 5 dies Fora Prov\u00edncia<\/p>\n<p>+ info: Intradiba (<a href=\"https:\/\/intradiba2.diba.cat\/documents\/28820141\/36824979\/Perm%C3%ADs+mort+familiar\/6123cdb5-1d33-4e13-9fc9-4f571f58d6d6\" target=\"_blank\" rel=\"noopener noreferrer\">anar-hi<\/a>)    \t<\/p>\n","protected":false},"excerpt":{"rendered":"<p>PEEM\u00cdS PER LA MORT D&#8217;UN FAMILIAR: &#8211; 3 dies a la prov\u00edncia Barcelona. &#8211; 5 dies Fora Prov\u00edncia + info: Intradiba (anar-hi)<\/p>\n","protected":false},"author":4519,"featured_media":2788,"comment_status":"open","ping_status":"open","sticky":false,"template":"","format":"standard","meta":{"footnotes":""},"categories":[44],"tags":[],"class_list":["post-3807","post","type-post","status-publish","format-standard","has-post-thumbnail","hentry","category-permissions","generate-columns","tablet-grid-50","mobile-grid-100","grid-parent","grid-50"],"_links":{"self":[{"href":"https:\/\/ccoo.app\/diputacio-de-barcelona\/wp-json\/wp\/v2\/posts\/3807","targetHints":{"allow":["GET"]}}],"collection":[{"href":"https:\/\/ccoo.app\/diputacio-de-barcelona\/wp-json\/wp\/v2\/posts"}],"about":[{"href":"https:\/\/ccoo.app\/diputacio-de-barcelona\/wp-json\/wp\/v2\/types\/post"}],"author":[{"embeddable":true,"href":"https:\/\/ccoo.app\/diputacio-de-barcelona\/wp-json\/wp\/v2\/users\/4519"}],"replies":[{"embeddable":true,"href":"https:\/\/ccoo.app\/diputacio-de-barcelona\/wp-json\/wp\/v2\/comments?post=3807"}],"version-history":[{"count":1,"href":"https:\/\/ccoo.app\/diputacio-de-barcelona\/wp-json\/wp\/v2\/posts\/3807\/revisions"}],"predecessor-version":[{"id":52037,"href":"https:\/\/ccoo.app\/diputacio-de-barcelona\/wp-json\/wp\/v2\/posts\/3807\/revisions\/52037"}],"wp:featuredmedia":[{"embeddable":true,"href":"https:\/\/ccoo.app\/diputacio-de-barcelona\/wp-json\/wp\/v2\/media\/2788"}],"wp:attachment":[{"href":"https:\/\/ccoo.app\/diputacio-de-barcelona\/wp-json\/wp\/v2\/media?parent=3807"}],"wp:term":[{"taxonomy":"category","embeddable":true,"href":"https:\/\/ccoo.app\/diputacio-de-barcelona\/wp-json\/wp\/v2\/categories?post=3807"},{"taxonomy":"post_tag","embeddable":true,"href":"https:\/\/ccoo.app\/diputacio-de-barcelona\/wp-json\/wp\/v2\/tags?post=3807"}],"curies":[{"name":"wp","href":"https:\/\/api.w.org\/{rel}","templated":true}]}}