{"id":3800,"date":"2019-03-27T10:47:59","date_gmt":"2019-03-27T09:47:59","guid":{"rendered":"https:\/\/diba.ccoo.cat\/permis-naixement-copy\/"},"modified":"2023-02-22T19:05:29","modified_gmt":"2023-02-22T18:05:29","slug":"permis-naixement","status":"publish","type":"post","link":"https:\/\/ccoo.app\/diputacio-de-barcelona\/permis-naixement\/","title":{"rendered":"Naixement fill\/a"},"content":{"rendered":"<p><strong>NAIXEMENT FILL\/A, ADOPCI\u00d3 o ACOLLIMENT<\/strong>:<br \/>\n5 dies laborables consecutius dins els deu dies seg\u00fcents a la data de naixement, adopci\u00f3 o acolliment al domicili familiar. Part , adopci\u00f3 o acolliment m\u00faltiple. 10 dies (2 fills) i 15 dies (3 o+ fills).<\/p>\n<p>+ info: Intradiba (<a href=\"https:\/\/intradiba2.diba.cat\/web\/administracio-rrhh\/permis-per-naixement-fill\/acolliment\/adopcio\" target=\"_blank\" rel=\"noopener noreferrer\">anar-hi<\/a>)    \t<\/p>\n","protected":false},"excerpt":{"rendered":"<p>NAIXEMENT FILL\/A, ADOPCI\u00d3 o ACOLLIMENT: 5 dies laborables consecutius dins els deu dies seg\u00fcents a la data de naixement, adopci\u00f3 o acolliment al domicili familiar. Part , adopci\u00f3 o acolliment &#8230; <\/p>\n<p class=\"read-more-container\"><a title=\"Naixement fill\/a\" class=\"read-more button\" href=\"https:\/\/ccoo.app\/diputacio-de-barcelona\/permis-naixement\/#more-3800\" aria-label=\"Leer m\u00e1s sobre Naixement fill\/a\">Continuar llegint<\/a><\/p>\n","protected":false},"author":4519,"featured_media":2799,"comment_status":"open","ping_status":"open","sticky":false,"template":"","format":"standard","meta":{"footnotes":""},"categories":[44],"tags":[],"class_list":["post-3800","post","type-post","status-publish","format-standard","has-post-thumbnail","hentry","category-permissions","generate-columns","tablet-grid-50","mobile-grid-100","grid-parent","grid-50"],"_links":{"self":[{"href":"https:\/\/ccoo.app\/diputacio-de-barcelona\/wp-json\/wp\/v2\/posts\/3800","targetHints":{"allow":["GET"]}}],"collection":[{"href":"https:\/\/ccoo.app\/diputacio-de-barcelona\/wp-json\/wp\/v2\/posts"}],"about":[{"href":"https:\/\/ccoo.app\/diputacio-de-barcelona\/wp-json\/wp\/v2\/types\/post"}],"author":[{"embeddable":true,"href":"https:\/\/ccoo.app\/diputacio-de-barcelona\/wp-json\/wp\/v2\/users\/4519"}],"replies":[{"embeddable":true,"href":"https:\/\/ccoo.app\/diputacio-de-barcelona\/wp-json\/wp\/v2\/comments?post=3800"}],"version-history":[{"count":1,"href":"https:\/\/ccoo.app\/diputacio-de-barcelona\/wp-json\/wp\/v2\/posts\/3800\/revisions"}],"predecessor-version":[{"id":52038,"href":"https:\/\/ccoo.app\/diputacio-de-barcelona\/wp-json\/wp\/v2\/posts\/3800\/revisions\/52038"}],"wp:featuredmedia":[{"embeddable":true,"href":"https:\/\/ccoo.app\/diputacio-de-barcelona\/wp-json\/wp\/v2\/media\/2799"}],"wp:attachment":[{"href":"https:\/\/ccoo.app\/diputacio-de-barcelona\/wp-json\/wp\/v2\/media?parent=3800"}],"wp:term":[{"taxonomy":"category","embeddable":true,"href":"https:\/\/ccoo.app\/diputacio-de-barcelona\/wp-json\/wp\/v2\/categories?post=3800"},{"taxonomy":"post_tag","embeddable":true,"href":"https:\/\/ccoo.app\/diputacio-de-barcelona\/wp-json\/wp\/v2\/tags?post=3800"}],"curies":[{"name":"wp","href":"https:\/\/api.w.org\/{rel}","templated":true}]}}