{"id":3797,"date":"2019-03-27T15:00:01","date_gmt":"2019-03-27T14:00:01","guid":{"rendered":"https:\/\/diba.ccoo.cat\/permis-examens-copy\/"},"modified":"2023-02-22T19:05:26","modified_gmt":"2023-02-22T18:05:26","slug":"permis-examens","status":"publish","type":"post","link":"https:\/\/ccoo.app\/diputacio-de-barcelona\/permis-examens\/","title":{"rendered":"Ex\u00e0mens"},"content":{"rendered":"<p><strong>EX\u00c0MENS FINALS<\/strong> (centre oficial): Dret a gaudir dels dies de perm\u00eds<\/p>\n<p><strong>EX\u00c0MENS NO FINALS<\/strong> (centre oficial): Temps indispensable per al despla\u00e7ament i realitzaci\u00f3 de la prova o examen.<\/p>\n<p><strong>EX\u00c0MENS DE CONDU\u00cfR<\/strong>\u00a0(1a vegada): El temps necessari per realitzar les proves (s\u2019exclou el temps de despla\u00e7ament).<\/p>\n<p>+ info: Intradiba (<a href=\"https:\/\/intradiba2.diba.cat\/documents\/28820141\/36824979\/PERM%C3%8DS+PER+EX%C3%80MENS\/d350d4fb-fa27-422a-a76e-a3181e106261\" target=\"_blank\" rel=\"noopener noreferrer\">anar-hi<\/a>)    \t<\/p>\n","protected":false},"excerpt":{"rendered":"<p>EX\u00c0MENS FINALS (centre oficial): Dret a gaudir dels dies de perm\u00eds EX\u00c0MENS NO FINALS (centre oficial): Temps indispensable per al despla\u00e7ament i realitzaci\u00f3 de la prova o examen. EX\u00c0MENS DE &#8230; <\/p>\n<p class=\"read-more-container\"><a title=\"Ex\u00e0mens\" class=\"read-more button\" href=\"https:\/\/ccoo.app\/diputacio-de-barcelona\/permis-examens\/#more-3797\" aria-label=\"Leer m\u00e1s sobre Ex\u00e0mens\">Continuar llegint<\/a><\/p>\n","protected":false},"author":4519,"featured_media":2809,"comment_status":"open","ping_status":"open","sticky":false,"template":"","format":"standard","meta":{"footnotes":""},"categories":[44],"tags":[],"class_list":["post-3797","post","type-post","status-publish","format-standard","has-post-thumbnail","hentry","category-permissions","generate-columns","tablet-grid-50","mobile-grid-100","grid-parent","grid-50"],"_links":{"self":[{"href":"https:\/\/ccoo.app\/diputacio-de-barcelona\/wp-json\/wp\/v2\/posts\/3797","targetHints":{"allow":["GET"]}}],"collection":[{"href":"https:\/\/ccoo.app\/diputacio-de-barcelona\/wp-json\/wp\/v2\/posts"}],"about":[{"href":"https:\/\/ccoo.app\/diputacio-de-barcelona\/wp-json\/wp\/v2\/types\/post"}],"author":[{"embeddable":true,"href":"https:\/\/ccoo.app\/diputacio-de-barcelona\/wp-json\/wp\/v2\/users\/4519"}],"replies":[{"embeddable":true,"href":"https:\/\/ccoo.app\/diputacio-de-barcelona\/wp-json\/wp\/v2\/comments?post=3797"}],"version-history":[{"count":1,"href":"https:\/\/ccoo.app\/diputacio-de-barcelona\/wp-json\/wp\/v2\/posts\/3797\/revisions"}],"predecessor-version":[{"id":52033,"href":"https:\/\/ccoo.app\/diputacio-de-barcelona\/wp-json\/wp\/v2\/posts\/3797\/revisions\/52033"}],"wp:featuredmedia":[{"embeddable":true,"href":"https:\/\/ccoo.app\/diputacio-de-barcelona\/wp-json\/wp\/v2\/media\/2809"}],"wp:attachment":[{"href":"https:\/\/ccoo.app\/diputacio-de-barcelona\/wp-json\/wp\/v2\/media?parent=3797"}],"wp:term":[{"taxonomy":"category","embeddable":true,"href":"https:\/\/ccoo.app\/diputacio-de-barcelona\/wp-json\/wp\/v2\/categories?post=3797"},{"taxonomy":"post_tag","embeddable":true,"href":"https:\/\/ccoo.app\/diputacio-de-barcelona\/wp-json\/wp\/v2\/tags?post=3797"}],"curies":[{"name":"wp","href":"https:\/\/api.w.org\/{rel}","templated":true}]}}