{"id":3792,"date":"2019-03-27T13:16:31","date_gmt":"2019-03-27T12:16:31","guid":{"rendered":"https:\/\/diba.ccoo.cat\/matrimoni-parella-de-fet-copy\/"},"modified":"2023-02-22T19:05:27","modified_gmt":"2023-02-22T18:05:27","slug":"permis-maternitat-paternitat","status":"publish","type":"post","link":"https:\/\/ccoo.app\/diputacio-de-barcelona\/permis-maternitat-paternitat\/","title":{"rendered":"Maternitat\/paternitat"},"content":{"rendered":"<p><strong>MATERNITAT<\/strong>:<br \/>\n16 setmanes ininterrompudes. Aquest perm\u00eds s&#8217;ampliar\u00e0 en dues setmanes m\u00e9s en el sup\u00f2sit de discapacitat del fill o la filla, i per cada fill a partir del segon, en el sup\u00f2sitde part m\u00faltiple.<\/p>\n<p>+ info: Intradiba (<a href=\"https:\/\/intradiba2.diba.cat\/web\/administracio-rrhh\/permis-per-maternitat\" target=\"_blank\" rel=\"noopener noreferrer\">anar-hi<\/a>)<\/p>\n<p><strong>PATERNITAT<\/strong>:<br \/>\n8 setmanes. Aquest perm\u00eds s&#8217;ampliar\u00e0 en dues setmanes en el cas de discapacitat del nad\u00f3 i per cada fill o filla a partir del segon en els casos de part, adopci\u00f3 o acolliment m\u00faltiple a gaudir una setmana per cada progenitor.<\/p>\n<p>Les 2 setmanes posteriors al part s&#8217;han de gaudir ininterrumpudament.<\/p>\n<p>Amplieu infomaci\u00f3 sobre la tramitaci\u00f3 i il&#8217;IRPF a l&#8217;<a href=\"https:\/\/intradiba2.diba.cat\/web\/administracio-rrhh\/permis-per-paternitat\">Intradiba<\/a>.<\/p>\n<p>+ info: Intradiba (<a href=\"https:\/\/intradiba2.diba.cat\/web\/administracio-rrhh\/permis-per-paternitat\" target=\"_blank\" rel=\"noopener noreferrer\">anar-hi<\/a>)    \t<\/p>\n","protected":false},"excerpt":{"rendered":"<p>MATERNITAT: 16 setmanes ininterrompudes. Aquest perm\u00eds s&#8217;ampliar\u00e0 en dues setmanes m\u00e9s en el sup\u00f2sit de discapacitat del fill o la filla, i per cada fill a partir del segon, en &#8230; <\/p>\n<p class=\"read-more-container\"><a title=\"Maternitat\/paternitat\" class=\"read-more button\" href=\"https:\/\/ccoo.app\/diputacio-de-barcelona\/permis-maternitat-paternitat\/#more-3792\" aria-label=\"Leer m\u00e1s sobre Maternitat\/paternitat\">Continuar llegint<\/a><\/p>\n","protected":false},"author":4519,"featured_media":2799,"comment_status":"open","ping_status":"open","sticky":false,"template":"","format":"standard","meta":{"footnotes":""},"categories":[44],"tags":[],"class_list":["post-3792","post","type-post","status-publish","format-standard","has-post-thumbnail","hentry","category-permissions","generate-columns","tablet-grid-50","mobile-grid-100","grid-parent","grid-50"],"_links":{"self":[{"href":"https:\/\/ccoo.app\/diputacio-de-barcelona\/wp-json\/wp\/v2\/posts\/3792","targetHints":{"allow":["GET"]}}],"collection":[{"href":"https:\/\/ccoo.app\/diputacio-de-barcelona\/wp-json\/wp\/v2\/posts"}],"about":[{"href":"https:\/\/ccoo.app\/diputacio-de-barcelona\/wp-json\/wp\/v2\/types\/post"}],"author":[{"embeddable":true,"href":"https:\/\/ccoo.app\/diputacio-de-barcelona\/wp-json\/wp\/v2\/users\/4519"}],"replies":[{"embeddable":true,"href":"https:\/\/ccoo.app\/diputacio-de-barcelona\/wp-json\/wp\/v2\/comments?post=3792"}],"version-history":[{"count":1,"href":"https:\/\/ccoo.app\/diputacio-de-barcelona\/wp-json\/wp\/v2\/posts\/3792\/revisions"}],"predecessor-version":[{"id":52035,"href":"https:\/\/ccoo.app\/diputacio-de-barcelona\/wp-json\/wp\/v2\/posts\/3792\/revisions\/52035"}],"wp:featuredmedia":[{"embeddable":true,"href":"https:\/\/ccoo.app\/diputacio-de-barcelona\/wp-json\/wp\/v2\/media\/2799"}],"wp:attachment":[{"href":"https:\/\/ccoo.app\/diputacio-de-barcelona\/wp-json\/wp\/v2\/media?parent=3792"}],"wp:term":[{"taxonomy":"category","embeddable":true,"href":"https:\/\/ccoo.app\/diputacio-de-barcelona\/wp-json\/wp\/v2\/categories?post=3792"},{"taxonomy":"post_tag","embeddable":true,"href":"https:\/\/ccoo.app\/diputacio-de-barcelona\/wp-json\/wp\/v2\/tags?post=3792"}],"curies":[{"name":"wp","href":"https:\/\/api.w.org\/{rel}","templated":true}]}}