{"id":3768,"date":"2019-03-21T19:39:38","date_gmt":"2019-03-21T18:39:38","guid":{"rendered":"https:\/\/diba.ccoo.cat\/?p=3768"},"modified":"2023-02-22T19:05:30","modified_gmt":"2023-02-22T18:05:30","slug":"curs-preparatori-opos-personal-operari-de-serveis","status":"publish","type":"post","link":"https:\/\/ccoo.app\/diputacio-de-barcelona\/curs-preparatori-opos-personal-operari-de-serveis\/","title":{"rendered":"NOU CURS PREPARATORI OPOS PERSONAL OPERARI DE SERVEIS"},"content":{"rendered":"<p class=\"wp-caption-text\"><img loading=\"lazy\" decoding=\"async\" class=\"alignnone wp-image-1853\" src=\"http:\/\/ccoo.app\/diputacio-de-barcelona\/wp-content\/blogs.dir\/6\/files\/sites\/186\/2018\/01\/logoccoov18.jpg\" alt=\"\" width=\"137\" height=\"63\" \/>\u00a0 \u00a0 \u00a0 \u00a0 \u00a0 \u00a0 \u00a0 \u00a0<a href=\"http:\/\/ccoo.app\/diputacio-de-barcelona\/wp-content\/blogs.dir\/6\/files\/sites\/186\/2019\/03\/nou-curs-operari-serveis-amb-formar-te.pdf\"><img loading=\"lazy\" decoding=\"async\" class=\"alignnone wp-image-2113\" src=\"http:\/\/ccoo.app\/diputacio-de-barcelona\/wp-content\/blogs.dir\/6\/files\/sites\/186\/2018\/04\/22-300x172.png\" alt=\"\" width=\"167\" height=\"96\" srcset=\"https:\/\/ccoo.app\/diputacio-de-barcelona\/wp-content\/blogs.dir\/6\/files\/sites\/186\/2018\/04\/22-300x172.png 300w, https:\/\/ccoo.app\/diputacio-de-barcelona\/wp-content\/blogs.dir\/6\/files\/sites\/186\/2018\/04\/22.png 327w\" sizes=\"auto, (max-width: 167px) 100vw, 167px\" \/><\/a><\/p>\n<h2 style=\"text-align: justify\"><span style=\"font-family: 'arial black', sans-serif;color: #ff0000\">NOU CURS PREPARATORI OPOSICIONS PERSONAL OPERARI DE SERVEIS<\/span><\/h2>\n<p style=\"text-align: center\"><span style=\"text-decoration: underline\"><span style=\"font-family: 'arial black', sans-serif;color: #0000ff\"><strong>CONVOCAT\u00d2RIA 12C\/17 DE CONSOLIDACI\u00d3 DE L\u2019OCUPACI\u00d3<\/strong><\/span><\/span><\/p>\n<p style=\"text-align: center\"><span style=\"color: #0000ff;font-family: 'arial black', sans-serif\"><strong>TERMINI D\u2019INSCRIPCI\u00d3 OBERT<\/strong><\/span><\/p>\n<p style=\"text-align: center\"><span style=\"color: #0000ff;font-family: 'arial black', sans-serif\"><strong>COMEN\u00c7AMENT IMMINENT<\/strong><\/span><\/p>\n<p style=\"text-align: center\"><span style=\"color: #0000ff;font-family: 'arial black', sans-serif\"><strong>PLACES LIMITADES<\/strong><\/span><\/p>\n<p style=\"text-align: justify\"><span style=\"font-family: arial, helvetica, sans-serif;color: #000000\">El curs consta de <strong><u>30 hores presencials<\/u><\/strong> repartides en 10 sessions lectives <strong><u>m\u00e9s un simulacre d\u2019examen<\/u><\/strong> amb suport de plataforma online i material docent:<\/span><\/p>\n<ul style=\"text-align: justify\">\n<li><span style=\"font-family: 'arial black', sans-serif;color: #0000ff\"><strong>GRUP MAT\u00cd<\/strong>:<\/span>\n<ul style=\"text-align: justify\">\n<li>Del 23\/04\/2019 al 28\/05\/2019<\/li>\n<li><span style=\"font-family: arial, helvetica, sans-serif;color: #000000\">De 10.00 h a 13.00 h<\/span><\/li>\n<li><span style=\"font-family: arial, helvetica, sans-serif;color: #000000\">Dimarts i dijous<\/span><\/li>\n<\/ul>\n<\/li>\n<\/ul>\n<ul style=\"text-align: justify\">\n<li><span style=\"font-family: 'arial black', sans-serif;color: #0000ff\"><strong>GRUP TARDA<\/strong>:<\/span>\n<ul style=\"text-align: justify\">\n<li>Del 24\/04\/2019 al 29\/05\/2019<\/li>\n<li><span style=\"font-family: arial, helvetica, sans-serif;color: #000000\">De 16.00 h a 19.00 h<\/span><\/li>\n<li><span style=\"font-family: arial, helvetica, sans-serif;color: #000000\">Dilluns i dimecres<\/span><\/li>\n<\/ul>\n<\/li>\n<\/ul>\n<p style=\"text-align: justify\"><span style=\"font-family: arial, helvetica, sans-serif;color: #000000\"><span style=\"font-family: 'arial black', sans-serif\"><strong><span style=\"color: #0000ff\">Lloc on s\u2019impartir\u00e0 el curs:<\/span> <\/strong><\/span>Recinte Mundet o aula de formaci\u00f3 de la secci\u00f3 sindical de la Diputaci\u00f3 de Barcelona de CCOO (Carrer Mallorca n\u00fam.224 de Barcelona). Encara per determinar.<\/span><\/p>\n<p style=\"text-align: justify\"><span style=\"font-family: arial, helvetica, sans-serif;color: #000000\"><strong>\u00a0<\/strong><\/span><\/p>\n<p style=\"text-align: justify\"><span style=\"font-family: arial, helvetica, sans-serif;color: #000000\"><strong>En el cas que la primera prova del proc\u00e9s d\u2019oposici\u00f3 es realitz\u00e9s abans de la data de finalitzaci\u00f3 del curs, s\u2019adaptaria el calendari del curs per poder completar la formaci\u00f3.<\/strong><\/span><\/p>\n<p style=\"text-align: justify\"><span style=\"font-family: arial, helvetica, sans-serif;color: #000000\">Per fer la inscripci\u00f3 al curs s\u2019ha d\u2019emplenar la fitxa d\u2019inscripci\u00f3. Cliqueu en el seg\u00fcent enlla\u00e7:<\/span><\/p>\n<p style=\"text-align: justify\"><span style=\"color: #0000ff\"><strong><span style=\"font-family: arial, helvetica, sans-serif\"><a style=\"color: #0000ff\" href=\"http:\/\/www.formar-te.es\/index.php\/curs-preparatori-al-proces-d-oferta-publica-operari-de-serveis-diputacio-de-barcelona\">http:\/\/www.formar-te.es\/index.php\/curs-preparatori-al-proces-d-oferta-publica-operari-de-serveis-diputacio-de-barcelona<\/a><\/span><\/strong><\/span><\/p>\n<p style=\"text-align: justify\"><span style=\"font-family: arial, helvetica, sans-serif;color: #000000\">Per a qualsevol consulta sobre el funcionament del curs, us podeu adre\u00e7ar al n\u00famero de tel\u00e8fon <strong>93 481 55 81<\/strong> o enviant mail a <strong><span style=\"color: #0000ff\"><a style=\"color: #0000ff\" href=\"mailto:formarte@formar-te.es\">formarte@formar-te.es<\/a><\/span><\/strong><\/span><\/p>\n<p style=\"text-align: justify\"><span style=\"font-family: arial, helvetica, sans-serif;color: #000000\">Heu de tenir en compte que es tracte d&#8217;un curs presencial amb un nombre m\u00e0xim d\u2019alumnes. Per tant recordeu que les places s\u00f3n limitades.<img loading=\"lazy\" decoding=\"async\" class=\"wp-image-3777 alignleft\" src=\"http:\/\/ccoo.app\/diputacio-de-barcelona\/wp-content\/blogs.dir\/6\/files\/sites\/186\/2019\/03\/aula-1-300x225.jpg\" alt=\"\" width=\"123\" height=\"92\" srcset=\"https:\/\/ccoo.app\/diputacio-de-barcelona\/wp-content\/blogs.dir\/6\/files\/sites\/186\/2019\/03\/aula-1-300x225.jpg 300w, https:\/\/ccoo.app\/diputacio-de-barcelona\/wp-content\/blogs.dir\/6\/files\/sites\/186\/2019\/03\/aula-1.jpg 640w\" sizes=\"auto, (max-width: 123px) 100vw, 123px\" \/><\/span><\/p>\n<p style=\"text-align: justify\"><span style=\"font-family: arial, helvetica, sans-serif;color: #000000\"><em>FORMAR-TE<\/em> es un centre de formaci\u00f3 que col\u00b7labora amb CCOO Catalunya per adaptar les seves accions formatives a les nostres necessitats. Formaci\u00f3 impartida per professors amb llarga experi\u00e8ncia en la doc\u00e8ncia d&#8217;oposicions.<\/span><\/p>\n<p>&nbsp;<\/p>\n<p style=\"text-align: center\"><span style=\"color: #0000ff\"><strong><span style=\"font-family: arial, helvetica, sans-serif;font-size: 24px\">Seguim treballant per <\/span><\/strong><\/span><\/p>\n<p style=\"text-align: center\"><span style=\"color: #0000ff\"><strong><span style=\"font-family: arial, helvetica, sans-serif;font-size: 24px\">ampliar la nostra oferta formativa.<\/span><\/strong><\/span><\/p>\n<p style=\"text-align: center\"><span style=\"color: #0000ff\"><strong><span style=\"font-family: arial, helvetica, sans-serif;font-size: 24px\">Presteu atenci\u00f3 a futures comunicacions.<\/span><\/strong><\/span><\/p>\n<p style=\"text-align: justify\"><a href=\"https:\/\/diba.ccoo.cat\/novetats-cursos-ccoo-diba-per-loferta-publica-docupacio-de-la-diputacio-2016-i-2017\/\"><img loading=\"lazy\" decoding=\"async\" class=\"wp-image-3698 aligncenter\" src=\"http:\/\/ccoo.app\/diputacio-de-barcelona\/wp-content\/blogs.dir\/6\/files\/sites\/186\/2019\/03\/jjjjjjjjjjjjjjjjjjjjjjjjjjjj-300x80.png\" alt=\"\" width=\"435\" height=\"116\" srcset=\"https:\/\/ccoo.app\/diputacio-de-barcelona\/wp-content\/blogs.dir\/6\/files\/sites\/186\/2019\/03\/jjjjjjjjjjjjjjjjjjjjjjjjjjjj-300x80.png 300w, https:\/\/ccoo.app\/diputacio-de-barcelona\/wp-content\/blogs.dir\/6\/files\/sites\/186\/2019\/03\/jjjjjjjjjjjjjjjjjjjjjjjjjjjj.png 605w\" sizes=\"auto, (max-width: 435px) 100vw, 435px\" \/><\/a><\/p>\n<h2><img loading=\"lazy\" decoding=\"async\" class=\"wp-image-3220 aligncenter\" src=\"http:\/\/ccoo.app\/diputacio-de-barcelona\/wp-content\/blogs.dir\/6\/files\/sites\/186\/2018\/12\/nnnnnnnnnnnnnnno-177x300.png\" alt=\"\" width=\"45\" height=\"76\" srcset=\"https:\/\/ccoo.app\/diputacio-de-barcelona\/wp-content\/blogs.dir\/6\/files\/sites\/186\/2018\/12\/nnnnnnnnnnnnnnno-177x300.png 177w, https:\/\/ccoo.app\/diputacio-de-barcelona\/wp-content\/blogs.dir\/6\/files\/sites\/186\/2018\/12\/nnnnnnnnnnnnnnno-604x1024.png 604w, https:\/\/ccoo.app\/diputacio-de-barcelona\/wp-content\/blogs.dir\/6\/files\/sites\/186\/2018\/12\/nnnnnnnnnnnnnnno-768x1301.png 768w, https:\/\/ccoo.app\/diputacio-de-barcelona\/wp-content\/blogs.dir\/6\/files\/sites\/186\/2018\/12\/nnnnnnnnnnnnnnno-906x1536.png 906w, https:\/\/ccoo.app\/diputacio-de-barcelona\/wp-content\/blogs.dir\/6\/files\/sites\/186\/2018\/12\/nnnnnnnnnnnnnnno.png 1169w\" sizes=\"auto, (max-width: 45px) 100vw, 45px\" \/><\/h2>\n<h2 style=\"text-align: center\"><span style=\"font-family: 'arial black', sans-serif;color: #0000ff\">OBERT TERMINI DE PRESENTACI\u00d3 DE SOL\u00b7LICITUDS DE LA CONVOCAT\u00d2RIA DE CONSOLIDACI\u00d3 DE L&#8217;OCUPACI\u00d3!<\/span><\/h2>\n<p style=\"text-align: center\"><span style=\"color: #0000ff;font-family: arial, helvetica, sans-serif\"><a href=\"https:\/\/diba.ccoo.cat\/opos-consolidacio-obert-termini\/\"><span style=\"font-family: 'arial black', sans-serif;font-size: 20px\">Cliqueu aqu\u00ed <\/span><\/a><span style=\"color: #000000\">per obtenir m\u00e9s informaci\u00f3.<\/span><\/span><\/p>\n<p>&nbsp;<\/p>\n<p><a href=\"http:\/\/ccoo.app\/diputacio-de-barcelona\/wp-content\/blogs.dir\/6\/files\/sites\/186\/2019\/03\/qqqqqqqqqqqqqqqqqqqqqqqqqqqqqqqqqqqqq.png\"><img loading=\"lazy\" decoding=\"async\" class=\" wp-image-3697 aligncenter\" src=\"http:\/\/ccoo.app\/diputacio-de-barcelona\/wp-content\/blogs.dir\/6\/files\/sites\/186\/2019\/03\/qqqqqqqqqqqqqqqqqqqqqqqqqqqqqqqqqqqqq-300x124.png\" alt=\"\" width=\"360\" height=\"149\" srcset=\"https:\/\/ccoo.app\/diputacio-de-barcelona\/wp-content\/blogs.dir\/6\/files\/sites\/186\/2019\/03\/qqqqqqqqqqqqqqqqqqqqqqqqqqqqqqqqqqqqq-300x124.png 300w, https:\/\/ccoo.app\/diputacio-de-barcelona\/wp-content\/blogs.dir\/6\/files\/sites\/186\/2019\/03\/qqqqqqqqqqqqqqqqqqqqqqqqqqqqqqqqqqqqq-768x317.png 768w, https:\/\/ccoo.app\/diputacio-de-barcelona\/wp-content\/blogs.dir\/6\/files\/sites\/186\/2019\/03\/qqqqqqqqqqqqqqqqqqqqqqqqqqqqqqqqqqqqq.png 822w\" sizes=\"auto, (max-width: 360px) 100vw, 360px\" \/><\/a><\/p>\n<p><img loading=\"lazy\" decoding=\"async\" class=\"wp-image-3220 aligncenter\" src=\"http:\/\/ccoo.app\/diputacio-de-barcelona\/wp-content\/blogs.dir\/6\/files\/sites\/186\/2018\/12\/nnnnnnnnnnnnnnno-177x300.png\" alt=\"\" width=\"45\" height=\"76\" srcset=\"https:\/\/ccoo.app\/diputacio-de-barcelona\/wp-content\/blogs.dir\/6\/files\/sites\/186\/2018\/12\/nnnnnnnnnnnnnnno-177x300.png 177w, https:\/\/ccoo.app\/diputacio-de-barcelona\/wp-content\/blogs.dir\/6\/files\/sites\/186\/2018\/12\/nnnnnnnnnnnnnnno-604x1024.png 604w, https:\/\/ccoo.app\/diputacio-de-barcelona\/wp-content\/blogs.dir\/6\/files\/sites\/186\/2018\/12\/nnnnnnnnnnnnnnno-768x1301.png 768w, https:\/\/ccoo.app\/diputacio-de-barcelona\/wp-content\/blogs.dir\/6\/files\/sites\/186\/2018\/12\/nnnnnnnnnnnnnnno-906x1536.png 906w, https:\/\/ccoo.app\/diputacio-de-barcelona\/wp-content\/blogs.dir\/6\/files\/sites\/186\/2018\/12\/nnnnnnnnnnnnnnno.png 1169w\" sizes=\"auto, (max-width: 45px) 100vw, 45px\" \/><\/p>\n<p>&nbsp;<\/p>\n<p><a href=\"https:\/\/diba.ccoo.cat\/calendari-i-ordre-dexecucio-de-loferta-publica\/\"><img loading=\"lazy\" decoding=\"async\" class=\"wp-image-3699 aligncenter\" src=\"http:\/\/ccoo.app\/diputacio-de-barcelona\/wp-content\/blogs.dir\/6\/files\/sites\/186\/2019\/03\/jjjjjo-300x69.png\" alt=\"\" width=\"457\" height=\"105\" srcset=\"https:\/\/ccoo.app\/diputacio-de-barcelona\/wp-content\/blogs.dir\/6\/files\/sites\/186\/2019\/03\/jjjjjo-300x69.png 300w, https:\/\/ccoo.app\/diputacio-de-barcelona\/wp-content\/blogs.dir\/6\/files\/sites\/186\/2019\/03\/jjjjjo.png 650w\" sizes=\"auto, (max-width: 457px) 100vw, 457px\" \/><\/a><\/p>\n<p>&nbsp;<\/p>\n<p>&nbsp;<\/p>\n<p>&nbsp;<\/p>\n<p><a href=\"https:\/\/www.ccoo.cat\/aspnet\/eleccions.aspx\"><img loading=\"lazy\" decoding=\"async\" class=\"wp-image-3042 aligncenter\" src=\"http:\/\/ccoo.app\/diputacio-de-barcelona\/wp-content\/blogs.dir\/6\/files\/sites\/186\/2018\/12\/logo-revindiquem-lluitem-arribem-acords-300x56.png\" alt=\"\" width=\"514\" height=\"96\" srcset=\"https:\/\/ccoo.app\/diputacio-de-barcelona\/wp-content\/blogs.dir\/6\/files\/sites\/186\/2018\/12\/logo-revindiquem-lluitem-arribem-acords-300x56.png 300w, https:\/\/ccoo.app\/diputacio-de-barcelona\/wp-content\/blogs.dir\/6\/files\/sites\/186\/2018\/12\/logo-revindiquem-lluitem-arribem-acords-768x145.png 768w, https:\/\/ccoo.app\/diputacio-de-barcelona\/wp-content\/blogs.dir\/6\/files\/sites\/186\/2018\/12\/logo-revindiquem-lluitem-arribem-acords.png 940w\" sizes=\"auto, (max-width: 514px) 100vw, 514px\" \/><img loading=\"lazy\" decoding=\"async\" class=\" wp-image-3428 aligncenter\" src=\"http:\/\/ccoo.app\/diputacio-de-barcelona\/wp-content\/blogs.dir\/6\/files\/sites\/186\/2019\/02\/ddddddddddddddddddddddddd-300x115.png\" alt=\"\" width=\"459\" height=\"176\" srcset=\"https:\/\/ccoo.app\/diputacio-de-barcelona\/wp-content\/blogs.dir\/6\/files\/sites\/186\/2019\/02\/ddddddddddddddddddddddddd-300x115.png 300w, https:\/\/ccoo.app\/diputacio-de-barcelona\/wp-content\/blogs.dir\/6\/files\/sites\/186\/2019\/02\/ddddddddddddddddddddddddd.png 611w\" sizes=\"auto, (max-width: 459px) 100vw, 459px\" \/><\/a><\/p>\n<p><a href=\"https:\/\/diba.ccoo.cat\/tambe-a-la-diputacio-no-es-no\/\"><img loading=\"lazy\" decoding=\"async\" class=\"wp-image-3043 aligncenter\" src=\"http:\/\/ccoo.app\/diputacio-de-barcelona\/wp-content\/blogs.dir\/6\/files\/sites\/186\/2018\/12\/ffffffffffffffffffff-1-300x108.png\" alt=\"\" width=\"175\" height=\"63\" srcset=\"https:\/\/ccoo.app\/diputacio-de-barcelona\/wp-content\/blogs.dir\/6\/files\/sites\/186\/2018\/12\/ffffffffffffffffffff-1-300x108.png 300w, https:\/\/ccoo.app\/diputacio-de-barcelona\/wp-content\/blogs.dir\/6\/files\/sites\/186\/2018\/12\/ffffffffffffffffffff-1.png 686w\" sizes=\"auto, (max-width: 175px) 100vw, 175px\" \/><\/a><\/p>\n<p>&nbsp;<\/p>\n<p>&nbsp;<\/p>\n<p><a href=\"https:\/\/diba.ccoo.cat\/afiliat-al-sindicat-amb-mes-afiliacio-i-representacio-a-la-diputacio-de-barcelona\/\"><img loading=\"lazy\" decoding=\"async\" class=\"alignnone size-medium wp-image-2346\" src=\"http:\/\/ccoo.app\/diputacio-de-barcelona\/wp-content\/blogs.dir\/6\/files\/sites\/186\/2016\/05\/asasas-300x142-1-300x142.png\" alt=\"\" width=\"300\" height=\"142\" \/><\/a><\/p>\n<p><span style=\"font-family: arial, helvetica, sans-serif;color: #000000\"><strong>Horari d\u2019atenci\u00f3 CCOO DIBA: <\/strong><\/span><\/p>\n<p><span style=\"font-family: arial, helvetica, sans-serif;color: #000000\"><strong>CARRER MALLORCA, 244, 2on 3a<\/strong><\/span><\/p>\n<p><span style=\"font-family: arial, helvetica, sans-serif;color: #000000\"><strong>DE DILLUNS A DIVENDRES DE 8:30 A 16:30\u00a0\u00a0 <\/strong><span style=\"font-size: 10pt\"><strong>(FORA D\u2019AQUEST HORARI AMB CITA PR\u00c8VIA)<\/strong><\/span><\/span><\/p>\n<p style=\"text-align: center\"><span style=\"font-size: 18pt\"><span style=\"font-family: arial, helvetica, sans-serif;color: #000000\"><strong>\u00a0<\/strong><\/span><span style=\"font-family: arial, helvetica, sans-serif\"><strong><small><span style=\"color: #000000\">Contacta&#8217;ns per tel\u00e8fon 934 022 985 o correu:<\/span> <a href=\"mailto:ccoo@diba.cat\">ccoo@diba.cat<\/a><\/small> <\/strong><\/span><\/span><\/p>\n<p><strong>\u00a0<\/strong><\/p>\n<p><a href=\"https:\/\/twitter.com\/CCOODiba\"><img loading=\"lazy\" decoding=\"async\" class=\"alignleft\" src=\"http:\/\/www.mysocialaccounts.com\/wp-content\/uploads\/2017\/04\/twitter.jpg\" alt=\"Resultado de imagen de twitter\" width=\"44\" height=\"44\" \/><\/a>\u00a0 \u00a0\u00a0<a href=\"http:\/\/diba.ccoo.cat\/\"><img loading=\"lazy\" decoding=\"async\" class=\"\" src=\"https:\/\/encrypted-tbn0.gstatic.com\/images?q=tbn:ANd9GcS98Z75qmWgKpehEkfwdWrInKdK65A-jf2SgkGvuU4oy_fPYt9q\" alt=\"Imagen relacionada\" width=\"52\" height=\"53\" \/><\/a><a href=\"https:\/\/www.facebook.com\/CcooDiputacioDeBarcelona\/\"><img loading=\"lazy\" decoding=\"async\" class=\"alignleft\" src=\"https:\/\/upload.wikimedia.org\/wikipedia\/commons\/thumb\/7\/7c\/Facebook_New_Logo_%282015%29.svg\/2000px-Facebook_New_Logo_%282015%29.svg.png\" alt=\"Resultado de imagen de facebook\" width=\"122\" height=\"46\" \/><\/a><a href=\"https:\/\/www.youtube.com\/channel\/UCFzenkS75udEcs4pB4qoZsg\"><img loading=\"lazy\" decoding=\"async\" class=\"alignleft\" src=\"https:\/\/i.kinja-img.com\/gawker-media\/image\/upload\/s--heVex4FV--\/c_scale,fl_progressive,q_80,w_800\/pol5zfmalpqmpt1jcnbp.png\" alt=\"Resultado de imagen de youtube\" width=\"117\" height=\"50\" \/><\/a><img loading=\"lazy\" decoding=\"async\" class=\"alignleft\" src=\"https:\/\/www.educapeques.com\/wp-content\/uploads\/2016\/04\/descargar-whatsapp.png\" alt=\"Resultado de imagen de whatsapp\" width=\"64\" height=\"50\" \/><\/p>\n<p>&nbsp;<\/p>\n<p>&nbsp;<\/p>\n<p>&nbsp;<\/p>\n<p>&nbsp;<\/p>\n<p>&nbsp;<\/p>\n<p>&nbsp;<\/p>\n<p>&nbsp;<\/p>\n<p>&nbsp;<\/p>\n<p><img loading=\"lazy\" decoding=\"async\" class=\"wp-image-262 alignright\" src=\"http:\/\/ccoo.app\/diputacio-de-barcelona\/wp-content\/blogs.dir\/6\/files\/sites\/186\/2016\/04\/afiliat_ccoo_cat.gif\" alt=\"Tota la informaci\u00f3 de com afiliar-se a CCOO Catalunya i forlmulari d'alta o baxia.\" width=\"90\" height=\"80\" \/><\/p>\n<p>&nbsp;<\/p>\n<p>&nbsp;<\/p>\n<p>&nbsp;<\/p>\n<p>&nbsp;<\/p>\n<p>&nbsp;    \t<\/p>\n","protected":false},"excerpt":{"rendered":"<p>\u00a0 \u00a0 \u00a0 \u00a0 \u00a0 \u00a0 \u00a0 \u00a0 NOU CURS PREPARATORI OPOSICIONS PERSONAL OPERARI DE SERVEIS CONVOCAT\u00d2RIA 12C\/17 DE CONSOLIDACI\u00d3 DE L\u2019OCUPACI\u00d3 TERMINI D\u2019INSCRIPCI\u00d3 OBERT COMEN\u00c7AMENT IMMINENT PLACES LIMITADES El &#8230; <\/p>\n<p class=\"read-more-container\"><a title=\"NOU CURS PREPARATORI OPOS PERSONAL OPERARI DE SERVEIS\" class=\"read-more button\" href=\"https:\/\/ccoo.app\/diputacio-de-barcelona\/curs-preparatori-opos-personal-operari-de-serveis\/#more-3768\" aria-label=\"Leer m\u00e1s sobre NOU CURS PREPARATORI OPOS PERSONAL OPERARI DE SERVEIS\">Continuar llegint<\/a><\/p>\n","protected":false},"author":4519,"featured_media":3772,"comment_status":"open","ping_status":"open","sticky":false,"template":"","format":"standard","meta":{"footnotes":""},"categories":[38,19,20,24,31,34],"tags":[148,172,180],"class_list":["post-3768","post","type-post","status-publish","format-standard","has-post-thumbnail","hentry","category-a-tot-el-personal","category-comunicats","category-cursos","category-interins","category-personal-interi-comunicats","category-respir","tag-mesa-general-negociacio","tag-parcs-naturals","tag-personal-interi","generate-columns","tablet-grid-50","mobile-grid-100","grid-parent","grid-50"],"_links":{"self":[{"href":"https:\/\/ccoo.app\/diputacio-de-barcelona\/wp-json\/wp\/v2\/posts\/3768","targetHints":{"allow":["GET"]}}],"collection":[{"href":"https:\/\/ccoo.app\/diputacio-de-barcelona\/wp-json\/wp\/v2\/posts"}],"about":[{"href":"https:\/\/ccoo.app\/diputacio-de-barcelona\/wp-json\/wp\/v2\/types\/post"}],"author":[{"embeddable":true,"href":"https:\/\/ccoo.app\/diputacio-de-barcelona\/wp-json\/wp\/v2\/users\/4519"}],"replies":[{"embeddable":true,"href":"https:\/\/ccoo.app\/diputacio-de-barcelona\/wp-json\/wp\/v2\/comments?post=3768"}],"version-history":[{"count":1,"href":"https:\/\/ccoo.app\/diputacio-de-barcelona\/wp-json\/wp\/v2\/posts\/3768\/revisions"}],"predecessor-version":[{"id":52041,"href":"https:\/\/ccoo.app\/diputacio-de-barcelona\/wp-json\/wp\/v2\/posts\/3768\/revisions\/52041"}],"wp:featuredmedia":[{"embeddable":true,"href":"https:\/\/ccoo.app\/diputacio-de-barcelona\/wp-json\/wp\/v2\/media\/3772"}],"wp:attachment":[{"href":"https:\/\/ccoo.app\/diputacio-de-barcelona\/wp-json\/wp\/v2\/media?parent=3768"}],"wp:term":[{"taxonomy":"category","embeddable":true,"href":"https:\/\/ccoo.app\/diputacio-de-barcelona\/wp-json\/wp\/v2\/categories?post=3768"},{"taxonomy":"post_tag","embeddable":true,"href":"https:\/\/ccoo.app\/diputacio-de-barcelona\/wp-json\/wp\/v2\/tags?post=3768"}],"curies":[{"name":"wp","href":"https:\/\/api.w.org\/{rel}","templated":true}]}}