{"id":3707,"date":"2019-03-15T18:05:11","date_gmt":"2019-03-15T17:05:11","guid":{"rendered":"https:\/\/diba.ccoo.cat\/?p=3707"},"modified":"2023-02-22T19:05:37","modified_gmt":"2023-02-22T18:05:37","slug":"calendari-i-ordre-dexecucio-de-loferta-publica","status":"publish","type":"post","link":"https:\/\/ccoo.app\/diputacio-de-barcelona\/calendari-i-ordre-dexecucio-de-loferta-publica\/","title":{"rendered":"CALENDARI I ORDRE D\u2019EXECUCI\u00d3 DE L\u2019OFERTA P\u00daBLICA D\u2019OCUPACI\u00d3 2016, 2017 i 2018 DE LA DIPUTACI\u00d3 DE BARCELONA"},"content":{"rendered":"<p class=\"wp-caption-text\"><img loading=\"lazy\" decoding=\"async\" class=\"alignnone wp-image-1853\" src=\"http:\/\/ccoo.app\/diputacio-de-barcelona\/wp-content\/blogs.dir\/6\/files\/sites\/186\/2018\/01\/logoccoov18.jpg\" alt=\"\" width=\"137\" height=\"63\" \/>\u00a0 \u00a0 \u00a0 \u00a0 \u00a0 \u00a0 \u00a0 \u00a0<a href=\"http:\/\/ccoo.app\/diputacio-de-barcelona\/wp-content\/blogs.dir\/6\/files\/sites\/186\/2019\/03\/places-opos-201620172018.pdf\"><img loading=\"lazy\" decoding=\"async\" class=\"alignnone wp-image-2113\" src=\"http:\/\/ccoo.app\/diputacio-de-barcelona\/wp-content\/blogs.dir\/6\/files\/sites\/186\/2018\/04\/22-300x172.png\" alt=\"\" width=\"167\" height=\"96\" srcset=\"https:\/\/ccoo.app\/diputacio-de-barcelona\/wp-content\/blogs.dir\/6\/files\/sites\/186\/2018\/04\/22-300x172.png 300w, https:\/\/ccoo.app\/diputacio-de-barcelona\/wp-content\/blogs.dir\/6\/files\/sites\/186\/2018\/04\/22.png 327w\" sizes=\"auto, (max-width: 167px) 100vw, 167px\" \/><\/a><\/p>\n<h1 style=\"text-align: left\"><span style=\"color: #0000ff;font-family: 'arial black', sans-serif\">CALENDARI I ORDRE D\u2019EXECUCI\u00d3 DE L\u2019OFERTA P\u00daBLICA D\u2019OCUPACI\u00d3 2016, 2017 i 2018 DE LA DIPUTACI\u00d3 DE BARCELONA<\/span><\/h1>\n<p>&nbsp;<\/p>\n<p><img loading=\"lazy\" decoding=\"async\" class=\"wp-image-3708 aligncenter\" src=\"http:\/\/ccoo.app\/diputacio-de-barcelona\/wp-content\/blogs.dir\/6\/files\/sites\/186\/2019\/03\/llllllllllllllllllllllllllll-300x29.png\" alt=\"\" width=\"600\" height=\"58\" srcset=\"https:\/\/ccoo.app\/diputacio-de-barcelona\/wp-content\/blogs.dir\/6\/files\/sites\/186\/2019\/03\/llllllllllllllllllllllllllll-300x29.png 300w, https:\/\/ccoo.app\/diputacio-de-barcelona\/wp-content\/blogs.dir\/6\/files\/sites\/186\/2019\/03\/llllllllllllllllllllllllllll.png 667w\" sizes=\"auto, (max-width: 600px) 100vw, 600px\" \/><\/p>\n<h2 style=\"text-align: center\"><span style=\"color: #ff0000;font-family: 'arial black', sans-serif\"><strong><u>CONVOCAT\u00d2RIA TORN LLIURE DE \u201cCONSOLIDACI\u00d3 OCUPACI\u00d3 TEMPORAL\u201d 2017<\/u><\/strong><\/span><\/h2>\n<h3 style=\"text-align: center\"><span style=\"color: #000000\"><a href=\"http:\/\/ccoo.app\/diputacio-de-barcelona\/wp-content\/blogs.dir\/6\/files\/sites\/186\/2019\/03\/places-opos-201620172018.pdf\"><span style=\"color: #0000ff\"><strong>CLIQUEU AQU\u00cd<\/strong> <\/span><\/a>per saber de quines places es tracta<\/span><\/h3>\n<p>&nbsp;<\/p>\n<ul>\n<li style=\"text-align: justify\">\n<h3><span style=\"color: #000000\"><span style=\"color: #ff0000\"><strong><u>Aprovaci\u00f3 de les bases<\/u><\/strong><strong>:<\/strong> <\/span><strong>DESEMBRE 2018<\/strong><\/span><\/h3>\n<\/li>\n<\/ul>\n<p style=\"text-align: center\"><span style=\"color: #0000ff\"><a style=\"color: #0000ff\" href=\"https:\/\/bop.diba.cat\/scripts\/ftpisa.aspx?fnew?bop2018&amp;12\/022018024191.pdf&amp;1\"><strong>https:\/\/bop.diba.cat\/scripts\/ftpisa.aspx?fnew?bop2018&amp;12\/022018024191.pdf&amp;1<\/strong><\/a><\/span><\/p>\n<p>&nbsp;<\/p>\n<ul>\n<li>\n<h3 style=\"text-align: justify\"><span style=\"color: #000000\"><span style=\"color: #ff0000\"><strong><u>Presentaci\u00f3 d\u2019inst\u00e0ncies OBERT<\/u><\/strong><\/span>: termini de presentaci\u00f3 d\u2019inst\u00e0ncies: entre el <strong>18 de mar\u00e7 i el divendres 12 d\u2019abril de 2019, ambd\u00f3s dies inclosos<\/strong>.<\/span><\/h3>\n<\/li>\n<\/ul>\n<p style=\"text-align: center\"><span style=\"color: #000000\">Ordre previst d\u2019execuci\u00f3 ser\u00e0 de les categories m\u00e9s baixes a les m\u00e9s altes.<\/span><\/p>\n<p>&nbsp;<\/p>\n<h2 style=\"text-align: center\"><span style=\"color: #ff0000;font-family: 'arial black', sans-serif\"><strong><u>PROMOCI\u00d3 INTERNA DIBA I RECLASSIFICACI\u00d3 2016 i 2017<\/u><\/strong><\/span><\/h2>\n<h3 style=\"text-align: center\"><span style=\"color: #000000\"><a href=\"http:\/\/ccoo.app\/diputacio-de-barcelona\/wp-content\/blogs.dir\/6\/files\/sites\/186\/2019\/03\/places-opos-201620172018.pdf\"><span style=\"color: #0000ff\"><strong>CLIQUEU AQU\u00cd<\/strong> <\/span><\/a>per saber de quines places es tracta.<\/span><\/h3>\n<p>&nbsp;<\/p>\n<ul>\n<li style=\"text-align: justify\"><span style=\"color: #000000\"><strong><u>Presentaci\u00f3 d\u2019inst\u00e0ncies:<\/u><\/strong> <strong>FINS AL 18 DE DESEMBRE 2018<\/strong><\/span><\/li>\n<li style=\"text-align: justify\"><strong style=\"color: #000000\">PENDENTS DE PUBLICACI\u00d3 <\/strong><span style=\"color: #000000\">\u00e0 Relaci\u00f3 d\u2019admesos\/es i exclosos\/es<\/span><\/li>\n<\/ul>\n<p style=\"text-align: center\"><span style=\"color: #000000\">Ordre previst d\u2019execuci\u00f3: ser\u00e0 de les categories m\u00e9s baixes a les m\u00e9s alt<\/span><\/p>\n<p>&nbsp;<\/p>\n<p><img loading=\"lazy\" decoding=\"async\" class=\" wp-image-3709 aligncenter\" src=\"http:\/\/ccoo.app\/diputacio-de-barcelona\/wp-content\/blogs.dir\/6\/files\/sites\/186\/2019\/03\/22222222222222222-300x30.png\" alt=\"\" width=\"590\" height=\"59\" srcset=\"https:\/\/ccoo.app\/diputacio-de-barcelona\/wp-content\/blogs.dir\/6\/files\/sites\/186\/2019\/03\/22222222222222222-300x30.png 300w, https:\/\/ccoo.app\/diputacio-de-barcelona\/wp-content\/blogs.dir\/6\/files\/sites\/186\/2019\/03\/22222222222222222.png 657w\" sizes=\"auto, (max-width: 590px) 100vw, 590px\" \/><\/p>\n<h2 style=\"text-align: center\"><span style=\"color: #ff0000;font-family: 'arial black', sans-serif\"><strong><u>OFERTA P\u00daBLICA D\u2019OCUPACI\u00d3 (TORN LLIURE) 2016 \/ 2017<\/u><\/strong><\/span><\/h2>\n<ul>\n<li><span style=\"color: #000000\">La resta de places relacionades amb les convocat\u00f2ries de l\u2019Oferta d\u2019Ocupaci\u00f3 2016 i 2017 s\u2019executaran conjuntament (558 places).<\/span><\/li>\n<\/ul>\n<h3 style=\"text-align: center\"><a href=\"http:\/\/ccoo.app\/diputacio-de-barcelona\/wp-content\/blogs.dir\/6\/files\/sites\/186\/2019\/03\/places-opos-201620172018.pdf\"><span style=\"color: #0000ff\"><strong>CLIQUEU AQU\u00cd<\/strong><\/span><\/a> <span style=\"color: #000000\">per saber de quines places es tracta.<\/span><\/h3>\n<p>&nbsp;<\/p>\n<p style=\"text-align: justify\"><span style=\"color: #000000\"><strong>PENDENTS DE PUBLICACI\u00d3:<\/strong><\/span><\/p>\n<ul>\n<li style=\"text-align: justify\"><span style=\"color: #000000\">Aprovaci\u00f3 de les bases: <strong>sense dades concretes<\/strong><\/span><\/li>\n<li style=\"text-align: justify\"><span style=\"color: #000000\">Obertura de termini de presentaci\u00f3 d\u2019inst\u00e0ncies: <strong>sense dades concretes<\/strong><\/span><\/li>\n<li style=\"text-align: justify\"><span style=\"color: #000000\">Relaci\u00f3 d\u2019admesos i exclosos: <strong>sense dades concretes<\/strong><\/span><\/li>\n<li style=\"text-align: justify\"><span style=\"color: #000000\">Publicaci\u00f3 de la data de les primeres proves: <strong>PROBABLEMENT AL GENER 2020<\/strong><\/span><\/li>\n<\/ul>\n<p style=\"text-align: center\"><span style=\"color: #000000\">Ordre previst d\u2019execuci\u00f3 ser\u00e0 de les categories m\u00e9s baixes a les m\u00e9s altes.<\/span><\/p>\n<p>&nbsp;<\/p>\n<p><img loading=\"lazy\" decoding=\"async\" class=\"wp-image-3710 aligncenter\" src=\"http:\/\/ccoo.app\/diputacio-de-barcelona\/wp-content\/blogs.dir\/6\/files\/sites\/186\/2019\/03\/hhhhhhhhi-300x31.png\" alt=\"\" width=\"590\" height=\"61\" srcset=\"https:\/\/ccoo.app\/diputacio-de-barcelona\/wp-content\/blogs.dir\/6\/files\/sites\/186\/2019\/03\/hhhhhhhhi-300x31.png 300w, https:\/\/ccoo.app\/diputacio-de-barcelona\/wp-content\/blogs.dir\/6\/files\/sites\/186\/2019\/03\/hhhhhhhhi.png 655w\" sizes=\"auto, (max-width: 590px) 100vw, 590px\" \/><\/p>\n<h2 style=\"text-align: center\"><span style=\"color: #ff0000;font-family: 'arial black', sans-serif\"><strong><u>OFERTA P\u00daBLICA D\u2019OCUPACI\u00d3 2018<\/u><\/strong><\/span><\/h2>\n<h3 style=\"text-align: center\"><a href=\"http:\/\/ccoo.app\/diputacio-de-barcelona\/wp-content\/blogs.dir\/6\/files\/sites\/186\/2019\/03\/places-opos-201620172018.pdf\"><span style=\"color: #0000ff\"><strong>CLIQUEU AQU\u00cd<\/strong> <\/span><\/a><span style=\"color: #000000\">per saber de quines places es tracta.<\/span><\/h3>\n<p>&nbsp;<\/p>\n<ul>\n<li><span style=\"color: #000000\">Encara sense <strong>cap<\/strong> proposta de <strong>calendari<\/strong>.<\/span><\/li>\n<li><span style=\"color: #000000\">Consta d\u2019un total de 268 places.<\/span><\/li>\n<li><span style=\"color: #000000\">No s\u2019executar\u00e0 conjuntament amb les OPOs 2016\/2017, per tant s\u2019ha de preveure que <strong>la seva execuci\u00f3 trigar\u00e0 encara for\u00e7a temps<\/strong>.<\/span><\/li>\n<li><span style=\"color: #000000\">En qualsevol cas, recordeu que diu l\u2019article 70.1 del TREBEP: <em>\u201c(&#8230;) En tot cas, l\u2019execuci\u00f3 de l\u2019oferta d\u2019ocupaci\u00f3 p\u00fablica o instrument similar s\u2019ha de desenvolupar dins el termini improrrogable de tres anys\u201d.<\/em><\/span><\/li>\n<\/ul>\n<p><a href=\"https:\/\/www.youtube.com\/watch?v=EMHqqBD5b74\"><img loading=\"lazy\" decoding=\"async\" class=\"wp-image-3711 aligncenter\" src=\"http:\/\/ccoo.app\/diputacio-de-barcelona\/wp-content\/blogs.dir\/6\/files\/sites\/186\/2019\/03\/bbbbbbbbbbbbb-300x96.png\" alt=\"\" width=\"456\" height=\"146\" srcset=\"https:\/\/ccoo.app\/diputacio-de-barcelona\/wp-content\/blogs.dir\/6\/files\/sites\/186\/2019\/03\/bbbbbbbbbbbbb-300x96.png 300w, https:\/\/ccoo.app\/diputacio-de-barcelona\/wp-content\/blogs.dir\/6\/files\/sites\/186\/2019\/03\/bbbbbbbbbbbbb.png 694w\" sizes=\"auto, (max-width: 456px) 100vw, 456px\" \/><\/a><\/p>\n<p><a href=\"https:\/\/diba.ccoo.cat\/novetats-cursos-ccoo-diba-per-loferta-publica-docupacio-de-la-diputacio-2016-i-2017\/\"><img loading=\"lazy\" decoding=\"async\" class=\"wp-image-3698 aligncenter\" src=\"http:\/\/ccoo.app\/diputacio-de-barcelona\/wp-content\/blogs.dir\/6\/files\/sites\/186\/2019\/03\/jjjjjjjjjjjjjjjjjjjjjjjjjjjj-300x80.png\" alt=\"\" width=\"435\" height=\"116\" srcset=\"https:\/\/ccoo.app\/diputacio-de-barcelona\/wp-content\/blogs.dir\/6\/files\/sites\/186\/2019\/03\/jjjjjjjjjjjjjjjjjjjjjjjjjjjj-300x80.png 300w, https:\/\/ccoo.app\/diputacio-de-barcelona\/wp-content\/blogs.dir\/6\/files\/sites\/186\/2019\/03\/jjjjjjjjjjjjjjjjjjjjjjjjjjjj.png 605w\" sizes=\"auto, (max-width: 435px) 100vw, 435px\" \/><\/a><\/p>\n<p>&nbsp;<\/p>\n<p>&nbsp;<\/p>\n<p><a href=\"https:\/\/www.ccoo.cat\/aspnet\/eleccions.aspx\"><img loading=\"lazy\" decoding=\"async\" class=\"wp-image-3042 aligncenter\" src=\"http:\/\/ccoo.app\/diputacio-de-barcelona\/wp-content\/blogs.dir\/6\/files\/sites\/186\/2018\/12\/logo-revindiquem-lluitem-arribem-acords-300x56.png\" alt=\"\" width=\"514\" height=\"96\" srcset=\"https:\/\/ccoo.app\/diputacio-de-barcelona\/wp-content\/blogs.dir\/6\/files\/sites\/186\/2018\/12\/logo-revindiquem-lluitem-arribem-acords-300x56.png 300w, https:\/\/ccoo.app\/diputacio-de-barcelona\/wp-content\/blogs.dir\/6\/files\/sites\/186\/2018\/12\/logo-revindiquem-lluitem-arribem-acords-768x145.png 768w, https:\/\/ccoo.app\/diputacio-de-barcelona\/wp-content\/blogs.dir\/6\/files\/sites\/186\/2018\/12\/logo-revindiquem-lluitem-arribem-acords.png 940w\" sizes=\"auto, (max-width: 514px) 100vw, 514px\" \/><img loading=\"lazy\" decoding=\"async\" class=\" wp-image-3428 aligncenter\" src=\"http:\/\/ccoo.app\/diputacio-de-barcelona\/wp-content\/blogs.dir\/6\/files\/sites\/186\/2019\/02\/ddddddddddddddddddddddddd-300x115.png\" alt=\"\" width=\"459\" height=\"176\" srcset=\"https:\/\/ccoo.app\/diputacio-de-barcelona\/wp-content\/blogs.dir\/6\/files\/sites\/186\/2019\/02\/ddddddddddddddddddddddddd-300x115.png 300w, https:\/\/ccoo.app\/diputacio-de-barcelona\/wp-content\/blogs.dir\/6\/files\/sites\/186\/2019\/02\/ddddddddddddddddddddddddd.png 611w\" sizes=\"auto, (max-width: 459px) 100vw, 459px\" \/><\/a><\/p>\n<p><a href=\"https:\/\/diba.ccoo.cat\/tambe-a-la-diputacio-no-es-no\/\"><img loading=\"lazy\" decoding=\"async\" class=\"wp-image-3043 aligncenter\" src=\"http:\/\/ccoo.app\/diputacio-de-barcelona\/wp-content\/blogs.dir\/6\/files\/sites\/186\/2018\/12\/ffffffffffffffffffff-1-300x108.png\" alt=\"\" width=\"175\" height=\"63\" srcset=\"https:\/\/ccoo.app\/diputacio-de-barcelona\/wp-content\/blogs.dir\/6\/files\/sites\/186\/2018\/12\/ffffffffffffffffffff-1-300x108.png 300w, https:\/\/ccoo.app\/diputacio-de-barcelona\/wp-content\/blogs.dir\/6\/files\/sites\/186\/2018\/12\/ffffffffffffffffffff-1.png 686w\" sizes=\"auto, (max-width: 175px) 100vw, 175px\" \/><\/a><\/p>\n<p>&nbsp;<\/p>\n<p><a href=\"https:\/\/diba.ccoo.cat\/afiliat-al-sindicat-amb-mes-afiliacio-i-representacio-a-la-diputacio-de-barcelona\/\"><img loading=\"lazy\" decoding=\"async\" class=\"alignnone size-medium wp-image-2346\" src=\"http:\/\/ccoo.app\/diputacio-de-barcelona\/wp-content\/blogs.dir\/6\/files\/sites\/186\/2016\/05\/asasas-300x142-1-300x142.png\" alt=\"\" width=\"300\" height=\"142\" \/><\/a><\/p>\n<p><strong>Horari d\u2019atenci\u00f3 CCOO DIBA:<\/strong><\/p>\n<p><strong>CARRER MALLORCA, 244, 2on 3a<\/strong><\/p>\n<p><strong>DE DILLUNS A DIVENDRES DE 8:30 A 16:30\u00a0\u00a0\u00a0<\/strong><strong>(FORA D\u2019AQUEST HORARI, AMB CITA PR\u00c8VIA)<\/strong><\/p>\n<p><strong>\u00a0<\/strong><strong><small>Contacta\u2019ns per tel\u00e8fon al 934 022 985 o correu:\u00a0<a href=\"mailto:ccoo@diba.cat\">ccoo@diba.cat<\/a><\/small><\/strong><\/p>\n<p>&nbsp;<\/p>\n<p><a href=\"https:\/\/diba.ccoo.cat\/\"><img loading=\"lazy\" decoding=\"async\" class=\"wp-image-3263 alignleft\" src=\"http:\/\/ccoo.app\/diputacio-de-barcelona\/wp-content\/blogs.dir\/6\/files\/sites\/186\/2019\/01\/rrrrrrrrrrrrrrrrrrrrr-287x300.png\" alt=\"\" width=\"189\" height=\"198\" srcset=\"https:\/\/ccoo.app\/diputacio-de-barcelona\/wp-content\/blogs.dir\/6\/files\/sites\/186\/2019\/01\/rrrrrrrrrrrrrrrrrrrrr-287x300.png 287w, https:\/\/ccoo.app\/diputacio-de-barcelona\/wp-content\/blogs.dir\/6\/files\/sites\/186\/2019\/01\/rrrrrrrrrrrrrrrrrrrrr.png 550w\" sizes=\"auto, (max-width: 189px) 100vw, 189px\" \/><\/a><\/p>\n<p>&nbsp;<\/p>\n<p><img loading=\"lazy\" decoding=\"async\" class=\"alignnone size-medium wp-image-3266\" src=\"http:\/\/ccoo.app\/diputacio-de-barcelona\/wp-content\/blogs.dir\/6\/files\/sites\/186\/2019\/01\/yyyyyyyyyyyyyyyyyyyyyyyy-300x57.png\" alt=\"\" width=\"300\" height=\"57\" srcset=\"https:\/\/ccoo.app\/diputacio-de-barcelona\/wp-content\/blogs.dir\/6\/files\/sites\/186\/2019\/01\/yyyyyyyyyyyyyyyyyyyyyyyy-300x57.png 300w, https:\/\/ccoo.app\/diputacio-de-barcelona\/wp-content\/blogs.dir\/6\/files\/sites\/186\/2019\/01\/yyyyyyyyyyyyyyyyyyyyyyyy.png 578w\" sizes=\"auto, (max-width: 300px) 100vw, 300px\" \/><\/p>\n<p><img loading=\"lazy\" decoding=\"async\" class=\"alignleft\" src=\"https:\/\/www.educapeques.com\/wp-content\/uploads\/2016\/04\/descargar-whatsapp.png\" alt=\"Resultado de imagen de whatsapp\" width=\"64\" height=\"50\" \/><a href=\"https:\/\/www.facebook.com\/CcooDiputacioDeBarcelona\/\"><img loading=\"lazy\" decoding=\"async\" class=\"alignleft\" src=\"https:\/\/upload.wikimedia.org\/wikipedia\/commons\/thumb\/7\/7c\/Facebook_New_Logo_%282015%29.svg\/2000px-Facebook_New_Logo_%282015%29.svg.png\" alt=\"Resultado de imagen de facebook\" width=\"122\" height=\"46\" \/><\/a>\u00a0<a href=\"https:\/\/twitter.com\/CCOODiba\"><img loading=\"lazy\" decoding=\"async\" class=\"alignnone wp-image-3432\" src=\"http:\/\/ccoo.app\/diputacio-de-barcelona\/wp-content\/blogs.dir\/6\/files\/sites\/186\/2019\/02\/ggggggggggggggggggggggggggg-300x142.jpg\" alt=\"\" width=\"116\" height=\"55\" srcset=\"https:\/\/ccoo.app\/diputacio-de-barcelona\/wp-content\/blogs.dir\/6\/files\/sites\/186\/2019\/02\/ggggggggggggggggggggggggggg-300x142.jpg 300w, https:\/\/ccoo.app\/diputacio-de-barcelona\/wp-content\/blogs.dir\/6\/files\/sites\/186\/2019\/02\/ggggggggggggggggggggggggggg-1024x485.jpg 1024w, https:\/\/ccoo.app\/diputacio-de-barcelona\/wp-content\/blogs.dir\/6\/files\/sites\/186\/2019\/02\/ggggggggggggggggggggggggggg-768x364.jpg 768w, https:\/\/ccoo.app\/diputacio-de-barcelona\/wp-content\/blogs.dir\/6\/files\/sites\/186\/2019\/02\/ggggggggggggggggggggggggggg.jpg 1536w\" sizes=\"auto, (max-width: 116px) 100vw, 116px\" \/><\/a>\u00a0\u00a0\u00a0<a href=\"https:\/\/www.youtube.com\/channel\/UCFzenkS75udEcs4pB4qoZsg\"><img loading=\"lazy\" decoding=\"async\" class=\"alignleft\" src=\"https:\/\/i.kinja-img.com\/gawker-media\/image\/upload\/s--heVex4FV--\/c_scale,fl_progressive,q_80,w_800\/pol5zfmalpqmpt1jcnbp.png\" alt=\"Resultado de imagen de youtube\" width=\"117\" height=\"50\" \/><\/a><\/p>\n<p>&nbsp;<\/p>\n<p>&nbsp;<\/p>\n<p>&nbsp;<\/p>\n<p>&nbsp;<\/p>\n<p>&nbsp;<\/p>\n<p>&nbsp;<\/p>\n<p>&nbsp;<\/p>\n<p>&nbsp;<\/p>\n<p>&nbsp;<\/p>\n<p>&nbsp;<\/p>\n<p>&nbsp;<\/p>\n<p>&nbsp;<\/p>\n<p>&nbsp;<\/p>\n<p>&nbsp;<\/p>\n<p>&nbsp;<\/p>\n<p>&nbsp;<\/p>\n<p>&nbsp;    \t<\/p>\n","protected":false},"excerpt":{"rendered":"<p>\u00a0 \u00a0 \u00a0 \u00a0 \u00a0 \u00a0 \u00a0 \u00a0 CALENDARI I ORDRE D\u2019EXECUCI\u00d3 DE L\u2019OFERTA P\u00daBLICA D\u2019OCUPACI\u00d3 2016, 2017 i 2018 DE LA DIPUTACI\u00d3 DE BARCELONA &nbsp; CONVOCAT\u00d2RIA TORN LLIURE DE &#8230; <\/p>\n<p class=\"read-more-container\"><a title=\"CALENDARI I ORDRE D\u2019EXECUCI\u00d3 DE L\u2019OFERTA P\u00daBLICA D\u2019OCUPACI\u00d3 2016, 2017 i 2018 DE LA DIPUTACI\u00d3 DE BARCELONA\" class=\"read-more button\" href=\"https:\/\/ccoo.app\/diputacio-de-barcelona\/calendari-i-ordre-dexecucio-de-loferta-publica\/#more-3707\" aria-label=\"Leer m\u00e1s sobre CALENDARI I ORDRE D\u2019EXECUCI\u00d3 DE L\u2019OFERTA P\u00daBLICA D\u2019OCUPACI\u00d3 2016, 2017 i 2018 DE LA DIPUTACI\u00d3 DE BARCELONA\">Continuar llegint<\/a><\/p>\n","protected":false},"author":4519,"featured_media":3721,"comment_status":"open","ping_status":"open","sticky":false,"template":"","format":"standard","meta":{"footnotes":""},"categories":[38,19,20,24,26,31,34,37],"tags":[148,172,180],"class_list":["post-3707","post","type-post","status-publish","format-standard","has-post-thumbnail","hentry","category-a-tot-el-personal","category-comunicats","category-cursos","category-interins","category-mgn","category-personal-interi-comunicats","category-respir","category-xbm","tag-mesa-general-negociacio","tag-parcs-naturals","tag-personal-interi","generate-columns","tablet-grid-50","mobile-grid-100","grid-parent","grid-50"],"_links":{"self":[{"href":"https:\/\/ccoo.app\/diputacio-de-barcelona\/wp-json\/wp\/v2\/posts\/3707","targetHints":{"allow":["GET"]}}],"collection":[{"href":"https:\/\/ccoo.app\/diputacio-de-barcelona\/wp-json\/wp\/v2\/posts"}],"about":[{"href":"https:\/\/ccoo.app\/diputacio-de-barcelona\/wp-json\/wp\/v2\/types\/post"}],"author":[{"embeddable":true,"href":"https:\/\/ccoo.app\/diputacio-de-barcelona\/wp-json\/wp\/v2\/users\/4519"}],"replies":[{"embeddable":true,"href":"https:\/\/ccoo.app\/diputacio-de-barcelona\/wp-json\/wp\/v2\/comments?post=3707"}],"version-history":[{"count":1,"href":"https:\/\/ccoo.app\/diputacio-de-barcelona\/wp-json\/wp\/v2\/posts\/3707\/revisions"}],"predecessor-version":[{"id":52044,"href":"https:\/\/ccoo.app\/diputacio-de-barcelona\/wp-json\/wp\/v2\/posts\/3707\/revisions\/52044"}],"wp:featuredmedia":[{"embeddable":true,"href":"https:\/\/ccoo.app\/diputacio-de-barcelona\/wp-json\/wp\/v2\/media\/3721"}],"wp:attachment":[{"href":"https:\/\/ccoo.app\/diputacio-de-barcelona\/wp-json\/wp\/v2\/media?parent=3707"}],"wp:term":[{"taxonomy":"category","embeddable":true,"href":"https:\/\/ccoo.app\/diputacio-de-barcelona\/wp-json\/wp\/v2\/categories?post=3707"},{"taxonomy":"post_tag","embeddable":true,"href":"https:\/\/ccoo.app\/diputacio-de-barcelona\/wp-json\/wp\/v2\/tags?post=3707"}],"curies":[{"name":"wp","href":"https:\/\/api.w.org\/{rel}","templated":true}]}}