{"id":3694,"date":"2019-03-18T07:38:29","date_gmt":"2019-03-18T06:38:29","guid":{"rendered":"https:\/\/diba.ccoo.cat\/?p=3694"},"modified":"2023-02-22T19:05:35","modified_gmt":"2023-02-22T18:05:35","slug":"opos-consolidacio-obert-termini","status":"publish","type":"post","link":"https:\/\/ccoo.app\/diputacio-de-barcelona\/opos-consolidacio-obert-termini\/","title":{"rendered":"OPOS CONSOLIDACI\u00d3 OBERT TERMINI DE PRESENTACI\u00d3 DE SOL\u00b7LICITUDS"},"content":{"rendered":"<p class=\"wp-caption-text\"><img loading=\"lazy\" decoding=\"async\" class=\"alignnone wp-image-1853\" src=\"http:\/\/ccoo.app\/diputacio-de-barcelona\/wp-content\/blogs.dir\/6\/files\/sites\/186\/2018\/01\/logoccoov18.jpg\" alt=\"\" width=\"137\" height=\"63\" \/>\u00a0 \u00a0 \u00a0 \u00a0 \u00a0 \u00a0 \u00a0 \u00a0<a href=\"https:\/\/diba.ccoo.cat\/wp-content\/uploads\/sites\/37\/2019\/03\/OBERTURA-TERMINI-OPOS-2017-CONSOLIDACI%C3%93.pdf\"><img loading=\"lazy\" decoding=\"async\" class=\"alignnone wp-image-2113\" src=\"http:\/\/ccoo.app\/diputacio-de-barcelona\/wp-content\/blogs.dir\/6\/files\/sites\/186\/2018\/04\/22-300x172.png\" alt=\"\" width=\"167\" height=\"96\" srcset=\"https:\/\/ccoo.app\/diputacio-de-barcelona\/wp-content\/blogs.dir\/6\/files\/sites\/186\/2018\/04\/22-300x172.png 300w, https:\/\/ccoo.app\/diputacio-de-barcelona\/wp-content\/blogs.dir\/6\/files\/sites\/186\/2018\/04\/22.png 327w\" sizes=\"auto, (max-width: 167px) 100vw, 167px\" \/><\/a><\/p>\n<h2 style=\"text-align: justify\"><span style=\"color: #ff0000;font-family: 'arial black', sans-serif\">OPOS CONSOLIDACI\u00d3 OBERT TERMINI DE PRESENTACI\u00d3 DE SOL\u00b7LICITUDS<\/span><\/h2>\n<p style=\"text-align: justify\"><span style=\"color: #000000;font-family: arial, helvetica, sans-serif\">S\u2019ha publicat en el Diari Oficial de la Generalitat de Catalunya la CONVOCAT\u00d2RIA DEL PROC\u00c9S DE CONSOLIDACI\u00d3 del Pla d&#8217;actuaci\u00f3 en mat\u00e8ria d&#8217;ocupaci\u00f3 per a l&#8217;any 2017 (PAMO 2017).<\/span><\/p>\n<p style=\"text-align: justify\"><span style=\"color: #000000;font-family: arial, helvetica, sans-serif\">El termini de presentaci\u00f3 d\u2019inst\u00e0ncies ser\u00e0 el compr\u00e9s entre el <span style=\"background-color: #ffff00\"><strong>dilluns 18 de mar\u00e7 i el divendres 12 d\u2019abril<\/strong> <\/span>de 2019, ambd\u00f3s dies inclosos.<\/span><\/p>\n<p><a href=\"http:\/\/ccoo.app\/diputacio-de-barcelona\/wp-content\/blogs.dir\/6\/files\/sites\/186\/2019\/03\/qqqqqqqqqqqqqqqqqqqqqqqqqqqqqqqqqqqqq.png\"><img loading=\"lazy\" decoding=\"async\" class=\"wp-image-3697 aligncenter\" src=\"http:\/\/ccoo.app\/diputacio-de-barcelona\/wp-content\/blogs.dir\/6\/files\/sites\/186\/2019\/03\/qqqqqqqqqqqqqqqqqqqqqqqqqqqqqqqqqqqqq-300x124.png\" alt=\"\" width=\"479\" height=\"198\" srcset=\"https:\/\/ccoo.app\/diputacio-de-barcelona\/wp-content\/blogs.dir\/6\/files\/sites\/186\/2019\/03\/qqqqqqqqqqqqqqqqqqqqqqqqqqqqqqqqqqqqq-300x124.png 300w, https:\/\/ccoo.app\/diputacio-de-barcelona\/wp-content\/blogs.dir\/6\/files\/sites\/186\/2019\/03\/qqqqqqqqqqqqqqqqqqqqqqqqqqqqqqqqqqqqq-768x317.png 768w, https:\/\/ccoo.app\/diputacio-de-barcelona\/wp-content\/blogs.dir\/6\/files\/sites\/186\/2019\/03\/qqqqqqqqqqqqqqqqqqqqqqqqqqqqqqqqqqqqq.png 822w\" sizes=\"auto, (max-width: 479px) 100vw, 479px\" \/><\/a><\/p>\n<p><span style=\"font-family: 'arial black', sans-serif;color: #000000\"><strong>Les sol\u00b7licituds es poden tramitar:<\/strong><\/span><\/p>\n<ul>\n<li style=\"text-align: justify\"><span style=\"font-family: arial, helvetica, sans-serif;color: #000000\">Per via electr\u00f2nica<\/span> (<a href=\"https:\/\/csd.diba.cat\/#\/serveis\/54\/ca\"><strong><span style=\"color: #0000ff\">Cliqueu aqu\u00ed<\/span><\/strong><\/a><span style=\"color: #0000ff\"><span style=\"color: #000000\">)<\/span><\/span><\/li>\n<\/ul>\n<p style=\"text-align: center\"><span style=\"color: #000000;font-family: arial, helvetica, sans-serif\"><a href=\"https:\/\/diba.ccoo.cat\/wp-content\/uploads\/sites\/37\/2019\/03\/procediment-SEU-ELECTR%C3%92NCIA-sol%C2%B7licitud-OPOS-diba-consolidaci%C3%B3.pdf\"><span style=\"font-family: 'arial black', sans-serif;color: #0000ff\">Cliqueu aqu\u00ed<\/span><\/a> per veure procediment a seguir a la seu electr\u00f2nica<\/span><\/p>\n<ul>\n<li style=\"text-align: justify\"><span style=\"font-family: arial, helvetica, sans-serif;color: #000000\">Presencialment, presentant el formulari de sol\u00b7licitud, impr\u00e8s i degudament emplenat i signat, de dilluns a divendres, de 8.30 a 14.30 hores, al Registre General de la Diputaci\u00f3, rambla de Catalunya, 126, planta baixa.<\/span><\/li>\n<\/ul>\n<p><span style=\"color: #000000\"><strong><span style=\"font-family: 'arial black', sans-serif\">RECORDEU SEMPRE<\/span>:\u00a0\u00a0\u00a0\u00a0\u00a0<\/strong><\/span><\/p>\n<ul>\n<li style=\"text-align: justify\"><span style=\"color: #000000;font-family: arial, helvetica, sans-serif\">Llegir atentament les bases de la convocat\u00f2ria (cliqueu <a href=\"http:\/\/ccoo.app\/diputacio-de-barcelona\/wp-content\/blogs.dir\/6\/files\/sites\/186\/2019\/03\/bases-consolidacio.pdf\"><strong><span style=\"color: #0000ff\">aqu\u00ed<\/span><\/strong><\/a> per accedir-hi).<\/span><\/li>\n<li style=\"text-align: justify\"><span style=\"color: #000000\"><span style=\"font-family: arial, helvetica, sans-serif\">Fer el seguiment del proc\u00e9s selectiu a trav\u00e9s de la web<\/span>.<\/span><\/li>\n<\/ul>\n<p style=\"text-align: center\">\u00a0 https:\/\/www.diba.cat\/web\/seleccio\/consolidacio-de-l-ocupacio1<\/p>\n<p><a href=\"https:\/\/diba.ccoo.cat\/wp-content\/uploads\/sites\/37\/2019\/03\/INSTRUCCIONS-ESPEC%C3%8DFIQUES-PER-A-LA-PRESENTACI%C3%93-DE-SOL%C2%B7LICITUDS-DELS-PROCESSOS-SELECTIUS-CONSOLIDACI%C3%93-DE-L%E2%80%99OCUPACI%C3%93-TEMPORAL.pdf\"><img loading=\"lazy\" decoding=\"async\" class=\"wp-image-3702 aligncenter\" src=\"http:\/\/ccoo.app\/diputacio-de-barcelona\/wp-content\/blogs.dir\/6\/files\/sites\/186\/2019\/03\/aaaaa-300x63.png\" alt=\"\" width=\"452\" height=\"95\" srcset=\"https:\/\/ccoo.app\/diputacio-de-barcelona\/wp-content\/blogs.dir\/6\/files\/sites\/186\/2019\/03\/aaaaa-300x63.png 300w, https:\/\/ccoo.app\/diputacio-de-barcelona\/wp-content\/blogs.dir\/6\/files\/sites\/186\/2019\/03\/aaaaa.png 607w\" sizes=\"auto, (max-width: 452px) 100vw, 452px\" \/><\/a><\/p>\n<p><a href=\"https:\/\/diba.ccoo.cat\/calendari-i-ordre-dexecucio-de-loferta-publica\/\"><img loading=\"lazy\" decoding=\"async\" class=\"wp-image-3699 aligncenter\" src=\"http:\/\/ccoo.app\/diputacio-de-barcelona\/wp-content\/blogs.dir\/6\/files\/sites\/186\/2019\/03\/jjjjjo-300x69.png\" alt=\"\" width=\"457\" height=\"105\" srcset=\"https:\/\/ccoo.app\/diputacio-de-barcelona\/wp-content\/blogs.dir\/6\/files\/sites\/186\/2019\/03\/jjjjjo-300x69.png 300w, https:\/\/ccoo.app\/diputacio-de-barcelona\/wp-content\/blogs.dir\/6\/files\/sites\/186\/2019\/03\/jjjjjo.png 650w\" sizes=\"auto, (max-width: 457px) 100vw, 457px\" \/><\/a><\/p>\n<p style=\"text-align: justify\"><span style=\"color: #000000;font-family: 'arial black', sans-serif\"><strong>ACLARIMENTS A TENIR EN COMPTE<\/strong><\/span><\/p>\n<p style=\"text-align: justify\"><span style=\"color: #000000;font-family: arial, helvetica, sans-serif\">La convocat\u00f2ria de CONSOLIDACI\u00d3 D\u2019OCUPACI\u00d3 t\u00e9 car\u00e0cter extraordinari. Malgrat aix\u00f2 es tracta d\u2019una convocat\u00f2ria de torn lliure i s\u2019hi pot presentar, evidentment, qualsevol funcionari inter\u00ed o de carrera, o qualsevol ciutad\u00e0.<\/span><\/p>\n<p style=\"text-align: justify\"><span style=\"color: #000000;font-family: arial, helvetica, sans-serif\">Per tant, TOT el personal que actualment ocupi un lloc de treball a la Diputaci\u00f3 de Barcelona relacionat amb les places que es convoquen hauria de presentar-se.<img loading=\"lazy\" decoding=\"async\" class=\"wp-image-2960 alignleft\" src=\"http:\/\/ccoo.app\/diputacio-de-barcelona\/wp-content\/blogs.dir\/6\/files\/sites\/186\/2018\/11\/5a3a4de27fced4-21032862151377046652355359-300x178.png\" alt=\"\" width=\"153\" height=\"91\" srcset=\"https:\/\/ccoo.app\/diputacio-de-barcelona\/wp-content\/blogs.dir\/6\/files\/sites\/186\/2018\/11\/5a3a4de27fced4-21032862151377046652355359-300x178.png 300w, https:\/\/ccoo.app\/diputacio-de-barcelona\/wp-content\/blogs.dir\/6\/files\/sites\/186\/2018\/11\/5a3a4de27fced4-21032862151377046652355359-768x456.png 768w, https:\/\/ccoo.app\/diputacio-de-barcelona\/wp-content\/blogs.dir\/6\/files\/sites\/186\/2018\/11\/5a3a4de27fced4-21032862151377046652355359.png 976w\" sizes=\"auto, (max-width: 153px) 100vw, 153px\" \/><\/span><\/p>\n<p style=\"text-align: justify\"><span style=\"color: #000000;font-family: arial, helvetica, sans-serif\">\u00c9s veritat que les places han hagut de ser identificades: entre aquelles que estaven dotades pressupost\u00e0riament i que abans de l\u20191 de gener de 2005 haguessin vingut sent ocupades ininterrompudament. Ara b\u00e9, hem de saber que el fet que la pla\u00e7a que ocupem hagi estat identificada o no, no ens dona cap avantatge ni desavantatge. No oblidem que es tracta d\u2019una convocat\u00f2ria de torn lliure i per tant la puntuaci\u00f3 obtinguda ser\u00e0 determinant.<\/span><\/p>\n<p style=\"text-align: justify\"><span style=\"color: #000000;font-family: arial, helvetica, sans-serif\">I finalment, recordeu que, tal com ens va informar la DSRH, totes les convocat\u00f2ries generaran borses de treball de les persones aprovades per\u00f2 que no hagin tret nota suficient per ser anomenades funcionari\/a de carrera.<\/span><\/p>\n<ul>\n<li><span style=\"font-family: 'arial black', sans-serif;color: #0000ff\"><a style=\"color: #0000ff\" href=\"https:\/\/intradiba.diba.cat\/web\/e-rh\/e-rh\/-\/newsletter\/39058318\/27\/186887115\/pamo-2016-i-pamo-2017-preguntes-mes-frequents\">CLIQUEU AQU\u00cd<\/a><\/span> <span style=\"font-family: arial, helvetica, sans-serif;color: #000000\">per llegir el <em>butllet\u00ed de RH<\/em> de maig 2018 amb el tema \u201cPAMO 2016 i PAMO 2017: Preguntes m\u00e9s freq\u00fcents\u201d<\/span><\/li>\n<\/ul>\n<ul>\n<li style=\"text-align: justify\"><span style=\"font-family: arial, helvetica, sans-serif;color: #000000\">Heu de tenir en compte que la convocat\u00f2ria de CONSOLIDACI\u00d3, d&#8217;acord amb el que indiquen les bases, donen moltes possibilitats de continu\u00eftat al personal intern que ja fa anys treballa a la Diputaci\u00f3 (apartat m\u00e8rits). Per tant, tot i que el personal inter\u00ed de diba s&#8217;hagi de presentar, volem llen\u00e7ar un missatge de tranquil\u00b7litat respecte a la continu\u00eftat de tot el personal. <a href=\"https:\/\/diba.ccoo.cat\/wp-content\/uploads\/sites\/37\/2019\/03\/CRITERIS-OPOS-CONSOLICACI%C3%93.pdf\"><span style=\"font-family: 'arial black', sans-serif;color: #0000ff\">Cliqueu aqu\u00ed<\/span><\/a> per a m\u00e9s informaci\u00f3.<\/span><\/li>\n<\/ul>\n<ul>\n<li><a href=\"https:\/\/diba.ccoo.cat\/diputacio-es-compromet-a-complir-amb-els-pactes-relacionats-amb-el-personal-interi\/\"><span style=\"font-family: 'arial black', sans-serif;color: #0000ff\">CLIQUEU AQU\u00cd<\/span> <\/a><span style=\"font-family: arial, helvetica, sans-serif;color: #000000\">per llegir les mesures de garantia de continu\u00eftat pel personal major de 55 anys.<\/span><\/li>\n<\/ul>\n<ul>\n<li><a href=\"https:\/\/diba.ccoo.cat\/nivell-de-catala-processos-selectius-2\/\"><span style=\"font-family: 'arial black', sans-serif\"><span style=\"color: #0000ff\">CLIQUEU AQU\u00cd<\/span><\/span><\/a> <span style=\"font-family: arial, helvetica, sans-serif;color: #000000\">per llegir consells relacionats amb la prova de Catal\u00e0<\/span><\/li>\n<\/ul>\n<p><a href=\"https:\/\/diba.ccoo.cat\/novetats-cursos-ccoo-diba-per-loferta-publica-docupacio-de-la-diputacio-2016-i-2017\/\"><img loading=\"lazy\" decoding=\"async\" class=\"wp-image-3698 aligncenter\" src=\"http:\/\/ccoo.app\/diputacio-de-barcelona\/wp-content\/blogs.dir\/6\/files\/sites\/186\/2019\/03\/jjjjjjjjjjjjjjjjjjjjjjjjjjjj-300x80.png\" alt=\"\" width=\"435\" height=\"116\" srcset=\"https:\/\/ccoo.app\/diputacio-de-barcelona\/wp-content\/blogs.dir\/6\/files\/sites\/186\/2019\/03\/jjjjjjjjjjjjjjjjjjjjjjjjjjjj-300x80.png 300w, https:\/\/ccoo.app\/diputacio-de-barcelona\/wp-content\/blogs.dir\/6\/files\/sites\/186\/2019\/03\/jjjjjjjjjjjjjjjjjjjjjjjjjjjj.png 605w\" sizes=\"auto, (max-width: 435px) 100vw, 435px\" \/><\/a><\/p>\n<p><a href=\"https:\/\/www.ccoo.cat\/aspnet\/eleccions.aspx\"><img loading=\"lazy\" decoding=\"async\" class=\"wp-image-3042 aligncenter\" src=\"http:\/\/ccoo.app\/diputacio-de-barcelona\/wp-content\/blogs.dir\/6\/files\/sites\/186\/2018\/12\/logo-revindiquem-lluitem-arribem-acords-300x56.png\" alt=\"\" width=\"514\" height=\"96\" srcset=\"https:\/\/ccoo.app\/diputacio-de-barcelona\/wp-content\/blogs.dir\/6\/files\/sites\/186\/2018\/12\/logo-revindiquem-lluitem-arribem-acords-300x56.png 300w, https:\/\/ccoo.app\/diputacio-de-barcelona\/wp-content\/blogs.dir\/6\/files\/sites\/186\/2018\/12\/logo-revindiquem-lluitem-arribem-acords-768x145.png 768w, https:\/\/ccoo.app\/diputacio-de-barcelona\/wp-content\/blogs.dir\/6\/files\/sites\/186\/2018\/12\/logo-revindiquem-lluitem-arribem-acords.png 940w\" sizes=\"auto, (max-width: 514px) 100vw, 514px\" \/><img loading=\"lazy\" decoding=\"async\" class=\" wp-image-3428 aligncenter\" src=\"http:\/\/ccoo.app\/diputacio-de-barcelona\/wp-content\/blogs.dir\/6\/files\/sites\/186\/2019\/02\/ddddddddddddddddddddddddd-300x115.png\" alt=\"\" width=\"459\" height=\"176\" srcset=\"https:\/\/ccoo.app\/diputacio-de-barcelona\/wp-content\/blogs.dir\/6\/files\/sites\/186\/2019\/02\/ddddddddddddddddddddddddd-300x115.png 300w, https:\/\/ccoo.app\/diputacio-de-barcelona\/wp-content\/blogs.dir\/6\/files\/sites\/186\/2019\/02\/ddddddddddddddddddddddddd.png 611w\" sizes=\"auto, (max-width: 459px) 100vw, 459px\" \/><\/a><\/p>\n<p><a href=\"https:\/\/diba.ccoo.cat\/tambe-a-la-diputacio-no-es-no\/\"><img loading=\"lazy\" decoding=\"async\" class=\"wp-image-3043 aligncenter\" src=\"http:\/\/ccoo.app\/diputacio-de-barcelona\/wp-content\/blogs.dir\/6\/files\/sites\/186\/2018\/12\/ffffffffffffffffffff-1-300x108.png\" alt=\"\" width=\"175\" height=\"63\" srcset=\"https:\/\/ccoo.app\/diputacio-de-barcelona\/wp-content\/blogs.dir\/6\/files\/sites\/186\/2018\/12\/ffffffffffffffffffff-1-300x108.png 300w, https:\/\/ccoo.app\/diputacio-de-barcelona\/wp-content\/blogs.dir\/6\/files\/sites\/186\/2018\/12\/ffffffffffffffffffff-1.png 686w\" sizes=\"auto, (max-width: 175px) 100vw, 175px\" \/><\/a><\/p>\n<p><a href=\"https:\/\/diba.ccoo.cat\/afiliat-al-sindicat-amb-mes-afiliacio-i-representacio-a-la-diputacio-de-barcelona\/\"><img loading=\"lazy\" decoding=\"async\" class=\"alignnone size-medium wp-image-2346\" src=\"http:\/\/ccoo.app\/diputacio-de-barcelona\/wp-content\/blogs.dir\/6\/files\/sites\/186\/2016\/05\/asasas-300x142-1-300x142.png\" alt=\"\" width=\"300\" height=\"142\" \/><\/a><\/p>\n<p><span style=\"font-family: arial, helvetica, sans-serif;color: #000000\"><strong>Horari d\u2019atenci\u00f3 CCOO DIBA: <\/strong><\/span><\/p>\n<p><span style=\"font-family: arial, helvetica, sans-serif;color: #000000\"><strong>CARRER MALLORCA, 244, 2on 3a<\/strong><\/span><\/p>\n<p><span style=\"font-family: arial, helvetica, sans-serif;color: #000000\"><strong>DE DILLUNS A DIVENDRES DE 8:30 A 16:30\u00a0\u00a0 <\/strong><span style=\"font-size: 10pt\"><strong>(FORA D\u2019AQUEST HORARI AMB CITA PR\u00c8VIA)<\/strong><\/span><\/span><\/p>\n<p style=\"text-align: center\"><span style=\"font-size: 18pt\"><span style=\"font-family: arial, helvetica, sans-serif;color: #000000\"><strong>\u00a0<\/strong><\/span><span style=\"font-family: arial, helvetica, sans-serif\"><strong><small><span style=\"color: #000000\">Contacta&#8217;ns per tel\u00e8fon 934 022 985 o correu:<\/span> <a href=\"mailto:ccoo@diba.cat\">ccoo@diba.cat<\/a><\/small> <\/strong><\/span><\/span><\/p>\n<p><strong>\u00a0<\/strong><\/p>\n<p><a href=\"https:\/\/twitter.com\/CCOODiba\"><img loading=\"lazy\" decoding=\"async\" class=\"alignleft\" src=\"http:\/\/www.mysocialaccounts.com\/wp-content\/uploads\/2017\/04\/twitter.jpg\" alt=\"Resultado de imagen de twitter\" width=\"44\" height=\"44\" \/><\/a>\u00a0 \u00a0\u00a0<a href=\"http:\/\/diba.ccoo.cat\/\"><img loading=\"lazy\" decoding=\"async\" class=\"\" src=\"https:\/\/encrypted-tbn0.gstatic.com\/images?q=tbn:ANd9GcS98Z75qmWgKpehEkfwdWrInKdK65A-jf2SgkGvuU4oy_fPYt9q\" alt=\"Imagen relacionada\" width=\"52\" height=\"53\" \/><\/a><a href=\"https:\/\/www.facebook.com\/CcooDiputacioDeBarcelona\/\"><img loading=\"lazy\" decoding=\"async\" class=\"alignleft\" src=\"https:\/\/upload.wikimedia.org\/wikipedia\/commons\/thumb\/7\/7c\/Facebook_New_Logo_%282015%29.svg\/2000px-Facebook_New_Logo_%282015%29.svg.png\" alt=\"Resultado de imagen de facebook\" width=\"122\" height=\"46\" \/><\/a><a href=\"https:\/\/www.youtube.com\/channel\/UCFzenkS75udEcs4pB4qoZsg\"><img loading=\"lazy\" decoding=\"async\" class=\"alignleft\" src=\"https:\/\/i.kinja-img.com\/gawker-media\/image\/upload\/s--heVex4FV--\/c_scale,fl_progressive,q_80,w_800\/pol5zfmalpqmpt1jcnbp.png\" alt=\"Resultado de imagen de youtube\" width=\"117\" height=\"50\" \/><\/a><img loading=\"lazy\" decoding=\"async\" class=\"alignleft\" src=\"https:\/\/www.educapeques.com\/wp-content\/uploads\/2016\/04\/descargar-whatsapp.png\" alt=\"Resultado de imagen de whatsapp\" width=\"64\" height=\"50\" \/><\/p>\n<p><img loading=\"lazy\" decoding=\"async\" class=\"wp-image-262 alignright\" src=\"http:\/\/ccoo.app\/diputacio-de-barcelona\/wp-content\/blogs.dir\/6\/files\/sites\/186\/2016\/04\/afiliat_ccoo_cat.gif\" alt=\"Tota la informaci\u00f3 de com afiliar-se a CCOO Catalunya i forlmulari d'alta o baxia.\" width=\"90\" height=\"80\" \/>    \t<\/p>\n","protected":false},"excerpt":{"rendered":"<p>\u00a0 \u00a0 \u00a0 \u00a0 \u00a0 \u00a0 \u00a0 \u00a0 OPOS CONSOLIDACI\u00d3 OBERT TERMINI DE PRESENTACI\u00d3 DE SOL\u00b7LICITUDS S\u2019ha publicat en el Diari Oficial de la Generalitat de Catalunya la CONVOCAT\u00d2RIA DEL &#8230; <\/p>\n<p class=\"read-more-container\"><a title=\"OPOS CONSOLIDACI\u00d3 OBERT TERMINI DE PRESENTACI\u00d3 DE SOL\u00b7LICITUDS\" class=\"read-more button\" href=\"https:\/\/ccoo.app\/diputacio-de-barcelona\/opos-consolidacio-obert-termini\/#more-3694\" aria-label=\"Leer m\u00e1s sobre OPOS CONSOLIDACI\u00d3 OBERT TERMINI DE PRESENTACI\u00d3 DE SOL\u00b7LICITUDS\">Continuar llegint<\/a><\/p>\n","protected":false},"author":4519,"featured_media":3732,"comment_status":"open","ping_status":"open","sticky":false,"template":"","format":"standard","meta":{"footnotes":""},"categories":[38,19,20,24,31,37],"tags":[148,172,180],"class_list":["post-3694","post","type-post","status-publish","format-standard","has-post-thumbnail","hentry","category-a-tot-el-personal","category-comunicats","category-cursos","category-interins","category-personal-interi-comunicats","category-xbm","tag-mesa-general-negociacio","tag-parcs-naturals","tag-personal-interi","generate-columns","tablet-grid-50","mobile-grid-100","grid-parent","grid-50"],"_links":{"self":[{"href":"https:\/\/ccoo.app\/diputacio-de-barcelona\/wp-json\/wp\/v2\/posts\/3694","targetHints":{"allow":["GET"]}}],"collection":[{"href":"https:\/\/ccoo.app\/diputacio-de-barcelona\/wp-json\/wp\/v2\/posts"}],"about":[{"href":"https:\/\/ccoo.app\/diputacio-de-barcelona\/wp-json\/wp\/v2\/types\/post"}],"author":[{"embeddable":true,"href":"https:\/\/ccoo.app\/diputacio-de-barcelona\/wp-json\/wp\/v2\/users\/4519"}],"replies":[{"embeddable":true,"href":"https:\/\/ccoo.app\/diputacio-de-barcelona\/wp-json\/wp\/v2\/comments?post=3694"}],"version-history":[{"count":1,"href":"https:\/\/ccoo.app\/diputacio-de-barcelona\/wp-json\/wp\/v2\/posts\/3694\/revisions"}],"predecessor-version":[{"id":52043,"href":"https:\/\/ccoo.app\/diputacio-de-barcelona\/wp-json\/wp\/v2\/posts\/3694\/revisions\/52043"}],"wp:featuredmedia":[{"embeddable":true,"href":"https:\/\/ccoo.app\/diputacio-de-barcelona\/wp-json\/wp\/v2\/media\/3732"}],"wp:attachment":[{"href":"https:\/\/ccoo.app\/diputacio-de-barcelona\/wp-json\/wp\/v2\/media?parent=3694"}],"wp:term":[{"taxonomy":"category","embeddable":true,"href":"https:\/\/ccoo.app\/diputacio-de-barcelona\/wp-json\/wp\/v2\/categories?post=3694"},{"taxonomy":"post_tag","embeddable":true,"href":"https:\/\/ccoo.app\/diputacio-de-barcelona\/wp-json\/wp\/v2\/tags?post=3694"}],"curies":[{"name":"wp","href":"https:\/\/api.w.org\/{rel}","templated":true}]}}