{"id":3493,"date":"2019-02-27T16:18:17","date_gmt":"2019-02-27T15:18:17","guid":{"rendered":"https:\/\/diba.ccoo.cat\/?p=3493"},"modified":"2023-02-22T19:05:47","modified_gmt":"2023-02-22T18:05:47","slug":"novetats-cursos-ccoo-diba-per-loferta-publica-docupacio-de-la-diputacio-2016-i-2017","status":"publish","type":"post","link":"https:\/\/ccoo.app\/diputacio-de-barcelona\/novetats-cursos-ccoo-diba-per-loferta-publica-docupacio-de-la-diputacio-2016-i-2017\/","title":{"rendered":"NOVETATS! CURSOS CCOO DIBA PER\u00a0L\u2019OFERTA P\u00daBLICA D\u2019OCUPACI\u00d3 DE LA DIPUTACI\u00d3 2016 i 2017."},"content":{"rendered":"<p class=\"wp-caption-text\"><img loading=\"lazy\" decoding=\"async\" class=\"alignnone wp-image-1853\" src=\"http:\/\/ccoo.app\/diputacio-de-barcelona\/wp-content\/blogs.dir\/6\/files\/sites\/186\/2018\/01\/logoccoov18.jpg\" alt=\"\" width=\"137\" height=\"63\" \/>\u00a0 \u00a0 \u00a0 \u00a0 \u00a0 \u00a0 \u00a0 \u00a0<a href=\"http:\/\/ccoo.app\/diputacio-de-barcelona\/wp-content\/blogs.dir\/6\/files\/sites\/186\/2019\/02\/cursos-parcs-naturals-27-02-2019.pdf\"><img loading=\"lazy\" decoding=\"async\" class=\"alignnone wp-image-2113\" src=\"http:\/\/ccoo.app\/diputacio-de-barcelona\/wp-content\/blogs.dir\/6\/files\/sites\/186\/2018\/04\/22-300x172.png\" alt=\"\" width=\"167\" height=\"96\" srcset=\"https:\/\/ccoo.app\/diputacio-de-barcelona\/wp-content\/blogs.dir\/6\/files\/sites\/186\/2018\/04\/22-300x172.png 300w, https:\/\/ccoo.app\/diputacio-de-barcelona\/wp-content\/blogs.dir\/6\/files\/sites\/186\/2018\/04\/22.png 327w\" sizes=\"auto, (max-width: 167px) 100vw, 167px\" \/><\/a><\/p>\n<p><span style=\"font-family: 'arial black', sans-serif;color: #ff0000;font-size: 18pt\"><strong><span style=\"text-decoration: underline\"><span style=\"color: #0000ff;text-decoration: underline\">NOVETATS!<\/span><\/span> CURSOS CCOO DIBA PER\u00a0<\/strong><strong>L\u2019OFERTA P\u00daBLICA D\u2019OCUPACI\u00d3 <\/strong><strong>DE LA DIPUTACI\u00d3 2016 i 2017<\/strong><\/span><\/p>\n<p>&nbsp;<\/p>\n<p><span style=\"color: #000000\"><a href=\"https:\/\/diba.ccoo.cat\/novetats-cursos-ccoo-diba-per-loferta-publica-docupacio-de-la-diputacio-2016-i-2017-2\/\"><span style=\"font-family: 'arial black', sans-serif;color: #0000ff\">Cliqueu aqu\u00ed <\/span><\/a>per con\u00e8ixer els cursos que CCOO ja tenim en marxa i\/o dels qu\u00e8 tenim preinscripcions obertes.<\/span><\/p>\n<p>&nbsp;<\/p>\n<p style=\"text-align: justify\"><span style=\"font-family: arial, helvetica, sans-serif;color: #000000;font-size: 12pt\">Seguim treballant per ampliar les accions formatives que oferim. En aquest sentit, <strong>OBRIM LLISTA D\u2019ESPERA<\/strong> per a cursos per preparar els <strong>TEMARIS ESPEC\u00cdFICS<\/strong> de les convocat\u00f2ries de <strong>GUARDA FORESTAL<\/strong> i, <strong>OFICIAL i AJUDANT DE MANTENIMENT FORESTAL.\u00a0<\/strong><\/span><\/p>\n<p style=\"text-align: justify\"><span style=\"font-family: arial, helvetica, sans-serif;color: #000000;font-size: 12pt\">Estem en contacte amb l<strong>\u2019Agrupaci\u00f3 d&#8217;Agents Rurals de Catalunya de CCOO<\/strong> i ens donen el seu suport per a realitzar accions formatives pel col\u00b7lectiu de forestals de la Diputaci\u00f3 de Barcelona.<img loading=\"lazy\" decoding=\"async\" class=\"wp-image-3495 alignleft\" src=\"http:\/\/ccoo.app\/diputacio-de-barcelona\/wp-content\/blogs.dir\/6\/files\/sites\/186\/2019\/02\/gggggggggggggggggggggggggggggggggggggggggggg-300x225.png\" alt=\"\" width=\"231\" height=\"173\" \/><\/span><\/p>\n<p style=\"text-align: justify\"><span style=\"font-family: arial, helvetica, sans-serif;color: #000000;font-size: 12pt\">Heu de saber que amb la llista d\u2019espera el que volem con\u00e8ixer \u00e9s el nombre real de persones interessades. Aix\u00ed doncs, el nombre de persones inscrites a la llista d\u2019espera determinar\u00e0 si hem d\u2019oferir un curs espec\u00edfic pel personal de la Diputaci\u00f3 o nom\u00e9s hem d\u2019incloure persones interessades als cursos que l\u2019Agrupaci\u00f3 ja est\u00e0 realitzant.<\/span><\/p>\n<p>&nbsp;<\/p>\n<p style=\"text-align: justify\"><span style=\"font-family: arial, helvetica, sans-serif;color: #000000;font-size: 12pt\">Aix\u00ed doncs, per formar part de la llista d\u2019espera, heu d\u2019enviar un email a <span style=\"color: #0000ff;font-family: 'arial black', sans-serif\"><a style=\"color: #0000ff\" href=\"mailto:ccoo@diba.cat\">ccoo@diba.cat<\/a><\/span> indicant:<\/span><\/p>\n<ul>\n<li><strong><span style=\"font-family: arial, helvetica, sans-serif;color: #000000;font-size: 12pt\">A quin dels cursos voleu formar part de la llista d\u2019espera:<\/span><\/strong>\n<ul>\n<li><span style=\"font-family: arial, helvetica, sans-serif;color: #000000\">GUARDA FORESTAL<\/span><\/li>\n<li><span style=\"font-family: arial, helvetica, sans-serif;color: #000000;font-size: 12pt\">OFICIAL MANTENIMENT FORESTAL<\/span><\/li>\n<li><span style=\"font-family: arial, helvetica, sans-serif;color: #000000;font-size: 12pt\">AJUDANT MANTENIMENT FORESTAL<\/span><\/li>\n<\/ul>\n<\/li>\n<\/ul>\n<ul style=\"text-align: justify\">\n<li><strong><span style=\"font-family: arial, helvetica, sans-serif;color: #000000;font-size: 12pt\">Horari per la formaci\u00f3:<\/span><\/strong>\n<ul>\n<li><span style=\"font-family: arial, helvetica, sans-serif;color: #000000;font-size: 12pt\">TARDES<\/span><\/li>\n<li><span style=\"font-family: arial, helvetica, sans-serif;color: #000000;font-size: 12pt\">CAPS DE SETMANA<\/span><\/li>\n<\/ul>\n<\/li>\n<\/ul>\n<ul style=\"text-align: justify\">\n<li><strong><span style=\"font-family: arial, helvetica, sans-serif;color: #000000;font-size: 12pt\">Nom i cognoms i n\u00famero de tel\u00e8fon.<\/span><\/strong><\/li>\n<\/ul>\n<p>&nbsp;<\/p>\n<p><img loading=\"lazy\" decoding=\"async\" class=\"wp-image-2547 aligncenter\" src=\"http:\/\/ccoo.app\/diputacio-de-barcelona\/wp-content\/blogs.dir\/6\/files\/sites\/186\/2016\/05\/ooooooooooooooooooooo-273x300.png\" alt=\"\" width=\"96\" height=\"105\" srcset=\"https:\/\/ccoo.app\/diputacio-de-barcelona\/wp-content\/blogs.dir\/6\/files\/sites\/186\/2016\/05\/ooooooooooooooooooooo-273x300.png 273w, https:\/\/ccoo.app\/diputacio-de-barcelona\/wp-content\/blogs.dir\/6\/files\/sites\/186\/2016\/05\/ooooooooooooooooooooo.png 655w\" sizes=\"auto, (max-width: 96px) 100vw, 96px\" \/><\/p>\n<p>&nbsp;<\/p>\n<p style=\"text-align: justify\"><span style=\"font-family: 'arial black', sans-serif;color: #000000;font-size: 18pt\"><strong>VOLS COL\u00b7LABORAR COM A FORMADOR\/A?<\/strong><\/span><\/p>\n<p style=\"text-align: justify\"><span style=\"font-family: arial, helvetica, sans-serif;color: #000000\">Aprofitem per agrair a totes les persones que heu respost a la crida per col\u00b7laborar com a formadors\/es i animem a qui vulgui oferir-se per impartir cursos o elaborar temaris a que es posin en contacte amb nosaltres per poder establir les condicions.<\/span><\/p>\n<p style=\"text-align: justify\"><span style=\"font-family: arial, helvetica, sans-serif;color: #000000\">Coneixes persones que voldrien col\u00b7laborar? Fes-nos arribar el seu contacte.<\/span><\/p>\n<p style=\"text-align: center\"><span style=\"font-family: 'arial black', sans-serif;font-size: 18pt;color: #0000ff\">Seguim treballant per ampliar\u00a0 la nostra oferta formativa.<\/span><\/p>\n<p style=\"text-align: center\"><span style=\"font-family: 'arial black', sans-serif;font-size: 18pt;color: #0000ff\">Presteu atenci\u00f3 a futures comunicacions.<\/span><\/p>\n<p><a href=\"https:\/\/diba.ccoo.cat\/afiliat-al-sindicat-amb-mes-afiliacio-i-representacio-a-la-diputacio-de-barcelona\/\"><img loading=\"lazy\" decoding=\"async\" class=\"alignnone size-medium wp-image-2346\" src=\"http:\/\/ccoo.app\/diputacio-de-barcelona\/wp-content\/blogs.dir\/6\/files\/sites\/186\/2016\/05\/asasas-300x142-1-300x142.png\" alt=\"\" width=\"300\" height=\"142\" \/><\/a><\/p>\n<p><span style=\"font-family: arial, helvetica, sans-serif;color: #000000\"><strong>Horari d\u2019atenci\u00f3 CCOO DIBA: <\/strong><\/span><\/p>\n<p><span style=\"font-family: arial, helvetica, sans-serif;color: #000000\"><strong>CARRER MALLORCA, 244, 2on 3a<\/strong><\/span><\/p>\n<p><span style=\"font-family: arial, helvetica, sans-serif;color: #000000\"><strong>DE DILLUNS A DIVENDRES DE 8:30 A 16:30\u00a0\u00a0 <\/strong><span style=\"font-size: 10pt\"><strong>(FORA D\u2019AQUEST HORARI AMB CITA PR\u00c8VIA)<\/strong><\/span><\/span><\/p>\n<p style=\"text-align: center\"><span style=\"font-size: 18pt\"><span style=\"font-family: arial, helvetica, sans-serif;color: #000000\"><strong>\u00a0<\/strong><\/span><span style=\"font-family: arial, helvetica, sans-serif\"><strong><small><span style=\"color: #000000\">Contacta&#8217;ns per tel\u00e8fon 934 022 985 o correu:<\/span> <a href=\"mailto:ccoo@diba.cat\">ccoo@diba.cat<\/a><\/small> <\/strong><\/span><\/span><\/p>\n<p><strong>\u00a0<\/strong><\/p>\n<p><a href=\"https:\/\/twitter.com\/CCOODiba\"><img loading=\"lazy\" decoding=\"async\" class=\"alignleft\" src=\"http:\/\/www.mysocialaccounts.com\/wp-content\/uploads\/2017\/04\/twitter.jpg\" alt=\"Resultado de imagen de twitter\" width=\"44\" height=\"44\" \/><\/a>\u00a0 \u00a0\u00a0<a href=\"http:\/\/diba.ccoo.cat\/\"><img loading=\"lazy\" decoding=\"async\" class=\"\" src=\"https:\/\/encrypted-tbn0.gstatic.com\/images?q=tbn:ANd9GcS98Z75qmWgKpehEkfwdWrInKdK65A-jf2SgkGvuU4oy_fPYt9q\" alt=\"Imagen relacionada\" width=\"52\" height=\"53\" \/><\/a><a href=\"https:\/\/www.facebook.com\/CcooDiputacioDeBarcelona\/\"><img loading=\"lazy\" decoding=\"async\" class=\"alignleft\" src=\"https:\/\/upload.wikimedia.org\/wikipedia\/commons\/thumb\/7\/7c\/Facebook_New_Logo_%282015%29.svg\/2000px-Facebook_New_Logo_%282015%29.svg.png\" alt=\"Resultado de imagen de facebook\" width=\"122\" height=\"46\" \/><\/a><a href=\"https:\/\/www.youtube.com\/channel\/UCFzenkS75udEcs4pB4qoZsg\"><img loading=\"lazy\" decoding=\"async\" class=\"alignleft\" src=\"https:\/\/i.kinja-img.com\/gawker-media\/image\/upload\/s--heVex4FV--\/c_scale,fl_progressive,q_80,w_800\/pol5zfmalpqmpt1jcnbp.png\" alt=\"Resultado de imagen de youtube\" width=\"117\" height=\"50\" \/><\/a><img loading=\"lazy\" decoding=\"async\" class=\"alignleft\" src=\"https:\/\/www.educapeques.com\/wp-content\/uploads\/2016\/04\/descargar-whatsapp.png\" alt=\"Resultado de imagen de whatsapp\" width=\"64\" height=\"50\" \/><\/p>\n<p>&nbsp;<\/p>\n<p>&nbsp;<\/p>\n<p>&nbsp;<\/p>\n<p>&nbsp;<\/p>\n<p>&nbsp;<\/p>\n<p>&nbsp;<\/p>\n<p>&nbsp;<\/p>\n<p>&nbsp;<\/p>\n<p><img loading=\"lazy\" decoding=\"async\" class=\"wp-image-262 alignright\" src=\"http:\/\/ccoo.app\/diputacio-de-barcelona\/wp-content\/blogs.dir\/6\/files\/sites\/186\/2016\/04\/afiliat_ccoo_cat.gif\" alt=\"Tota la informaci\u00f3 de com afiliar-se a CCOO Catalunya i forlmulari d'alta o baxia.\" width=\"90\" height=\"80\" \/><\/p>\n<p>&nbsp;<\/p>\n<p>&nbsp;<\/p>\n<p>&nbsp;<\/p>\n<p>&nbsp;<\/p>\n<p>&nbsp;    \t<\/p>\n","protected":false},"excerpt":{"rendered":"<p>\u00a0 \u00a0 \u00a0 \u00a0 \u00a0 \u00a0 \u00a0 \u00a0 NOVETATS! CURSOS CCOO DIBA PER\u00a0L\u2019OFERTA P\u00daBLICA D\u2019OCUPACI\u00d3 DE LA DIPUTACI\u00d3 2016 i 2017 &nbsp; Cliqueu aqu\u00ed per con\u00e8ixer els cursos que CCOO &#8230; <\/p>\n<p class=\"read-more-container\"><a title=\"NOVETATS! CURSOS CCOO DIBA PER\u00a0L\u2019OFERTA P\u00daBLICA D\u2019OCUPACI\u00d3 DE LA DIPUTACI\u00d3 2016 i 2017.\" class=\"read-more button\" href=\"https:\/\/ccoo.app\/diputacio-de-barcelona\/novetats-cursos-ccoo-diba-per-loferta-publica-docupacio-de-la-diputacio-2016-i-2017\/#more-3493\" aria-label=\"Leer m\u00e1s sobre NOVETATS! CURSOS CCOO DIBA PER\u00a0L\u2019OFERTA P\u00daBLICA D\u2019OCUPACI\u00d3 DE LA DIPUTACI\u00d3 2016 i 2017.\">Continuar llegint<\/a><\/p>\n","protected":false},"author":4519,"featured_media":3506,"comment_status":"open","ping_status":"open","sticky":false,"template":"","format":"standard","meta":{"footnotes":""},"categories":[38,19,20,24,26,31,33,34,37],"tags":[148,172,180],"class_list":["post-3493","post","type-post","status-publish","format-standard","has-post-thumbnail","hentry","category-a-tot-el-personal","category-comunicats","category-cursos","category-interins","category-mgn","category-personal-interi-comunicats","category-propostes-sindicals","category-respir","category-xbm","tag-mesa-general-negociacio","tag-parcs-naturals","tag-personal-interi","generate-columns","tablet-grid-50","mobile-grid-100","grid-parent","grid-50"],"_links":{"self":[{"href":"https:\/\/ccoo.app\/diputacio-de-barcelona\/wp-json\/wp\/v2\/posts\/3493","targetHints":{"allow":["GET"]}}],"collection":[{"href":"https:\/\/ccoo.app\/diputacio-de-barcelona\/wp-json\/wp\/v2\/posts"}],"about":[{"href":"https:\/\/ccoo.app\/diputacio-de-barcelona\/wp-json\/wp\/v2\/types\/post"}],"author":[{"embeddable":true,"href":"https:\/\/ccoo.app\/diputacio-de-barcelona\/wp-json\/wp\/v2\/users\/4519"}],"replies":[{"embeddable":true,"href":"https:\/\/ccoo.app\/diputacio-de-barcelona\/wp-json\/wp\/v2\/comments?post=3493"}],"version-history":[{"count":1,"href":"https:\/\/ccoo.app\/diputacio-de-barcelona\/wp-json\/wp\/v2\/posts\/3493\/revisions"}],"predecessor-version":[{"id":52049,"href":"https:\/\/ccoo.app\/diputacio-de-barcelona\/wp-json\/wp\/v2\/posts\/3493\/revisions\/52049"}],"wp:featuredmedia":[{"embeddable":true,"href":"https:\/\/ccoo.app\/diputacio-de-barcelona\/wp-json\/wp\/v2\/media\/3506"}],"wp:attachment":[{"href":"https:\/\/ccoo.app\/diputacio-de-barcelona\/wp-json\/wp\/v2\/media?parent=3493"}],"wp:term":[{"taxonomy":"category","embeddable":true,"href":"https:\/\/ccoo.app\/diputacio-de-barcelona\/wp-json\/wp\/v2\/categories?post=3493"},{"taxonomy":"post_tag","embeddable":true,"href":"https:\/\/ccoo.app\/diputacio-de-barcelona\/wp-json\/wp\/v2\/tags?post=3493"}],"curies":[{"name":"wp","href":"https:\/\/api.w.org\/{rel}","templated":true}]}}