{"id":3435,"date":"2019-02-22T11:36:44","date_gmt":"2019-02-22T10:36:44","guid":{"rendered":"https:\/\/diba.ccoo.cat\/?p=3435"},"modified":"2023-02-22T19:05:58","modified_gmt":"2023-02-22T18:05:58","slug":"acords-dintegracio-del-personal-de-lorgt","status":"publish","type":"post","link":"https:\/\/ccoo.app\/diputacio-de-barcelona\/acords-dintegracio-del-personal-de-lorgt\/","title":{"rendered":"INFORMACI\u00d3 DE LA PRIMERA SESSI\u00d3 DE LA COMISSI\u00d3 DE SEGUIMENT DELS ACORDS D&#8217;INTEGRACI\u00d3 DEL PERSONAL DE L\u2019ORGT\u00a0"},"content":{"rendered":"<p class=\"wp-caption-text\"><img loading=\"lazy\" decoding=\"async\" class=\"alignnone wp-image-1853\" src=\"http:\/\/ccoo.app\/diputacio-de-barcelona\/wp-content\/blogs.dir\/6\/files\/sites\/186\/2018\/01\/logoccoov18.jpg\" alt=\"\" width=\"137\" height=\"63\" \/>\u00a0 \u00a0 \u00a0 \u00a0 \u00a0 \u00a0 \u00a0 \u00a0 \u00a0 \u00a0 \u00a0 \u00a0 \u00a0 \u00a0 \u00a0 \u00a0<a href=\"https:\/\/diba.ccoo.cat\/wp-content\/uploads\/sites\/37\/2019\/02\/COMUNICAT-primera-sessi%C3%B3-de-la-Comissi%C3%B3-de-seguiment-ORGT.pdf\"><img loading=\"lazy\" decoding=\"async\" class=\"alignnone wp-image-2113\" src=\"http:\/\/ccoo.app\/diputacio-de-barcelona\/wp-content\/blogs.dir\/6\/files\/sites\/186\/2018\/04\/22-300x172.png\" alt=\"\" width=\"134\" height=\"77\" srcset=\"https:\/\/ccoo.app\/diputacio-de-barcelona\/wp-content\/blogs.dir\/6\/files\/sites\/186\/2018\/04\/22-300x172.png 300w, https:\/\/ccoo.app\/diputacio-de-barcelona\/wp-content\/blogs.dir\/6\/files\/sites\/186\/2018\/04\/22.png 327w\" sizes=\"auto, (max-width: 134px) 100vw, 134px\" \/><\/a><\/p>\n<p style=\"text-align: justify\"><span style=\"font-family: 'arial black', sans-serif;font-size: 18pt;color: #ff0000\">INFORMACI\u00d3 DE LA PRIMERA SESSI\u00d3 DE LA COMISSI\u00d3 DE SEGUIMENT DELS ACORDS D&#8217;INTEGRACI\u00d3 DEL PERSONAL DE L\u2019ORGT<\/span><\/p>\n<p>&nbsp;<\/p>\n<p style=\"text-align: justify\"><span style=\"font-family: arial, helvetica, sans-serif;color: #000000\">Us informen que el passat 14 de febrer es va constituir i realitzar la primera sessi\u00f3 de la Comissi\u00f3 de seguiment\u00a0 dels acords d&#8217;integraci\u00f3 de la funci\u00f3 p\u00fablica de l&#8217;ORGT en la funci\u00f3 p\u00fablica de la Diputaci\u00f3 de Barcelona.<\/span><\/p>\n<p style=\"text-align: justify\"><span style=\"font-family: arial, helvetica, sans-serif;color: #000000\">Aquesta Comissi\u00f3 de seguiment, de car\u00e0cter paritari, est\u00e0 integrada per representants de la corporaci\u00f3 i representants de la part social signants de l&#8217;Acord d&#8217;integraci\u00f3. La seva funci\u00f3 \u00e9s fer la vigil\u00e0ncia i seguiment de les actuacions que es portin a terme per l&#8217;execuci\u00f3 dels acords d&#8217;integraci\u00f3. Tamb\u00e9 correspon a la Comissi\u00f3, la\u00a0 interpretaci\u00f3 d&#8217;aquests acords davant sup\u00f2sits de conflicte o discrep\u00e0ncia entre les parts.<\/span><\/p>\n<p style=\"text-align: justify\"><span style=\"font-family: arial, helvetica, sans-serif;color: #000000\">En primer lloc, es van definir els aspectes formals i de funcionament de la Comissi\u00f3. En aquest sentit, s&#8217;ha programat un calendari de les reunions ordin\u00e0ries per l&#8217;any 2019 que es realitzaran els dies 30\/04, 28\/06, 30\/09 i 29\/11.<\/span><\/p>\n<p style=\"text-align: justify\"><span style=\"font-family: arial, helvetica, sans-serif;color: #000000\">La proposta de CCOO de realitzar les reunions de la Comissi\u00f3 amb car\u00e0cter mensual no va ser acceptada per la representaci\u00f3 de la corporaci\u00f3 al\u00b7legant motius organitzatius i la impossibilitat de poder assumir per part de la Direcci\u00f3 de Servei de RRHH de la Diputaci\u00f3 Barcelona\u00a0 la periodicitat mensual de reunions. Tanmateix, s&#8217;ha acordat la possibilitat de celebrar <strong>reunions extraordin\u00e0ries<\/strong> a petici\u00f3 de totes les parts quan la naturalesa del fet o situaci\u00f3 ho requereixi.<\/span><\/p>\n<p style=\"text-align: justify\"><span style=\"font-family: arial, helvetica, sans-serif;color: #000000\">Un cop constitu\u00efda, es va iniciar la primera sessi\u00f3 de seguiment dels Acords. En aquesta primera reuni\u00f3 la direcci\u00f3 va donar trasllat de les diverses q\u00fcestions i incid\u00e8ncies detectades i traslladades pel conjunt de les treballadores i treballadors, juntament amb les pr\u00f2pies representacions sindicals.<\/span><\/p>\n<p style=\"text-align: justify\"><span style=\"font-family: arial, helvetica, sans-serif;color: #000000\">Se&#8217;ns va informar per part de la Direcci\u00f3 de RRHH del seg\u00fcents temes:<\/span><\/p>\n<p style=\"text-align: justify\"><span style=\"font-family: arial, helvetica, sans-serif;color: #000000\">1.- Que s\u2019ha donat resposta en relaci\u00f3 a preguntes relacionades amb triennis, carrera professional, plena dedicaci\u00f3 i tipus d&#8217;IRPF.<\/span><\/p>\n<p style=\"text-align: justify\"><span style=\"font-family: arial, helvetica, sans-serif;color: #000000\">2.- Que es procedir\u00e0 en la propera n\u00f2mina a la correcci\u00f3 en l\u2019abonament\u00a0 de la quantia correcte corresponent als drets consolidats de carrera i que s\u2019ha procedit a comunicar aquesta incid\u00e8ncia a les persones afectades per aquest fet.<\/span><\/p>\n<p style=\"text-align: justify\"><span style=\"font-family: arial, helvetica, sans-serif;color: #000000\">3.- En relaci\u00f3 al col\u00b7lectiu de treballadores i treballadors que a les seves n\u00f2mines els consti\u00a0 el descriptiu ATR2 C2 14 (ATEP)\/ATR 3 C2 14(ATENP)\u00a0 i que\u00a0 prestessin serveis a l&#8217;ORGT amb anterioritat a 31\/12\/2018, la Direcci\u00f3 en ha donat trasllat del criteri que ha aplicat i que consisteix en considerar tamb\u00e9 per aquest col\u00b7lectiu la temporalitat d&#8217;1 o 2 anys de perman\u00e8ncia al lloc de treball per tal de ser adscrit al lloc d\u2019 Agent Tributari ATR1 C2 15.<\/span><\/p>\n<p style=\"text-align: justify\"><span style=\"font-family: arial, helvetica, sans-serif;color: #000000\">Des de CCOO hem expressat l&#8217;absolut desacord en l\u2019aplicaci\u00f3 d\u2019aquest criteri restrictiu ja que no es correspon amb el sentit d\u2019all\u00f2 que es va pactar, que era l\u2019aplicaci\u00f3 d\u2019aquest criteri al personal de nova incorporaci\u00f3 a partir de l&#8217;1 gener de 2019 i que per tant hauria d\u2019 entrar amb el descriptiu\u00a0 ATR2 C1 14 (ATEP)\/ATR 3 C1 14(ATENP) i amb el sou base d\u2019 aquesta categoria.<\/span><\/p>\n<p style=\"text-align: justify\"><span style=\"font-family: arial, helvetica, sans-serif;color: #000000\">Novament des de la Direcci\u00f3 de RRHH \/Ger\u00e8ncia o Presid\u00e8ncia, es torna a actuar en contra d\u2019 un col\u00b7lectiu fent una interpretaci\u00f3 restrictiva i contraria d&#8217;all\u00f2 acordat, no sabem si per pura satisfacci\u00f3 o per fer m\u00e8rits davant de possibles canvis a la corporaci\u00f3 i continuar de meritori en el lloc de treball que s\u2019 ocupa. CCOO en defensa d\u2019aquest col\u00b7lectiu i d\u2019all\u00f2 signat, es mobilitzar\u00e0 per terra, mar i aire i realitzar\u00e0 els estudis jur\u00eddic pertinents i reunions en despatxos que pertoqui amb grups pol\u00edtics, Diputats, Presid\u00e8ncia o Ger\u00e8ncia.<\/span><\/p>\n<p style=\"text-align: justify\"><span style=\"font-family: arial, helvetica, sans-serif;color: #000000\">4.- Per \u00faltim, la Direcci\u00f3 ha informat de l&#8217;exist\u00e8ncia a la RLLT d\u2019errors formals i materials a la publicaci\u00f3 d&#8217;aquesta, com per exemple oficines omeses o adscrites dins d\u2019altres com el cas de Santa Coloma que surt a Sant Adri\u00e0 o en relaci\u00f3 a la qualificaci\u00f3 de determinats llocs de treball adscrits al Servei de Qualitat com serveis generalistes o tributaris i\u00a0 que procedir\u00e0 a esmenar d\u2019ofici en el sentit que correspongui.<\/span><\/p>\n<p>&nbsp;<\/p>\n<p style=\"text-align: justify\"><span style=\"font-family: arial, helvetica, sans-serif;color: #000000\">CCOO ha remarcat en quin \u00e0mbit, quins s\u00f3n els interlocutors i les parts signants dels acords i el sentit d&#8217;all\u00f2 acordat, per\u00f2 tamb\u00e9 hem manifestat que si hi ha un canvi de criteri per part de la Corporaci\u00f3 en relaci\u00f3 als serveis generalistes i tributaris, ampliant l&#8217;abast dels segons o analitzant tasques del lloc de treball, es pot parlar i ampliar en el lloc i \u00e0mbit adequat, que es la Mesa General de Negociaci\u00f3 de\u00a0 la Diputaci\u00f3 de Barcelona.<\/span><\/p>\n<p style=\"text-align: justify\"><span style=\"font-family: arial, helvetica, sans-serif;color: #000000\">Som conscients de qu\u00e8 hi ha temes que no s\u2019han pogut abordar encara, com es el cas de la carrera dels OTR, Pla de formaci\u00f3 2019\/20, an\u00e0lisi organitzatives especifiques dels serveis d&#8217;Inspecci\u00f3 Tribut\u00e0ria, Assessoria Jur\u00eddica i Inform\u00e0tica, &#8230; Els tenim plantejats i a l&#8217;espera de resposta o posicionament de la Direcci\u00f3.<\/span><\/p>\n<p>&nbsp;<\/p>\n<p style=\"text-align: justify\"><span style=\"font-family: arial, helvetica, sans-serif;color: #000000\">Per una altra banda, CCOO hem demanat a la Corporaci\u00f3 que ens envi\u00efn la seg\u00fcent informaci\u00f3:<\/span><\/p>\n<p style=\"text-align: justify\"><span style=\"font-family: arial, helvetica, sans-serif;color: #000000\">-Relaci\u00f3 de les retribucions satisfetes en les n\u00f2mines de gener de 2019 per unitat\/servei, diferenciades per cadascun dels concepte retributius (Sou Base, Nivell Dest\u00ed, Antiguitat, Espec\u00edfic, complement carrera personal, diferencia de grau, i altres complements aplicats.)<\/span><\/p>\n<p style=\"text-align: justify\"><span style=\"font-family: arial, helvetica, sans-serif;color: #000000\">-Trasllat de les incid\u00e8ncies rebudes al departament de RRHH i la resposta enviada a les persones afectades.<\/span><\/p>\n<p style=\"text-align: justify\"><span style=\"font-family: arial, helvetica, sans-serif;color: #000000\">&#8211; Informes en relaci\u00f3 RLLT<\/span><\/p>\n<p style=\"text-align: justify\"><span style=\"font-family: arial, helvetica, sans-serif;color: #000000\">-Sol\u00b7licitud del llistat del col\u00b7lectiu afectat ATR2 C2 14 \/ ATR3 C2 14 i la data d\u2019 incorporaci\u00f3 a l\u2019 ORGT.<\/span><\/p>\n<p><span style=\"font-family: 'arial black', sans-serif;color: #000000\"><a href=\"http:\/\/ccoo.app\/diputacio-de-barcelona\/wp-content\/blogs.dir\/6\/files\/sites\/186\/2019\/02\/swcs798_ma2c_2521_001.pdf\"><span style=\"text-decoration: underline;color: #0000ff\">Cliqueu aqu\u00ed<\/span><\/a> per veure documents registrats.<\/span><\/p>\n<p>&nbsp;<\/p>\n<p style=\"text-align: justify\"><span style=\"font-family: arial, helvetica, sans-serif;color: #000000\">A fi d&#8217;abordar i tenir un coneixement immediat de primera m\u00e0, totes aquelles persones que us trobeu afectades, podeu enviar-nos un correu a <a style=\"color: #000000\" href=\"mailto:orgt.ssccoo@diba.cat\">orgt.ssccoo@diba.cat<\/a>, amb el descriptiu de l\u2019 assumpte ATR2 C2 14 \/ ATR3 C2 14\u00a0 adjuntant una c\u00f2pia de la n\u00f2mina i la data d\u2019incorporaci\u00f3 a l&#8217;Administraci\u00f3.<\/span><\/p>\n<p>&nbsp;<\/p>\n<p style=\"text-align: justify\"><span style=\"font-family: arial, helvetica, sans-serif;color: #000000\">Finalment, informar-vos que tot i que ja <em>som diputaci\u00f3<\/em> i que a la n\u00f2mina de febrer de les nostres companyes i companys de la Diba <strong>s\u00ed <\/strong>que es far\u00e0 efectiu el pagament del 0.3%, malauradament en el \u00e0mbit de l\u2019 ORGT tot i acordant-se l\u2019 increment retributiu el 17 de desembre de 2018 i passat pel Ple, vam tenir coneixement extraoficialment que no ser\u00e0 efectiu en la propera n\u00f2mina. Aquesta informaci\u00f3 va ser corroborada en aquesta mateixa Comissi\u00f3\u00a0 per la Direcci\u00f3 de RRHH\u00a0 al\u00b7legant motius en la tramitaci\u00f3 del procediment administratiu.<\/span><\/p>\n<p style=\"text-align: justify\"><span style=\"font-family: arial, helvetica, sans-serif;color: #000000\">Si b\u00e9 podem entendre els motius, agrair\u00edem en un futur una comunicaci\u00f3 a tota la plantilla m\u00e9s directa de les incid\u00e8ncies, fent us per exemple, del portal de l&#8217;empleat.<\/span><\/p>\n<p style=\"text-align: justify\"><span style=\"font-family: arial, helvetica, sans-serif;color: #000000\">En refer\u00e8ncia a l&#8217;increment retributiu del 2,25% ser\u00e0 aplicat a la n\u00f2mina del mes de febrer a tot el personal funcionari, amb efectes 1 de gener de 2019. Pel que fa al personal laboral, el\u00a0 dia 30 de gener es va signar l&#8217;acord d&#8217;adhesi\u00f3 al conveni del personal laboral de la Diba i de tots els acords i condicions aplicables al personal funcionari integrat, aix\u00ed com tamb\u00e9 l&#8217;increment del 2,25%. No obstant, degut a la seva perceptiva aprovaci\u00f3, aquest increment, amb els endarreriments corresponents, es veur\u00e0 reflectit a la n\u00f2mina de mar\u00e7.<\/span><\/p>\n<p style=\"text-align: justify\"><span style=\"font-family: arial, helvetica, sans-serif;color: #000000\">Per tal de poder resoldre tots aquells dubtes, q\u00fcestions, incid\u00e8ncies que puguin sortir referent a aquesta comissi\u00f3 o a qualsevol altre aspecte, estarem\u00a0 a la vostre disposici\u00f3 tots els dimecres de 9 hores a 14 hores al local sindical de CCOO al recinte de\u00a0 la Maternitat, planta soterrani. Si voleu demanar cita pr\u00e8via, ens podeu trucar al tel. 93\/402 22 22 (ext. 38786) o b\u00e9 enviant-nos un correu a <a style=\"color: #000000\" href=\"mailto:orgt.ssccoo@diba.cat\">orgt.ssccoo@diba.cat<\/a><\/span><\/p>\n<p style=\"text-align: justify\"><span style=\"font-family: arial, helvetica, sans-serif;color: #000000\"><u>CCOO com sempre estar\u00e0 vigilant<\/u> i\u00a0 atent a la defensa dels interessos de tota la plantilla!!<\/span><\/p>\n<p>&nbsp;<\/p>\n<p><a href=\"https:\/\/www.ccoo.cat\/aspnet\/eleccions.aspx\"><img loading=\"lazy\" decoding=\"async\" class=\"wp-image-3042 aligncenter\" src=\"http:\/\/ccoo.app\/diputacio-de-barcelona\/wp-content\/blogs.dir\/6\/files\/sites\/186\/2018\/12\/logo-revindiquem-lluitem-arribem-acords-300x56.png\" alt=\"\" width=\"514\" height=\"96\" srcset=\"https:\/\/ccoo.app\/diputacio-de-barcelona\/wp-content\/blogs.dir\/6\/files\/sites\/186\/2018\/12\/logo-revindiquem-lluitem-arribem-acords-300x56.png 300w, https:\/\/ccoo.app\/diputacio-de-barcelona\/wp-content\/blogs.dir\/6\/files\/sites\/186\/2018\/12\/logo-revindiquem-lluitem-arribem-acords-768x145.png 768w, https:\/\/ccoo.app\/diputacio-de-barcelona\/wp-content\/blogs.dir\/6\/files\/sites\/186\/2018\/12\/logo-revindiquem-lluitem-arribem-acords.png 940w\" sizes=\"auto, (max-width: 514px) 100vw, 514px\" \/><img loading=\"lazy\" decoding=\"async\" class=\" wp-image-3428 aligncenter\" src=\"http:\/\/ccoo.app\/diputacio-de-barcelona\/wp-content\/blogs.dir\/6\/files\/sites\/186\/2019\/02\/ddddddddddddddddddddddddd-300x115.png\" alt=\"\" width=\"459\" height=\"176\" srcset=\"https:\/\/ccoo.app\/diputacio-de-barcelona\/wp-content\/blogs.dir\/6\/files\/sites\/186\/2019\/02\/ddddddddddddddddddddddddd-300x115.png 300w, https:\/\/ccoo.app\/diputacio-de-barcelona\/wp-content\/blogs.dir\/6\/files\/sites\/186\/2019\/02\/ddddddddddddddddddddddddd.png 611w\" sizes=\"auto, (max-width: 459px) 100vw, 459px\" \/><\/a><\/p>\n<p><a href=\"https:\/\/diba.ccoo.cat\/tambe-a-la-diputacio-no-es-no\/\"><img loading=\"lazy\" decoding=\"async\" class=\"wp-image-3043 aligncenter\" src=\"http:\/\/ccoo.app\/diputacio-de-barcelona\/wp-content\/blogs.dir\/6\/files\/sites\/186\/2018\/12\/ffffffffffffffffffff-1-300x108.png\" alt=\"\" width=\"175\" height=\"63\" srcset=\"https:\/\/ccoo.app\/diputacio-de-barcelona\/wp-content\/blogs.dir\/6\/files\/sites\/186\/2018\/12\/ffffffffffffffffffff-1-300x108.png 300w, https:\/\/ccoo.app\/diputacio-de-barcelona\/wp-content\/blogs.dir\/6\/files\/sites\/186\/2018\/12\/ffffffffffffffffffff-1.png 686w\" sizes=\"auto, (max-width: 175px) 100vw, 175px\" \/><\/a><\/p>\n<p>&nbsp;<\/p>\n<p><a href=\"https:\/\/diba.ccoo.cat\/afiliat-al-sindicat-amb-mes-afiliacio-i-representacio-a-la-diputacio-de-barcelona\/\"><img loading=\"lazy\" decoding=\"async\" class=\"alignnone size-medium wp-image-2346\" src=\"http:\/\/ccoo.app\/diputacio-de-barcelona\/wp-content\/blogs.dir\/6\/files\/sites\/186\/2016\/05\/asasas-300x142-1-300x142.png\" alt=\"\" width=\"300\" height=\"142\" \/><\/a><\/p>\n<p><span style=\"font-family: arial, helvetica, sans-serif;color: #000000\"><strong>Horari d\u2019atenci\u00f3 CCOO DIBA: <\/strong><\/span><\/p>\n<p><span style=\"font-family: arial, helvetica, sans-serif;color: #000000\"><strong>CARRER MALLORCA, 244, 2on 3a<\/strong><\/span><\/p>\n<p><span style=\"font-family: arial, helvetica, sans-serif;color: #000000\"><strong>DE DILLUNS A DIVENDRES DE 8:30 A 16:30\u00a0\u00a0 <\/strong><span style=\"font-size: 10pt\"><strong>(FORA D\u2019AQUEST HORARI, AMB CITA PR\u00c8VIA)<\/strong><\/span><\/span><\/p>\n<p style=\"text-align: center\"><span style=\"font-size: 18pt\"><span style=\"font-family: arial, helvetica, sans-serif;color: #000000\"><strong>\u00a0<\/strong><\/span><span style=\"font-family: arial, helvetica, sans-serif\"><strong><small><span style=\"color: #000000\">Contacta&#8217;ns per tel\u00e8fon al 934 022 985 o correu:<\/span> <a href=\"mailto:ccoo@diba.cat\">ccoo@diba.cat<\/a><\/small> <\/strong><\/span><\/span><\/p>\n<p>&nbsp;<\/p>\n<p><a href=\"http:\/\/diba.ccoo.cat\/\"><img loading=\"lazy\" decoding=\"async\" class=\"wp-image-3263 alignleft\" src=\"http:\/\/ccoo.app\/diputacio-de-barcelona\/wp-content\/blogs.dir\/6\/files\/sites\/186\/2019\/01\/rrrrrrrrrrrrrrrrrrrrr-287x300.png\" alt=\"\" width=\"189\" height=\"198\" srcset=\"https:\/\/ccoo.app\/diputacio-de-barcelona\/wp-content\/blogs.dir\/6\/files\/sites\/186\/2019\/01\/rrrrrrrrrrrrrrrrrrrrr-287x300.png 287w, https:\/\/ccoo.app\/diputacio-de-barcelona\/wp-content\/blogs.dir\/6\/files\/sites\/186\/2019\/01\/rrrrrrrrrrrrrrrrrrrrr.png 550w\" sizes=\"auto, (max-width: 189px) 100vw, 189px\" \/><\/a><\/p>\n<p>&nbsp;<\/p>\n<p><img loading=\"lazy\" decoding=\"async\" class=\"alignnone size-medium wp-image-3266\" src=\"http:\/\/ccoo.app\/diputacio-de-barcelona\/wp-content\/blogs.dir\/6\/files\/sites\/186\/2019\/01\/yyyyyyyyyyyyyyyyyyyyyyyy-300x57.png\" alt=\"\" width=\"300\" height=\"57\" srcset=\"https:\/\/ccoo.app\/diputacio-de-barcelona\/wp-content\/blogs.dir\/6\/files\/sites\/186\/2019\/01\/yyyyyyyyyyyyyyyyyyyyyyyy-300x57.png 300w, https:\/\/ccoo.app\/diputacio-de-barcelona\/wp-content\/blogs.dir\/6\/files\/sites\/186\/2019\/01\/yyyyyyyyyyyyyyyyyyyyyyyy.png 578w\" sizes=\"auto, (max-width: 300px) 100vw, 300px\" \/><\/p>\n<p><img loading=\"lazy\" decoding=\"async\" class=\"alignleft\" src=\"https:\/\/www.educapeques.com\/wp-content\/uploads\/2016\/04\/descargar-whatsapp.png\" alt=\"Resultado de imagen de whatsapp\" width=\"64\" height=\"50\" \/><a href=\"https:\/\/www.facebook.com\/CcooDiputacioDeBarcelona\/\"><img loading=\"lazy\" decoding=\"async\" class=\"alignleft\" src=\"https:\/\/upload.wikimedia.org\/wikipedia\/commons\/thumb\/7\/7c\/Facebook_New_Logo_%282015%29.svg\/2000px-Facebook_New_Logo_%282015%29.svg.png\" alt=\"Resultado de imagen de facebook\" width=\"122\" height=\"46\" \/><\/a>\u00a0<a href=\"https:\/\/twitter.com\/CCOODiba\"><img loading=\"lazy\" decoding=\"async\" class=\"alignnone wp-image-3432\" src=\"http:\/\/ccoo.app\/diputacio-de-barcelona\/wp-content\/blogs.dir\/6\/files\/sites\/186\/2019\/02\/ggggggggggggggggggggggggggg-300x142.jpg\" alt=\"\" width=\"116\" height=\"55\" srcset=\"https:\/\/ccoo.app\/diputacio-de-barcelona\/wp-content\/blogs.dir\/6\/files\/sites\/186\/2019\/02\/ggggggggggggggggggggggggggg-300x142.jpg 300w, https:\/\/ccoo.app\/diputacio-de-barcelona\/wp-content\/blogs.dir\/6\/files\/sites\/186\/2019\/02\/ggggggggggggggggggggggggggg-1024x485.jpg 1024w, https:\/\/ccoo.app\/diputacio-de-barcelona\/wp-content\/blogs.dir\/6\/files\/sites\/186\/2019\/02\/ggggggggggggggggggggggggggg-768x364.jpg 768w, https:\/\/ccoo.app\/diputacio-de-barcelona\/wp-content\/blogs.dir\/6\/files\/sites\/186\/2019\/02\/ggggggggggggggggggggggggggg.jpg 1536w\" sizes=\"auto, (max-width: 116px) 100vw, 116px\" \/><\/a> \u00a0\u00a0<a href=\"https:\/\/www.youtube.com\/channel\/UCFzenkS75udEcs4pB4qoZsg\"><img loading=\"lazy\" decoding=\"async\" class=\"alignleft\" src=\"https:\/\/i.kinja-img.com\/gawker-media\/image\/upload\/s--heVex4FV--\/c_scale,fl_progressive,q_80,w_800\/pol5zfmalpqmpt1jcnbp.png\" alt=\"Resultado de imagen de youtube\" width=\"117\" height=\"50\" \/><\/a><\/p>\n<p>&nbsp;<\/p>\n<p>&nbsp;<\/p>\n<p>&nbsp;<\/p>\n<p>&nbsp;    \t<\/p>\n","protected":false},"excerpt":{"rendered":"<p>\u00a0 \u00a0 \u00a0 \u00a0 \u00a0 \u00a0 \u00a0 \u00a0 \u00a0 \u00a0 \u00a0 \u00a0 \u00a0 \u00a0 \u00a0 \u00a0 INFORMACI\u00d3 DE LA PRIMERA SESSI\u00d3 DE LA COMISSI\u00d3 DE SEGUIMENT DELS ACORDS D&#8217;INTEGRACI\u00d3 DEL &#8230; <\/p>\n<p class=\"read-more-container\"><a title=\"INFORMACI\u00d3 DE LA PRIMERA SESSI\u00d3 DE LA COMISSI\u00d3 DE SEGUIMENT DELS ACORDS D&#8217;INTEGRACI\u00d3 DEL PERSONAL DE L\u2019ORGT\u00a0\" class=\"read-more button\" href=\"https:\/\/ccoo.app\/diputacio-de-barcelona\/acords-dintegracio-del-personal-de-lorgt\/#more-3435\" aria-label=\"Leer m\u00e1s sobre INFORMACI\u00d3 DE LA PRIMERA SESSI\u00d3 DE LA COMISSI\u00d3 DE SEGUIMENT DELS ACORDS D&#8217;INTEGRACI\u00d3 DEL PERSONAL DE L\u2019ORGT\u00a0\">Continuar llegint<\/a><\/p>\n","protected":false},"author":4519,"featured_media":3434,"comment_status":"open","ping_status":"open","sticky":false,"template":"","format":"standard","meta":{"footnotes":""},"categories":[38,19,26,29],"tags":[148],"class_list":["post-3435","post","type-post","status-publish","format-standard","has-post-thumbnail","hentry","category-a-tot-el-personal","category-comunicats","category-mgn","category-orgt-2","tag-mesa-general-negociacio","generate-columns","tablet-grid-50","mobile-grid-100","grid-parent","grid-50"],"_links":{"self":[{"href":"https:\/\/ccoo.app\/diputacio-de-barcelona\/wp-json\/wp\/v2\/posts\/3435","targetHints":{"allow":["GET"]}}],"collection":[{"href":"https:\/\/ccoo.app\/diputacio-de-barcelona\/wp-json\/wp\/v2\/posts"}],"about":[{"href":"https:\/\/ccoo.app\/diputacio-de-barcelona\/wp-json\/wp\/v2\/types\/post"}],"author":[{"embeddable":true,"href":"https:\/\/ccoo.app\/diputacio-de-barcelona\/wp-json\/wp\/v2\/users\/4519"}],"replies":[{"embeddable":true,"href":"https:\/\/ccoo.app\/diputacio-de-barcelona\/wp-json\/wp\/v2\/comments?post=3435"}],"version-history":[{"count":1,"href":"https:\/\/ccoo.app\/diputacio-de-barcelona\/wp-json\/wp\/v2\/posts\/3435\/revisions"}],"predecessor-version":[{"id":52054,"href":"https:\/\/ccoo.app\/diputacio-de-barcelona\/wp-json\/wp\/v2\/posts\/3435\/revisions\/52054"}],"wp:featuredmedia":[{"embeddable":true,"href":"https:\/\/ccoo.app\/diputacio-de-barcelona\/wp-json\/wp\/v2\/media\/3434"}],"wp:attachment":[{"href":"https:\/\/ccoo.app\/diputacio-de-barcelona\/wp-json\/wp\/v2\/media?parent=3435"}],"wp:term":[{"taxonomy":"category","embeddable":true,"href":"https:\/\/ccoo.app\/diputacio-de-barcelona\/wp-json\/wp\/v2\/categories?post=3435"},{"taxonomy":"post_tag","embeddable":true,"href":"https:\/\/ccoo.app\/diputacio-de-barcelona\/wp-json\/wp\/v2\/tags?post=3435"}],"curies":[{"name":"wp","href":"https:\/\/api.w.org\/{rel}","templated":true}]}}