{"id":3372,"date":"2019-02-13T11:24:20","date_gmt":"2019-02-13T10:24:20","guid":{"rendered":"https:\/\/diba.ccoo.cat\/?p=3372"},"modified":"2023-02-22T19:06:03","modified_gmt":"2023-02-22T18:06:03","slug":"la-diputacio-de-barcelona-i-la-resta-de-sindicats-acorden-canviar-els-suposits","status":"publish","type":"post","link":"https:\/\/ccoo.app\/diputacio-de-barcelona\/la-diputacio-de-barcelona-i-la-resta-de-sindicats-acorden-canviar-els-suposits\/","title":{"rendered":"TOT I L\u2019OPOSICI\u00d3 DE CCOO, LA DIPUTACI\u00d3 DE BARCELONA I LA RESTA DE SINDICATS ACORDEN CANVIAR ELS SUP\u00d2SITS CONCRETS DELS \u00c0MBITS EXISTENTS"},"content":{"rendered":"<p class=\"wp-caption-text\"><img loading=\"lazy\" decoding=\"async\" class=\"alignnone wp-image-1853\" src=\"http:\/\/ccoo.app\/diputacio-de-barcelona\/wp-content\/blogs.dir\/6\/files\/sites\/186\/2018\/01\/logoccoov18.jpg\" alt=\"\" width=\"137\" height=\"63\" \/>\u00a0 \u00a0 \u00a0 \u00a0 \u00a0 \u00a0 \u00a0 \u00a0 \u00a0 \u00a0 \u00a0 \u00a0 \u00a0 \u00a0 \u00a0 \u00a0<a href=\"http:\/\/ccoo.app\/diputacio-de-barcelona\/wp-content\/blogs.dir\/6\/files\/sites\/186\/2019\/02\/comunicat-millora-social-2019.pdf\"><img loading=\"lazy\" decoding=\"async\" class=\"alignnone wp-image-2113\" src=\"http:\/\/ccoo.app\/diputacio-de-barcelona\/wp-content\/blogs.dir\/6\/files\/sites\/186\/2018\/04\/22-300x172.png\" alt=\"\" width=\"134\" height=\"77\" srcset=\"https:\/\/ccoo.app\/diputacio-de-barcelona\/wp-content\/blogs.dir\/6\/files\/sites\/186\/2018\/04\/22-300x172.png 300w, https:\/\/ccoo.app\/diputacio-de-barcelona\/wp-content\/blogs.dir\/6\/files\/sites\/186\/2018\/04\/22.png 327w\" sizes=\"auto, (max-width: 134px) 100vw, 134px\" \/><\/a><\/p>\n<p class=\"wp-caption-text\" style=\"text-align: justify\"><span style=\"font-family: 'arial black', sans-serif;color: #ff0000;font-size: 18pt\">SISTEMA DE MILLORA SOCIAL: TOT I L\u2019OPOSICI\u00d3 DE CCOO, LA DIPUTACI\u00d3 DE BARCELONA I LA RESTA DE SINDICATS ACORDEN CANVIAR ELS SUP\u00d2SITS CONCRETS DELS \u00c0MBITS EXISTENTS<\/span><\/p>\n<p style=\"text-align: justify\"><span style=\"font-family: arial, helvetica, sans-serif;color: #000000\">Ja us vam informar que despr\u00e9s de signar i ser ratificat pel Ple corporatiu l\u2019acord de \u201c<em>Millora Social per Edat<\/em>\u201d el passat 20 de desembre, el mes de gener la Diputaci\u00f3 ens va sorprendre demanant als sindicats que canvi\u00e9ssim els \u00e0mbits de refer\u00e8ncia relacionats concretament amb la possibilitat de justificar les <strong><u>despeses de primera necessitat<\/u><\/strong> (subministraments de llum, gas i aigua).<\/span><\/p>\n<p>&nbsp;<\/p>\n<p style=\"text-align: justify\"><span style=\"font-family: arial, helvetica, sans-serif;color: #000000\">Qu\u00e8 ten\u00edem fins ara? Fixeu en la seg\u00fcent taula:<\/span><\/p>\n<p>&nbsp;<\/p>\n<p><a href=\"http:\/\/ccoo.app\/diputacio-de-barcelona\/wp-content\/blogs.dir\/6\/files\/sites\/186\/2019\/02\/yyyyyyyyyyyyyyyyyyyyyyyyyyyyyyyyyyy.png\"><img loading=\"lazy\" decoding=\"async\" class=\" wp-image-3377 aligncenter\" src=\"http:\/\/ccoo.app\/diputacio-de-barcelona\/wp-content\/blogs.dir\/6\/files\/sites\/186\/2019\/02\/yyyyyyyyyyyyyyyyyyyyyyyyyyyyyyyyyyy-300x197.png\" alt=\"\" width=\"332\" height=\"218\" srcset=\"https:\/\/ccoo.app\/diputacio-de-barcelona\/wp-content\/blogs.dir\/6\/files\/sites\/186\/2019\/02\/yyyyyyyyyyyyyyyyyyyyyyyyyyyyyyyyyyy-300x197.png 300w, https:\/\/ccoo.app\/diputacio-de-barcelona\/wp-content\/blogs.dir\/6\/files\/sites\/186\/2019\/02\/yyyyyyyyyyyyyyyyyyyyyyyyyyyyyyyyyyy.png 384w\" sizes=\"auto, (max-width: 332px) 100vw, 332px\" \/><\/a><\/p>\n<p>&nbsp;<\/p>\n<p><span style=\"font-family: arial, helvetica, sans-serif;color: #000000\">El dia 29 de gener de 2019, UGT i CGT han acordat la modificaci\u00f3 dels sup\u00f2sits. Fixeu-vos en la seg\u00fcent taula.<\/span><\/p>\n<p><a href=\"http:\/\/ccoo.app\/diputacio-de-barcelona\/wp-content\/blogs.dir\/6\/files\/sites\/186\/2019\/02\/lllllllllllllllllllllllllllllllllllllllllllllllllllllllllllllllllllllll.png\"><img loading=\"lazy\" decoding=\"async\" class=\"size-medium wp-image-3378 aligncenter\" src=\"http:\/\/ccoo.app\/diputacio-de-barcelona\/wp-content\/blogs.dir\/6\/files\/sites\/186\/2019\/02\/lllllllllllllllllllllllllllllllllllllllllllllllllllllllllllllllllllllll-300x171.png\" alt=\"\" width=\"300\" height=\"171\" srcset=\"https:\/\/ccoo.app\/diputacio-de-barcelona\/wp-content\/blogs.dir\/6\/files\/sites\/186\/2019\/02\/lllllllllllllllllllllllllllllllllllllllllllllllllllllllllllllllllllllll-300x171.png 300w, https:\/\/ccoo.app\/diputacio-de-barcelona\/wp-content\/blogs.dir\/6\/files\/sites\/186\/2019\/02\/lllllllllllllllllllllllllllllllllllllllllllllllllllllllllllllllllllllll.png 415w\" sizes=\"auto, (max-width: 300px) 100vw, 300px\" \/><\/a><\/p>\n<p>&nbsp;<\/p>\n<p><span style=\"font-family: 'arial black', sans-serif;color: #0000ff;font-size: 14pt\"><strong>RESUM ESQUEM\u00c0TIC<\/strong><\/span><\/p>\n<p style=\"text-align: justify\"><span style=\"font-family: arial, helvetica, sans-serif;color: #000000\">El <strong>Sistema de Millores Socials de la Diputaci\u00f3 de Barcelona <\/strong>inclou dos acords:<\/span><\/p>\n<ul style=\"text-align: justify\">\n<li><span style=\"font-family: arial, helvetica, sans-serif;color: #000000\"><a style=\"color: #000000\" href=\"https:\/\/intradiba.diba.cat\/web\/prestacions-socials-i-avantatges\/millora-social\">Acord Millora Social\u00a0<\/a>i\u00a0<a style=\"color: #000000\" href=\"https:\/\/intradiba.diba.cat\/web\/prestacions-socials-i-avantatges\/ajut-per-fill-menor-de-18-anys\">Ajut per fills\/es menors de 18 anys<\/a> (CCOO\/UGT\/CGT)<\/span><\/li>\n<\/ul>\n<ul style=\"text-align: justify\">\n<li><span style=\"font-family: arial, helvetica, sans-serif;color: #000000\"><a style=\"color: #000000\" href=\"https:\/\/intradiba.diba.cat\/web\/prestacions-socials-i-avantatges\/millora-social-complementaria-per-edat\">Acord Millora Social per edat<\/a> (signat el 29 novembre de 2018 &#8211; CCOO\/CGT)<\/span><\/li>\n<\/ul>\n<p style=\"text-align: justify\"><span style=\"font-family: arial, helvetica, sans-serif;color: #000000\">Els acords preveuen uns <strong>\u00e0mbits gen\u00e8rics<\/strong> inclosos en les millores socials:<\/span><\/p>\n<ul style=\"text-align: justify\">\n<li><span style=\"font-family: arial, helvetica, sans-serif;color: #000000\">despesa sanit\u00e0ria<\/span><\/li>\n<li><span style=\"font-family: arial, helvetica, sans-serif;color: #000000\">despesa cultural<\/span><\/li>\n<li><span style=\"font-family: arial, helvetica, sans-serif;color: #000000\">despesa esportiva<\/span><\/li>\n<li><span style=\"font-family: arial, helvetica, sans-serif;color: #000000\">despesa conciliaci\u00f3 (ajut per fills menors de 18 anys)<\/span><\/li>\n<\/ul>\n<p style=\"text-align: justify\"><span style=\"font-family: arial, helvetica, sans-serif;color: #000000\">Els <strong>sup\u00f2sits concrets<\/strong> de prestacions a incloure en cadascun d&#8217;aquests \u00e0mbits gen\u00e8rics <strong>dels dos acords vigents de Millora<\/strong> <strong>Social<\/strong> es determinen en el s\u00ed de la Comissi\u00f3 Mixta de Millores Socials. Sorprenentment, la <strong>resta de sindicats i la corporaci\u00f3<\/strong> van arribar a un <strong>acord el 29 de gener de 2019<\/strong> per tal de <strong>modificar aquests sup\u00f2sits<\/strong> tal com podeu veure en els seg\u00fcents enlla\u00e7os (cliqueu a sobre).<\/span><\/p>\n<p><a href=\"http:\/\/ccoo.app\/diputacio-de-barcelona\/wp-content\/blogs.dir\/6\/files\/sites\/186\/2019\/02\/swcs798_ma2c_2511_001.pdf\"><img loading=\"lazy\" decoding=\"async\" class=\"wp-image-3375 aligncenter\" src=\"http:\/\/ccoo.app\/diputacio-de-barcelona\/wp-content\/blogs.dir\/6\/files\/sites\/186\/2019\/02\/ssssssssssssssssssssssssssssssssss-300x26.png\" alt=\"\" width=\"404\" height=\"35\" srcset=\"https:\/\/ccoo.app\/diputacio-de-barcelona\/wp-content\/blogs.dir\/6\/files\/sites\/186\/2019\/02\/ssssssssssssssssssssssssssssssssss-300x26.png 300w, https:\/\/ccoo.app\/diputacio-de-barcelona\/wp-content\/blogs.dir\/6\/files\/sites\/186\/2019\/02\/ssssssssssssssssssssssssssssssssss.png 654w\" sizes=\"auto, (max-width: 404px) 100vw, 404px\" \/><\/a><a href=\"https:\/\/intradiba.diba.cat\/web\/prestacions-socials-i-avantatges\/ambits-millores-socials\"><img loading=\"lazy\" decoding=\"async\" class=\" wp-image-3376 aligncenter\" src=\"http:\/\/ccoo.app\/diputacio-de-barcelona\/wp-content\/blogs.dir\/6\/files\/sites\/186\/2019\/02\/sssssssssssssssssssssssssssd-300x25.png\" alt=\"\" width=\"408\" height=\"34\" srcset=\"https:\/\/ccoo.app\/diputacio-de-barcelona\/wp-content\/blogs.dir\/6\/files\/sites\/186\/2019\/02\/sssssssssssssssssssssssssssd-300x25.png 300w, https:\/\/ccoo.app\/diputacio-de-barcelona\/wp-content\/blogs.dir\/6\/files\/sites\/186\/2019\/02\/sssssssssssssssssssssssssssd.png 657w\" sizes=\"auto, (max-width: 408px) 100vw, 408px\" \/><\/a><\/p>\n<p>&nbsp;<\/p>\n<p style=\"text-align: justify\"><span style=\"color: #000000;font-family: arial, helvetica, sans-serif\">Per tant, com podeu comprovar:<\/span><\/p>\n<ul style=\"text-align: justify\">\n<li><span style=\"color: #000000;font-family: arial, helvetica, sans-serif\">ABANS DEIA:\u00a0<em>Despeses de primera necessitat (subministraments d\u2019aigua, llum i gas)<\/em><\/span><\/li>\n<li><span style=\"color: #000000;font-family: arial, helvetica, sans-serif\">ARA DIU:\u00a0<em>Despeses de primera necessitat quan es tracti d\u2019atendre circumst\u00e0ncies personals que aix\u00ed ho requereixin<\/em><\/span><\/li>\n<\/ul>\n<p style=\"text-align: justify\"><span style=\"color: #000000;font-family: arial, helvetica, sans-serif\">Amb els criteris que abans estaven pactats, no hi cabien interpretacions: tothom podia presentar justificaci\u00f3 de despesa de subministraments. Tothom! De fet, ja s\u2019havia aplicat aquest criteri en els exercicis anteriors, i s\u2019havien pagat sense cap restricci\u00f3.<\/span><\/p>\n<p style=\"text-align: justify\"><span style=\"font-family: 'arial black', sans-serif;color: #0000ff;font-size: 14pt\"><strong>PER QU\u00c8 ES VA PROPOSAR CANVIAR CRITERIS?<\/strong><\/span><\/p>\n<p style=\"text-align: justify\">Tot va comen\u00e7ar al Ple del dia 20 de desembre:<\/p>\n<p style=\"text-align: center\"><a href=\"https:\/\/youtu.be\/rizWXiUoAkQ?t=192\">https:\/\/youtu.be\/rizWXiUoAkQ?t=192<\/a><\/p>\n<p>&nbsp;<\/p>\n<p style=\"text-align: justify\"><span style=\"color: #000000;font-family: arial, helvetica, sans-serif\">Pel que sabem, poc abans del Ple, un sindicat es va dedicar a visitar als grups pol\u00edtics. No voldr\u00edem pensar que en les seves visites als grups s\u2019hagin dedicat a informar-los de tots els detalls de com justificava el personal la despesa relacionada amb les Millores Socials. <\/span><\/p>\n<p style=\"text-align: justify\"><span style=\"color: #000000;font-family: arial, helvetica, sans-serif\">A la reuni\u00f3 de la Comissi\u00f3 Informativa celebrada, com sempre, una setmana abans del Ple, o sigui el 13 de desembre (consta en acta), que \u00e9s on els grups pol\u00edtics poden demanar explicacions dels acords que es proposaran al Ple per a la seva ratificaci\u00f3, cap grup va demanar aclariments respecte a les Millores Socials. <\/span><\/p>\n<p style=\"text-align: justify\"><span style=\"color: #000000;font-family: arial, helvetica, sans-serif\">Sorprenentment, al Ple dos grups pol\u00edtics es posicionen tal com ho van fer i fan refer\u00e8ncia a determinades informacions que fins i tot \u201cno es podien trobar a <em>Intradiba\u201d<\/em>.<\/span><\/p>\n<p style=\"text-align: justify\"><span style=\"color: #000000;font-family: arial, helvetica, sans-serif\">Per tant, com a m\u00ednim, sobta que fessin les observacions que van fer quan, en mat\u00e8ria de personal, els grups mai q\u00fcestionen aspectes de la negociaci\u00f3 col\u00b7lectiva.<\/span><\/p>\n<p style=\"text-align: justify\"><span style=\"color: #000000;font-family: arial, helvetica, sans-serif\">En qualsevol cas,\u00a0 l\u2019acord \u201c<em>Millora Social per Edat<\/em>\u201d va ser ratificat pel Ple corporatiu el passat 20 de desembre. D\u2019aquesta manera enten\u00edem que el citat acord i els criteris respecte als \u00e0mbits inclosos (subministrament de llum, aigua i gas) havien estat validats pels \u00f2rgans interns de la Diputaci\u00f3 pr\u00e8viament.<\/span><\/p>\n<p style=\"text-align: justify\"><span style=\"color: #000000;font-family: arial, helvetica, sans-serif\">Com \u00e9s possible, doncs, que el dia 15 de gener a la primera de les tres reunions de la Comissi\u00f3 Mixta de Millores Socials es deman\u00e9s als sindicats que com a conseq\u00fc\u00e8ncia del posicionament d\u2019alguns grups pol\u00edtics al Ple de desembre, hav\u00edem de modificar el sup\u00f2sit relacionat amb la possibilitat de justificar despesa pels subministraments? Quants acords (de qualsevol altre tema) no s\u2019aproven per unanimitat al Ple i es tiren endavant? Doncs molts.<\/span><\/p>\n<p style=\"text-align: justify\"><span style=\"color: #000000;font-family: arial, helvetica, sans-serif\">Per tant, som especialment cr\u00edtics amb el govern de la Diputaci\u00f3 respecte a la manera com s\u2019ha desenvolupat tot plegat. Com \u00e9s possible que es ratifiqui un acord en un Ple i posteriorment els \u00f2rgans de control demanin quins s\u00f3n els sup\u00f2sits concrets per justificar despesa?<\/span><\/p>\n<p style=\"text-align: justify\"><span style=\"color: #000000;font-family: arial, helvetica, sans-serif\">Fixeu-vos que l\u2019acord \u201c<em>Millora Social per Edat<\/em>\u201d ratificat inclo\u00efa:<\/span><\/p>\n<ul style=\"text-align: justify\">\n<li><span style=\"color: #000000;font-family: arial, helvetica, sans-serif\">L\u2019exercici 2018 (despesa de l\u20191 de gener 2017 a 31 de desembre de 2017)<\/span><\/li>\n<li><span style=\"color: #000000;font-family: arial, helvetica, sans-serif\">L\u2019exercici 2019 (despesa de l\u20191 de gener 2018 al 31 de desembre de 2018)<\/span><\/li>\n<\/ul>\n<p style=\"text-align: justify\"><span style=\"color: #000000;font-family: arial, helvetica, sans-serif\">Per tant, quan per assemblea CCOO va donar el seu vistiplau a aquest nou acord (29 de novembre), ho va fer tenint en compte que s\u2019acceptava la despesa per subministraments. I tractant-se de despesa d\u2019anys anteriors, enten\u00edem que era la manera m\u00e9s senzilla i f\u00e0cil de justificar despesa. Si hagu\u00e9ssim sabut que aix\u00f2 s\u2019anava a treure posteriorment (29 de gener de 2019), potser la nostra decisi\u00f3 hagu\u00e9s estat una altra. El que ens sembla inacceptable \u00e9s que posteriorment a un acord es proposin canvis de criteris amb afectacions, no ja d\u2019aqu\u00ed en endavant, sin\u00f3 tenint en compte exercicis anteriors.<\/span><\/p>\n<p>&nbsp;<\/p>\n<p><span style=\"font-family: 'arial black', sans-serif;font-size: 14pt;color: #0000ff\">RESUM DE LES REUNIONS DEL DIA 15, 18 I 29 DE GENER DE 2019 DE LA COMISSI\u00d3 MIXTA DE MILLORA SOCIAL<\/span><\/p>\n<p><img loading=\"lazy\" decoding=\"async\" class=\"size-medium wp-image-3377 aligncenter\" src=\"http:\/\/ccoo.app\/diputacio-de-barcelona\/wp-content\/blogs.dir\/6\/files\/sites\/186\/2019\/02\/yyyyyyyyyyyyyyyyyyyyyyyyyyyyyyyyyyy-300x197.png\" alt=\"\" width=\"300\" height=\"197\" srcset=\"https:\/\/ccoo.app\/diputacio-de-barcelona\/wp-content\/blogs.dir\/6\/files\/sites\/186\/2019\/02\/yyyyyyyyyyyyyyyyyyyyyyyyyyyyyyyyyyy-300x197.png 300w, https:\/\/ccoo.app\/diputacio-de-barcelona\/wp-content\/blogs.dir\/6\/files\/sites\/186\/2019\/02\/yyyyyyyyyyyyyyyyyyyyyyyyyyyyyyyyyyy.png 384w\" sizes=\"auto, (max-width: 300px) 100vw, 300px\" \/><\/p>\n<p style=\"text-align: justify\"><span style=\"color: #000000;font-family: arial, helvetica, sans-serif\">La <span style=\"background-color: #ffff00\"><strong>PRIMERA<\/strong><\/span> proposta de modificaci\u00f3 de la Diputaci\u00f3 va ser:<\/span><\/p>\n<p style=\"text-align: justify\"><span style=\"color: #000000;font-family: arial, helvetica, sans-serif;font-size: 10pt\"><strong><em>\u201cDespeses de primera necessitat. Aquestes nom\u00e9s la podran demanar els empleats que percebin, com a molt, una retribuci\u00f3 bruta mensual igual o inferior a 3 l\u2019IPREM (1611 \u20ac) que s\u2019hagi fixat a la LPGE en c\u00f2mput mensual per a cada exercici\u201d.<\/em><\/strong><\/span><\/p>\n<p style=\"text-align: justify\"><span style=\"color: #000000;font-family: arial, helvetica, sans-serif\">NOM\u00c9S podria justificar despesa per subministraments aquell personal que no guany\u00e9s m\u00e9s 1.611 \u20ac bruts mensuals.<\/span><\/p>\n<p style=\"text-align: justify\"><span style=\"color: #000000;font-family: arial, helvetica, sans-serif\">CCOO vam fer evident que aquesta modificaci\u00f3 deixava la majoria de plantilla fora de la possibilitat de justificar despesa sota aquest concepte (insistim: modificant aix\u00ed els criteris que s\u2019han aplicat fins ara).<\/span><\/p>\n<p style=\"text-align: justify\"><span style=\"color: #000000;font-family: arial, helvetica, sans-serif\">La <span style=\"background-color: #ffff00\"><strong>SEGONA<\/strong><\/span> proposta de modificaci\u00f3 de la Diputaci\u00f3 va ser:<\/span><\/p>\n<p style=\"text-align: justify\"><span style=\"color: #000000;font-family: arial, helvetica, sans-serif;font-size: 10pt\"><strong><em>\u201cDespeses de primera necessitat quan es tracti d\u2019atendre circumst\u00e0ncies personals que aix\u00ed ho requereixin\u201d.<\/em><\/strong><\/span><\/p>\n<p style=\"text-align: justify\"><span style=\"color: #000000;font-family: arial, helvetica, sans-serif\">Aquesta \u00e9s la proposta a la qu\u00e8 UGT i CGT han donat el vistiplau. Per tant, \u00e9s la que actualment \u00e9s vigent.<\/span><\/p>\n<p style=\"text-align: justify\"><span style=\"color: #000000;font-family: arial, helvetica, sans-serif\">CCOO hem mantingut el nostre posicionament:<strong> NO ACCEPT\u00c0VEM CAP MODIFICACI\u00d3 DE L\u2019ACORD SIGNAT NI DELS CRITERIS RESPECTE ALS SUP\u00d2SITS CONCRETS, NI RENEGOCIAREM CAP LIMITACI\u00d3 NI CAP RESTRICCI\u00d3<\/strong>.<\/span><\/p>\n<p style=\"text-align: justify\"><span style=\"color: #000000;font-family: arial, helvetica, sans-serif\">Fins i tot, es va rebutjar la nostra proposta per a que s\u2019accept\u00e9s un per\u00edode transitori, en el sentit que a l\u2019exercici 2018 i 2019 no es limit\u00e9s la possibilitat de presentar despesa de subministraments. A canvi pod\u00edem entomar la renegociaci\u00f3 dels criteris pels exercicis pressupostaris seg\u00fcents, per\u00f2 mai canviat retroactivament, \u00e9s a dir, d\u2019exercicis anteriors.\u00a0<\/span><\/p>\n<p>&nbsp;<\/p>\n<p style=\"text-align: justify\"><span style=\"color: #0000ff;font-family: 'arial black', sans-serif;font-size: 14pt\"><strong>QU\u00c8 VOL DIR \u201cDESPESES DE PRIMERA NECESSITAT QUAN ES TRACTI D\u2019ATENDRE CIRCUMST\u00c0NCIES PERSONALS QUE AIX\u00cd HO REQUEREIXIN\u201d ?<\/strong><\/span><\/p>\n<p style=\"text-align: justify\"><span style=\"color: #000000;font-family: arial, helvetica, sans-serif\">Com que CCOO no hem donat el seu vistiplau a la modificaci\u00f3 respecte a les <em>despeses de primera necessitat<\/em>, entenem que hi ha aspectes\u00a0 als qu\u00e8 nom\u00e9s aquells que han validat la modificaci\u00f3 podran donar resposta amb exactitud.<\/span><\/p>\n<p style=\"text-align: justify\"><span style=\"color: #000000;font-family: arial, helvetica, sans-serif\">Com que ara es parla de \u201c<em>circumst\u00e0ncies personals que aix\u00ed ho requereixen<\/em>\u201d els dubtes que ens feu arribar s\u00f3n:<\/span><\/p>\n<ul style=\"text-align: justify\">\n<li><span style=\"color: #000000;font-family: arial, helvetica, sans-serif\">quines circumst\u00e0ncies ha de tenir un\/a empleat\/ada per a que pugui presentar despesa de \u201cprimera necessitat\u201d?<\/span><\/li>\n<li><span style=\"color: #000000;font-family: arial, helvetica, sans-serif\">Es tracta d\u2019un nivell de renda concret? Es tracta de persones \u201cen risc d\u2019exclusi\u00f3 o vulnerable?<\/span><\/li>\n<\/ul>\n<p style=\"text-align: justify\"><span style=\"color: #000000;font-family: arial, helvetica, sans-serif\">Sembla que des de la DSRH aquesta \u00e9s la seva interpretaci\u00f3, \u00e9s a dir, que s\u2019ha d\u2019estar en risc d\u2019exclusi\u00f3 per optar a presentar despesa de subministrament.<\/span><\/p>\n<ul style=\"text-align: justify\">\n<li><span style=\"color: #000000;font-family: arial, helvetica, sans-serif\">I si presento despesa de subministrament i despr\u00e9s no m\u2019ho validen? Perdr\u00e9 l\u2019import que em corresponia?<\/span><\/li>\n<\/ul>\n<p style=\"text-align: justify\"><span style=\"color: #000000;font-family: arial, helvetica, sans-serif\">A cap lloc es concreten aquestes q\u00fcestions. Aquesta indefinici\u00f3, des del nostre punt de vista, deixa a qui presenti despesa pels subministraments en una situaci\u00f3 d\u2019absoluta inseguretat jur\u00eddica. Fins a on sabem, tot quedar\u00e0 a interpretaci\u00f3 dels \u00f2rgans interns de control de despesa. La via jur\u00eddica ha quedat invalidada en el moment que la majoria sindical ha acceptat la modificaci\u00f3.<\/span><\/p>\n<p style=\"text-align: justify\"><span style=\"color: #000000;font-family: arial, helvetica, sans-serif\">Per tant, des de CCOO i en vista de la situaci\u00f3 creada, malauradament hem d\u2019aconsellar que intenteu priorit\u00e0riament justificar altres despeses.<\/span><\/p>\n<p style=\"text-align: justify\"><span style=\"color: #000000;font-family: arial, helvetica, sans-serif\">Fixeu-vos en la resta de sup\u00f2sits i si necessiteu ajuda no dubteu en trucar a la secci\u00f3 sindical. De fet, al llarg de febrer farem assemblees on tamb\u00e9 us ajudarem al respecte (<span style=\"color: #0000ff;font-family: 'arial black', sans-serif\">c<a style=\"color: #0000ff\" href=\"http:\/\/ccoo.app\/diputacio-de-barcelona\/wp-content\/blogs.dir\/6\/files\/sites\/186\/2019\/02\/calendari-assemblees-febrer-2019.pdf\">liqueu aqu\u00ed <\/a><\/span>per veure el <strong>calendari d\u2019assemblees<\/strong>).<\/span><\/p>\n<p style=\"text-align: justify\"><span style=\"color: #000000;font-family: arial, helvetica, sans-serif\">Com que es tracta de despesa de l\u2019any 2017 i 2018, \u00e9s possible que no trobeu les factures o tiquets necessaris fins arribar al total de la quantia econ\u00f2mica que us pertoca per edat. Si aquest \u00e9s el cas, recomanem que, a m\u00e9s d\u2019altres despeses, adjunteu tots els rebuts de subministrament que tingueu.<\/span><\/p>\n<p style=\"text-align: justify\"><span style=\"color: #000000;font-family: arial, helvetica, sans-serif\"><strong>UGTdiba<\/strong> en el seu comunicat del dia 31 de gener va dir literalment: <em>\u201cLa proposta presentada el dia 29 de gener <strong><u>no modifica l\u2019acord<\/u><\/strong> subscrit per les organitzacions sindicals i per tant <strong><u>hem donat la nostra conformitat<\/u><\/strong>\u201d.<\/em><\/span><\/p>\n<p style=\"text-align: justify\"><span style=\"color: #000000;font-family: arial, helvetica, sans-serif\">Doncs sembla que ells ho tenen m\u00e9s clar. Per tant, potser ells siguin qui hagin d\u2019explicar si all\u00f2 de que \u201cno modifica l\u2019acord\u201d vol dir que tothom pot presentar despesa de llum, aigua i gas, com abans, o no.<\/span><\/p>\n<p style=\"text-align: justify\"><span style=\"color: #000000;font-family: arial, helvetica, sans-serif\"><strong>\u00a0<\/strong><\/span><\/p>\n<p style=\"text-align: justify\"><span style=\"color: #0000ff;font-family: 'arial black', sans-serif;font-size: 14pt\"><strong>NECESSITEU AJUDA?<\/strong><\/span><\/p>\n<p style=\"text-align: justify\"><span style=\"color: #000000;font-family: arial, helvetica, sans-serif\"><em>Comissions Obreres<\/em> no hem validat la modificaci\u00f3 dels <strong>sup\u00f2sits concrets<\/strong> de prestacions. Tot i aix\u00f2, si necessiteu ajuda no dubteu en posar-vos en contacte amb la secci\u00f3 sindical. Com us hem dit abans, al llarg de febrer farem assemblees informatives on tamb\u00e9 us donarem atenci\u00f3 personalitzada (<a href=\"http:\/\/ccoo.app\/diputacio-de-barcelona\/wp-content\/blogs.dir\/6\/files\/sites\/186\/2019\/02\/calendari-assemblees-febrer-2019.pdf\"><span style=\"font-family: 'arial black', sans-serif\"><strong><span style=\"color: #0000ff\">cliqueu aqu\u00ed<\/span><\/strong><\/span><\/a> per veure <strong>calendari d\u2019assemblees<\/strong>).<\/span><\/p>\n<p style=\"text-align: justify\"><span style=\"color: #000000;font-family: arial, helvetica, sans-serif\"><a href=\"https:\/\/diba.ccoo.cat\/aspectes-importants-a-tenir-en-compte\/\"><span style=\"font-family: 'arial black', sans-serif;color: #0000ff\"><strong>Cliqueu aqu\u00ed<\/strong><\/span><\/a> per a veure <strong>altres consells que us poden ser d\u2019utilitat<\/strong> per a justificar l\u2019import que us correspon d\u2019acord amb la vostra edat.<\/span><\/p>\n<p>&nbsp;<\/p>\n<p><img loading=\"lazy\" decoding=\"async\" class=\"wp-image-3220 aligncenter\" src=\"http:\/\/ccoo.app\/diputacio-de-barcelona\/wp-content\/blogs.dir\/6\/files\/sites\/186\/2018\/12\/nnnnnnnnnnnnnnno-177x300.png\" alt=\"\" width=\"63\" height=\"107\" srcset=\"https:\/\/ccoo.app\/diputacio-de-barcelona\/wp-content\/blogs.dir\/6\/files\/sites\/186\/2018\/12\/nnnnnnnnnnnnnnno-177x300.png 177w, https:\/\/ccoo.app\/diputacio-de-barcelona\/wp-content\/blogs.dir\/6\/files\/sites\/186\/2018\/12\/nnnnnnnnnnnnnnno-604x1024.png 604w, https:\/\/ccoo.app\/diputacio-de-barcelona\/wp-content\/blogs.dir\/6\/files\/sites\/186\/2018\/12\/nnnnnnnnnnnnnnno-768x1301.png 768w, https:\/\/ccoo.app\/diputacio-de-barcelona\/wp-content\/blogs.dir\/6\/files\/sites\/186\/2018\/12\/nnnnnnnnnnnnnnno-906x1536.png 906w, https:\/\/ccoo.app\/diputacio-de-barcelona\/wp-content\/blogs.dir\/6\/files\/sites\/186\/2018\/12\/nnnnnnnnnnnnnnno.png 1169w\" sizes=\"auto, (max-width: 63px) 100vw, 63px\" \/><\/p>\n<p>&nbsp;<\/p>\n<p><span style=\"font-family: 'arial black', sans-serif;color: #0000ff;font-size: 14pt\"><strong>TOT EL QUE HAS DE SABER:<\/strong><\/span><\/p>\n<ul>\n<li style=\"text-align: justify\"><span style=\"font-family: arial, helvetica, sans-serif;color: #000000\">Per qu\u00e8 s&#8217;ha signat aquest nou acord de \u00abMillora Social per edat\u00bb? <\/span><\/li>\n<li style=\"text-align: justify\"><span style=\"font-family: arial, helvetica, sans-serif;color: #000000\">Com queda el dret a cobrar els \u00abPremis per anys de Servei\u00bb?<\/span><\/li>\n<li style=\"text-align: justify\"><span style=\"font-family: arial, helvetica, sans-serif;color: #000000\">Ja tenim dates per a molts judicis: qu\u00e8 pot passar amb les demandes presentades?<\/span><\/li>\n<\/ul>\n<p><a href=\"https:\/\/diba.ccoo.cat\/actualitzacio-respecte-al-nou-acord-definitiu-de-millora-social-per-edat\/\"><span style=\"font-family: 'arial black', sans-serif;color: #0000ff\">CLIQUEU AQU\u00cd<\/span><\/a> <span style=\"font-family: arial, helvetica, sans-serif;color: #000000\">per obtenir informaci\u00f3.<\/span><\/p>\n<p><span style=\"font-family: arial, helvetica, sans-serif;color: #000000\"><strong>\u00a0<img loading=\"lazy\" decoding=\"async\" class=\"wp-image-3220 aligncenter\" src=\"http:\/\/ccoo.app\/diputacio-de-barcelona\/wp-content\/blogs.dir\/6\/files\/sites\/186\/2018\/12\/nnnnnnnnnnnnnnno-177x300.png\" alt=\"\" width=\"64\" height=\"108\" srcset=\"https:\/\/ccoo.app\/diputacio-de-barcelona\/wp-content\/blogs.dir\/6\/files\/sites\/186\/2018\/12\/nnnnnnnnnnnnnnno-177x300.png 177w, https:\/\/ccoo.app\/diputacio-de-barcelona\/wp-content\/blogs.dir\/6\/files\/sites\/186\/2018\/12\/nnnnnnnnnnnnnnno-604x1024.png 604w, https:\/\/ccoo.app\/diputacio-de-barcelona\/wp-content\/blogs.dir\/6\/files\/sites\/186\/2018\/12\/nnnnnnnnnnnnnnno-768x1301.png 768w, https:\/\/ccoo.app\/diputacio-de-barcelona\/wp-content\/blogs.dir\/6\/files\/sites\/186\/2018\/12\/nnnnnnnnnnnnnnno-906x1536.png 906w, https:\/\/ccoo.app\/diputacio-de-barcelona\/wp-content\/blogs.dir\/6\/files\/sites\/186\/2018\/12\/nnnnnnnnnnnnnnno.png 1169w\" sizes=\"auto, (max-width: 64px) 100vw, 64px\" \/><\/strong><\/span><\/p>\n<p><span style=\"font-family: arial, helvetica, sans-serif;color: #000000;font-size: 14pt\"><span style=\"color: #000000;font-family: arial, helvetica, sans-serif\"><span style=\"font-size: 14pt\"><b>\u00a0<\/b><\/span><\/span><\/span><\/p>\n<p style=\"text-align: justify\"><span style=\"font-family: arial, helvetica, sans-serif;color: #000000\">Si teniu m\u00e9s dubtes podeu fer-nos-ho saber, o b\u00e9 adre\u00e7ar-vos a la persona de refer\u00e8ncia a Minerva per al sistema de millores socials:<\/span><\/p>\n<p><img loading=\"lazy\" decoding=\"async\" class=\"wp-image-3259 aligncenter\" src=\"http:\/\/ccoo.app\/diputacio-de-barcelona\/wp-content\/blogs.dir\/6\/files\/sites\/186\/2019\/01\/eeeeeeeeeeeeeeeeeeeeeeeeeeeeeeeeeeeeeeeeeeeeeeeeeeeeeeeeeeeeeeeeeeeeeeeeew-300x38.png\" alt=\"\" width=\"711\" height=\"90\" srcset=\"https:\/\/ccoo.app\/diputacio-de-barcelona\/wp-content\/blogs.dir\/6\/files\/sites\/186\/2019\/01\/eeeeeeeeeeeeeeeeeeeeeeeeeeeeeeeeeeeeeeeeeeeeeeeeeeeeeeeeeeeeeeeeeeeeeeeeew-300x38.png 300w, https:\/\/ccoo.app\/diputacio-de-barcelona\/wp-content\/blogs.dir\/6\/files\/sites\/186\/2019\/01\/eeeeeeeeeeeeeeeeeeeeeeeeeeeeeeeeeeeeeeeeeeeeeeeeeeeeeeeeeeeeeeeeeeeeeeeeew-1024x131.png 1024w, https:\/\/ccoo.app\/diputacio-de-barcelona\/wp-content\/blogs.dir\/6\/files\/sites\/186\/2019\/01\/eeeeeeeeeeeeeeeeeeeeeeeeeeeeeeeeeeeeeeeeeeeeeeeeeeeeeeeeeeeeeeeeeeeeeeeeew.png 1029w\" sizes=\"auto, (max-width: 711px) 100vw, 711px\" \/><\/p>\n<p>&nbsp;<\/p>\n<p><img loading=\"lazy\" decoding=\"async\" class=\"wp-image-3220 aligncenter\" src=\"http:\/\/ccoo.app\/diputacio-de-barcelona\/wp-content\/blogs.dir\/6\/files\/sites\/186\/2018\/12\/nnnnnnnnnnnnnnno-177x300.png\" alt=\"\" width=\"63\" height=\"107\" srcset=\"https:\/\/ccoo.app\/diputacio-de-barcelona\/wp-content\/blogs.dir\/6\/files\/sites\/186\/2018\/12\/nnnnnnnnnnnnnnno-177x300.png 177w, https:\/\/ccoo.app\/diputacio-de-barcelona\/wp-content\/blogs.dir\/6\/files\/sites\/186\/2018\/12\/nnnnnnnnnnnnnnno-604x1024.png 604w, https:\/\/ccoo.app\/diputacio-de-barcelona\/wp-content\/blogs.dir\/6\/files\/sites\/186\/2018\/12\/nnnnnnnnnnnnnnno-768x1301.png 768w, https:\/\/ccoo.app\/diputacio-de-barcelona\/wp-content\/blogs.dir\/6\/files\/sites\/186\/2018\/12\/nnnnnnnnnnnnnnno-906x1536.png 906w, https:\/\/ccoo.app\/diputacio-de-barcelona\/wp-content\/blogs.dir\/6\/files\/sites\/186\/2018\/12\/nnnnnnnnnnnnnnno.png 1169w\" sizes=\"auto, (max-width: 63px) 100vw, 63px\" \/><\/p>\n<p>&nbsp;<\/p>\n<p><span style=\"font-family: arial, helvetica, sans-serif;color: #000000;font-size: 14pt\"><span style=\"color: #000000;font-family: arial, helvetica, sans-serif\"><span style=\"font-size: 14pt\"><b>Cliqueu tamb\u00e9 sobre els <\/b><\/span><span style=\"font-size: 18.6667px\"><b>seg\u00fcents<\/b><\/span><span style=\"font-size: 14pt\"><b>\u00a0temes per ampliar la informaci\u00f3:<\/b><\/span><\/span><\/span><\/p>\n<p><a href=\"http:\/\/ccoo.app\/diputacio-de-barcelona\/wp-content\/blogs.dir\/6\/files\/sites\/186\/2018\/12\/1-tot-el-que-has-de-saber-sindicatura-de-comptes.pdf\"><img loading=\"lazy\" decoding=\"async\" class=\"wp-image-3007 aligncenter\" src=\"http:\/\/ccoo.app\/diputacio-de-barcelona\/wp-content\/blogs.dir\/6\/files\/sites\/186\/2018\/12\/xxxxxxxxxxxxxxxxxxxxxx-300x24.png\" alt=\"\" width=\"388\" height=\"31\" srcset=\"https:\/\/ccoo.app\/diputacio-de-barcelona\/wp-content\/blogs.dir\/6\/files\/sites\/186\/2018\/12\/xxxxxxxxxxxxxxxxxxxxxx-300x24.png 300w, https:\/\/ccoo.app\/diputacio-de-barcelona\/wp-content\/blogs.dir\/6\/files\/sites\/186\/2018\/12\/xxxxxxxxxxxxxxxxxxxxxx.png 671w\" sizes=\"auto, (max-width: 388px) 100vw, 388px\" \/><\/a><a href=\"https:\/\/diba.ccoo.cat\/premis-per-anys-de-servei-situacio-actual-de-la-negociacio-octubre-2018\/\"><img loading=\"lazy\" decoding=\"async\" class=\"wp-image-3008 aligncenter\" src=\"http:\/\/ccoo.app\/diputacio-de-barcelona\/wp-content\/blogs.dir\/6\/files\/sites\/186\/2018\/12\/vvvvvvvvvvvvvvv-300x28.png\" alt=\"\" width=\"386\" height=\"36\" srcset=\"https:\/\/ccoo.app\/diputacio-de-barcelona\/wp-content\/blogs.dir\/6\/files\/sites\/186\/2018\/12\/vvvvvvvvvvvvvvv-300x28.png 300w, https:\/\/ccoo.app\/diputacio-de-barcelona\/wp-content\/blogs.dir\/6\/files\/sites\/186\/2018\/12\/vvvvvvvvvvvvvvv.png 561w\" sizes=\"auto, (max-width: 386px) 100vw, 386px\" \/><\/a><a href=\"https:\/\/www.youtube.com\/watch?v=F9-292dd458\"><img loading=\"lazy\" decoding=\"async\" class=\"wp-image-3009 aligncenter\" src=\"http:\/\/ccoo.app\/diputacio-de-barcelona\/wp-content\/blogs.dir\/6\/files\/sites\/186\/2018\/12\/lllllllllllllllllllllllllllllllllllllllllllllllllllllllllllllllllllllllllllllll.png\" alt=\"\" width=\"267\" height=\"58\" \/><\/a><a href=\"https:\/\/diba.ccoo.cat\/wp-content\/uploads\/sites\/37\/2018\/04\/ESQUEMA-SECCI%C3%93-2018-2022.pdf\"><img loading=\"lazy\" decoding=\"async\" class=\"wp-image-3017 aligncenter\" src=\"http:\/\/ccoo.app\/diputacio-de-barcelona\/wp-content\/blogs.dir\/6\/files\/sites\/186\/2018\/12\/aaaaaaaaaaaaaaaaaaaaaaaaaaaaaaaaaaaaaaaaaaaaaaaaaaaaaaaaaaaaaaaaaaaaaaaaaaaaaa-300x21.png\" alt=\"\" width=\"414\" height=\"29\" srcset=\"https:\/\/ccoo.app\/diputacio-de-barcelona\/wp-content\/blogs.dir\/6\/files\/sites\/186\/2018\/12\/aaaaaaaaaaaaaaaaaaaaaaaaaaaaaaaaaaaaaaaaaaaaaaaaaaaaaaaaaaaaaaaaaaaaaaaaaaaaaa-300x21.png 300w, https:\/\/ccoo.app\/diputacio-de-barcelona\/wp-content\/blogs.dir\/6\/files\/sites\/186\/2018\/12\/aaaaaaaaaaaaaaaaaaaaaaaaaaaaaaaaaaaaaaaaaaaaaaaaaaaaaaaaaaaaaaaaaaaaaaaaaaaaaa.png 671w\" sizes=\"auto, (max-width: 414px) 100vw, 414px\" \/><\/a><\/p>\n<p>&nbsp;<\/p>\n<p><a href=\"https:\/\/transparencia.diba.cat\/acords-de-la-mesa-general-de-negociacio-2015-2019\"><img loading=\"lazy\" decoding=\"async\" class=\"wp-image-3042 aligncenter\" src=\"http:\/\/ccoo.app\/diputacio-de-barcelona\/wp-content\/blogs.dir\/6\/files\/sites\/186\/2018\/12\/logo-revindiquem-lluitem-arribem-acords-300x56.png\" alt=\"\" width=\"514\" height=\"96\" srcset=\"https:\/\/ccoo.app\/diputacio-de-barcelona\/wp-content\/blogs.dir\/6\/files\/sites\/186\/2018\/12\/logo-revindiquem-lluitem-arribem-acords-300x56.png 300w, https:\/\/ccoo.app\/diputacio-de-barcelona\/wp-content\/blogs.dir\/6\/files\/sites\/186\/2018\/12\/logo-revindiquem-lluitem-arribem-acords-768x145.png 768w, https:\/\/ccoo.app\/diputacio-de-barcelona\/wp-content\/blogs.dir\/6\/files\/sites\/186\/2018\/12\/logo-revindiquem-lluitem-arribem-acords.png 940w\" sizes=\"auto, (max-width: 514px) 100vw, 514px\" \/><\/a><\/p>\n<p>&nbsp;<\/p>\n<p><a href=\"https:\/\/diba.ccoo.cat\/tambe-a-la-diputacio-no-es-no\/\"><img loading=\"lazy\" decoding=\"async\" class=\"wp-image-3043 aligncenter\" src=\"http:\/\/ccoo.app\/diputacio-de-barcelona\/wp-content\/blogs.dir\/6\/files\/sites\/186\/2018\/12\/ffffffffffffffffffff-1-300x108.png\" alt=\"\" width=\"175\" height=\"63\" srcset=\"https:\/\/ccoo.app\/diputacio-de-barcelona\/wp-content\/blogs.dir\/6\/files\/sites\/186\/2018\/12\/ffffffffffffffffffff-1-300x108.png 300w, https:\/\/ccoo.app\/diputacio-de-barcelona\/wp-content\/blogs.dir\/6\/files\/sites\/186\/2018\/12\/ffffffffffffffffffff-1.png 686w\" sizes=\"auto, (max-width: 175px) 100vw, 175px\" \/><\/a><\/p>\n<p>&nbsp;<\/p>\n<p><a href=\"https:\/\/diba.ccoo.cat\/afiliat-al-sindicat-amb-mes-afiliacio-i-representacio-a-la-diputacio-de-barcelona\/\"><img loading=\"lazy\" decoding=\"async\" class=\"alignnone size-medium wp-image-2346\" src=\"http:\/\/ccoo.app\/diputacio-de-barcelona\/wp-content\/blogs.dir\/6\/files\/sites\/186\/2016\/05\/asasas-300x142-1-300x142.png\" alt=\"\" width=\"300\" height=\"142\" \/><\/a><\/p>\n<p><span style=\"font-family: arial, helvetica, sans-serif;color: #000000\"><strong>Horari d\u2019atenci\u00f3 CCOO DIBA: <\/strong><\/span><\/p>\n<p><span style=\"font-family: arial, helvetica, sans-serif;color: #000000\"><strong>CARRER MALLORCA, 244, 2on 3a<\/strong><\/span><\/p>\n<p><span style=\"font-family: arial, helvetica, sans-serif;color: #000000\"><strong>DE DILLUNS A DIVENDRES DE 8:30 A 16:30\u00a0\u00a0 <\/strong><span style=\"font-size: 10pt\"><strong>(FORA D\u2019AQUEST HORARI, AMB CITA PR\u00c8VIA)<\/strong><\/span><\/span><\/p>\n<p style=\"text-align: center\"><span style=\"font-size: 18pt\"><span style=\"font-family: arial, helvetica, sans-serif;color: #000000\"><strong>\u00a0<\/strong><\/span><span style=\"font-family: arial, helvetica, sans-serif\"><strong><small><span style=\"color: #000000\">Contacta&#8217;ns per tel\u00e8fon al 934 022 985 o correu:<\/span> <a href=\"mailto:ccoo@diba.cat\">ccoo@diba.cat<\/a><\/small> <\/strong><\/span><\/span><\/p>\n<p>&nbsp;<\/p>\n<p><a href=\"http:\/\/diba.ccoo.cat\/\"><img loading=\"lazy\" decoding=\"async\" class=\"wp-image-3263 alignleft\" src=\"http:\/\/ccoo.app\/diputacio-de-barcelona\/wp-content\/blogs.dir\/6\/files\/sites\/186\/2019\/01\/rrrrrrrrrrrrrrrrrrrrr-287x300.png\" alt=\"\" width=\"189\" height=\"198\" srcset=\"https:\/\/ccoo.app\/diputacio-de-barcelona\/wp-content\/blogs.dir\/6\/files\/sites\/186\/2019\/01\/rrrrrrrrrrrrrrrrrrrrr-287x300.png 287w, https:\/\/ccoo.app\/diputacio-de-barcelona\/wp-content\/blogs.dir\/6\/files\/sites\/186\/2019\/01\/rrrrrrrrrrrrrrrrrrrrr.png 550w\" sizes=\"auto, (max-width: 189px) 100vw, 189px\" \/><\/a><\/p>\n<p>&nbsp;<\/p>\n<p><img loading=\"lazy\" decoding=\"async\" class=\"alignnone size-medium wp-image-3266\" src=\"http:\/\/ccoo.app\/diputacio-de-barcelona\/wp-content\/blogs.dir\/6\/files\/sites\/186\/2019\/01\/yyyyyyyyyyyyyyyyyyyyyyyy-300x57.png\" alt=\"\" width=\"300\" height=\"57\" srcset=\"https:\/\/ccoo.app\/diputacio-de-barcelona\/wp-content\/blogs.dir\/6\/files\/sites\/186\/2019\/01\/yyyyyyyyyyyyyyyyyyyyyyyy-300x57.png 300w, https:\/\/ccoo.app\/diputacio-de-barcelona\/wp-content\/blogs.dir\/6\/files\/sites\/186\/2019\/01\/yyyyyyyyyyyyyyyyyyyyyyyy.png 578w\" sizes=\"auto, (max-width: 300px) 100vw, 300px\" \/><\/p>\n<p><img loading=\"lazy\" decoding=\"async\" class=\"alignleft\" src=\"https:\/\/www.educapeques.com\/wp-content\/uploads\/2016\/04\/descargar-whatsapp.png\" alt=\"Resultado de imagen de whatsapp\" width=\"64\" height=\"50\" \/><a href=\"https:\/\/www.facebook.com\/CcooDiputacioDeBarcelona\/\"><img loading=\"lazy\" decoding=\"async\" class=\"alignleft\" src=\"https:\/\/upload.wikimedia.org\/wikipedia\/commons\/thumb\/7\/7c\/Facebook_New_Logo_%282015%29.svg\/2000px-Facebook_New_Logo_%282015%29.svg.png\" alt=\"Resultado de imagen de facebook\" width=\"122\" height=\"46\" \/><\/a><a href=\"https:\/\/twitter.com\/CCOODiba\"><img loading=\"lazy\" decoding=\"async\" class=\"alignleft\" src=\"http:\/\/www.mysocialaccounts.com\/wp-content\/uploads\/2017\/04\/twitter.jpg\" alt=\"Resultado de imagen de twitter\" width=\"44\" height=\"44\" \/><\/a>\u00a0\u00a0 \u00a0<a href=\"https:\/\/www.youtube.com\/channel\/UCFzenkS75udEcs4pB4qoZsg\"><img loading=\"lazy\" decoding=\"async\" class=\"alignleft\" src=\"https:\/\/i.kinja-img.com\/gawker-media\/image\/upload\/s--heVex4FV--\/c_scale,fl_progressive,q_80,w_800\/pol5zfmalpqmpt1jcnbp.png\" alt=\"Resultado de imagen de youtube\" width=\"117\" height=\"50\" \/><\/a><\/p>\n<p>&nbsp;<\/p>\n<p>&nbsp;<\/p>\n<p>&nbsp;<\/p>\n<p>&nbsp;    \t<\/p>\n","protected":false},"excerpt":{"rendered":"<p>\u00a0 \u00a0 \u00a0 \u00a0 \u00a0 \u00a0 \u00a0 \u00a0 \u00a0 \u00a0 \u00a0 \u00a0 \u00a0 \u00a0 \u00a0 \u00a0 SISTEMA DE MILLORA SOCIAL: TOT I L\u2019OPOSICI\u00d3 DE CCOO, LA DIPUTACI\u00d3 DE BARCELONA I &#8230; <\/p>\n<p class=\"read-more-container\"><a title=\"TOT I L\u2019OPOSICI\u00d3 DE CCOO, LA DIPUTACI\u00d3 DE BARCELONA I LA RESTA DE SINDICATS ACORDEN CANVIAR ELS SUP\u00d2SITS CONCRETS DELS \u00c0MBITS EXISTENTS\" class=\"read-more button\" href=\"https:\/\/ccoo.app\/diputacio-de-barcelona\/la-diputacio-de-barcelona-i-la-resta-de-sindicats-acorden-canviar-els-suposits\/#more-3372\" aria-label=\"Leer m\u00e1s sobre TOT I L\u2019OPOSICI\u00d3 DE CCOO, LA DIPUTACI\u00d3 DE BARCELONA I LA RESTA DE SINDICATS ACORDEN CANVIAR ELS SUP\u00d2SITS CONCRETS DELS \u00c0MBITS EXISTENTS\">Continuar llegint<\/a><\/p>\n","protected":false},"author":4519,"featured_media":3281,"comment_status":"open","ping_status":"open","sticky":false,"template":"","format":"standard","meta":{"footnotes":""},"categories":[19,26,27,31,32],"tags":[105,148],"class_list":["post-3372","post","type-post","status-publish","format-standard","has-post-thumbnail","hentry","category-comunicats","category-mgn","category-millores-socials","category-personal-interi-comunicats","category-premis","tag-els-nostres-drets-no-es-suspenen-es-defensen","tag-mesa-general-negociacio","generate-columns","tablet-grid-50","mobile-grid-100","grid-parent","grid-50"],"_links":{"self":[{"href":"https:\/\/ccoo.app\/diputacio-de-barcelona\/wp-json\/wp\/v2\/posts\/3372","targetHints":{"allow":["GET"]}}],"collection":[{"href":"https:\/\/ccoo.app\/diputacio-de-barcelona\/wp-json\/wp\/v2\/posts"}],"about":[{"href":"https:\/\/ccoo.app\/diputacio-de-barcelona\/wp-json\/wp\/v2\/types\/post"}],"author":[{"embeddable":true,"href":"https:\/\/ccoo.app\/diputacio-de-barcelona\/wp-json\/wp\/v2\/users\/4519"}],"replies":[{"embeddable":true,"href":"https:\/\/ccoo.app\/diputacio-de-barcelona\/wp-json\/wp\/v2\/comments?post=3372"}],"version-history":[{"count":1,"href":"https:\/\/ccoo.app\/diputacio-de-barcelona\/wp-json\/wp\/v2\/posts\/3372\/revisions"}],"predecessor-version":[{"id":52057,"href":"https:\/\/ccoo.app\/diputacio-de-barcelona\/wp-json\/wp\/v2\/posts\/3372\/revisions\/52057"}],"wp:featuredmedia":[{"embeddable":true,"href":"https:\/\/ccoo.app\/diputacio-de-barcelona\/wp-json\/wp\/v2\/media\/3281"}],"wp:attachment":[{"href":"https:\/\/ccoo.app\/diputacio-de-barcelona\/wp-json\/wp\/v2\/media?parent=3372"}],"wp:term":[{"taxonomy":"category","embeddable":true,"href":"https:\/\/ccoo.app\/diputacio-de-barcelona\/wp-json\/wp\/v2\/categories?post=3372"},{"taxonomy":"post_tag","embeddable":true,"href":"https:\/\/ccoo.app\/diputacio-de-barcelona\/wp-json\/wp\/v2\/tags?post=3372"}],"curies":[{"name":"wp","href":"https:\/\/api.w.org\/{rel}","templated":true}]}}