{"id":3351,"date":"2019-01-25T16:49:41","date_gmt":"2019-01-25T15:49:41","guid":{"rendered":"https:\/\/diba.ccoo.cat\/?p=3351"},"modified":"2023-02-22T19:06:15","modified_gmt":"2023-02-22T18:06:15","slug":"la-diputacio-de-barcelona-torna-a-atacar-seriosament-els-nostres-drets","status":"publish","type":"post","link":"https:\/\/ccoo.app\/diputacio-de-barcelona\/la-diputacio-de-barcelona-torna-a-atacar-seriosament-els-nostres-drets\/","title":{"rendered":"MILLORA SOCIAL PER EDAT: LA DIPUTACI\u00d3 DE BARCELONA TORNA A ATACAR SERIOSAMENT ELS NOSTRES DRETS"},"content":{"rendered":"<p class=\"wp-caption-text\"><img loading=\"lazy\" decoding=\"async\" class=\"alignnone wp-image-1853\" src=\"http:\/\/ccoo.app\/diputacio-de-barcelona\/wp-content\/blogs.dir\/6\/files\/sites\/186\/2018\/01\/logoccoov18.jpg\" alt=\"\" width=\"137\" height=\"63\" \/><\/p>\n<p><span style=\"font-family: 'arial black', sans-serif;color: #ff0000;font-size: 18pt\">LA DIPUTACI\u00d3 DE BARCELONA TORNA A ATACAR SERIOSAMENT ELS NOSTRES DRETS<\/span><\/p>\n<p style=\"text-align: justify\"><span style=\"font-family: arial, helvetica, sans-serif;color: #000000\">Despr\u00e9s de signar i ser ratificat pel Ple corporatiu l\u2019acord de \u201c<em>Millora Social per Edat<\/em>\u201d el passat 20 de desembre, tot just fa un mes, <u>ARA LA DIPUTACI\u00d3 VOL RETALLAR ELS SEUS EFECTES CANVIANT UNILATERALMENT ELS CRITERIS D\u2019APLICACI\u00d3 D\u2019AQUEST ACORD<\/u>, tot menyspreant la ra\u00f3 de ser de la negociaci\u00f3 col\u00b7lectiva!!!<\/span><\/p>\n<p style=\"text-align: justify\"><span style=\"font-family: arial, helvetica, sans-serif;color: #000000\">A les dues reunions de la Comissi\u00f3 Mixta de Millores Socials celebrades la setmana passada la Diputaci\u00f3 ens va manifestar que, concretament, els criteris per\u00a0 justificar la despesa relacionada amb despeses de primera necessitat (subministraments de llum, gas i aigua) s\u2019havien de limitar al personal que guany\u00e9s no m\u00e9s 1.611 \u20ac bruts mensuals, per tant, la majoria de plantilla queda fora de la possibilitat de justificar despesa sota aquest concepte, modificant els criteris que s\u2019han aplicat fins ara.<\/span><\/p>\n<p style=\"text-align: justify\"><span style=\"font-family: arial, helvetica, sans-serif;color: #000000\">Recordeu que l\u2019Acord va ser <strong>signat el 29 de novembre<\/strong> de 2018 i el <strong>20 de desembre va ser ratificat al Ple<\/strong> corporatiu. Els \u00f2rgans de control intern van tenir casi un mes per a emetre un informe negatiu. Ans al contrari, es va tirar endavant. Per tant, es tracta d\u2019una acord negociat leg\u00edtimament, aprovat, signat i ratificat pel Ple i absolutament vigent.<\/span><\/p>\n<p style=\"text-align: justify\"><span style=\"font-family: arial, helvetica, sans-serif;color: #000000\">Aix\u00ed doncs, Comissions Obreres hem estat contundents, <strong><u>NO MODIFICAREM CAP COMA DE L\u2019ACORD SIGNAT, NI RENEGOCIAREM CAP LIMITACI\u00d3 NI CAP RESTRICCI\u00d3<\/u><\/strong> d\u2019aquest acord. Hem exigit que l\u2019acord s\u2019implementi de manera immediata amb tota la seva literalitat, extensi\u00f3 i condicions en les qu\u00e8 es va negociar.<\/span><\/p>\n<p style=\"text-align: justify\"><span style=\"font-family: arial, helvetica, sans-serif\"><span style=\"color: #000000\"><a href=\"http:\/\/ccoo.app\/diputacio-de-barcelona\/wp-content\/blogs.dir\/6\/files\/sites\/186\/2019\/01\/swcs798_ma2c_2073_001.pdf\"><span style=\"color: #0000ff;font-family: 'arial black', sans-serif\">Cliqueu aqu\u00ed<\/span><\/a> per a veure criteris els\u00a0<\/span><strong>sup\u00f2sits concrets<\/strong> de prestacions que inclou actualment (25.01.2019) en cadascun d&#8217;aquests \u00e0mbits gen\u00e8rics <strong>dels dos acords vigents de Millora<\/strong> <strong>Social<\/strong> i que van ser aprovats en el s\u00ed de la Comissi\u00f3 mixta de millores socials al gener de 2018.\u00a0<\/span><\/p>\n<p>&nbsp;<\/p>\n<p style=\"text-align: justify\"><span style=\"font-family: arial, helvetica, sans-serif;color: #000000\">Si la Diputaci\u00f3 no rectifica en les seves pretensions, <strong><u>UTILITZAREM TOTES LES EINES QUE TENIM AL NOSTRE ABAST, SINDICALS I JUR\u00cdDIQUES PER\u00a0 DEFENSAR ALL\u00d2 QUE S\u2019HA NEGOCIAT<\/u><\/strong>. Ja n\u2019hi ha prou de passar-se pel forro la negociaci\u00f3 col\u00b7lectiva i eternitzar-la!<\/span><\/p>\n<p style=\"text-align: justify\"><span style=\"font-family: arial, helvetica, sans-serif;color: #000000\">Avui tenim Mesa General de Negociaci\u00f3. Reiterarem el nostre ferm posicionament: l\u2019acord s\u2019ha de complir sense cap retallada, sense cap limitaci\u00f3, sense cap modificaci\u00f3.<\/span><\/p>\n<p style=\"text-align: justify\"><span style=\"font-family: arial, helvetica, sans-serif;color: #000000\">\u00d2bviament, avui mitjan\u00e7ant escrit per registre demanarem explicacions i responsabilitats de manera immediata al m\u00e0xim responsable pol\u00edtic de la corporaci\u00f3 en la mat\u00e8ria , el diputat delegat d\u2019Hisenda i Recursos Humans, el Sr. Joan Carles Garcia Ca\u00f1izares.<\/span><\/p>\n<p style=\"text-align: justify\"><span style=\"font-family: arial, helvetica, sans-serif;color: #000000\">Us deixem l\u2019enlla\u00e7 del que va passar al Ple de desembre en relaci\u00f3 a aquest tema:<\/span><\/p>\n<p style=\"text-align: center\"><span style=\"color: #0000ff\"><strong><span style=\"font-family: arial, helvetica, sans-serif\"><a style=\"color: #0000ff\" href=\"https:\/\/youtu.be\/rizWXiUoAkQ?t=192\">https:\/\/youtu.be\/rizWXiUoAkQ?t=192<\/a><\/span><\/strong><\/span><\/p>\n<p style=\"text-align: justify\"><span style=\"font-family: arial, helvetica, sans-serif;color: #000000\">Ja veureu que dos partits pol\u00edtics van fer dues intervencions que ens van preocupar. En el primer comunicat d\u2019aquest any ja us vam dir que Comissions Obreres hav\u00edem demanat reunions amb ells ( <a style=\"color: #000000\" href=\"https:\/\/diba.ccoo.cat\/actualitzacio-respecte-al-nou-acord-definitiu-de-millora-social-per-edat\/\">https:\/\/diba.ccoo.cat\/actualitzacio-respecte-al-nou-acord-definitiu-de-millora-social-per-edat\/<\/a> ).<\/span><\/p>\n<p style=\"text-align: justify\"><span style=\"font-family: arial, helvetica, sans-serif;color: #000000\">Ara b\u00e9, per qu\u00e8 Cs i PSC es van expressar tal com ho vam fer? Qu\u00e8 hi ha darrera?<\/span><\/p>\n<p style=\"text-align: justify\"><span style=\"font-family: arial, helvetica, sans-serif;color: #000000\">En breu us ho explicarem, a banda d\u2019informar-vos del que passi a la reuni\u00f3 de la Comissi\u00f3 Mixta convocada pel dia 29 de gener.<\/span><\/p>\n<p>&nbsp;<\/p>\n<p><a href=\"https:\/\/diba.ccoo.cat\/tambe-a-la-diputacio-no-es-no\/\"><img loading=\"lazy\" decoding=\"async\" class=\"wp-image-3043 aligncenter\" src=\"http:\/\/ccoo.app\/diputacio-de-barcelona\/wp-content\/blogs.dir\/6\/files\/sites\/186\/2018\/12\/ffffffffffffffffffff-1-300x108.png\" alt=\"\" width=\"242\" height=\"87\" srcset=\"https:\/\/ccoo.app\/diputacio-de-barcelona\/wp-content\/blogs.dir\/6\/files\/sites\/186\/2018\/12\/ffffffffffffffffffff-1-300x108.png 300w, https:\/\/ccoo.app\/diputacio-de-barcelona\/wp-content\/blogs.dir\/6\/files\/sites\/186\/2018\/12\/ffffffffffffffffffff-1.png 686w\" sizes=\"auto, (max-width: 242px) 100vw, 242px\" \/><\/a><\/p>\n<p>&nbsp;<\/p>\n<p><a href=\"https:\/\/transparencia.diba.cat\/acords-de-la-mesa-general-de-negociacio-2015-2019\"><img loading=\"lazy\" decoding=\"async\" class=\"wp-image-3042 aligncenter\" src=\"http:\/\/ccoo.app\/diputacio-de-barcelona\/wp-content\/blogs.dir\/6\/files\/sites\/186\/2018\/12\/logo-revindiquem-lluitem-arribem-acords-300x56.png\" alt=\"\" width=\"343\" height=\"64\" srcset=\"https:\/\/ccoo.app\/diputacio-de-barcelona\/wp-content\/blogs.dir\/6\/files\/sites\/186\/2018\/12\/logo-revindiquem-lluitem-arribem-acords-300x56.png 300w, https:\/\/ccoo.app\/diputacio-de-barcelona\/wp-content\/blogs.dir\/6\/files\/sites\/186\/2018\/12\/logo-revindiquem-lluitem-arribem-acords-768x145.png 768w, https:\/\/ccoo.app\/diputacio-de-barcelona\/wp-content\/blogs.dir\/6\/files\/sites\/186\/2018\/12\/logo-revindiquem-lluitem-arribem-acords.png 940w\" sizes=\"auto, (max-width: 343px) 100vw, 343px\" \/><\/a><\/p>\n<p>&nbsp;<\/p>\n<p>&nbsp;<\/p>\n<p><a href=\"https:\/\/diba.ccoo.cat\/afiliat-al-sindicat-amb-mes-afiliacio-i-representacio-a-la-diputacio-de-barcelona\/\"><img loading=\"lazy\" decoding=\"async\" class=\"alignnone size-medium wp-image-2346\" src=\"http:\/\/ccoo.app\/diputacio-de-barcelona\/wp-content\/blogs.dir\/6\/files\/sites\/186\/2016\/05\/asasas-300x142-1-300x142.png\" alt=\"\" width=\"300\" height=\"142\" \/><\/a><\/p>\n<p><span style=\"font-family: arial, helvetica, sans-serif;color: #000000\"><strong>Horari d\u2019atenci\u00f3 CCOO DIBA: <\/strong><\/span><\/p>\n<p><span style=\"font-family: arial, helvetica, sans-serif;color: #000000\"><strong>CARRER MALLORCA, 244, 2on 3a<\/strong><\/span><\/p>\n<p><span style=\"font-family: arial, helvetica, sans-serif;color: #000000\"><strong>DE DILLUNS A DIVENDRES DE 8:30 A 16:30\u00a0\u00a0 <\/strong><span style=\"font-size: 10pt\"><strong>(FORA D\u2019AQUEST HORARI, AMB CITA PR\u00c8VIA)<\/strong><\/span><\/span><\/p>\n<p style=\"text-align: center\"><span style=\"font-size: 18pt\"><span style=\"font-family: arial, helvetica, sans-serif;color: #000000\"><strong>\u00a0<\/strong><\/span><span style=\"font-family: arial, helvetica, sans-serif\"><strong><small><span style=\"color: #000000\">Contacta&#8217;ns per tel\u00e8fon al 934 022 985 o correu:<\/span> <a href=\"mailto:ccoo@diba.cat\">ccoo@diba.cat<\/a><\/small> <\/strong><\/span><\/span><\/p>\n<p><strong>\u00a0<\/strong><\/p>\n<p><a href=\"http:\/\/diba.ccoo.cat\/\"><img loading=\"lazy\" decoding=\"async\" class=\"wp-image-3263 alignleft\" src=\"http:\/\/ccoo.app\/diputacio-de-barcelona\/wp-content\/blogs.dir\/6\/files\/sites\/186\/2019\/01\/rrrrrrrrrrrrrrrrrrrrr-287x300.png\" alt=\"\" width=\"189\" height=\"198\" srcset=\"https:\/\/ccoo.app\/diputacio-de-barcelona\/wp-content\/blogs.dir\/6\/files\/sites\/186\/2019\/01\/rrrrrrrrrrrrrrrrrrrrr-287x300.png 287w, https:\/\/ccoo.app\/diputacio-de-barcelona\/wp-content\/blogs.dir\/6\/files\/sites\/186\/2019\/01\/rrrrrrrrrrrrrrrrrrrrr.png 550w\" sizes=\"auto, (max-width: 189px) 100vw, 189px\" \/><\/a><\/p>\n<p>&nbsp;<\/p>\n<p><img loading=\"lazy\" decoding=\"async\" class=\"alignnone size-medium wp-image-3266\" src=\"http:\/\/ccoo.app\/diputacio-de-barcelona\/wp-content\/blogs.dir\/6\/files\/sites\/186\/2019\/01\/yyyyyyyyyyyyyyyyyyyyyyyy-300x57.png\" alt=\"\" width=\"300\" height=\"57\" srcset=\"https:\/\/ccoo.app\/diputacio-de-barcelona\/wp-content\/blogs.dir\/6\/files\/sites\/186\/2019\/01\/yyyyyyyyyyyyyyyyyyyyyyyy-300x57.png 300w, https:\/\/ccoo.app\/diputacio-de-barcelona\/wp-content\/blogs.dir\/6\/files\/sites\/186\/2019\/01\/yyyyyyyyyyyyyyyyyyyyyyyy.png 578w\" sizes=\"auto, (max-width: 300px) 100vw, 300px\" \/><\/p>\n<p><img loading=\"lazy\" decoding=\"async\" class=\"alignleft\" src=\"https:\/\/www.educapeques.com\/wp-content\/uploads\/2016\/04\/descargar-whatsapp.png\" alt=\"Resultado de imagen de whatsapp\" width=\"64\" height=\"50\" \/><a href=\"https:\/\/www.facebook.com\/CcooDiputacioDeBarcelona\/\"><img loading=\"lazy\" decoding=\"async\" class=\"alignleft\" src=\"https:\/\/upload.wikimedia.org\/wikipedia\/commons\/thumb\/7\/7c\/Facebook_New_Logo_%282015%29.svg\/2000px-Facebook_New_Logo_%282015%29.svg.png\" alt=\"Resultado de imagen de facebook\" width=\"122\" height=\"46\" \/><\/a><a href=\"https:\/\/twitter.com\/CCOODiba\"><img loading=\"lazy\" decoding=\"async\" class=\"alignleft\" src=\"http:\/\/www.mysocialaccounts.com\/wp-content\/uploads\/2017\/04\/twitter.jpg\" alt=\"Resultado de imagen de twitter\" width=\"44\" height=\"44\" \/><\/a>\u00a0\u00a0 \u00a0<a href=\"https:\/\/www.youtube.com\/channel\/UCFzenkS75udEcs4pB4qoZsg\"><img loading=\"lazy\" decoding=\"async\" class=\"alignleft\" src=\"https:\/\/i.kinja-img.com\/gawker-media\/image\/upload\/s--heVex4FV--\/c_scale,fl_progressive,q_80,w_800\/pol5zfmalpqmpt1jcnbp.png\" alt=\"Resultado de imagen de youtube\" width=\"117\" height=\"50\" \/><\/a><\/p>\n<p>&nbsp;<\/p>\n<p>&nbsp;<\/p>\n<p>&nbsp;<\/p>\n<p>&nbsp;<\/p>\n<p>&nbsp;<\/p>\n<p>&nbsp;<\/p>\n<p>&nbsp;<\/p>\n<p>&nbsp;<\/p>\n<p>&nbsp;<\/p>\n<p>&nbsp;<\/p>\n<p>&nbsp;<\/p>\n<p>&nbsp;<\/p>\n<p>&nbsp;<\/p>\n<p>&nbsp;    \t<\/p>\n","protected":false},"excerpt":{"rendered":"<p>LA DIPUTACI\u00d3 DE BARCELONA TORNA A ATACAR SERIOSAMENT ELS NOSTRES DRETS Despr\u00e9s de signar i ser ratificat pel Ple corporatiu l\u2019acord de \u201cMillora Social per Edat\u201d el passat 20 de &#8230; <\/p>\n<p class=\"read-more-container\"><a title=\"MILLORA SOCIAL PER EDAT: LA DIPUTACI\u00d3 DE BARCELONA TORNA A ATACAR SERIOSAMENT ELS NOSTRES DRETS\" class=\"read-more button\" href=\"https:\/\/ccoo.app\/diputacio-de-barcelona\/la-diputacio-de-barcelona-torna-a-atacar-seriosament-els-nostres-drets\/#more-3351\" aria-label=\"Leer m\u00e1s sobre MILLORA SOCIAL PER EDAT: LA DIPUTACI\u00d3 DE BARCELONA TORNA A ATACAR SERIOSAMENT ELS NOSTRES DRETS\">Continuar llegint<\/a><\/p>\n","protected":false},"author":4519,"featured_media":3336,"comment_status":"open","ping_status":"open","sticky":false,"template":"","format":"standard","meta":{"footnotes":""},"categories":[38,19,26,27],"tags":[148],"class_list":["post-3351","post","type-post","status-publish","format-standard","has-post-thumbnail","hentry","category-a-tot-el-personal","category-comunicats","category-mgn","category-millores-socials","tag-mesa-general-negociacio","generate-columns","tablet-grid-50","mobile-grid-100","grid-parent","grid-50"],"_links":{"self":[{"href":"https:\/\/ccoo.app\/diputacio-de-barcelona\/wp-json\/wp\/v2\/posts\/3351","targetHints":{"allow":["GET"]}}],"collection":[{"href":"https:\/\/ccoo.app\/diputacio-de-barcelona\/wp-json\/wp\/v2\/posts"}],"about":[{"href":"https:\/\/ccoo.app\/diputacio-de-barcelona\/wp-json\/wp\/v2\/types\/post"}],"author":[{"embeddable":true,"href":"https:\/\/ccoo.app\/diputacio-de-barcelona\/wp-json\/wp\/v2\/users\/4519"}],"replies":[{"embeddable":true,"href":"https:\/\/ccoo.app\/diputacio-de-barcelona\/wp-json\/wp\/v2\/comments?post=3351"}],"version-history":[{"count":1,"href":"https:\/\/ccoo.app\/diputacio-de-barcelona\/wp-json\/wp\/v2\/posts\/3351\/revisions"}],"predecessor-version":[{"id":52063,"href":"https:\/\/ccoo.app\/diputacio-de-barcelona\/wp-json\/wp\/v2\/posts\/3351\/revisions\/52063"}],"wp:featuredmedia":[{"embeddable":true,"href":"https:\/\/ccoo.app\/diputacio-de-barcelona\/wp-json\/wp\/v2\/media\/3336"}],"wp:attachment":[{"href":"https:\/\/ccoo.app\/diputacio-de-barcelona\/wp-json\/wp\/v2\/media?parent=3351"}],"wp:term":[{"taxonomy":"category","embeddable":true,"href":"https:\/\/ccoo.app\/diputacio-de-barcelona\/wp-json\/wp\/v2\/categories?post=3351"},{"taxonomy":"post_tag","embeddable":true,"href":"https:\/\/ccoo.app\/diputacio-de-barcelona\/wp-json\/wp\/v2\/tags?post=3351"}],"curies":[{"name":"wp","href":"https:\/\/api.w.org\/{rel}","templated":true}]}}