{"id":3247,"date":"2019-01-11T11:41:32","date_gmt":"2019-01-11T10:41:32","guid":{"rendered":"https:\/\/diba.ccoo.cat\/?p=3247"},"modified":"2023-02-22T19:06:18","modified_gmt":"2023-02-22T18:06:18","slug":"nivell-de-catala-processos-selectius-2","status":"publish","type":"post","link":"https:\/\/ccoo.app\/diputacio-de-barcelona\/nivell-de-catala-processos-selectius-2\/","title":{"rendered":"NIVELL DE CATAL\u00c0 PROCESSOS SELECTIUS"},"content":{"rendered":"<p class=\"wp-caption-text\"><img loading=\"lazy\" decoding=\"async\" class=\"alignnone wp-image-1853\" src=\"http:\/\/ccoo.app\/diputacio-de-barcelona\/wp-content\/blogs.dir\/6\/files\/sites\/186\/2018\/01\/logoccoov18.jpg\" alt=\"\" width=\"137\" height=\"63\" \/><\/p>\n<p class=\"wp-caption-text\" style=\"text-align: left\"><span style=\"color: #0000ff;font-family: 'arial black', sans-serif\"><span style=\"font-size: 24px\">NIVELL DE CATAL\u00c0 EN ELS PROCESSOS SELECTIUS<\/span><\/span><\/p>\n<p>&nbsp;<\/p>\n<p style=\"text-align: justify\"><span style=\"color: #000000\">Alguns de vosaltres ens heu fet algunes consultes referents a la Prova de Catal\u00e0 en el processos selectius. En l\u00ednies generals, les bases de les convocat\u00f2ries fan refer\u00e8ncia als seg\u00fcents elements:<\/span><\/p>\n<ul style=\"text-align: justify\">\n<li><span style=\"color: #000000\"><i>Els aspirants han\u00a0<\/i><b><i>d\u2019acreditar que estan en possessi\u00f3 del certificat<\/i><\/b><i>\u00a0de coneixements de llengua catalana del nivell assenyalat.\u00a0<\/i><\/span><\/li>\n<li><span style=\"color: #000000\"><i>En el cas que els aspirants\u00a0<\/i><b><i>no estiguin en possessi\u00f3<\/i><\/b><i>\u00a0del certificat acreditatiu corresponent,\u00a0<\/i><b><i>l\u2019\u00f2rgan seleccionador avaluar\u00e0 aquests coneixements mitjan\u00e7ant una prova espec\u00edfica<\/i><\/b><i>\u00a0de llengua catalana.\u00a0<\/i><\/span><\/li>\n<li><span style=\"color: #000000\"><i>La\u00a0<\/i><b><i>qualificaci\u00f3<\/i><\/b><i>\u00a0en aquest exercici ser\u00e0\u00a0<\/i><b><i>d\u2019apte o no apte<\/i><\/b><i>, i quedaran eliminats del proc\u00e9s aquells\/es aspirants que rebin la qualificaci\u00f3 de no apte.\u00a0<\/i><\/span><\/li>\n<li><span style=\"color: #000000\"><i>No obstant aix\u00f2, estan\u00a0<\/i><b><i>exempts<\/i><\/b><i>\u00a0de fer la prova de catal\u00e0 els\/les aspirants que hagin\u00a0<\/i><b><i>participat i obtingut pla\u00e7a en processos anteriors de selecci\u00f3 de personal<\/i><\/b><i>\u00a0per accedir a la Diputaci\u00f3 de Barcelona, en qu\u00e8 s\u2019hagi establert una\u00a0<\/i><b><i>prova de catal\u00e0<\/i><\/b><i>\u00a0<\/i><b><i>del mateix nivell o superior a l\u2019exigit en la corresponent convocat\u00f2ria<\/i><\/b><i>, o que hagin superat la prova esmentada en altres processos selectius.<\/i><\/span><\/li>\n<\/ul>\n<p>&nbsp;<\/p>\n<p style=\"text-align: justify\"><span style=\"font-family: arial, helvetica, sans-serif;color: #000000\">A continuaci\u00f3, podeu veure quin \u00e9s el nivell exigit d\u2019acord amb la convocat\u00f2ria a qu\u00e8 us presenteu (Cliqueu sobre l&#8217;imatge).<\/span><\/p>\n<p>&nbsp;<\/p>\n<p><a href=\"https:\/\/www.cpnl.cat\/cursos-catala\/cursos-generals.html\"><img loading=\"lazy\" decoding=\"async\" class=\"wp-image-3253 aligncenter\" src=\"http:\/\/ccoo.app\/diputacio-de-barcelona\/wp-content\/blogs.dir\/6\/files\/sites\/186\/2019\/01\/wwwwwwwwwwwwwwwwwwwwwwwwww-300x222.png\" alt=\"\" width=\"445\" height=\"329\" srcset=\"https:\/\/ccoo.app\/diputacio-de-barcelona\/wp-content\/blogs.dir\/6\/files\/sites\/186\/2019\/01\/wwwwwwwwwwwwwwwwwwwwwwwwww-300x222.png 300w, https:\/\/ccoo.app\/diputacio-de-barcelona\/wp-content\/blogs.dir\/6\/files\/sites\/186\/2019\/01\/wwwwwwwwwwwwwwwwwwwwwwwwww-768x568.png 768w, https:\/\/ccoo.app\/diputacio-de-barcelona\/wp-content\/blogs.dir\/6\/files\/sites\/186\/2019\/01\/wwwwwwwwwwwwwwwwwwwwwwwwww.png 796w\" sizes=\"auto, (max-width: 445px) 100vw, 445px\" \/><\/a><\/p>\n<p>&nbsp;<\/p>\n<p><iframe loading=\"lazy\" title=\"Connecta&#039;t al catal\u00e0\" width=\"1200\" height=\"675\" src=\"https:\/\/www.youtube.com\/embed\/QXLnQKOdbNo?start=13&#038;feature=oembed\" frameborder=\"0\" allow=\"accelerometer; autoplay; clipboard-write; encrypted-media; gyroscope; picture-in-picture; web-share\" allowfullscreen><\/iframe><\/p>\n<p>&nbsp;<\/p>\n<p style=\"text-align: justify\"><span style=\"font-family: 'arial black', sans-serif;color: #000000\"><strong>ORDRE DE REALITZACI\u00d3 DE PROVES<\/strong><\/span><\/p>\n<ul style=\"text-align: justify\">\n<li><span style=\"font-family: arial, helvetica, sans-serif;color: #000000\">Es mantindr\u00e0 a TOTES les convocat\u00f2ries el mateix ordre de realitzaci\u00f3 de proves: <\/span>\n<ul>\n<li><span style=\"font-family: arial, helvetica, sans-serif;color: #000000\">1a prova te\u00f2rica<\/span><\/li>\n<li><span style=\"font-family: arial, helvetica, sans-serif;color: #000000\">2a prova pr\u00e0ctica<\/span><\/li>\n<li><span style=\"font-family: arial, helvetica, sans-serif;color: #000000\"><strong>3a prova de catal\u00e0<\/strong><\/span><\/li>\n<li><span style=\"font-family: arial, helvetica, sans-serif;color: #000000\">4a prova de castell\u00e0 (per aspirants que no tinguin nacionalitat espanyola)<\/span><\/li>\n<\/ul>\n<\/li>\n<\/ul>\n<p>&nbsp;<\/p>\n<p style=\"text-align: justify\"><span style=\"font-family: 'arial black', sans-serif;color: #000000\"><strong>CONTINGUT DE LA PROVA DE CATAL\u00c0:<\/strong><\/span><\/p>\n<p style=\"text-align: justify\"><span style=\"font-family: arial, helvetica, sans-serif;color: #000000\">Prova de catal\u00e0: les bases inclouran una descripci\u00f3 m\u00e9s detallada dels exercicis orals i escrits aix\u00ed com la puntuaci\u00f3 m\u00ednima per superar l\u2019exercici.<\/span><\/p>\n<p><img loading=\"lazy\" decoding=\"async\" class=\"wp-image-3252 aligncenter\" src=\"http:\/\/ccoo.app\/diputacio-de-barcelona\/wp-content\/blogs.dir\/6\/files\/sites\/186\/2019\/01\/eeeeeeeeeeeeeeeeeeeeeeeeeeeeeeeee.png\" alt=\"\" width=\"128\" height=\"128\" \/><\/p>\n<p style=\"text-align: justify\"><span style=\"font-family: arial, helvetica, sans-serif;color: #000000\">Per que us feu una idea, cliqueu sobre el seg\u00fcent enlla\u00e7:<\/span><\/p>\n<p><a href=\"http:\/\/llengua.gencat.cat\/ca\/serveis\/acreditacio_coneixements\/certificats_de_catala\/certificats_estructura_i_descripcio_proves\/\"><span style=\"color: #0000ff\"><em><strong><span style=\"font-family: arial, helvetica, sans-serif\">http:\/\/llengua.gencat.cat\/ca\/serveis\/acreditacio_coneixements\/certificats_de_catala\/certificats_estructura_i_descripcio_proves\/<\/span><\/strong><\/em><\/span><\/a><\/p>\n<p>&nbsp;<\/p>\n<p style=\"text-align: justify\"><span style=\"font-family: arial, helvetica, sans-serif;color: #000000\">Aix\u00ed doncs,\u00a0<span style=\"font-family: 'arial black', sans-serif;color: #0000ff\"><b>no us confieu i prepareu-vos abans<\/b><\/span>. Us aconsellem que, si encara hi sou a temps, obtingueu la certificaci\u00f3 pel vostre compte. \u00c9s a dir, \u00e9s molt millor fer un curs i obtenir el certificat pr\u00e8viament que fer front a una prova eliminat\u00f2ria.<\/span><\/p>\n<p><img loading=\"lazy\" decoding=\"async\" class=\"wp-image-3255 aligncenter\" src=\"http:\/\/ccoo.app\/diputacio-de-barcelona\/wp-content\/blogs.dir\/6\/files\/sites\/186\/2019\/01\/qqqqqqqqqqqqqqqqqqqqqqqqqqqqq.jpg\" alt=\"\" width=\"165\" height=\"162\" \/><\/p>\n<p>&nbsp;<\/p>\n<p><span style=\"font-family: 'arial black', sans-serif;color: #0000ff\">Informaci\u00f3 sobre cursos de Catal\u00e0:<\/span><\/p>\n<ul>\n<li><span style=\"color: #0000ff\"><a style=\"color: #0000ff\" href=\"http:\/\/www.cpnl.cat\/cursos-catala\/\">http:\/\/www.cpnl.cat\/cursos-catala\/#basic<\/a><\/span><\/li>\n<li><span style=\"color: #0000ff\"><a style=\"color: #0000ff\" href=\"http:\/\/www.cpnl.cat\/cursos-catala\/cercador-cursos\/\">http:\/\/www.cpnl.cat\/cursos-catala\/cercador-cursos\/<\/a><\/span><\/li>\n<li><span style=\"color: #0000ff\">https:\/\/www.cpnl.cat\/cursos-catala\/cursos-generals.html<\/span><\/li>\n<\/ul>\n<p>Cursos de la Fundaci\u00f3 Paco Puerto de CCOO:<\/p>\n<ul>\n<li><span style=\"color: #0000ff\"><a style=\"color: #0000ff\" href=\"https:\/\/fundaciopacopuerto.cat\/cursos\/especialitats\/?especialitats=316\">https:\/\/fundaciopacopuerto.cat\/cursos\/especialitats\/?especialitats=316<\/a><\/span><\/li>\n<\/ul>\n<p>Cursos online:<\/p>\n<ul>\n<li><span style=\"color: #0000ff\"><a style=\"color: #0000ff\" href=\"http:\/\/www.parla.cat\/pres_catalaenlinia\/AppPHP\/login\/index.php\">http:\/\/www.parla.cat\/pres_catalaenlinia\/AppPHP\/login\/index.php<\/a><\/span><\/li>\n<\/ul>\n<p>&nbsp;<\/p>\n<p><a href=\"https:\/\/transparencia.diba.cat\/acords-de-la-mesa-general-de-negociacio-2015-2019\"><img loading=\"lazy\" decoding=\"async\" class=\"wp-image-3042 aligncenter\" src=\"http:\/\/ccoo.app\/diputacio-de-barcelona\/wp-content\/blogs.dir\/6\/files\/sites\/186\/2018\/12\/logo-revindiquem-lluitem-arribem-acords-300x56.png\" alt=\"\" width=\"514\" height=\"96\" srcset=\"https:\/\/ccoo.app\/diputacio-de-barcelona\/wp-content\/blogs.dir\/6\/files\/sites\/186\/2018\/12\/logo-revindiquem-lluitem-arribem-acords-300x56.png 300w, https:\/\/ccoo.app\/diputacio-de-barcelona\/wp-content\/blogs.dir\/6\/files\/sites\/186\/2018\/12\/logo-revindiquem-lluitem-arribem-acords-768x145.png 768w, https:\/\/ccoo.app\/diputacio-de-barcelona\/wp-content\/blogs.dir\/6\/files\/sites\/186\/2018\/12\/logo-revindiquem-lluitem-arribem-acords.png 940w\" sizes=\"auto, (max-width: 514px) 100vw, 514px\" \/><\/a><\/p>\n<p>&nbsp;<\/p>\n<p><a href=\"https:\/\/diba.ccoo.cat\/tambe-a-la-diputacio-no-es-no\/\"><img loading=\"lazy\" decoding=\"async\" class=\"wp-image-3043 aligncenter\" src=\"http:\/\/ccoo.app\/diputacio-de-barcelona\/wp-content\/blogs.dir\/6\/files\/sites\/186\/2018\/12\/ffffffffffffffffffff-1-300x108.png\" alt=\"\" width=\"175\" height=\"63\" srcset=\"https:\/\/ccoo.app\/diputacio-de-barcelona\/wp-content\/blogs.dir\/6\/files\/sites\/186\/2018\/12\/ffffffffffffffffffff-1-300x108.png 300w, https:\/\/ccoo.app\/diputacio-de-barcelona\/wp-content\/blogs.dir\/6\/files\/sites\/186\/2018\/12\/ffffffffffffffffffff-1.png 686w\" sizes=\"auto, (max-width: 175px) 100vw, 175px\" \/><\/a><\/p>\n<p>&nbsp;<\/p>\n<p>&nbsp;<\/p>\n<p><a href=\"https:\/\/diba.ccoo.cat\/afiliat-al-sindicat-amb-mes-afiliacio-i-representacio-a-la-diputacio-de-barcelona\/\"><img loading=\"lazy\" decoding=\"async\" class=\"alignnone size-medium wp-image-2346\" src=\"http:\/\/ccoo.app\/diputacio-de-barcelona\/wp-content\/blogs.dir\/6\/files\/sites\/186\/2016\/05\/asasas-300x142-1-300x142.png\" alt=\"\" width=\"300\" height=\"142\" \/><\/a><\/p>\n<p><span style=\"font-family: arial, helvetica, sans-serif;color: #000000\"><strong>Horari d\u2019atenci\u00f3 CCOO DIBA: <\/strong><\/span><\/p>\n<p><span style=\"font-family: arial, helvetica, sans-serif;color: #000000\"><strong>CARRER MALLORCA, 244, 2on 3a<\/strong><\/span><\/p>\n<p><span style=\"font-family: arial, helvetica, sans-serif;color: #000000\"><strong>DE DILLUNS A DIVENDRES DE 8:30 A 16:30\u00a0\u00a0 <\/strong><span style=\"font-size: 10pt\"><strong>(FORA D\u2019AQUEST HORARI AMB CITA PR\u00c8VIA)<\/strong><\/span><\/span><\/p>\n<p style=\"text-align: center\"><span style=\"font-size: 18pt\"><span style=\"font-family: arial, helvetica, sans-serif;color: #000000\"><strong>\u00a0<\/strong><\/span><span style=\"font-family: arial, helvetica, sans-serif\"><strong><small><span style=\"color: #000000\">Contacta&#8217;ns per tel\u00e8fon 934 022 985 o correu:<\/span> <a href=\"mailto:ccoo@diba.cat\">ccoo@diba.cat<\/a><\/small> <\/strong><\/span><\/span><\/p>\n<p>&nbsp;<\/p>\n<p><a href=\"http:\/\/diba.ccoo.cat\/\"><img loading=\"lazy\" decoding=\"async\" class=\"wp-image-3263 alignleft\" src=\"http:\/\/ccoo.app\/diputacio-de-barcelona\/wp-content\/blogs.dir\/6\/files\/sites\/186\/2019\/01\/rrrrrrrrrrrrrrrrrrrrr-287x300.png\" alt=\"\" width=\"189\" height=\"198\" srcset=\"https:\/\/ccoo.app\/diputacio-de-barcelona\/wp-content\/blogs.dir\/6\/files\/sites\/186\/2019\/01\/rrrrrrrrrrrrrrrrrrrrr-287x300.png 287w, https:\/\/ccoo.app\/diputacio-de-barcelona\/wp-content\/blogs.dir\/6\/files\/sites\/186\/2019\/01\/rrrrrrrrrrrrrrrrrrrrr.png 550w\" sizes=\"auto, (max-width: 189px) 100vw, 189px\" \/><\/a><\/p>\n<p>&nbsp;<\/p>\n<p><img loading=\"lazy\" decoding=\"async\" class=\"alignnone size-medium wp-image-3266\" src=\"http:\/\/ccoo.app\/diputacio-de-barcelona\/wp-content\/blogs.dir\/6\/files\/sites\/186\/2019\/01\/yyyyyyyyyyyyyyyyyyyyyyyy-300x57.png\" alt=\"\" width=\"300\" height=\"57\" srcset=\"https:\/\/ccoo.app\/diputacio-de-barcelona\/wp-content\/blogs.dir\/6\/files\/sites\/186\/2019\/01\/yyyyyyyyyyyyyyyyyyyyyyyy-300x57.png 300w, https:\/\/ccoo.app\/diputacio-de-barcelona\/wp-content\/blogs.dir\/6\/files\/sites\/186\/2019\/01\/yyyyyyyyyyyyyyyyyyyyyyyy.png 578w\" sizes=\"auto, (max-width: 300px) 100vw, 300px\" \/><\/p>\n<p><img loading=\"lazy\" decoding=\"async\" class=\"alignleft\" src=\"https:\/\/www.educapeques.com\/wp-content\/uploads\/2016\/04\/descargar-whatsapp.png\" alt=\"Resultado de imagen de whatsapp\" width=\"64\" height=\"50\" \/><a href=\"https:\/\/www.facebook.com\/CcooDiputacioDeBarcelona\/\"><img loading=\"lazy\" decoding=\"async\" class=\"alignleft\" src=\"https:\/\/upload.wikimedia.org\/wikipedia\/commons\/thumb\/7\/7c\/Facebook_New_Logo_%282015%29.svg\/2000px-Facebook_New_Logo_%282015%29.svg.png\" alt=\"Resultado de imagen de facebook\" width=\"122\" height=\"46\" \/><\/a><a href=\"https:\/\/twitter.com\/CCOODiba\"><img loading=\"lazy\" decoding=\"async\" class=\"alignleft\" src=\"http:\/\/www.mysocialaccounts.com\/wp-content\/uploads\/2017\/04\/twitter.jpg\" alt=\"Resultado de imagen de twitter\" width=\"44\" height=\"44\" \/><\/a>\u00a0\u00a0 \u00a0<a href=\"https:\/\/www.youtube.com\/channel\/UCFzenkS75udEcs4pB4qoZsg\"><img loading=\"lazy\" decoding=\"async\" class=\"alignleft\" src=\"https:\/\/i.kinja-img.com\/gawker-media\/image\/upload\/s--heVex4FV--\/c_scale,fl_progressive,q_80,w_800\/pol5zfmalpqmpt1jcnbp.png\" alt=\"Resultado de imagen de youtube\" width=\"117\" height=\"50\" \/><\/a><\/p>\n<p>&nbsp;<\/p>\n<p>&nbsp;<\/p>\n<p>&nbsp;<\/p>\n<p>&nbsp;<\/p>\n<p>&nbsp;<\/p>\n<p style=\"text-align: center\"><small><\/small><small>Formulari d&#8217;<a href=\"\/afiliat\/\">alta<\/a>, <a href=\"\/afiliat\/\">baixa <\/a>o <a href=\"\/afiliat\/\">modificaci\u00f3 <\/a>de les dades personals o<br \/>\ncontacta&#8217;ns a trav\u00e9s del tel\u00e8fon<strong> 934 022 985<\/strong> o correu: <a href=\"mailto:ccoo@diba.cat\"><strong>ccoo@diba.cat<\/strong><\/a><\/small><\/p>\n","protected":false},"excerpt":{"rendered":"<p>NIVELL DE CATAL\u00c0 EN ELS PROCESSOS SELECTIUS &nbsp; Alguns de vosaltres ens heu fet algunes consultes referents a la Prova de Catal\u00e0 en el processos selectius. En l\u00ednies generals, les &#8230; <\/p>\n<p class=\"read-more-container\"><a title=\"NIVELL DE CATAL\u00c0 PROCESSOS SELECTIUS\" class=\"read-more button\" href=\"https:\/\/ccoo.app\/diputacio-de-barcelona\/nivell-de-catala-processos-selectius-2\/#more-3247\" aria-label=\"Leer m\u00e1s sobre NIVELL DE CATAL\u00c0 PROCESSOS SELECTIUS\">Continuar llegint<\/a><\/p>\n","protected":false},"author":4519,"featured_media":3255,"comment_status":"open","ping_status":"open","sticky":false,"template":"","format":"standard","meta":{"footnotes":""},"categories":[38,19,20,24,31],"tags":[76,169],"class_list":["post-3247","post","type-post","status-publish","format-standard","has-post-thumbnail","hentry","category-a-tot-el-personal","category-comunicats","category-cursos","category-interins","category-personal-interi-comunicats","tag-catala","tag-pamo","generate-columns","tablet-grid-50","mobile-grid-100","grid-parent","grid-50"],"_links":{"self":[{"href":"https:\/\/ccoo.app\/diputacio-de-barcelona\/wp-json\/wp\/v2\/posts\/3247","targetHints":{"allow":["GET"]}}],"collection":[{"href":"https:\/\/ccoo.app\/diputacio-de-barcelona\/wp-json\/wp\/v2\/posts"}],"about":[{"href":"https:\/\/ccoo.app\/diputacio-de-barcelona\/wp-json\/wp\/v2\/types\/post"}],"author":[{"embeddable":true,"href":"https:\/\/ccoo.app\/diputacio-de-barcelona\/wp-json\/wp\/v2\/users\/4519"}],"replies":[{"embeddable":true,"href":"https:\/\/ccoo.app\/diputacio-de-barcelona\/wp-json\/wp\/v2\/comments?post=3247"}],"version-history":[{"count":1,"href":"https:\/\/ccoo.app\/diputacio-de-barcelona\/wp-json\/wp\/v2\/posts\/3247\/revisions"}],"predecessor-version":[{"id":52065,"href":"https:\/\/ccoo.app\/diputacio-de-barcelona\/wp-json\/wp\/v2\/posts\/3247\/revisions\/52065"}],"wp:featuredmedia":[{"embeddable":true,"href":"https:\/\/ccoo.app\/diputacio-de-barcelona\/wp-json\/wp\/v2\/media\/3255"}],"wp:attachment":[{"href":"https:\/\/ccoo.app\/diputacio-de-barcelona\/wp-json\/wp\/v2\/media?parent=3247"}],"wp:term":[{"taxonomy":"category","embeddable":true,"href":"https:\/\/ccoo.app\/diputacio-de-barcelona\/wp-json\/wp\/v2\/categories?post=3247"},{"taxonomy":"post_tag","embeddable":true,"href":"https:\/\/ccoo.app\/diputacio-de-barcelona\/wp-json\/wp\/v2\/tags?post=3247"}],"curies":[{"name":"wp","href":"https:\/\/api.w.org\/{rel}","templated":true}]}}