{"id":3240,"date":"2019-01-11T11:40:19","date_gmt":"2019-01-11T10:40:19","guid":{"rendered":"https:\/\/diba.ccoo.cat\/?p=3240"},"modified":"2023-02-22T19:06:25","modified_gmt":"2023-02-22T18:06:25","slug":"actualitzacio-respecte-al-nou-acord-definitiu-de-millora-social-per-edat","status":"publish","type":"post","link":"https:\/\/ccoo.app\/diputacio-de-barcelona\/actualitzacio-respecte-al-nou-acord-definitiu-de-millora-social-per-edat\/","title":{"rendered":"ACLARIMENTS RESPECTE AL NOU\u00a0ACORD DEFINITIU DE \u201cMILLORA SOCIAL PER EDAT\u201d."},"content":{"rendered":"<p class=\"wp-caption-text\"><img loading=\"lazy\" decoding=\"async\" class=\"alignnone wp-image-1853\" src=\"http:\/\/ccoo.app\/diputacio-de-barcelona\/wp-content\/blogs.dir\/6\/files\/sites\/186\/2018\/01\/logoccoov18.jpg\" alt=\"\" width=\"137\" height=\"63\" \/>\u00a0 \u00a0 \u00a0 \u00a0 \u00a0 \u00a0 \u00a0 \u00a0 \u00a0 \u00a0 \u00a0 \u00a0 \u00a0 \u00a0 \u00a0 \u00a0<a href=\"http:\/\/ccoo.app\/diputacio-de-barcelona\/wp-content\/blogs.dir\/6\/files\/sites\/186\/2018\/12\/comunicat-definitiu-premis-4-12-2018-1.pdf\"><img loading=\"lazy\" decoding=\"async\" class=\"alignnone wp-image-2113\" src=\"http:\/\/ccoo.app\/diputacio-de-barcelona\/wp-content\/blogs.dir\/6\/files\/sites\/186\/2018\/04\/22-300x172.png\" alt=\"\" width=\"134\" height=\"77\" srcset=\"https:\/\/ccoo.app\/diputacio-de-barcelona\/wp-content\/blogs.dir\/6\/files\/sites\/186\/2018\/04\/22-300x172.png 300w, https:\/\/ccoo.app\/diputacio-de-barcelona\/wp-content\/blogs.dir\/6\/files\/sites\/186\/2018\/04\/22.png 327w\" sizes=\"auto, (max-width: 134px) 100vw, 134px\" \/><\/a><\/p>\n<p class=\"wp-caption-text\" style=\"text-align: left\"><span style=\"color: #0000ff\"><span style=\"font-family: 'arial black', sans-serif;font-size: 18pt\"><span style=\"color: #ff0000\"><span style=\"color: #0000ff\">ACLARIMENTS RESPECTE AL NOU<\/span>\u00a0<\/span><\/span><span style=\"font-family: 'arial black', sans-serif;font-size: 18pt\">ACORD DEFINITIU DE \u201cMILLORA SOCIAL PER EDAT\u201d.<\/span><\/span><\/p>\n<p>&nbsp;<\/p>\n<p><a href=\"http:\/\/ccoo.app\/diputacio-de-barcelona\/wp-content\/blogs.dir\/6\/files\/sites\/186\/2018\/12\/aaaaaaaaaaaaaaaaaaaaaaaaaaaa.png\"><img loading=\"lazy\" decoding=\"async\" class=\"wp-image-2999 aligncenter\" src=\"http:\/\/ccoo.app\/diputacio-de-barcelona\/wp-content\/blogs.dir\/6\/files\/sites\/186\/2018\/12\/dddddddddddddddddddddddddd-300x285.png\" alt=\"\" width=\"454\" height=\"431\" srcset=\"https:\/\/ccoo.app\/diputacio-de-barcelona\/wp-content\/blogs.dir\/6\/files\/sites\/186\/2018\/12\/dddddddddddddddddddddddddd-300x285.png 300w, https:\/\/ccoo.app\/diputacio-de-barcelona\/wp-content\/blogs.dir\/6\/files\/sites\/186\/2018\/12\/dddddddddddddddddddddddddd.png 681w\" sizes=\"auto, (max-width: 454px) 100vw, 454px\" \/><\/a><\/p>\n<p><a href=\"http:\/\/ccoo.app\/diputacio-de-barcelona\/wp-content\/blogs.dir\/6\/files\/sites\/186\/2018\/12\/aaa.png\"><img loading=\"lazy\" decoding=\"async\" class=\"wp-image-3031 aligncenter\" src=\"http:\/\/ccoo.app\/diputacio-de-barcelona\/wp-content\/blogs.dir\/6\/files\/sites\/186\/2018\/12\/nnnnnnnnnnnnnnnnnnnnnnnnnnnnnnnnnnnnnn-300x204.png\" alt=\"\" width=\"474\" height=\"322\" srcset=\"https:\/\/ccoo.app\/diputacio-de-barcelona\/wp-content\/blogs.dir\/6\/files\/sites\/186\/2018\/12\/nnnnnnnnnnnnnnnnnnnnnnnnnnnnnnnnnnnnnn-300x204.png 300w, https:\/\/ccoo.app\/diputacio-de-barcelona\/wp-content\/blogs.dir\/6\/files\/sites\/186\/2018\/12\/nnnnnnnnnnnnnnnnnnnnnnnnnnnnnnnnnnnnnn-768x522.png 768w, https:\/\/ccoo.app\/diputacio-de-barcelona\/wp-content\/blogs.dir\/6\/files\/sites\/186\/2018\/12\/nnnnnnnnnnnnnnnnnnnnnnnnnnnnnnnnnnnnnn.png 1016w\" sizes=\"auto, (max-width: 474px) 100vw, 474px\" \/><\/a><\/p>\n<p>&nbsp;<\/p>\n<p><span style=\"font-family: 'arial black', sans-serif;color: #0000ff\">RESPOSTES A DUBTES QUE ENS FEU ARRIBAR I ACLARIMENTS:<\/span><\/p>\n<ul>\n<li style=\"text-align: justify\"><span style=\"color: #000000\"><span style=\"font-family: arial, helvetica, sans-serif\">Heu de tenir en compte que es tracta d&#8217;un complement <\/span><span style=\"font-family: arial, helvetica, sans-serif\">al sistema de millores socials que ja ten\u00edem fins ara i, per tant, <\/span><span style=\"font-family: arial, helvetica, sans-serif;background-color: #ffff00\"><strong>tamb\u00e9 s&#8217;haur\u00e0 de justificar la despesa per percebre els imports tenint en compte els conceptes que ja es feien servir fins ara.\u00a0<\/strong><\/span><\/span><\/li>\n<\/ul>\n<p>&nbsp;<\/p>\n<ul>\n<li><span style=\"font-family: arial, helvetica, sans-serif;color: #000000\">Per a l&#8217;exercici 2018 les factures, rebuts o justificants de despesa que presenteu hauran de ser de l&#8217;any 2017 (1 de gener a 31 de desembre 2017).<\/span><\/li>\n<\/ul>\n<p>&nbsp;<\/p>\n<ul>\n<li><span style=\"font-family: arial, helvetica, sans-serif;color: #000000\">El termini de presentaci\u00f3 de la justificaci\u00f3 de despesa \u00e9s el 28 de febrer de 2019.<\/span><\/li>\n<\/ul>\n<p>&nbsp;<\/p>\n<ul>\n<li style=\"text-align: justify\"><span style=\"font-family: arial, helvetica, sans-serif;color: #000000\">Per l&#8217;exercici 2018, l&#8217;edat de refer\u00e8ncia \u00e9s la que es va complir al 2017.<\/span><\/li>\n<\/ul>\n<p>&nbsp;<\/p>\n<ul>\n<li style=\"text-align: justify\"><span style=\"font-family: arial, helvetica, sans-serif;color: #000000\">El tercer tram d&#8217;aquesta millora per edat (el que es cobrar\u00e0 dels 60 anys en endavant) es continua percebent fins al compliment de l&#8217;edat de jubilaci\u00f3 obligat\u00f2ria, independentment del fet que la persona benefici\u00e0ria es jubili volunt\u00e0riament abans, \u00e9s a dir, de forma anticipada.<\/span><\/li>\n<\/ul>\n<p>&nbsp;<\/p>\n<ul>\n<li><span style=\"font-family: arial, helvetica, sans-serif;color: #000000\">Heu de saber que s&#8217;ha convocat una <span style=\"text-decoration: underline\"><strong>reuni\u00f3 de la Comissi\u00f3 Mixta de Millores Socials pel dia 15 de gener<\/strong><\/span> on acabarem de concretar detalls respecte a l&#8217;execuci\u00f3 d&#8217;aquest nou acord.<\/span><\/li>\n<\/ul>\n<p>&nbsp;<\/p>\n<ul>\n<li style=\"text-align: justify\"><span style=\"font-family: arial, helvetica, sans-serif;color: #000000\">Al Ple Corporatiu de desembre es va ratificar, entre altres quatre, l&#8217;acord de \u00abMillora social per edat\u00bb (<a href=\"https:\/\/diba.ccoo.cat\/sha-dacceptar-la-nova-proposta-millora-social-per-edat-2\/\"><span style=\"color: #0000ff;font-family: 'arial black', sans-serif\"><strong>CLIQUEU AQU\u00cd<\/strong> <\/span><\/a>per ampliar la informaci\u00f3):<\/span>\n<ul>\n<li style=\"text-align: justify\"><span style=\"font-family: arial, helvetica, sans-serif;color: #000000\">Ens van sorprendre algunes declaracions de les intervencions del portaveu de C&#8217;s i de la portaveu del PSC. Per la qual cosa, CCOO hem demanat per registre reunions amb aquests dos grups pol\u00edtics amb l&#8217;objectiu de poder aclarir els dubtes que van expressar i treballar conjuntament per enfortir els drets del personal de la corporaci\u00f3. Us mantindrem informats\/des.<\/span><\/li>\n<\/ul>\n<\/li>\n<\/ul>\n<p>&nbsp;<\/p>\n<p><a href=\"https:\/\/www.youtube.com\/watch?v=F9-292dd458\"><img loading=\"lazy\" decoding=\"async\" class=\" wp-image-2864 aligncenter\" src=\"http:\/\/ccoo.app\/diputacio-de-barcelona\/wp-content\/blogs.dir\/6\/files\/sites\/186\/2016\/05\/nnnnnnnnnnnnnnnnnnnnnnnnnnnnnnnn-300x186.png\" alt=\"\" width=\"250\" height=\"155\" srcset=\"https:\/\/ccoo.app\/diputacio-de-barcelona\/wp-content\/blogs.dir\/6\/files\/sites\/186\/2016\/05\/nnnnnnnnnnnnnnnnnnnnnnnnnnnnnnnn-300x186.png 300w, https:\/\/ccoo.app\/diputacio-de-barcelona\/wp-content\/blogs.dir\/6\/files\/sites\/186\/2016\/05\/nnnnnnnnnnnnnnnnnnnnnnnnnnnnnnnn-1024x635.png 1024w, https:\/\/ccoo.app\/diputacio-de-barcelona\/wp-content\/blogs.dir\/6\/files\/sites\/186\/2016\/05\/nnnnnnnnnnnnnnnnnnnnnnnnnnnnnnnn-768x477.png 768w, https:\/\/ccoo.app\/diputacio-de-barcelona\/wp-content\/blogs.dir\/6\/files\/sites\/186\/2016\/05\/nnnnnnnnnnnnnnnnnnnnnnnnnnnnnnnn.png 1136w\" sizes=\"auto, (max-width: 250px) 100vw, 250px\" \/><\/a><\/p>\n<p>&nbsp;<\/p>\n<p><span style=\"font-family: 'arial black', sans-serif;color: #0000ff;font-size: 14pt\"><strong>TOT EL QUE HAS DE SABER:<\/strong><\/span><\/p>\n<ul>\n<li style=\"text-align: justify\"><span style=\"font-family: arial, helvetica, sans-serif;color: #000000\">Per qu\u00e8 s&#8217;ha signat aquest nou acord de \u00abMillora Social per edat\u00bb? <\/span><\/li>\n<li style=\"text-align: justify\"><span style=\"font-family: arial, helvetica, sans-serif;color: #000000\">Com queda el dret a cobrar els \u00abPremis per anys de Servei\u00bb?<\/span><\/li>\n<li style=\"text-align: justify\"><span style=\"font-family: arial, helvetica, sans-serif;color: #000000\">Ja tenim dates per a molts judicis: qu\u00e8 pot passar amb les demandes presentades?<\/span><\/li>\n<\/ul>\n<p><span style=\"font-family: 'arial black', sans-serif;color: #0000ff\">CLIQUEU AQU\u00cd<\/span> <span style=\"font-family: arial, helvetica, sans-serif;color: #000000\">per obtenir informaci\u00f3.<\/span><\/p>\n<p><span style=\"font-family: arial, helvetica, sans-serif;color: #000000\"><strong>\u00a0<img loading=\"lazy\" decoding=\"async\" class=\"wp-image-3220 aligncenter\" src=\"http:\/\/ccoo.app\/diputacio-de-barcelona\/wp-content\/blogs.dir\/6\/files\/sites\/186\/2018\/12\/nnnnnnnnnnnnnnno-177x300.png\" alt=\"\" width=\"64\" height=\"108\" srcset=\"https:\/\/ccoo.app\/diputacio-de-barcelona\/wp-content\/blogs.dir\/6\/files\/sites\/186\/2018\/12\/nnnnnnnnnnnnnnno-177x300.png 177w, https:\/\/ccoo.app\/diputacio-de-barcelona\/wp-content\/blogs.dir\/6\/files\/sites\/186\/2018\/12\/nnnnnnnnnnnnnnno-604x1024.png 604w, https:\/\/ccoo.app\/diputacio-de-barcelona\/wp-content\/blogs.dir\/6\/files\/sites\/186\/2018\/12\/nnnnnnnnnnnnnnno-768x1301.png 768w, https:\/\/ccoo.app\/diputacio-de-barcelona\/wp-content\/blogs.dir\/6\/files\/sites\/186\/2018\/12\/nnnnnnnnnnnnnnno-906x1536.png 906w, https:\/\/ccoo.app\/diputacio-de-barcelona\/wp-content\/blogs.dir\/6\/files\/sites\/186\/2018\/12\/nnnnnnnnnnnnnnno.png 1169w\" sizes=\"auto, (max-width: 64px) 100vw, 64px\" \/><\/strong><\/span><\/p>\n<p><span style=\"font-family: arial, helvetica, sans-serif;color: #000000;font-size: 14pt\"><span style=\"color: #000000;font-family: arial, helvetica, sans-serif\"><span style=\"font-size: 14pt\"><b>\u00a0<\/b><\/span><\/span><\/span><\/p>\n<p style=\"text-align: justify\"><span style=\"font-family: arial, helvetica, sans-serif;color: #000000\">Si teniu m\u00e9s dubtes podeu fer-nos-ho saber, o b\u00e9 adre\u00e7ar-vos a la persona de refer\u00e8ncia a Minerva per al sistema de millores socials:<\/span><\/p>\n<p><img loading=\"lazy\" decoding=\"async\" class=\"wp-image-3259 aligncenter\" src=\"http:\/\/ccoo.app\/diputacio-de-barcelona\/wp-content\/blogs.dir\/6\/files\/sites\/186\/2019\/01\/eeeeeeeeeeeeeeeeeeeeeeeeeeeeeeeeeeeeeeeeeeeeeeeeeeeeeeeeeeeeeeeeeeeeeeeeew-300x38.png\" alt=\"\" width=\"711\" height=\"90\" srcset=\"https:\/\/ccoo.app\/diputacio-de-barcelona\/wp-content\/blogs.dir\/6\/files\/sites\/186\/2019\/01\/eeeeeeeeeeeeeeeeeeeeeeeeeeeeeeeeeeeeeeeeeeeeeeeeeeeeeeeeeeeeeeeeeeeeeeeeew-300x38.png 300w, https:\/\/ccoo.app\/diputacio-de-barcelona\/wp-content\/blogs.dir\/6\/files\/sites\/186\/2019\/01\/eeeeeeeeeeeeeeeeeeeeeeeeeeeeeeeeeeeeeeeeeeeeeeeeeeeeeeeeeeeeeeeeeeeeeeeeew-1024x131.png 1024w, https:\/\/ccoo.app\/diputacio-de-barcelona\/wp-content\/blogs.dir\/6\/files\/sites\/186\/2019\/01\/eeeeeeeeeeeeeeeeeeeeeeeeeeeeeeeeeeeeeeeeeeeeeeeeeeeeeeeeeeeeeeeeeeeeeeeeew.png 1029w\" sizes=\"auto, (max-width: 711px) 100vw, 711px\" \/><\/p>\n<p>&nbsp;<\/p>\n<p>&nbsp;<\/p>\n<p>&nbsp;<\/p>\n<p><span style=\"font-family: arial, helvetica, sans-serif;color: #000000;font-size: 14pt\"><span style=\"color: #000000;font-family: arial, helvetica, sans-serif\"><span style=\"font-size: 14pt\"><b>Cliqueu tamb\u00e9 sobre els <\/b><\/span><span style=\"font-size: 18.6667px\"><b>seg\u00fcents<\/b><\/span><span style=\"font-size: 14pt\"><b>\u00a0temes per ampliar la informaci\u00f3:<\/b><\/span><\/span><\/span><\/p>\n<p><a href=\"http:\/\/ccoo.app\/diputacio-de-barcelona\/wp-content\/blogs.dir\/6\/files\/sites\/186\/2018\/12\/1-tot-el-que-has-de-saber-sindicatura-de-comptes.pdf\"><img loading=\"lazy\" decoding=\"async\" class=\"wp-image-3007 aligncenter\" src=\"http:\/\/ccoo.app\/diputacio-de-barcelona\/wp-content\/blogs.dir\/6\/files\/sites\/186\/2018\/12\/xxxxxxxxxxxxxxxxxxxxxx-300x24.png\" alt=\"\" width=\"388\" height=\"31\" srcset=\"https:\/\/ccoo.app\/diputacio-de-barcelona\/wp-content\/blogs.dir\/6\/files\/sites\/186\/2018\/12\/xxxxxxxxxxxxxxxxxxxxxx-300x24.png 300w, https:\/\/ccoo.app\/diputacio-de-barcelona\/wp-content\/blogs.dir\/6\/files\/sites\/186\/2018\/12\/xxxxxxxxxxxxxxxxxxxxxx.png 671w\" sizes=\"auto, (max-width: 388px) 100vw, 388px\" \/><\/a><a href=\"https:\/\/diba.ccoo.cat\/premis-per-anys-de-servei-situacio-actual-de-la-negociacio-octubre-2018\/\"><img loading=\"lazy\" decoding=\"async\" class=\"wp-image-3008 aligncenter\" src=\"http:\/\/ccoo.app\/diputacio-de-barcelona\/wp-content\/blogs.dir\/6\/files\/sites\/186\/2018\/12\/vvvvvvvvvvvvvvv-300x28.png\" alt=\"\" width=\"386\" height=\"36\" srcset=\"https:\/\/ccoo.app\/diputacio-de-barcelona\/wp-content\/blogs.dir\/6\/files\/sites\/186\/2018\/12\/vvvvvvvvvvvvvvv-300x28.png 300w, https:\/\/ccoo.app\/diputacio-de-barcelona\/wp-content\/blogs.dir\/6\/files\/sites\/186\/2018\/12\/vvvvvvvvvvvvvvv.png 561w\" sizes=\"auto, (max-width: 386px) 100vw, 386px\" \/><\/a><a href=\"https:\/\/www.youtube.com\/watch?v=F9-292dd458\"><img loading=\"lazy\" decoding=\"async\" class=\"wp-image-3009 aligncenter\" src=\"http:\/\/ccoo.app\/diputacio-de-barcelona\/wp-content\/blogs.dir\/6\/files\/sites\/186\/2018\/12\/lllllllllllllllllllllllllllllllllllllllllllllllllllllllllllllllllllllllllllllll.png\" alt=\"\" width=\"267\" height=\"58\" \/><\/a><a href=\"https:\/\/diba.ccoo.cat\/wp-content\/uploads\/sites\/37\/2018\/04\/ESQUEMA-SECCI%C3%93-2018-2022.pdf\"><img loading=\"lazy\" decoding=\"async\" class=\"wp-image-3017 aligncenter\" src=\"http:\/\/ccoo.app\/diputacio-de-barcelona\/wp-content\/blogs.dir\/6\/files\/sites\/186\/2018\/12\/aaaaaaaaaaaaaaaaaaaaaaaaaaaaaaaaaaaaaaaaaaaaaaaaaaaaaaaaaaaaaaaaaaaaaaaaaaaaaa-300x21.png\" alt=\"\" width=\"414\" height=\"29\" srcset=\"https:\/\/ccoo.app\/diputacio-de-barcelona\/wp-content\/blogs.dir\/6\/files\/sites\/186\/2018\/12\/aaaaaaaaaaaaaaaaaaaaaaaaaaaaaaaaaaaaaaaaaaaaaaaaaaaaaaaaaaaaaaaaaaaaaaaaaaaaaa-300x21.png 300w, https:\/\/ccoo.app\/diputacio-de-barcelona\/wp-content\/blogs.dir\/6\/files\/sites\/186\/2018\/12\/aaaaaaaaaaaaaaaaaaaaaaaaaaaaaaaaaaaaaaaaaaaaaaaaaaaaaaaaaaaaaaaaaaaaaaaaaaaaaa.png 671w\" sizes=\"auto, (max-width: 414px) 100vw, 414px\" \/><\/a><\/p>\n<p>&nbsp;<\/p>\n<p><a href=\"https:\/\/transparencia.diba.cat\/acords-de-la-mesa-general-de-negociacio-2015-2019\"><img loading=\"lazy\" decoding=\"async\" class=\"wp-image-3042 aligncenter\" src=\"http:\/\/ccoo.app\/diputacio-de-barcelona\/wp-content\/blogs.dir\/6\/files\/sites\/186\/2018\/12\/logo-revindiquem-lluitem-arribem-acords-300x56.png\" alt=\"\" width=\"514\" height=\"96\" srcset=\"https:\/\/ccoo.app\/diputacio-de-barcelona\/wp-content\/blogs.dir\/6\/files\/sites\/186\/2018\/12\/logo-revindiquem-lluitem-arribem-acords-300x56.png 300w, https:\/\/ccoo.app\/diputacio-de-barcelona\/wp-content\/blogs.dir\/6\/files\/sites\/186\/2018\/12\/logo-revindiquem-lluitem-arribem-acords-768x145.png 768w, https:\/\/ccoo.app\/diputacio-de-barcelona\/wp-content\/blogs.dir\/6\/files\/sites\/186\/2018\/12\/logo-revindiquem-lluitem-arribem-acords.png 940w\" sizes=\"auto, (max-width: 514px) 100vw, 514px\" \/><\/a><\/p>\n<p>&nbsp;<\/p>\n<p><a href=\"https:\/\/diba.ccoo.cat\/tambe-a-la-diputacio-no-es-no\/\"><img loading=\"lazy\" decoding=\"async\" class=\"wp-image-3043 aligncenter\" src=\"http:\/\/ccoo.app\/diputacio-de-barcelona\/wp-content\/blogs.dir\/6\/files\/sites\/186\/2018\/12\/ffffffffffffffffffff-1-300x108.png\" alt=\"\" width=\"175\" height=\"63\" srcset=\"https:\/\/ccoo.app\/diputacio-de-barcelona\/wp-content\/blogs.dir\/6\/files\/sites\/186\/2018\/12\/ffffffffffffffffffff-1-300x108.png 300w, https:\/\/ccoo.app\/diputacio-de-barcelona\/wp-content\/blogs.dir\/6\/files\/sites\/186\/2018\/12\/ffffffffffffffffffff-1.png 686w\" sizes=\"auto, (max-width: 175px) 100vw, 175px\" \/><\/a><\/p>\n<p>&nbsp;<\/p>\n<p><a href=\"https:\/\/diba.ccoo.cat\/afiliat-al-sindicat-amb-mes-afiliacio-i-representacio-a-la-diputacio-de-barcelona\/\"><img loading=\"lazy\" decoding=\"async\" class=\"alignnone size-medium wp-image-2346\" src=\"http:\/\/ccoo.app\/diputacio-de-barcelona\/wp-content\/blogs.dir\/6\/files\/sites\/186\/2016\/05\/asasas-300x142-1-300x142.png\" alt=\"\" width=\"300\" height=\"142\" \/><\/a><\/p>\n<p><span style=\"font-family: arial, helvetica, sans-serif;color: #000000\"><strong>Horari d\u2019atenci\u00f3 CCOO DIBA: <\/strong><\/span><\/p>\n<p><span style=\"font-family: arial, helvetica, sans-serif;color: #000000\"><strong>CARRER MALLORCA, 244, 2on 3a<\/strong><\/span><\/p>\n<p><span style=\"font-family: arial, helvetica, sans-serif;color: #000000\"><strong>DE DILLUNS A DIVENDRES DE 8:30 A 16:30\u00a0\u00a0 <\/strong><span style=\"font-size: 10pt\"><strong>(FORA D\u2019AQUEST HORARI, AMB CITA PR\u00c8VIA)<\/strong><\/span><\/span><\/p>\n<p style=\"text-align: center\"><span style=\"font-size: 18pt\"><span style=\"font-family: arial, helvetica, sans-serif;color: #000000\"><strong>\u00a0<\/strong><\/span><span style=\"font-family: arial, helvetica, sans-serif\"><strong><small><span style=\"color: #000000\">Contacta&#8217;ns per tel\u00e8fon al 934 022 985 o correu:<\/span> <a href=\"mailto:ccoo@diba.cat\">ccoo@diba.cat<\/a><\/small> <\/strong><\/span><\/span><\/p>\n<p>&nbsp;<\/p>\n<p><a href=\"http:\/\/diba.ccoo.cat\/\"><img loading=\"lazy\" decoding=\"async\" class=\"wp-image-3263 alignleft\" src=\"http:\/\/ccoo.app\/diputacio-de-barcelona\/wp-content\/blogs.dir\/6\/files\/sites\/186\/2019\/01\/rrrrrrrrrrrrrrrrrrrrr-287x300.png\" alt=\"\" width=\"189\" height=\"198\" srcset=\"https:\/\/ccoo.app\/diputacio-de-barcelona\/wp-content\/blogs.dir\/6\/files\/sites\/186\/2019\/01\/rrrrrrrrrrrrrrrrrrrrr-287x300.png 287w, https:\/\/ccoo.app\/diputacio-de-barcelona\/wp-content\/blogs.dir\/6\/files\/sites\/186\/2019\/01\/rrrrrrrrrrrrrrrrrrrrr.png 550w\" sizes=\"auto, (max-width: 189px) 100vw, 189px\" \/><\/a><\/p>\n<p>&nbsp;<\/p>\n<p><img loading=\"lazy\" decoding=\"async\" class=\"alignnone size-medium wp-image-3266\" src=\"http:\/\/ccoo.app\/diputacio-de-barcelona\/wp-content\/blogs.dir\/6\/files\/sites\/186\/2019\/01\/yyyyyyyyyyyyyyyyyyyyyyyy-300x57.png\" alt=\"\" width=\"300\" height=\"57\" srcset=\"https:\/\/ccoo.app\/diputacio-de-barcelona\/wp-content\/blogs.dir\/6\/files\/sites\/186\/2019\/01\/yyyyyyyyyyyyyyyyyyyyyyyy-300x57.png 300w, https:\/\/ccoo.app\/diputacio-de-barcelona\/wp-content\/blogs.dir\/6\/files\/sites\/186\/2019\/01\/yyyyyyyyyyyyyyyyyyyyyyyy.png 578w\" sizes=\"auto, (max-width: 300px) 100vw, 300px\" \/><\/p>\n<p><img loading=\"lazy\" decoding=\"async\" class=\"alignleft\" src=\"https:\/\/www.educapeques.com\/wp-content\/uploads\/2016\/04\/descargar-whatsapp.png\" alt=\"Resultado de imagen de whatsapp\" width=\"64\" height=\"50\" \/><a href=\"https:\/\/www.facebook.com\/CcooDiputacioDeBarcelona\/\"><img loading=\"lazy\" decoding=\"async\" class=\"alignleft\" src=\"https:\/\/upload.wikimedia.org\/wikipedia\/commons\/thumb\/7\/7c\/Facebook_New_Logo_%282015%29.svg\/2000px-Facebook_New_Logo_%282015%29.svg.png\" alt=\"Resultado de imagen de facebook\" width=\"122\" height=\"46\" \/><\/a><a href=\"https:\/\/twitter.com\/CCOODiba\"><img loading=\"lazy\" decoding=\"async\" class=\"alignleft\" src=\"http:\/\/www.mysocialaccounts.com\/wp-content\/uploads\/2017\/04\/twitter.jpg\" alt=\"Resultado de imagen de twitter\" width=\"44\" height=\"44\" \/><\/a>\u00a0\u00a0 \u00a0<a href=\"https:\/\/www.youtube.com\/channel\/UCFzenkS75udEcs4pB4qoZsg\"><img loading=\"lazy\" decoding=\"async\" class=\"alignleft\" src=\"https:\/\/i.kinja-img.com\/gawker-media\/image\/upload\/s--heVex4FV--\/c_scale,fl_progressive,q_80,w_800\/pol5zfmalpqmpt1jcnbp.png\" alt=\"Resultado de imagen de youtube\" width=\"117\" height=\"50\" \/><\/a><\/p>\n<p>&nbsp;<\/p>\n<p>&nbsp;<\/p>\n<p>&nbsp;<\/p>\n<p>&nbsp;    \t<\/p>\n","protected":false},"excerpt":{"rendered":"<p>\u00a0 \u00a0 \u00a0 \u00a0 \u00a0 \u00a0 \u00a0 \u00a0 \u00a0 \u00a0 \u00a0 \u00a0 \u00a0 \u00a0 \u00a0 \u00a0 ACLARIMENTS RESPECTE AL NOU\u00a0ACORD DEFINITIU DE \u201cMILLORA SOCIAL PER EDAT\u201d. &nbsp; &nbsp; RESPOSTES A &#8230; <\/p>\n<p class=\"read-more-container\"><a title=\"ACLARIMENTS RESPECTE AL NOU\u00a0ACORD DEFINITIU DE \u201cMILLORA SOCIAL PER EDAT\u201d.\" class=\"read-more button\" href=\"https:\/\/ccoo.app\/diputacio-de-barcelona\/actualitzacio-respecte-al-nou-acord-definitiu-de-millora-social-per-edat\/#more-3240\" aria-label=\"Leer m\u00e1s sobre ACLARIMENTS RESPECTE AL NOU\u00a0ACORD DEFINITIU DE \u201cMILLORA SOCIAL PER EDAT\u201d.\">Continuar llegint<\/a><\/p>\n","protected":false},"author":4519,"featured_media":3281,"comment_status":"open","ping_status":"open","sticky":false,"template":"","format":"standard","meta":{"footnotes":""},"categories":[19,26,27,31,32],"tags":[105,148],"class_list":["post-3240","post","type-post","status-publish","format-standard","has-post-thumbnail","hentry","category-comunicats","category-mgn","category-millores-socials","category-personal-interi-comunicats","category-premis","tag-els-nostres-drets-no-es-suspenen-es-defensen","tag-mesa-general-negociacio","generate-columns","tablet-grid-50","mobile-grid-100","grid-parent","grid-50"],"_links":{"self":[{"href":"https:\/\/ccoo.app\/diputacio-de-barcelona\/wp-json\/wp\/v2\/posts\/3240","targetHints":{"allow":["GET"]}}],"collection":[{"href":"https:\/\/ccoo.app\/diputacio-de-barcelona\/wp-json\/wp\/v2\/posts"}],"about":[{"href":"https:\/\/ccoo.app\/diputacio-de-barcelona\/wp-json\/wp\/v2\/types\/post"}],"author":[{"embeddable":true,"href":"https:\/\/ccoo.app\/diputacio-de-barcelona\/wp-json\/wp\/v2\/users\/4519"}],"replies":[{"embeddable":true,"href":"https:\/\/ccoo.app\/diputacio-de-barcelona\/wp-json\/wp\/v2\/comments?post=3240"}],"version-history":[{"count":1,"href":"https:\/\/ccoo.app\/diputacio-de-barcelona\/wp-json\/wp\/v2\/posts\/3240\/revisions"}],"predecessor-version":[{"id":52068,"href":"https:\/\/ccoo.app\/diputacio-de-barcelona\/wp-json\/wp\/v2\/posts\/3240\/revisions\/52068"}],"wp:featuredmedia":[{"embeddable":true,"href":"https:\/\/ccoo.app\/diputacio-de-barcelona\/wp-json\/wp\/v2\/media\/3281"}],"wp:attachment":[{"href":"https:\/\/ccoo.app\/diputacio-de-barcelona\/wp-json\/wp\/v2\/media?parent=3240"}],"wp:term":[{"taxonomy":"category","embeddable":true,"href":"https:\/\/ccoo.app\/diputacio-de-barcelona\/wp-json\/wp\/v2\/categories?post=3240"},{"taxonomy":"post_tag","embeddable":true,"href":"https:\/\/ccoo.app\/diputacio-de-barcelona\/wp-json\/wp\/v2\/tags?post=3240"}],"curies":[{"name":"wp","href":"https:\/\/api.w.org\/{rel}","templated":true}]}}