{"id":3219,"date":"2018-12-24T09:59:20","date_gmt":"2018-12-24T08:59:20","guid":{"rendered":"https:\/\/diba.ccoo.cat\/?p=3219"},"modified":"2023-02-22T19:06:30","modified_gmt":"2023-02-22T18:06:30","slug":"bon-nadal-i-felic-any-2019","status":"publish","type":"post","link":"https:\/\/ccoo.app\/diputacio-de-barcelona\/bon-nadal-i-felic-any-2019\/","title":{"rendered":"BON NADAL I FELI\u00c7 ANY 2019"},"content":{"rendered":"<p class=\"wp-caption-text\"><img loading=\"lazy\" decoding=\"async\" class=\"alignnone wp-image-1853\" src=\"http:\/\/ccoo.app\/diputacio-de-barcelona\/wp-content\/blogs.dir\/6\/files\/sites\/186\/2018\/01\/logoccoov18.jpg\" alt=\"\" width=\"137\" height=\"63\" \/><\/p>\n<p class=\"wp-caption-text\"><span style=\"font-family: 'arial black', sans-serif;font-size: 12pt;color: #000000\">24.12.2018\u00a0<\/span><\/p>\n<p><img loading=\"lazy\" decoding=\"async\" class=\"wp-image-3221 aligncenter\" src=\"http:\/\/ccoo.app\/diputacio-de-barcelona\/wp-content\/blogs.dir\/6\/files\/sites\/186\/2018\/12\/eeeeeeeeeeeeeeeeeeeeeeeeeeeeeeeeee-293x300.png\" alt=\"\" width=\"375\" height=\"384\" srcset=\"https:\/\/ccoo.app\/diputacio-de-barcelona\/wp-content\/blogs.dir\/6\/files\/sites\/186\/2018\/12\/eeeeeeeeeeeeeeeeeeeeeeeeeeeeeeeeee-293x300.png 293w, https:\/\/ccoo.app\/diputacio-de-barcelona\/wp-content\/blogs.dir\/6\/files\/sites\/186\/2018\/12\/eeeeeeeeeeeeeeeeeeeeeeeeeeeeeeeeee.png 645w\" sizes=\"auto, (max-width: 375px) 100vw, 375px\" \/><\/p>\n<p><a href=\"https:\/\/www.youtube.com\/watch?v=eXH8ymsDYu0\"><img loading=\"lazy\" decoding=\"async\" class=\"size-full wp-image-3222 aligncenter\" src=\"http:\/\/ccoo.app\/diputacio-de-barcelona\/wp-content\/blogs.dir\/6\/files\/sites\/186\/2018\/12\/wwwwwwwwwwwwwwwwwwwwwww.jpg\" alt=\"\" width=\"212\" height=\"60\" \/><\/a><\/p>\n<p>&nbsp;<\/p>\n<p style=\"text-align: justify\"><span style=\"font-family: arial, helvetica, sans-serif;font-size: 14pt;color: #000000\"><strong>L\u2019any 2018<\/strong> hem superat molts entrebancs a la Diputaci\u00f3.<\/span><\/p>\n<p style=\"text-align: justify\"><span style=\"font-family: arial, helvetica, sans-serif;font-size: 14pt;color: #000000\">Sabem que encara queda molt per fer&#8230;<\/span><\/p>\n<p style=\"text-align: justify\"><span style=\"font-family: arial, helvetica, sans-serif;font-size: 14pt;color: #000000\"><strong>Al 2019<\/strong> tornarem amb m\u00e9s for\u00e7a per seguir lluitant i aconseguint millores en les nostres condicions de treball.<\/span><\/p>\n<p style=\"text-align: justify\"><span style=\"font-family: arial, helvetica, sans-serif;font-size: 14pt;color: #000000\"><strong>Somia-ho, desitja-ho. Fes-ho!<\/strong><\/span><\/p>\n<p><img loading=\"lazy\" decoding=\"async\" class=\" wp-image-3220 aligncenter\" src=\"http:\/\/ccoo.app\/diputacio-de-barcelona\/wp-content\/blogs.dir\/6\/files\/sites\/186\/2018\/12\/nnnnnnnnnnnnnnno-177x300.png\" alt=\"\" width=\"122\" height=\"207\" srcset=\"https:\/\/ccoo.app\/diputacio-de-barcelona\/wp-content\/blogs.dir\/6\/files\/sites\/186\/2018\/12\/nnnnnnnnnnnnnnno-177x300.png 177w, https:\/\/ccoo.app\/diputacio-de-barcelona\/wp-content\/blogs.dir\/6\/files\/sites\/186\/2018\/12\/nnnnnnnnnnnnnnno-604x1024.png 604w, https:\/\/ccoo.app\/diputacio-de-barcelona\/wp-content\/blogs.dir\/6\/files\/sites\/186\/2018\/12\/nnnnnnnnnnnnnnno-768x1301.png 768w, https:\/\/ccoo.app\/diputacio-de-barcelona\/wp-content\/blogs.dir\/6\/files\/sites\/186\/2018\/12\/nnnnnnnnnnnnnnno-906x1536.png 906w, https:\/\/ccoo.app\/diputacio-de-barcelona\/wp-content\/blogs.dir\/6\/files\/sites\/186\/2018\/12\/nnnnnnnnnnnnnnno.png 1169w\" sizes=\"auto, (max-width: 122px) 100vw, 122px\" \/><\/p>\n<p><a href=\"https:\/\/afiliat.ccoo.cat\/\"><img loading=\"lazy\" decoding=\"async\" class=\"alignnone wp-image-2820\" src=\"http:\/\/ccoo.app\/diputacio-de-barcelona\/wp-content\/blogs.dir\/6\/files\/sites\/186\/2018\/11\/jjjjjjjjjjjjjjjjjjjjjjjj.png\" alt=\"\" width=\"185\" height=\"76\" \/><\/a><\/p>\n<p><span style=\"font-family: 'arial black', sans-serif;font-size: 14pt;color: #0000ff\">QUOTES MENSUALS D&#8217;AFILIACI\u00d3.<\/span><\/p>\n<ul>\n<li><span style=\"font-size: 14pt;font-family: arial, helvetica, sans-serif;color: #000000\">Ordin\u00e0ria (salari superior a 23.283 \u20ac bruts): <span style=\"text-decoration: underline\"><strong>12,60 \u20ac<\/strong><\/span><\/span><\/li>\n<li><span style=\"font-size: 14pt;font-family: arial, helvetica, sans-serif;color: #000000\">Redu\u00efda (salari entre 13.375 &#8211; 23.283 \u20ac bruts): 11,50\u00a0<\/span><\/li>\n<\/ul>\n<p>&nbsp;<\/p>\n<p><span style=\"font-family: arial, helvetica, sans-serif;font-size: 14pt;color: #000000\">Qui som CCOO diba? Com ens organitzem? Cliqueu sobre la seg\u00fcent imatge:<\/span><\/p>\n<p><a href=\"https:\/\/diba.ccoo.cat\/wp-content\/uploads\/sites\/37\/2018\/07\/ESQUEMA-SECCI%C3%93-2018-2022.pdf\"><img loading=\"lazy\" decoding=\"async\" class=\"wp-image-2462 alignleft\" src=\"http:\/\/ccoo.app\/diputacio-de-barcelona\/wp-content\/blogs.dir\/6\/files\/sites\/186\/2018\/07\/fffffffff-300x212.png\" alt=\"\" width=\"405\" height=\"286\" srcset=\"https:\/\/ccoo.app\/diputacio-de-barcelona\/wp-content\/blogs.dir\/6\/files\/sites\/186\/2018\/07\/fffffffff-300x212.png 300w, https:\/\/ccoo.app\/diputacio-de-barcelona\/wp-content\/blogs.dir\/6\/files\/sites\/186\/2018\/07\/fffffffff-1024x724.png 1024w, https:\/\/ccoo.app\/diputacio-de-barcelona\/wp-content\/blogs.dir\/6\/files\/sites\/186\/2018\/07\/fffffffff-768x543.png 768w, https:\/\/ccoo.app\/diputacio-de-barcelona\/wp-content\/blogs.dir\/6\/files\/sites\/186\/2018\/07\/fffffffff.png 1117w\" sizes=\"auto, (max-width: 405px) 100vw, 405px\" \/><\/a><\/p>\n<p>&nbsp;<\/p>\n<p>&nbsp;<\/p>\n<p>&nbsp;<\/p>\n<p>&nbsp;<\/p>\n<p>&nbsp;<\/p>\n<p>&nbsp;<\/p>\n<p>&nbsp;<\/p>\n<p>&nbsp;<\/p>\n<p>&nbsp;<\/p>\n<p><a href=\"https:\/\/diba.ccoo.cat\/raons-per-afiliar-te\/\"><span style=\"font-family: 'arial black', sans-serif;color: #0000ff;font-size: 18pt\"><span style=\"color: #ff6600\">Cliqueu aqui per con\u00e8ixer raons per afiliar-se.<\/span><\/span><\/a><\/p>\n<p>&nbsp;<\/p>\n<p>&nbsp;<\/p>\n<p><span style=\"font-family: 'arial black', sans-serif;color: #0000ff\"><strong>Horari especial d\u2019atenci\u00f3 CCOO DIBA durant les festes de nadal: <\/strong><\/span><\/p>\n<p><span style=\"font-family: 'arial black', sans-serif;color: #0000ff\"><strong>CARRER MALLORCA, 244, 2on 3a<\/strong><\/span><\/p>\n<p><span style=\"font-family: 'arial black', sans-serif;color: #0000ff\"><strong>DE DILLUNS A DIVENDRES DE 8:30 A 15:00\u00a0\u00a0\u00a0<\/strong><\/span><\/p>\n<p style=\"text-align: center\"><span style=\"font-size: 18pt\"><span style=\"font-family: 'arial black', sans-serif;color: #0000ff\"><strong>\u00a0<\/strong><\/span><span style=\"font-family: arial, helvetica, sans-serif\"><strong><small><span style=\"color: #0000ff;font-family: 'arial black', sans-serif\">Contacta&#8217;ns per tel\u00e8fon 934 022 985 o correu:<\/span> <a href=\"mailto:ccoo@diba.cat\">ccoo@diba.cat<\/a><\/small> <\/strong><\/span><\/span><\/p>\n<p><strong>\u00a0<\/strong><\/p>\n<p><a href=\"https:\/\/twitter.com\/CCOODiba\"><img loading=\"lazy\" decoding=\"async\" class=\"alignleft\" src=\"http:\/\/www.mysocialaccounts.com\/wp-content\/uploads\/2017\/04\/twitter.jpg\" alt=\"Resultado de imagen de twitter\" width=\"44\" height=\"44\" \/><\/a>\u00a0 \u00a0\u00a0<a href=\"http:\/\/diba.ccoo.cat\/\"><img loading=\"lazy\" decoding=\"async\" class=\"\" src=\"https:\/\/encrypted-tbn0.gstatic.com\/images?q=tbn:ANd9GcS98Z75qmWgKpehEkfwdWrInKdK65A-jf2SgkGvuU4oy_fPYt9q\" alt=\"Imagen relacionada\" width=\"52\" height=\"53\" \/><\/a><a href=\"https:\/\/www.facebook.com\/CcooDiputacioDeBarcelona\/\"><img loading=\"lazy\" decoding=\"async\" class=\"alignleft\" src=\"https:\/\/upload.wikimedia.org\/wikipedia\/commons\/thumb\/7\/7c\/Facebook_New_Logo_%282015%29.svg\/2000px-Facebook_New_Logo_%282015%29.svg.png\" alt=\"Resultado de imagen de facebook\" width=\"122\" height=\"46\" \/><\/a><a href=\"https:\/\/www.youtube.com\/channel\/UCFzenkS75udEcs4pB4qoZsg\"><img loading=\"lazy\" decoding=\"async\" class=\"alignleft\" src=\"https:\/\/i.kinja-img.com\/gawker-media\/image\/upload\/s--heVex4FV--\/c_scale,fl_progressive,q_80,w_800\/pol5zfmalpqmpt1jcnbp.png\" alt=\"Resultado de imagen de youtube\" width=\"117\" height=\"50\" \/><\/a><img loading=\"lazy\" decoding=\"async\" class=\"alignleft\" src=\"https:\/\/www.educapeques.com\/wp-content\/uploads\/2016\/04\/descargar-whatsapp.png\" alt=\"Resultado de imagen de whatsapp\" width=\"64\" height=\"50\" \/><\/p>\n<p>&nbsp;<\/p>\n<p>&nbsp;<\/p>\n<p>&nbsp;<\/p>\n<p>&nbsp;<\/p>\n<p>&nbsp;<\/p>\n<p>&nbsp;<\/p>\n<p>&nbsp;<\/p>\n<p>&nbsp;<\/p>\n<p><img loading=\"lazy\" decoding=\"async\" class=\"wp-image-262 alignright\" src=\"http:\/\/ccoo.app\/diputacio-de-barcelona\/wp-content\/blogs.dir\/6\/files\/sites\/186\/2016\/04\/afiliat_ccoo_cat.gif\" alt=\"Tota la informaci\u00f3 de com afiliar-se a CCOO Catalunya i forlmulari d'alta o baxia.\" width=\"90\" height=\"80\" \/><\/p>\n<p>&nbsp;<\/p>\n<p>&nbsp;<\/p>\n<p>&nbsp;<\/p>\n<p>&nbsp;<\/p>\n<p>&nbsp;    \t<\/p>\n","protected":false},"excerpt":{"rendered":"<p>24.12.2018\u00a0 &nbsp; L\u2019any 2018 hem superat molts entrebancs a la Diputaci\u00f3. Sabem que encara queda molt per fer&#8230; Al 2019 tornarem amb m\u00e9s for\u00e7a per seguir lluitant i aconseguint millores &#8230; <\/p>\n<p class=\"read-more-container\"><a title=\"BON NADAL I FELI\u00c7 ANY 2019\" class=\"read-more button\" href=\"https:\/\/ccoo.app\/diputacio-de-barcelona\/bon-nadal-i-felic-any-2019\/#more-3219\" aria-label=\"Leer m\u00e1s sobre BON NADAL I FELI\u00c7 ANY 2019\">Continuar llegint<\/a><\/p>\n","protected":false},"author":4519,"featured_media":3221,"comment_status":"open","ping_status":"open","sticky":false,"template":"","format":"standard","meta":{"footnotes":""},"categories":[38,14,19],"tags":[],"class_list":["post-3219","post","type-post","status-publish","format-standard","has-post-thumbnail","hentry","category-a-tot-el-personal","category-afiliacio-ccoo-diba","category-comunicats","generate-columns","tablet-grid-50","mobile-grid-100","grid-parent","grid-50"],"_links":{"self":[{"href":"https:\/\/ccoo.app\/diputacio-de-barcelona\/wp-json\/wp\/v2\/posts\/3219","targetHints":{"allow":["GET"]}}],"collection":[{"href":"https:\/\/ccoo.app\/diputacio-de-barcelona\/wp-json\/wp\/v2\/posts"}],"about":[{"href":"https:\/\/ccoo.app\/diputacio-de-barcelona\/wp-json\/wp\/v2\/types\/post"}],"author":[{"embeddable":true,"href":"https:\/\/ccoo.app\/diputacio-de-barcelona\/wp-json\/wp\/v2\/users\/4519"}],"replies":[{"embeddable":true,"href":"https:\/\/ccoo.app\/diputacio-de-barcelona\/wp-json\/wp\/v2\/comments?post=3219"}],"version-history":[{"count":1,"href":"https:\/\/ccoo.app\/diputacio-de-barcelona\/wp-json\/wp\/v2\/posts\/3219\/revisions"}],"predecessor-version":[{"id":52070,"href":"https:\/\/ccoo.app\/diputacio-de-barcelona\/wp-json\/wp\/v2\/posts\/3219\/revisions\/52070"}],"wp:featuredmedia":[{"embeddable":true,"href":"https:\/\/ccoo.app\/diputacio-de-barcelona\/wp-json\/wp\/v2\/media\/3221"}],"wp:attachment":[{"href":"https:\/\/ccoo.app\/diputacio-de-barcelona\/wp-json\/wp\/v2\/media?parent=3219"}],"wp:term":[{"taxonomy":"category","embeddable":true,"href":"https:\/\/ccoo.app\/diputacio-de-barcelona\/wp-json\/wp\/v2\/categories?post=3219"},{"taxonomy":"post_tag","embeddable":true,"href":"https:\/\/ccoo.app\/diputacio-de-barcelona\/wp-json\/wp\/v2\/tags?post=3219"}],"curies":[{"name":"wp","href":"https:\/\/api.w.org\/{rel}","templated":true}]}}