{"id":3195,"date":"2018-12-21T11:38:51","date_gmt":"2018-12-21T10:38:51","guid":{"rendered":"https:\/\/diba.ccoo.cat\/?p=3195"},"modified":"2023-02-22T19:08:02","modified_gmt":"2023-02-22T18:08:02","slug":"resolucio-convocatoria-borses-auxiliar-educadores-i-geriatria","status":"publish","type":"post","link":"https:\/\/ccoo.app\/diputacio-de-barcelona\/resolucio-convocatoria-borses-auxiliar-educadores-i-geriatria\/","title":{"rendered":"RESOLUCI\u00d3 CONVOCAT\u00d2RIA BORSES AUXILIAR EDUCADORES I GERIATRIA"},"content":{"rendered":"<p class=\"wp-caption-text\"><img loading=\"lazy\" decoding=\"async\" class=\"alignnone wp-image-1853\" src=\"http:\/\/ccoo.app\/diputacio-de-barcelona\/wp-content\/blogs.dir\/6\/files\/sites\/186\/2018\/01\/logoccoov18.jpg\" alt=\"\" width=\"137\" height=\"63\" \/>\u00a0 \u00a0<a href=\"https:\/\/diba.ccoo.cat\/wp-content\/uploads\/sites\/37\/2018\/12\/RESOLUCI%C3%93-BORSES-AXU-EDUCADORES-I-GERIATRIA.pdf\"><img loading=\"lazy\" decoding=\"async\" class=\" wp-image-2113 alignnone\" src=\"http:\/\/ccoo.app\/diputacio-de-barcelona\/wp-content\/blogs.dir\/6\/files\/sites\/186\/2018\/04\/22-300x172.png\" alt=\"\" width=\"170\" height=\"98\" srcset=\"https:\/\/ccoo.app\/diputacio-de-barcelona\/wp-content\/blogs.dir\/6\/files\/sites\/186\/2018\/04\/22-300x172.png 300w, https:\/\/ccoo.app\/diputacio-de-barcelona\/wp-content\/blogs.dir\/6\/files\/sites\/186\/2018\/04\/22.png 327w\" sizes=\"auto, (max-width: 170px) 100vw, 170px\" \/><\/a><\/p>\n<p class=\"wp-caption-text\"><span style=\"font-family: 'arial black', sans-serif;font-size: 12pt;color: #000000\">21.12.2018\u00a0<\/span><\/p>\n<p><span style=\"font-family: 'arial black', sans-serif;font-size: 14pt;color: #0000ff\">RESOLUCI\u00d3 CONVOCAT\u00d2RIA BORSES AUXILIAR EDUCADORES I GERIATRIA<\/span><\/p>\n<h3><\/h3>\n<h3><span style=\"font-family: arial, helvetica, sans-serif;font-size: 12pt;color: #000000\">Ja s\u2019ha publicat els resultats de les seg\u00fcents convocat\u00f2ries:<\/span><\/h3>\n<h3>\u00b7\u00a0\u00a0\u00a0\u00a0\u00a0\u00a0\u00a0\u00a0<span style=\"color: #000000\"> S-19\/17 Auxiliar educador\/a<\/span> <span style=\"color: #0000ff\"><a style=\"color: #0000ff\" href=\"https:\/\/www.diba.cat\/es\/web\/seleccio\/resultatssl1917\">https:\/\/www.diba.cat\/es\/web\/seleccio\/resultatssl1917<\/a><\/span><\/h3>\n<h3>\u00b7\u00a0\u00a0\u00a0\u00a0\u00a0\u00a0\u00a0\u00a0 <span style=\"color: #000000\">S-18\/17 Auxiliar de geriatria<\/span> <span style=\"color: #0000ff\"><a style=\"color: #0000ff\" href=\"https:\/\/www.diba.cat\/es\/web\/seleccio\/resultatssl1817\">https:\/\/www.diba.cat\/es\/web\/seleccio\/resultatssl1817<\/a><\/span><\/h3>\n<h3><\/h3>\n<p>&nbsp;<\/p>\n<h3><span style=\"font-family: arial, helvetica, sans-serif;font-size: 12pt;color: #000000\">Moltes persones ens pregunteu per la valoraci\u00f3 de m\u00e8rits: podeu demanar una revisi\u00f3 dels criteris aplicats pel tribunal via inst\u00e0ncia al registre, ja sigui telem\u00e0tica o presencial:<\/span><\/h3>\n<ul>\n<li>\u00a0<span style=\"font-size: 12pt\"><strong>\u00a0<a href=\"https:\/\/www.diba.cat\/web\/registre\">https:\/\/www.diba.cat\/web\/registre<\/a><\/strong><\/span><\/li>\n<li><span style=\"font-size: 12pt\"><strong>\u00a0\u00a0<a href=\"https:\/\/seuelectronica.diba.cat\/fitxers\/sol_licitud-general\/catala\/TRC_037.pdf\">https:\/\/seuelectronica.diba.cat\/fitxers\/sol_licitud-general\/catala\/TRC_037.pdf<\/a><\/strong><\/span><\/li>\n<\/ul>\n<h3><\/h3>\n<h3><span style=\"font-family: arial, helvetica, sans-serif;font-size: 12pt;color: #000000\">Recordeu que presencialment nom\u00e9s resta operatiu el Registre de Can Serra (Rambla de Catalunya, 126, amb l\u2019horari: de dilluns a divendres, de 8:30 a 14:30 h. Dissabte tancat).<\/span><\/h3>\n<p>&nbsp;<\/p>\n<p><span style=\"color: #0000ff;font-family: 'arial black', sans-serif;font-size: 14pt\">CLIQUEU<\/span><b style=\"color: #000000;font-family: arial, helvetica, sans-serif;font-size: 12pt\"> sobre la <\/b><span style=\"color: #000000;font-family: arial, helvetica, sans-serif\"><b>convocat\u00f2ria<\/b><\/span><b style=\"color: #000000;font-family: arial, helvetica, sans-serif;font-size: 12pt\">\u00a0per trobar un model per presentar una reclamaci\u00f3:<\/b><\/p>\n<p>&nbsp;<\/p>\n<ul>\n<li><span style=\"color: #0000ff\"><strong><span style=\"font-family: 'arial black', sans-serif;font-size: 14pt\"><a style=\"color: #0000ff\" href=\"https:\/\/diba.ccoo.cat\/wp-content\/uploads\/sites\/37\/2018\/12\/model-RECLAMACI%C3%93-M%C3%88RITS-BORSA-AUX-EDUCADORA-pdf.pdf\">S-19\/17 Auxiliar educador\/a<\/a>\u00a0<\/span><\/strong><\/span><\/li>\n<\/ul>\n<p>&nbsp;<\/p>\n<ul>\n<li><span style=\"color: #0000ff\"><a style=\"color: #0000ff\" href=\"https:\/\/diba.ccoo.cat\/wp-content\/uploads\/sites\/37\/2018\/12\/model-RECLAMACI%C3%93-M%C3%88RITS-BORSA-AUX-GERIATRIA-pdf.pdf\"><strong><span style=\"font-family: 'arial black', sans-serif;font-size: 14pt\">S-18\/17 Auxiliar de geriatria<\/span><\/strong><\/a><\/span><\/li>\n<\/ul>\n<p>&nbsp;<\/p>\n<p><span style=\"font-family: arial, helvetica, sans-serif;color: #000000\">En cas que no estigueu d\u2019acord amb l\u2019explicaci\u00f3 que us donen i\/o no accedeixen a fer-vos la revisi\u00f3, teniu un mes per interposar el pertinent recurs d&#8217;al\u00e7ada davant el President de la Corporaci\u00f3.<\/span><\/p>\n<p>&nbsp;<\/p>\n<p style=\"text-align: justify\"><a href=\"https:\/\/diba.ccoo.cat\/a-respir-exigim-millores-en-les-nostres-condicions-de-treball\/\"><img loading=\"lazy\" decoding=\"async\" class=\"wp-image-3205 aligncenter\" src=\"http:\/\/ccoo.app\/diputacio-de-barcelona\/wp-content\/blogs.dir\/6\/files\/sites\/186\/2018\/12\/lllllllllllllllllllllllllllllllllllllllllllllllllllllll-300x77.png\" alt=\"\" width=\"378\" height=\"97\" srcset=\"https:\/\/ccoo.app\/diputacio-de-barcelona\/wp-content\/blogs.dir\/6\/files\/sites\/186\/2018\/12\/lllllllllllllllllllllllllllllllllllllllllllllllllllllll-300x77.png 300w, https:\/\/ccoo.app\/diputacio-de-barcelona\/wp-content\/blogs.dir\/6\/files\/sites\/186\/2018\/12\/lllllllllllllllllllllllllllllllllllllllllllllllllllllll.png 474w\" sizes=\"auto, (max-width: 378px) 100vw, 378px\" \/><\/a><\/p>\n<p>&nbsp;<\/p>\n<p><span style=\"font-family: arial, helvetica, sans-serif;color: #000000\">.<\/span><\/p>\n<p>&nbsp;<\/p>\n<p>&nbsp;<\/p>\n<p>&nbsp;<\/p>\n<p>&nbsp;<\/p>\n<p>&nbsp;<\/p>\n<p>&nbsp;<\/p>\n<p>&nbsp;<\/p>\n<p><strong>\u00a0<\/strong><\/p>\n<p>&nbsp;<\/p>\n<p>&nbsp;<\/p>\n<p><a href=\"https:\/\/diba.ccoo.cat\/afiliat-al-sindicat-amb-mes-afiliacio-i-representacio-a-la-diputacio-de-barcelona\/\"><span style=\"font-family: arial, helvetica, sans-serif;color: #000000\"><strong><img loading=\"lazy\" decoding=\"async\" class=\"wp-image-2304 alignleft\" src=\"http:\/\/ccoo.app\/diputacio-de-barcelona\/wp-content\/blogs.dir\/6\/files\/sites\/186\/2018\/05\/asasas-300x142.png\" alt=\"\" width=\"218\" height=\"103\" srcset=\"https:\/\/ccoo.app\/diputacio-de-barcelona\/wp-content\/blogs.dir\/6\/files\/sites\/186\/2018\/05\/asasas-300x142.png 300w, https:\/\/ccoo.app\/diputacio-de-barcelona\/wp-content\/blogs.dir\/6\/files\/sites\/186\/2018\/05\/asasas.png 318w\" sizes=\"auto, (max-width: 218px) 100vw, 218px\" \/><\/strong><\/span><\/a><\/p>\n<p><span style=\"font-family: 'arial black', sans-serif;color: #0000ff\"><strong>Horari d\u2019atenci\u00f3 CCOO DIBA: <\/strong><\/span><\/p>\n<p><span style=\"font-family: 'arial black', sans-serif;color: #0000ff\"><strong>CARRER MALLORCA, 244, 2on 3a<\/strong><\/span><\/p>\n<p><span style=\"font-family: 'arial black', sans-serif;color: #0000ff\"><strong>DE DILLUNS A DIVENDRES DE 8:30 A 16:30\u00a0\u00a0 <\/strong><span style=\"font-size: 10pt\"><strong>(FORA D\u2019AQUEST HORARI AMB CITA PR\u00c8VIA)<\/strong><\/span><\/span><\/p>\n<p style=\"text-align: center\"><span style=\"font-size: 18pt\"><span style=\"font-family: 'arial black', sans-serif;color: #0000ff\"><strong>\u00a0<\/strong><\/span><span style=\"font-family: arial, helvetica, sans-serif\"><strong><small><span style=\"color: #0000ff;font-family: 'arial black', sans-serif\">Contacta&#8217;ns per tel\u00e8fon 934 022 985 o correu:<\/span> <a href=\"mailto:ccoo@diba.cat\">ccoo@diba.cat<\/a><\/small> <\/strong><\/span><\/span><\/p>\n<p><strong>\u00a0<\/strong><\/p>\n<p><a href=\"https:\/\/twitter.com\/CCOODiba\"><img loading=\"lazy\" decoding=\"async\" class=\"alignleft\" src=\"http:\/\/www.mysocialaccounts.com\/wp-content\/uploads\/2017\/04\/twitter.jpg\" alt=\"Resultado de imagen de twitter\" width=\"44\" height=\"44\" \/><\/a>\u00a0 \u00a0\u00a0<a href=\"http:\/\/diba.ccoo.cat\/\"><img loading=\"lazy\" decoding=\"async\" class=\"\" src=\"https:\/\/encrypted-tbn0.gstatic.com\/images?q=tbn:ANd9GcS98Z75qmWgKpehEkfwdWrInKdK65A-jf2SgkGvuU4oy_fPYt9q\" alt=\"Imagen relacionada\" width=\"52\" height=\"53\" \/><\/a><a href=\"https:\/\/www.facebook.com\/CcooDiputacioDeBarcelona\/\"><img loading=\"lazy\" decoding=\"async\" class=\"alignleft\" src=\"https:\/\/upload.wikimedia.org\/wikipedia\/commons\/thumb\/7\/7c\/Facebook_New_Logo_%282015%29.svg\/2000px-Facebook_New_Logo_%282015%29.svg.png\" alt=\"Resultado de imagen de facebook\" width=\"122\" height=\"46\" \/><\/a><a href=\"https:\/\/www.youtube.com\/channel\/UCFzenkS75udEcs4pB4qoZsg\"><img loading=\"lazy\" decoding=\"async\" class=\"alignleft\" src=\"https:\/\/i.kinja-img.com\/gawker-media\/image\/upload\/s--heVex4FV--\/c_scale,fl_progressive,q_80,w_800\/pol5zfmalpqmpt1jcnbp.png\" alt=\"Resultado de imagen de youtube\" width=\"117\" height=\"50\" \/><\/a><img loading=\"lazy\" decoding=\"async\" class=\"alignleft\" src=\"https:\/\/www.educapeques.com\/wp-content\/uploads\/2016\/04\/descargar-whatsapp.png\" alt=\"Resultado de imagen de whatsapp\" width=\"64\" height=\"50\" \/><\/p>\n<p>&nbsp;<\/p>\n<p>&nbsp;<\/p>\n<p>&nbsp;<\/p>\n<p>&nbsp;<\/p>\n<p>&nbsp;<\/p>\n<p>&nbsp;<\/p>\n<p>&nbsp;<\/p>\n<p>&nbsp;<\/p>\n<p><img loading=\"lazy\" decoding=\"async\" class=\"wp-image-262 alignright\" src=\"http:\/\/ccoo.app\/diputacio-de-barcelona\/wp-content\/blogs.dir\/6\/files\/sites\/186\/2016\/04\/afiliat_ccoo_cat.gif\" alt=\"Tota la informaci\u00f3 de com afiliar-se a CCOO Catalunya i forlmulari d'alta o baxia.\" width=\"90\" height=\"80\" \/><\/p>\n<p>&nbsp;<\/p>\n<p>&nbsp;<\/p>\n<p>&nbsp;<\/p>\n<p>&nbsp;<\/p>\n<p>&nbsp;    \t<\/p>\n","protected":false},"excerpt":{"rendered":"<p>\u00a0 \u00a0 21.12.2018\u00a0 RESOLUCI\u00d3 CONVOCAT\u00d2RIA BORSES AUXILIAR EDUCADORES I GERIATRIA Ja s\u2019ha publicat els resultats de les seg\u00fcents convocat\u00f2ries: \u00b7\u00a0\u00a0\u00a0\u00a0\u00a0\u00a0\u00a0\u00a0 S-19\/17 Auxiliar educador\/a https:\/\/www.diba.cat\/es\/web\/seleccio\/resultatssl1917 \u00b7\u00a0\u00a0\u00a0\u00a0\u00a0\u00a0\u00a0\u00a0 S-18\/17 Auxiliar de geriatria https:\/\/www.diba.cat\/es\/web\/seleccio\/resultatssl1817 &#8230; <\/p>\n<p class=\"read-more-container\"><a title=\"RESOLUCI\u00d3 CONVOCAT\u00d2RIA BORSES AUXILIAR EDUCADORES I GERIATRIA\" class=\"read-more button\" href=\"https:\/\/ccoo.app\/diputacio-de-barcelona\/resolucio-convocatoria-borses-auxiliar-educadores-i-geriatria\/#more-3195\" aria-label=\"Leer m\u00e1s sobre RESOLUCI\u00d3 CONVOCAT\u00d2RIA BORSES AUXILIAR EDUCADORES I GERIATRIA\">Continuar llegint<\/a><\/p>\n","protected":false},"author":4519,"featured_media":3211,"comment_status":"open","ping_status":"open","sticky":false,"template":"","format":"standard","meta":{"footnotes":""},"categories":[38,19,34],"tags":[157,201],"class_list":["post-3195","post","type-post","status-publish","format-standard","has-post-thumbnail","hentry","category-a-tot-el-personal","category-comunicats","category-respir","tag-mundet","tag-edificis-diputacio-de-barcelona-escola-de-la-dona-espai-f-bonnemaison-industrial-urgell-londres-can-serra-mundet-parcs-naturals-recinte-recintes-maternitat","generate-columns","tablet-grid-50","mobile-grid-100","grid-parent","grid-50"],"_links":{"self":[{"href":"https:\/\/ccoo.app\/diputacio-de-barcelona\/wp-json\/wp\/v2\/posts\/3195","targetHints":{"allow":["GET"]}}],"collection":[{"href":"https:\/\/ccoo.app\/diputacio-de-barcelona\/wp-json\/wp\/v2\/posts"}],"about":[{"href":"https:\/\/ccoo.app\/diputacio-de-barcelona\/wp-json\/wp\/v2\/types\/post"}],"author":[{"embeddable":true,"href":"https:\/\/ccoo.app\/diputacio-de-barcelona\/wp-json\/wp\/v2\/users\/4519"}],"replies":[{"embeddable":true,"href":"https:\/\/ccoo.app\/diputacio-de-barcelona\/wp-json\/wp\/v2\/comments?post=3195"}],"version-history":[{"count":1,"href":"https:\/\/ccoo.app\/diputacio-de-barcelona\/wp-json\/wp\/v2\/posts\/3195\/revisions"}],"predecessor-version":[{"id":52073,"href":"https:\/\/ccoo.app\/diputacio-de-barcelona\/wp-json\/wp\/v2\/posts\/3195\/revisions\/52073"}],"wp:featuredmedia":[{"embeddable":true,"href":"https:\/\/ccoo.app\/diputacio-de-barcelona\/wp-json\/wp\/v2\/media\/3211"}],"wp:attachment":[{"href":"https:\/\/ccoo.app\/diputacio-de-barcelona\/wp-json\/wp\/v2\/media?parent=3195"}],"wp:term":[{"taxonomy":"category","embeddable":true,"href":"https:\/\/ccoo.app\/diputacio-de-barcelona\/wp-json\/wp\/v2\/categories?post=3195"},{"taxonomy":"post_tag","embeddable":true,"href":"https:\/\/ccoo.app\/diputacio-de-barcelona\/wp-json\/wp\/v2\/tags?post=3195"}],"curies":[{"name":"wp","href":"https:\/\/api.w.org\/{rel}","templated":true}]}}