{"id":3164,"date":"2018-12-13T15:55:57","date_gmt":"2018-12-13T14:55:57","guid":{"rendered":"https:\/\/diba.ccoo.cat\/?p=3164"},"modified":"2023-02-22T19:08:11","modified_gmt":"2023-02-22T18:08:11","slug":"inscripcions-obertes-cursos","status":"publish","type":"post","link":"https:\/\/ccoo.app\/diputacio-de-barcelona\/inscripcions-obertes-cursos\/","title":{"rendered":"INSCRIPCIONS OBERTES! CURSOS CCOO DIBA PER\u00a0L\u2019OFERTA P\u00daBLICA D\u2019OCUPACI\u00d3 DE LA DIPUTACI\u00d3 2016 i 2017."},"content":{"rendered":"<p class=\"wp-caption-text\"><img loading=\"lazy\" decoding=\"async\" class=\"alignnone wp-image-1853\" src=\"http:\/\/ccoo.app\/diputacio-de-barcelona\/wp-content\/blogs.dir\/6\/files\/sites\/186\/2018\/01\/logoccoov18.jpg\" alt=\"\" width=\"137\" height=\"63\" \/>\u00a0 \u00a0 \u00a0 \u00a0 \u00a0 \u00a0 \u00a0 \u00a0<a href=\"http:\/\/ccoo.app\/diputacio-de-barcelona\/wp-content\/blogs.dir\/6\/files\/sites\/186\/2018\/10\/oferta-formativa-ccoo-diba-24-10-2018.pdf\"><img loading=\"lazy\" decoding=\"async\" class=\"alignnone wp-image-2113\" src=\"http:\/\/ccoo.app\/diputacio-de-barcelona\/wp-content\/blogs.dir\/6\/files\/sites\/186\/2018\/04\/22-300x172.png\" alt=\"\" width=\"167\" height=\"96\" srcset=\"https:\/\/ccoo.app\/diputacio-de-barcelona\/wp-content\/blogs.dir\/6\/files\/sites\/186\/2018\/04\/22-300x172.png 300w, https:\/\/ccoo.app\/diputacio-de-barcelona\/wp-content\/blogs.dir\/6\/files\/sites\/186\/2018\/04\/22.png 327w\" sizes=\"auto, (max-width: 167px) 100vw, 167px\" \/><\/a><\/p>\n<p><span style=\"font-family: 'arial black', sans-serif;color: #ff0000;font-size: 18pt\"><strong>CURSOS CCOO DIBA PER\u00a0<\/strong><strong>L\u2019OFERTA P\u00daBLICA D\u2019OCUPACI\u00d3 <\/strong><strong>DE LA DIPUTACI\u00d3 2016 i 2017. <\/strong><\/span><\/p>\n<p><span style=\"font-family: 'arial black', sans-serif;color: #ff0000;font-size: 18pt\"><strong>INSCRIPCIONS OBERTES!<\/strong><\/span><\/p>\n<p>&nbsp;<\/p>\n<p><img loading=\"lazy\" decoding=\"async\" class=\"wp-image-2565 alignleft\" src=\"http:\/\/ccoo.app\/diputacio-de-barcelona\/wp-content\/blogs.dir\/6\/files\/sites\/186\/2016\/05\/pppppppppppppppppppppppppppppppppppppo-300x158.jpg\" alt=\"\" width=\"228\" height=\"120\" srcset=\"https:\/\/ccoo.app\/diputacio-de-barcelona\/wp-content\/blogs.dir\/6\/files\/sites\/186\/2016\/05\/pppppppppppppppppppppppppppppppppppppo-300x158.jpg 300w, https:\/\/ccoo.app\/diputacio-de-barcelona\/wp-content\/blogs.dir\/6\/files\/sites\/186\/2016\/05\/pppppppppppppppppppppppppppppppppppppo.jpg 764w\" sizes=\"auto, (max-width: 228px) 100vw, 228px\" \/><\/p>\n<p><span style=\"font-family: arial, helvetica, sans-serif;font-size: 12pt;color: #000000\">En aquests moments <u>ja tenim en marxa,<\/u> amb la<em> Fundaci\u00f3 Paco Puerto de CCOO Catalunya,<\/em> cursos de preparaci\u00f3 del<strong> TEMARI GENERAL SUBGRUP A1, A2 i D\u2019AUXILIAR ADMINISTRATIU C2 <\/strong>(temari general i espec\u00edfic).<\/span><\/p>\n<p><span style=\"font-family: arial, helvetica, sans-serif;font-size: 12pt;color: #000000\">Ara b\u00e9, <strong><u>TENIM NOVETATS<\/u><\/strong>: a m\u00e9s de la llista d\u2019espera dels cursos que ja estem impartint, hem elaborat noves propostes formatives amb algun curs en horari de mat\u00ed*.<\/span><\/p>\n<p><span style=\"font-family: arial, helvetica, sans-serif;font-size: 12pt;color: #000000\">Per tant, <span style=\"color: #0000ff\"><strong>ja us podeu <u>preinscriure<\/u><\/strong><\/span> per la llista d\u2019espera als seg\u00fcents CURSOS:<\/span><\/p>\n<ul>\n<li><span style=\"font-family: arial, helvetica, sans-serif;font-size: 12pt;color: #000000\"><strong>TEMARI GENERAL SUBGRUP A1 <\/strong>(Presencial tarda)<\/span><\/li>\n<li><span style=\"font-family: arial, helvetica, sans-serif;font-size: 12pt;color: #000000\"><strong>TEMARI GENERAL SUBGRUP A2 <\/strong>(Presencial mat\u00ed* i tarda)<\/span><\/li>\n<li><span style=\"font-family: arial, helvetica, sans-serif;font-size: 12pt;color: #000000\"><strong>TEMARI GENERAL SUBGRUP C1 <\/strong>(Presencial tarda)<\/span><\/li>\n<li><span style=\"font-family: arial, helvetica, sans-serif;font-size: 12pt;color: #000000\"><strong>TEMARI GENERAL SUBGRUP C2 <\/strong>(Presencial tarda)<\/span><\/li>\n<\/ul>\n<p><span style=\"font-family: arial, helvetica, sans-serif;font-size: 12pt;color: #000000\">ATENCI\u00d3: l\u2019inici d\u2019aquests cursos est\u00e0 supeditat a que s\u2019arribi al m\u00ednim necessari de preinscrits\/es.<\/span><\/p>\n<p><span style=\"font-family: 'arial black', sans-serif;color: #0000ff;font-size: 14pt\"><strong><img loading=\"lazy\" decoding=\"async\" class=\"wp-image-2708 alignleft\" src=\"http:\/\/ccoo.app\/diputacio-de-barcelona\/wp-content\/blogs.dir\/6\/files\/sites\/186\/2018\/10\/dddddddddddddddddddddddddddddddddddddddddddd-300x93.png\" alt=\"\" width=\"490\" height=\"152\" srcset=\"https:\/\/ccoo.app\/diputacio-de-barcelona\/wp-content\/blogs.dir\/6\/files\/sites\/186\/2018\/10\/dddddddddddddddddddddddddddddddddddddddddddd-300x93.png 300w, https:\/\/ccoo.app\/diputacio-de-barcelona\/wp-content\/blogs.dir\/6\/files\/sites\/186\/2018\/10\/dddddddddddddddddddddddddddddddddddddddddddd.png 531w\" sizes=\"auto, (max-width: 490px) 100vw, 490px\" \/><\/strong><\/span><\/p>\n<p>&nbsp;<\/p>\n<p>&nbsp;<\/p>\n<p>&nbsp;<\/p>\n<p>&nbsp;<\/p>\n<p>&nbsp;<\/p>\n<p>&nbsp;<\/p>\n<p><img loading=\"lazy\" decoding=\"async\" class=\"wp-image-2709 alignleft\" src=\"http:\/\/ccoo.app\/diputacio-de-barcelona\/wp-content\/blogs.dir\/6\/files\/sites\/186\/2018\/10\/fffffffffffffffffffffffffffffffffffffffffffffff.png\" alt=\"\" width=\"398\" height=\"98\" \/><\/p>\n<p><span style=\"font-family: arial, helvetica, sans-serif;color: #000000\">A m\u00e9s de la <strong><em>Fundaci\u00f3 Paco Puerto<\/em><\/strong>, volem informar-vos que d\u2019ara endavant comptarem tamb\u00e9 amb la col\u00b7laboraci\u00f3 del centre de formaci\u00f3 <strong><em>Formar-te<\/em><\/strong>.<\/span><\/p>\n<p><span style=\"font-family: arial, helvetica, sans-serif;color: #000000\">Aix\u00f2 ens permetr\u00e0 ampliar encara m\u00e9s la nostra oferta formativa de cursos preparatoris per la Oferta P\u00fablica de la Diputaci\u00f3 de Barcelona.<\/span><\/p>\n<p><span style=\"font-family: arial, helvetica, sans-serif;color: #000000\">Aix\u00ed doncs i de manera immediata, heu de saber que <strong><span style=\"color: #0000ff\">ja tenim obertes les preinscripcions<\/span><\/strong> per la llista d&#8217;espera\u00a0dels cursos\u00a0preparatoris\u00a0(temari general i espec\u00edfic) dels processos\u00a0de:<\/span><\/p>\n<p>&nbsp;<\/p>\n<ul>\n<li><span style=\"font-family: arial, helvetica, sans-serif;color: #000000\">Oferta P\u00fablica <strong>OPERARI\/\u00c0RIA DE\u00a0SERVEIS<\/strong><\/span><\/li>\n<li><span style=\"font-family: arial, helvetica, sans-serif;color: #000000\">Oferta p\u00fablica\u00a0<strong>T\u00c8CNIC\/A MITJ\u00c0\/AN\u00c0\u00a0ARQUITECTURA\/ENGINYERIA<\/strong><\/span><\/li>\n<li><span style=\"font-family: arial, helvetica, sans-serif;color: #000000\">Oferta p\u00fablica\u00a0<strong>T\u00c8CNIC\u00a0MITJ\u00c0 EN GESTI\u00d3<\/strong><\/span><\/li>\n<li><span style=\"font-family: arial, helvetica, sans-serif;color: #000000\">Oferta p\u00fablica\u00a0<strong>T\u00c8CNIC\/A SUPERIOR\u00a0D&#8217;ARQUITECTURA\/ENGINYERIA<\/strong><\/span><\/li>\n<li><span style=\"font-family: arial, helvetica, sans-serif;color: #000000\">Oferta p\u00fablica\u00a0<strong>T\u00c8CNIC\u00a0SUPERIOR EN DRET<\/strong><\/span><\/li>\n<\/ul>\n<p><span style=\"font-family: arial, helvetica, sans-serif\"><span style=\"color: #000000;font-size: 14pt\">Formular Inscripci\u00f3 de qualsevol d\u2019aquests cursos:\u00a0<\/span>\u00a0 <strong>(\u00a0<\/strong><strong><a href=\"http:\/\/www.formar-te.es\/index.php\/llista-espera-dip-bcn-4q-2018\">CLIQUEU AQUI<\/a>\u00a0)<\/strong><\/span><\/p>\n<p>&nbsp;<\/p>\n<p><img loading=\"lazy\" decoding=\"async\" class=\"alignnone wp-image-2710\" src=\"http:\/\/ccoo.app\/diputacio-de-barcelona\/wp-content\/blogs.dir\/6\/files\/sites\/186\/2018\/10\/ffffffffffffffffffffffffffffffo-300x87.png\" alt=\"\" width=\"480\" height=\"139\" srcset=\"https:\/\/ccoo.app\/diputacio-de-barcelona\/wp-content\/blogs.dir\/6\/files\/sites\/186\/2018\/10\/ffffffffffffffffffffffffffffffo-300x87.png 300w, https:\/\/ccoo.app\/diputacio-de-barcelona\/wp-content\/blogs.dir\/6\/files\/sites\/186\/2018\/10\/ffffffffffffffffffffffffffffffo.png 578w\" sizes=\"auto, (max-width: 480px) 100vw, 480px\" \/><\/p>\n<p>&nbsp;<\/p>\n<p><span style=\"font-family: 'arial black', sans-serif;color: #000000;font-size: 18pt\"><strong>VOLS COL\u00b7LABORAR COM A FORMADOR\/A?<\/strong><\/span><\/p>\n<p><span style=\"font-family: arial, helvetica, sans-serif;color: #000000\">Aprofitem per agrair a totes les persones que heu respost a la crida per col\u00b7laborar com a formadors\/es i animem a qui vulgui oferir-se per impartir cursos o elaborar temaris a que es posin en contacte amb nosaltres per poder establir les condicions.<\/span><\/p>\n<p><span style=\"font-family: arial, helvetica, sans-serif;color: #000000\">Coneixes persones que voldrien col\u00b7laborar? Fes-nos arribar el seu contacte.<\/span><\/p>\n<p>&nbsp;<\/p>\n<p>&nbsp;<\/p>\n<p style=\"text-align: left\"><span style=\"font-family: 'arial black', sans-serif;font-size: 18pt;color: #0000ff\">Seguim treballant per ampliar\u00a0 la nostra oferta formativa.<\/span><\/p>\n<p style=\"text-align: left\"><span style=\"font-family: 'arial black', sans-serif;font-size: 18pt;color: #0000ff\">Presteu atenci\u00f3 a futures comunicacions.<\/span><\/p>\n<p>&nbsp;<\/p>\n<p>&nbsp;<\/p>\n<p><a href=\"https:\/\/diba.ccoo.cat\/afiliat-al-sindicat-amb-mes-afiliacio-i-representacio-a-la-diputacio-de-barcelona\/\"><img loading=\"lazy\" decoding=\"async\" class=\"alignnone size-medium wp-image-2346\" src=\"http:\/\/ccoo.app\/diputacio-de-barcelona\/wp-content\/blogs.dir\/6\/files\/sites\/186\/2016\/05\/asasas-300x142-1-300x142.png\" alt=\"\" width=\"300\" height=\"142\" \/><\/a><\/p>\n<p><span style=\"font-family: arial, helvetica, sans-serif;color: #000000\"><strong>Horari d\u2019atenci\u00f3 CCOO DIBA: <\/strong><\/span><\/p>\n<p><span style=\"font-family: arial, helvetica, sans-serif;color: #000000\"><strong>CARRER MALLORCA, 244, 2on 3a<\/strong><\/span><\/p>\n<p><span style=\"font-family: arial, helvetica, sans-serif;color: #000000\"><strong>DE DILLUNS A DIVENDRES DE 8:30 A 16:30\u00a0\u00a0 <\/strong><span style=\"font-size: 10pt\"><strong>(FORA D\u2019AQUEST HORARI AMB CITA PR\u00c8VIA)<\/strong><\/span><\/span><\/p>\n<p style=\"text-align: center\"><span style=\"font-size: 18pt\"><span style=\"font-family: arial, helvetica, sans-serif;color: #000000\"><strong>\u00a0<\/strong><\/span><span style=\"font-family: arial, helvetica, sans-serif\"><strong><small><span style=\"color: #000000\">Contacta&#8217;ns per tel\u00e8fon 934 022 985 o correu:<\/span> <a href=\"mailto:ccoo@diba.cat\">ccoo@diba.cat<\/a><\/small> <\/strong><\/span><\/span><\/p>\n<p><strong>\u00a0<\/strong><\/p>\n<p><a href=\"https:\/\/twitter.com\/CCOODiba\"><img loading=\"lazy\" decoding=\"async\" class=\"alignleft\" src=\"http:\/\/www.mysocialaccounts.com\/wp-content\/uploads\/2017\/04\/twitter.jpg\" alt=\"Resultado de imagen de twitter\" width=\"44\" height=\"44\" \/><\/a>\u00a0 \u00a0\u00a0<a href=\"http:\/\/diba.ccoo.cat\/\"><img loading=\"lazy\" decoding=\"async\" class=\"\" src=\"https:\/\/encrypted-tbn0.gstatic.com\/images?q=tbn:ANd9GcS98Z75qmWgKpehEkfwdWrInKdK65A-jf2SgkGvuU4oy_fPYt9q\" alt=\"Imagen relacionada\" width=\"52\" height=\"53\" \/><\/a><a href=\"https:\/\/www.facebook.com\/CcooDiputacioDeBarcelona\/\"><img loading=\"lazy\" decoding=\"async\" class=\"alignleft\" src=\"https:\/\/upload.wikimedia.org\/wikipedia\/commons\/thumb\/7\/7c\/Facebook_New_Logo_%282015%29.svg\/2000px-Facebook_New_Logo_%282015%29.svg.png\" alt=\"Resultado de imagen de facebook\" width=\"122\" height=\"46\" \/><\/a><a href=\"https:\/\/www.youtube.com\/channel\/UCFzenkS75udEcs4pB4qoZsg\"><img loading=\"lazy\" decoding=\"async\" class=\"alignleft\" src=\"https:\/\/i.kinja-img.com\/gawker-media\/image\/upload\/s--heVex4FV--\/c_scale,fl_progressive,q_80,w_800\/pol5zfmalpqmpt1jcnbp.png\" alt=\"Resultado de imagen de youtube\" width=\"117\" height=\"50\" \/><\/a><img loading=\"lazy\" decoding=\"async\" class=\"alignleft\" src=\"https:\/\/www.educapeques.com\/wp-content\/uploads\/2016\/04\/descargar-whatsapp.png\" alt=\"Resultado de imagen de whatsapp\" width=\"64\" height=\"50\" \/><\/p>\n<p>&nbsp;<\/p>\n<p>&nbsp;<\/p>\n<p>&nbsp;<\/p>\n<p>&nbsp;<\/p>\n<p>&nbsp;<\/p>\n<p>&nbsp;<\/p>\n<p>&nbsp;<\/p>\n<p>&nbsp;<\/p>\n<p><img loading=\"lazy\" decoding=\"async\" class=\"wp-image-262 alignright\" src=\"http:\/\/ccoo.app\/diputacio-de-barcelona\/wp-content\/blogs.dir\/6\/files\/sites\/186\/2016\/04\/afiliat_ccoo_cat.gif\" alt=\"Tota la informaci\u00f3 de com afiliar-se a CCOO Catalunya i forlmulari d'alta o baxia.\" width=\"90\" height=\"80\" \/><\/p>\n<p>&nbsp;<\/p>\n<p>&nbsp;<\/p>\n<p>&nbsp;<\/p>\n<p>&nbsp;<\/p>\n<p>&nbsp;    \t<\/p>\n","protected":false},"excerpt":{"rendered":"<p>\u00a0 \u00a0 \u00a0 \u00a0 \u00a0 \u00a0 \u00a0 \u00a0 CURSOS CCOO DIBA PER\u00a0L\u2019OFERTA P\u00daBLICA D\u2019OCUPACI\u00d3 DE LA DIPUTACI\u00d3 2016 i 2017. INSCRIPCIONS OBERTES! &nbsp; En aquests moments ja tenim en marxa, &#8230; <\/p>\n<p class=\"read-more-container\"><a title=\"INSCRIPCIONS OBERTES! CURSOS CCOO DIBA PER\u00a0L\u2019OFERTA P\u00daBLICA D\u2019OCUPACI\u00d3 DE LA DIPUTACI\u00d3 2016 i 2017.\" class=\"read-more button\" href=\"https:\/\/ccoo.app\/diputacio-de-barcelona\/inscripcions-obertes-cursos\/#more-3164\" aria-label=\"Leer m\u00e1s sobre INSCRIPCIONS OBERTES! CURSOS CCOO DIBA PER\u00a0L\u2019OFERTA P\u00daBLICA D\u2019OCUPACI\u00d3 DE LA DIPUTACI\u00d3 2016 i 2017.\">Continuar llegint<\/a><\/p>\n","protected":false},"author":4519,"featured_media":2428,"comment_status":"open","ping_status":"open","sticky":false,"template":"","format":"standard","meta":{"footnotes":""},"categories":[38,19,20,24,26,31,33,34],"tags":[148,157,180],"class_list":["post-3164","post","type-post","status-publish","format-standard","has-post-thumbnail","hentry","category-a-tot-el-personal","category-comunicats","category-cursos","category-interins","category-mgn","category-personal-interi-comunicats","category-propostes-sindicals","category-respir","tag-mesa-general-negociacio","tag-mundet","tag-personal-interi","generate-columns","tablet-grid-50","mobile-grid-100","grid-parent","grid-50"],"_links":{"self":[{"href":"https:\/\/ccoo.app\/diputacio-de-barcelona\/wp-json\/wp\/v2\/posts\/3164","targetHints":{"allow":["GET"]}}],"collection":[{"href":"https:\/\/ccoo.app\/diputacio-de-barcelona\/wp-json\/wp\/v2\/posts"}],"about":[{"href":"https:\/\/ccoo.app\/diputacio-de-barcelona\/wp-json\/wp\/v2\/types\/post"}],"author":[{"embeddable":true,"href":"https:\/\/ccoo.app\/diputacio-de-barcelona\/wp-json\/wp\/v2\/users\/4519"}],"replies":[{"embeddable":true,"href":"https:\/\/ccoo.app\/diputacio-de-barcelona\/wp-json\/wp\/v2\/comments?post=3164"}],"version-history":[{"count":1,"href":"https:\/\/ccoo.app\/diputacio-de-barcelona\/wp-json\/wp\/v2\/posts\/3164\/revisions"}],"predecessor-version":[{"id":52077,"href":"https:\/\/ccoo.app\/diputacio-de-barcelona\/wp-json\/wp\/v2\/posts\/3164\/revisions\/52077"}],"wp:featuredmedia":[{"embeddable":true,"href":"https:\/\/ccoo.app\/diputacio-de-barcelona\/wp-json\/wp\/v2\/media\/2428"}],"wp:attachment":[{"href":"https:\/\/ccoo.app\/diputacio-de-barcelona\/wp-json\/wp\/v2\/media?parent=3164"}],"wp:term":[{"taxonomy":"category","embeddable":true,"href":"https:\/\/ccoo.app\/diputacio-de-barcelona\/wp-json\/wp\/v2\/categories?post=3164"},{"taxonomy":"post_tag","embeddable":true,"href":"https:\/\/ccoo.app\/diputacio-de-barcelona\/wp-json\/wp\/v2\/tags?post=3164"}],"curies":[{"name":"wp","href":"https:\/\/api.w.org\/{rel}","templated":true}]}}