{"id":3153,"date":"2018-12-12T15:53:00","date_gmt":"2018-12-12T14:53:00","guid":{"rendered":"https:\/\/diba.ccoo.cat\/?p=3153"},"modified":"2023-02-22T19:08:22","modified_gmt":"2023-02-22T18:08:22","slug":"nota-informativa-publicacio-bases-pamo-2017-consolidacio","status":"publish","type":"post","link":"https:\/\/ccoo.app\/diputacio-de-barcelona\/nota-informativa-publicacio-bases-pamo-2017-consolidacio\/","title":{"rendered":"INFO PERSONAL XBM. NOTA INFORMATIVA  PUBLICACI\u00d3 BASES PAMO 2017 (CONSOLIDACI\u00d3)"},"content":{"rendered":"<p class=\"wp-caption-text\"><img loading=\"lazy\" decoding=\"async\" class=\"alignnone wp-image-1853\" src=\"http:\/\/ccoo.app\/diputacio-de-barcelona\/wp-content\/blogs.dir\/6\/files\/sites\/186\/2018\/01\/logoccoov18.jpg\" alt=\"\" width=\"137\" height=\"63\" \/><\/p>\n<p class=\"wp-caption-text\"><span style=\"font-family: 'arial black', sans-serif;font-size: 12pt;color: #000000\"><span style=\"font-size: 8pt\">12.12.2018<\/span>\u00a0<\/span><\/p>\n<p>&nbsp;<\/p>\n<p style=\"text-align: justify\"><span style=\"background-color: #ffff00;font-size: 18pt\"><strong><span style=\"font-family: arial, helvetica, sans-serif;color: #000000\">NOTA INFORMATIVA<\/span><\/strong><\/span><\/p>\n<p style=\"text-align: justify\"><span style=\"color: #0000ff;font-size: 14pt;font-family: 'arial black', sans-serif\"><strong><u>PUBLICACI\u00d3 BASES PAMO 2017 (CONSOLIDACI\u00d3)<\/u><\/strong><\/span><\/p>\n<p style=\"text-align: justify\"><span style=\"font-family: arial, helvetica, sans-serif;color: #000000\">Avui s\u2019ha publicat al BOP Barcelona les Bases dels processos selectius per a la provisi\u00f3 de places de la plantilla de funcionaris per a l&#8217;any 2017, en el marc del proc\u00e9s de consolidaci\u00f3 de l&#8217;ocupaci\u00f3 temporal.<\/span><\/p>\n<p>&nbsp;<\/p>\n<p><span style=\"font-family: 'arial black', sans-serif;color: #0000ff\">Informaci\u00f3 general:<\/span><\/p>\n<p style=\"text-align: justify\"><span style=\"font-family: arial, helvetica, sans-serif;color: #000000\"><a style=\"color: #000000\" href=\"https:\/\/www.diba.cat\/es\/web\/seleccio\/consolidacio-de-l-ocupacio1\">https:\/\/www.diba.cat\/es\/web\/seleccio\/consolidacio-de-l-ocupacio1<\/a><\/span><\/p>\n<ul style=\"text-align: justify\">\n<li><strong><span style=\"font-family: arial, helvetica, sans-serif;color: #0000ff\">17 places de T\u00e8cnic mitj\u00e0 en bibliologia<\/span><\/strong><\/li>\n<\/ul>\n<p style=\"text-align: justify\"><span style=\"font-family: arial, helvetica, sans-serif;color: #000000\"><a style=\"color: #000000\" href=\"http:\/\/cido.diba.cat\/oposicions\/7506483\/17-places-de-tecnic-mitja-en-bibliologia-diputacio-de-barcelona\">http:\/\/cido.diba.cat\/oposicions\/7506483\/17-places-de-tecnic-mitja-en-bibliologia-diputacio-de-barcelona<\/a><\/span><\/p>\n<ul style=\"text-align: justify\">\n<li><strong><span style=\"font-family: arial, helvetica, sans-serif;color: #0000ff\">1 pla\u00e7a de T\u00e8cnic auxiliar en bibliologia<\/span><\/strong><\/li>\n<\/ul>\n<p style=\"text-align: justify\"><span style=\"font-family: arial, helvetica, sans-serif;color: #000000\"><a style=\"color: #000000\" href=\"http:\/\/cido.diba.cat\/oposicions\/7506544\/1-placa-de-tecnic-auxiliar-en-bibliologia-diputacio-de-barcelona\">http:\/\/cido.diba.cat\/oposicions\/7506544\/1-placa-de-tecnic-auxiliar-en-bibliologia-diputacio-de-barcelona<\/a><\/span><\/p>\n<p>&nbsp;<\/p>\n<p>&nbsp;<\/p>\n<p><span style=\"font-family: 'arial black', sans-serif\"><strong><span style=\"color: #0000ff\">I recordeu:<\/span><\/strong><\/span><\/p>\n<p style=\"text-align: justify\"><span style=\"font-family: arial, helvetica, sans-serif;color: #000000\"> <img loading=\"lazy\" decoding=\"async\" class=\"size-full wp-image-2959 aligncenter\" src=\"http:\/\/ccoo.app\/diputacio-de-barcelona\/wp-content\/blogs.dir\/6\/files\/sites\/186\/2018\/11\/puny-128.png\" alt=\"\" width=\"128\" height=\"128\" \/><\/span><\/p>\n<p style=\"text-align: center\"><span style=\"font-size: 24pt;font-family: 'arial black', sans-serif;color: #0000ff\"><strong>CONCENTRACI\u00d3<\/strong><\/span><\/p>\n<p style=\"text-align: center\"><span style=\"font-size: 18pt;font-family: 'arial black', sans-serif;color: #000000\"><strong>DIMARTS 18 DE DESEMBRE DE 2018<\/strong><\/span><\/p>\n<p style=\"text-align: center\"><span style=\"font-size: 18pt;font-family: 'arial black', sans-serif;color: #000000\"><strong>De 9.30 a 10.30 h<\/strong><\/span><\/p>\n<p style=\"text-align: center\"><span style=\"font-size: 18pt;font-family: 'arial black', sans-serif;color: #000000\"><strong>Museu Mar\u00edtim de Barcelona<\/strong><\/span><\/p>\n<p style=\"text-align: center\"><span style=\"font-size: 18pt;font-family: 'arial black', sans-serif;color: #0000ff\"><strong>PROU SILENCI A LES BIBLIOTEQUES<\/strong><\/span><\/p>\n<p style=\"text-align: center\"><span style=\"font-size: 18pt;font-family: 'arial black', sans-serif;color: #0000ff\"><strong>\u00a0<\/strong><strong>DEFENSEM DRETS I CONDICIONS DIGNES<\/strong><\/span><\/p>\n<p>&nbsp;<\/p>\n<p><img loading=\"lazy\" decoding=\"async\" class=\"wp-image-2416 aligncenter\" src=\"http:\/\/ccoo.app\/diputacio-de-barcelona\/wp-content\/blogs.dir\/6\/files\/sites\/186\/2018\/07\/pppp-300x45.png\" alt=\"\" width=\"494\" height=\"74\" srcset=\"https:\/\/ccoo.app\/diputacio-de-barcelona\/wp-content\/blogs.dir\/6\/files\/sites\/186\/2018\/07\/pppp-300x45.png 300w, https:\/\/ccoo.app\/diputacio-de-barcelona\/wp-content\/blogs.dir\/6\/files\/sites\/186\/2018\/07\/pppp.png 673w\" sizes=\"auto, (max-width: 494px) 100vw, 494px\" \/><\/p>\n<p>&nbsp;<\/p>\n<p><a href=\"https:\/\/diba.ccoo.cat\/afiliat-al-sindicat-amb-mes-afiliacio-i-representacio-a-la-diputacio-de-barcelona\/\"><img loading=\"lazy\" decoding=\"async\" class=\"alignnone size-medium wp-image-2304\" src=\"http:\/\/ccoo.app\/diputacio-de-barcelona\/wp-content\/blogs.dir\/6\/files\/sites\/186\/2018\/05\/asasas-300x142.png\" alt=\"\" width=\"300\" height=\"142\" srcset=\"https:\/\/ccoo.app\/diputacio-de-barcelona\/wp-content\/blogs.dir\/6\/files\/sites\/186\/2018\/05\/asasas-300x142.png 300w, https:\/\/ccoo.app\/diputacio-de-barcelona\/wp-content\/blogs.dir\/6\/files\/sites\/186\/2018\/05\/asasas.png 318w\" sizes=\"auto, (max-width: 300px) 100vw, 300px\" \/><\/a><\/p>\n<p>&nbsp;<\/p>\n<p>&nbsp;<\/p>\n<p>&nbsp;<\/p>\n<p><span style=\"font-family: arial, helvetica, sans-serif;color: #000000\"><strong>Horari d\u2019atenci\u00f3 CCOO DIBA:<\/strong><\/span><\/p>\n<p><span style=\"font-family: arial, helvetica, sans-serif;color: #000000\"><strong>CARRER MALLORCA, 244, 2on 3a<\/strong><\/span><\/p>\n<p><span style=\"font-family: arial, helvetica, sans-serif;color: #000000\"><strong>DE DILLUNS A DIVENDRES DE 8:30 A 16:30\u00a0\u00a0 <\/strong><span style=\"font-size: 10pt\"><strong>(FORA D\u2019AQUEST HORARI AMB CITA PR\u00c8VIA)<\/strong><\/span><\/span><\/p>\n<p style=\"text-align: center\"><span style=\"font-size: 18pt\"><span style=\"font-family: arial, helvetica, sans-serif;color: #000000\"><strong>\u00a0<\/strong><\/span><span style=\"font-family: arial, helvetica, sans-serif\"><strong><small><span style=\"color: #000000\">Contacta&#8217;ns per tel\u00e8fon 934 022 985 o correu:<\/span> <a href=\"mailto:ccoo@diba.cat\">ccoo@diba.cat<\/a><\/small> <\/strong><\/span><\/span><\/p>\n<p><strong>\u00a0<\/strong><\/p>\n<p><a href=\"https:\/\/twitter.com\/CCOODiba\"><img loading=\"lazy\" decoding=\"async\" class=\"alignleft\" src=\"http:\/\/www.mysocialaccounts.com\/wp-content\/uploads\/2017\/04\/twitter.jpg\" alt=\"Resultado de imagen de twitter\" width=\"44\" height=\"44\" \/><\/a>\u00a0 \u00a0\u00a0<a href=\"http:\/\/diba.ccoo.cat\/\"><img loading=\"lazy\" decoding=\"async\" class=\"\" src=\"https:\/\/encrypted-tbn0.gstatic.com\/images?q=tbn:ANd9GcS98Z75qmWgKpehEkfwdWrInKdK65A-jf2SgkGvuU4oy_fPYt9q\" alt=\"Imagen relacionada\" width=\"52\" height=\"53\" \/><\/a><a href=\"https:\/\/www.facebook.com\/CcooDiputacioDeBarcelona\/\"><img loading=\"lazy\" decoding=\"async\" class=\"alignleft\" src=\"https:\/\/upload.wikimedia.org\/wikipedia\/commons\/thumb\/7\/7c\/Facebook_New_Logo_%282015%29.svg\/2000px-Facebook_New_Logo_%282015%29.svg.png\" alt=\"Resultado de imagen de facebook\" width=\"122\" height=\"46\" \/><\/a><a href=\"https:\/\/www.youtube.com\/channel\/UCFzenkS75udEcs4pB4qoZsg\"><img loading=\"lazy\" decoding=\"async\" class=\"alignleft\" src=\"https:\/\/i.kinja-img.com\/gawker-media\/image\/upload\/s--heVex4FV--\/c_scale,fl_progressive,q_80,w_800\/pol5zfmalpqmpt1jcnbp.png\" alt=\"Resultado de imagen de youtube\" width=\"117\" height=\"50\" \/><\/a><img loading=\"lazy\" decoding=\"async\" class=\"alignleft\" src=\"https:\/\/www.educapeques.com\/wp-content\/uploads\/2016\/04\/descargar-whatsapp.png\" alt=\"Resultado de imagen de whatsapp\" width=\"64\" height=\"50\" \/><\/p>\n<p>&nbsp;<\/p>\n<p>&nbsp;<\/p>\n<p>&nbsp;<\/p>\n<p>&nbsp;<\/p>\n<p>&nbsp;<\/p>\n<p>&nbsp;    \t<\/p>\n","protected":false},"excerpt":{"rendered":"<p>12.12.2018\u00a0 &nbsp; NOTA INFORMATIVA PUBLICACI\u00d3 BASES PAMO 2017 (CONSOLIDACI\u00d3) Avui s\u2019ha publicat al BOP Barcelona les Bases dels processos selectius per a la provisi\u00f3 de places de la plantilla de &#8230; <\/p>\n<p class=\"read-more-container\"><a title=\"INFO PERSONAL XBM. NOTA INFORMATIVA  PUBLICACI\u00d3 BASES PAMO 2017 (CONSOLIDACI\u00d3)\" class=\"read-more button\" href=\"https:\/\/ccoo.app\/diputacio-de-barcelona\/nota-informativa-publicacio-bases-pamo-2017-consolidacio\/#more-3153\" aria-label=\"Leer m\u00e1s sobre INFO PERSONAL XBM. NOTA INFORMATIVA  PUBLICACI\u00d3 BASES PAMO 2017 (CONSOLIDACI\u00d3)\">Continuar llegint<\/a><\/p>\n","protected":false},"author":4519,"featured_media":2422,"comment_status":"open","ping_status":"open","sticky":false,"template":"","format":"standard","meta":{"footnotes":""},"categories":[19,27,32,37],"tags":[239],"class_list":["post-3153","post","type-post","status-publish","format-standard","has-post-thumbnail","hentry","category-comunicats","category-millores-socials","category-premis","category-xbm","tag-xarxa-de-bibioteques-xbm","generate-columns","tablet-grid-50","mobile-grid-100","grid-parent","grid-50"],"_links":{"self":[{"href":"https:\/\/ccoo.app\/diputacio-de-barcelona\/wp-json\/wp\/v2\/posts\/3153","targetHints":{"allow":["GET"]}}],"collection":[{"href":"https:\/\/ccoo.app\/diputacio-de-barcelona\/wp-json\/wp\/v2\/posts"}],"about":[{"href":"https:\/\/ccoo.app\/diputacio-de-barcelona\/wp-json\/wp\/v2\/types\/post"}],"author":[{"embeddable":true,"href":"https:\/\/ccoo.app\/diputacio-de-barcelona\/wp-json\/wp\/v2\/users\/4519"}],"replies":[{"embeddable":true,"href":"https:\/\/ccoo.app\/diputacio-de-barcelona\/wp-json\/wp\/v2\/comments?post=3153"}],"version-history":[{"count":1,"href":"https:\/\/ccoo.app\/diputacio-de-barcelona\/wp-json\/wp\/v2\/posts\/3153\/revisions"}],"predecessor-version":[{"id":52079,"href":"https:\/\/ccoo.app\/diputacio-de-barcelona\/wp-json\/wp\/v2\/posts\/3153\/revisions\/52079"}],"wp:featuredmedia":[{"embeddable":true,"href":"https:\/\/ccoo.app\/diputacio-de-barcelona\/wp-json\/wp\/v2\/media\/2422"}],"wp:attachment":[{"href":"https:\/\/ccoo.app\/diputacio-de-barcelona\/wp-json\/wp\/v2\/media?parent=3153"}],"wp:term":[{"taxonomy":"category","embeddable":true,"href":"https:\/\/ccoo.app\/diputacio-de-barcelona\/wp-json\/wp\/v2\/categories?post=3153"},{"taxonomy":"post_tag","embeddable":true,"href":"https:\/\/ccoo.app\/diputacio-de-barcelona\/wp-json\/wp\/v2\/tags?post=3153"}],"curies":[{"name":"wp","href":"https:\/\/api.w.org\/{rel}","templated":true}]}}