{"id":3147,"date":"2018-12-12T15:26:01","date_gmt":"2018-12-12T14:26:01","guid":{"rendered":"https:\/\/diba.ccoo.cat\/?p=3147"},"modified":"2023-02-22T19:08:25","modified_gmt":"2023-02-22T18:08:25","slug":"concentracio-dimarts-18-de-desembre-de-2018-de-9-30-a-10-30-h-museu-maritim-de-barcelona","status":"publish","type":"post","link":"https:\/\/ccoo.app\/diputacio-de-barcelona\/concentracio-dimarts-18-de-desembre-de-2018-de-9-30-a-10-30-h-museu-maritim-de-barcelona\/","title":{"rendered":"INFO PERSONAL XBM. MOBILITZACI\u00d3 EN DEFENSA DELS DRETS DEL PERSONAL DIBA A LA XBM"},"content":{"rendered":"<p class=\"wp-caption-text\"><img loading=\"lazy\" decoding=\"async\" class=\"alignnone wp-image-1853\" src=\"http:\/\/ccoo.app\/diputacio-de-barcelona\/wp-content\/blogs.dir\/6\/files\/sites\/186\/2018\/01\/logoccoov18.jpg\" alt=\"\" width=\"137\" height=\"63\" \/>\u00a0 \u00a0<a href=\"http:\/\/ccoo.app\/diputacio-de-barcelona\/wp-content\/blogs.dir\/6\/files\/sites\/186\/2018\/12\/microsoft-word-comunicat-xbm-desembre-2018.pdf\"><img loading=\"lazy\" decoding=\"async\" class=\" wp-image-2113 alignnone\" src=\"http:\/\/ccoo.app\/diputacio-de-barcelona\/wp-content\/blogs.dir\/6\/files\/sites\/186\/2018\/04\/22-300x172.png\" alt=\"\" width=\"170\" height=\"98\" srcset=\"https:\/\/ccoo.app\/diputacio-de-barcelona\/wp-content\/blogs.dir\/6\/files\/sites\/186\/2018\/04\/22-300x172.png 300w, https:\/\/ccoo.app\/diputacio-de-barcelona\/wp-content\/blogs.dir\/6\/files\/sites\/186\/2018\/04\/22.png 327w\" sizes=\"auto, (max-width: 170px) 100vw, 170px\" \/><\/a><\/p>\n<p class=\"wp-caption-text\"><span style=\"font-family: 'arial black', sans-serif;font-size: 12pt;color: #000000\"><span style=\"font-size: 8pt\">12.12.2018<\/span>\u00a0<\/span><\/p>\n<p style=\"text-align: center\"><span style=\"font-size: 24pt;font-family: 'arial black', sans-serif;color: #0000ff\"><strong>CONCENTRACI\u00d3<\/strong><\/span><\/p>\n<p style=\"text-align: center\"><span style=\"font-size: 18pt;font-family: 'arial black', sans-serif;color: #000000\"><strong>DIMARTS 18 DE DESEMBRE DE 2018<\/strong><\/span><\/p>\n<p style=\"text-align: center\"><span style=\"font-size: 18pt;font-family: 'arial black', sans-serif;color: #000000\"><strong>De 9.30 a 10.30 h<\/strong><\/span><\/p>\n<p style=\"text-align: center\"><span style=\"font-size: 18pt;font-family: 'arial black', sans-serif;color: #000000\"><strong>Museu Mar\u00edtim de Barcelona<\/strong><\/span><\/p>\n<p style=\"text-align: center\"><span style=\"font-size: 18pt;font-family: 'arial black', sans-serif;color: #0000ff\"><strong>PROU SILENCI A LES BIBLIOTEQUES<\/strong><\/span><\/p>\n<p style=\"text-align: center\"><span style=\"font-size: 18pt;font-family: 'arial black', sans-serif;color: #0000ff\"><strong>\u00a0<\/strong><strong>DEFENSEM DRETS I CONDICIONS DIGNES<\/strong><\/span><\/p>\n<p>&nbsp;<\/p>\n<p style=\"text-align: justify\"><span style=\"font-family: arial, helvetica, sans-serif;color: #000000\">Qui dia passa any empeny i malauradament la corporaci\u00f3 no demostra cap inter\u00e8s, ans al contrari, per dignificar la feina de les persones que atenen les biblioteques p\u00fabliques de la prov\u00edncia, la XBM, dia a dia.\u00a0<\/span><\/p>\n<p style=\"text-align: justify\"><span style=\"font-family: arial, helvetica, sans-serif;color: #000000\">Com b\u00e9 sabeu la hist\u00f2ria de les biblioteques populars est\u00e0 molt estretament lligada a la pr\u00f2pia hist\u00f2ria de la\u00a0 Diputaci\u00f3, per aix\u00f2 no s\u2019acaba d\u2019entendre que qui hi dona el millor de si mateix i mateixa per oferir un dels serveis p\u00fablics millor valorats per la ciutadania, sin\u00f3 el millor, ho hagi de fer en unes condicions laborals m\u00e9s properes als or\u00edgens de la Xarxa que a l\u2019actualitat.<\/span><\/p>\n<p style=\"text-align: justify\"><span style=\"font-family: arial, helvetica, sans-serif;color: #000000\">Aquestes reivindicacions no s\u00f3n noves per la Diputaci\u00f3 ni per la Ger\u00e8ncia de Biblioteques ni per l\u2019equip del govern de l\u2019actual mandat, nom\u00e9s fem d\u2019altaveu de les problem\u00e0tiques i situacions que ens feu arribar.<\/span><\/p>\n<p style=\"text-align: justify\"><span style=\"font-family: arial, helvetica, sans-serif;color: #0000ff;font-size: 18pt\"><strong>Ja arribat l\u2019hora de fer escoltar la nostra veu!<\/strong><\/span><\/p>\n<p style=\"text-align: justify\"><span style=\"font-family: arial, helvetica, sans-serif;color: #000000\">Finalment i despr\u00e9s d\u2019insistir molt i molt, i de ser l\u2019\u00fanic sindicat a fer-ho, hem aconseguit incloure en la negociaci\u00f3 del Calendari 2019 cert comprom\u00eds:<\/span><\/p>\n<p style=\"text-align: justify\"><strong><span style=\"font-family: arial, helvetica, sans-serif;color: #0000ff\"><a style=\"color: #0000ff\" href=\"https:\/\/diba.ccoo.cat\/acord-definitiu-de-calendari-2019\/\">https:\/\/diba.ccoo.cat\/acord-definitiu-de-calendari-2019\/<\/a><\/span><\/strong><\/p>\n<p style=\"text-align: justify\"><span style=\"font-family: arial, helvetica, sans-serif;color: #000000\"><a href=\"https:\/\/diba.ccoo.cat\/wp-content\/uploads\/sites\/37\/2018\/12\/xbm-JORNADES-A-LA-DIPUTACI%C3%93-DE-BARCELONA.pdf\"><span style=\"font-family: 'arial black', sans-serif\"><strong><span style=\"color: #0000ff\">Cliqueu aqu\u00ed<\/span><\/strong><\/span><\/a> per veure escrit relacionat amb el nombre de jornades amb les raons i arguments que donen suport a la nostra reinvidicaci\u00f3.\u00a0<\/span><\/p>\n<p style=\"text-align: justify\"><span style=\"font-family: arial, helvetica, sans-serif;color: #000000\">El que deman\u00e0vem era negociar-lo ja. Portem anys denunciant que el col\u00b7lectiu treballa m\u00e9s jornades! L\u2019\u00fanic comprom\u00eds que han volgut prendre \u00e9s que ja ho negociarem l\u2019any que ve.<\/span><\/p>\n<p style=\"text-align: justify\"><span style=\"font-family: arial, helvetica, sans-serif;color: #000000\">\u00c9s un aven\u00e7? Si. Per\u00f2 absolutament insuficient! I molt m\u00e9s insuficient si es t\u00e9 en compte les moltes altres mancances, problemes i defici\u00e8ncies sense cap solucions a la vista.<\/span><\/p>\n<p style=\"text-align: justify\"><span style=\"font-family: arial, helvetica, sans-serif;color: #000000\">Considerem que a aquestes al\u00e7ades, amb voluntat real, \u00a0hi ha altres condicions espec\u00edfiques del nostre col\u00b7lectiu que ja podrien haver estat avaluades i millorades, i res millor que crear la pertinent <strong>Comissi\u00f3 XBM \u00a0<\/strong>per estudiar-les i proposar-ne les pertinents solucions.<\/span><\/p>\n<p style=\"text-align: justify\"><span style=\"font-family: arial, helvetica, sans-serif;color: #000000\">Per\u00f2, qu\u00e8 ens van ara fa dos anys quan des de CCOO Diba vam demanar crear-la per tractar els problemes del col\u00b7lectiu? Ni parlar-ne.<\/span><\/p>\n<p style=\"text-align: justify\"><span style=\"font-family: arial, helvetica, sans-serif;color: #000000\">Doncs ara, seguim arrossegant problemes i ja estem cansats\/des d\u2019esperar.<\/span><\/p>\n<p style=\"text-align: justify\"><span style=\"font-family: arial, helvetica, sans-serif;color: #000000\">(podeu veure recull de les reivindicacions <a href=\"http:\/\/ccoo.app\/diputacio-de-barcelona\/wp-content\/blogs.dir\/6\/files\/sites\/186\/2018\/11\/comunicat-xbm-octubre-2016-resultats-enquesta.pdf\"><span style=\"font-family: 'arial black', sans-serif\"><strong><span style=\"color: #0000ff\">clicant aqu\u00ed<\/span><\/strong><\/span><\/a>)<\/span><\/p>\n<p>&nbsp;<\/p>\n<p style=\"text-align: justify\"><span style=\"font-family: arial, helvetica, sans-serif;color: #000000\">La Xarxa de Biblioteques Municipals aix\u00ed com l\u2019ampli ventall de serveis que s\u2019hi ofereixen no ha parat de cr\u00e9ixer exponencialment, per\u00f2 no aix\u00ed els drets i les condicions de qui hi treballa, i considerem <strong><span style=\"color: #0000ff\">ja ha arribat el moment de deixar de callar i fer-nos escoltar<\/span><\/strong> i no parar de reivindicar les millores que reclama una part de la plantilla que ja supera el 10 % de tota la Diputaci\u00f3.<\/span><\/p>\n<p>&nbsp;<\/p>\n<p style=\"text-align: justify\"><span style=\"font-family: 'arial black', sans-serif;color: #0000ff;font-size: 14pt\"><strong>NEGOCIACI\u00d3 i SOLUCIONS o MOBILITZACI\u00d3<\/strong><\/span><\/p>\n<p style=\"text-align: justify\"><span style=\"font-family: arial, helvetica, sans-serif;color: #000000\">CCOO hem fet molts escrits a la corporaci\u00f3, hem fet reunions amb els m\u00e0xims responsables (podeu veure un resum <a href=\"http:\/\/ccoo.app\/diputacio-de-barcelona\/wp-content\/blogs.dir\/6\/files\/sites\/186\/2018\/11\/comunicat-xbm-juny-2018-reunio-amb-diputat.pdf\"><span style=\"font-family: 'arial black', sans-serif\"><strong><span style=\"color: #0000ff\">clicant aqu\u00ed<\/span><\/strong><\/span><\/a>).<\/span><\/p>\n<p style=\"text-align: justify\"><span style=\"font-family: arial, helvetica, sans-serif;color: #000000\"><span style=\"color: #0000ff\"><strong>Apostem per tant pel di\u00e0leg, la concertaci\u00f3 i la negociaci\u00f3.<\/strong><\/span> Tot i aix\u00f2, davant la manca de solucions, <span style=\"color: #0000ff\"><strong>no ens queda una altra que fer escoltar la nostra veu on calgui.<\/strong><\/span><\/span><\/p>\n<p style=\"text-align: justify\"><span style=\"font-family: arial, helvetica, sans-serif;color: #000000\">Per tot el que hem exposat, <strong>demanem que el personal doni suport a la concentraci\u00f3 del dia 18-D a Drassanes.<\/strong> <\/span><\/p>\n<p style=\"text-align: justify\"><span style=\"font-family: arial, helvetica, sans-serif;color: #000000\">Arribat aquest moment, ho hem de tenir clar: nom\u00e9s mitjan\u00e7ant la pressi\u00f3 podrem avan\u00e7ar en millorar les nostres condicions de treball. Totes juntes <span style=\"color: #0000ff\"><strong>ens farem respectar com a col\u00b7lectiu i afavorirem les condicions per a que la Diputaci\u00f3 es prengui seriosament<\/strong> <\/span>els nostres problemes.<\/span><\/p>\n<p>&nbsp;<\/p>\n<p style=\"text-align: justify\"><span style=\"font-family: arial, helvetica, sans-serif;color: #000000\"> <img loading=\"lazy\" decoding=\"async\" class=\"size-full wp-image-2959 aligncenter\" src=\"http:\/\/ccoo.app\/diputacio-de-barcelona\/wp-content\/blogs.dir\/6\/files\/sites\/186\/2018\/11\/puny-128.png\" alt=\"\" width=\"128\" height=\"128\" \/><\/span><\/p>\n<p style=\"text-align: center\"><span style=\"font-size: 24pt;font-family: 'arial black', sans-serif;color: #0000ff\"><strong>CONCENTRACI\u00d3<\/strong><\/span><\/p>\n<p style=\"text-align: center\"><span style=\"font-size: 18pt;font-family: 'arial black', sans-serif;color: #000000\"><strong>DIMARTS 18 DE DESEMBRE DE 2018<\/strong><\/span><\/p>\n<p style=\"text-align: center\"><span style=\"font-size: 18pt;font-family: 'arial black', sans-serif;color: #000000\"><strong>De 9.30 a 10.30 h<\/strong><\/span><\/p>\n<p style=\"text-align: center\"><span style=\"font-size: 18pt;font-family: 'arial black', sans-serif;color: #000000\"><strong>Museu Mar\u00edtim de Barcelona<\/strong><\/span><\/p>\n<p style=\"text-align: center\"><span style=\"font-size: 18pt;font-family: 'arial black', sans-serif;color: #0000ff\"><strong>PROU SILENCI A LES BIBLIOTEQUES<\/strong><\/span><\/p>\n<p style=\"text-align: center\"><span style=\"font-size: 18pt;font-family: 'arial black', sans-serif;color: #0000ff\"><strong>\u00a0<\/strong><strong>DEFENSEM DRETS I CONDICIONS DIGNES<\/strong><\/span><\/p>\n<p>&nbsp;<\/p>\n<p><img loading=\"lazy\" decoding=\"async\" class=\"wp-image-2416 aligncenter\" src=\"http:\/\/ccoo.app\/diputacio-de-barcelona\/wp-content\/blogs.dir\/6\/files\/sites\/186\/2018\/07\/pppp-300x45.png\" alt=\"\" width=\"494\" height=\"74\" srcset=\"https:\/\/ccoo.app\/diputacio-de-barcelona\/wp-content\/blogs.dir\/6\/files\/sites\/186\/2018\/07\/pppp-300x45.png 300w, https:\/\/ccoo.app\/diputacio-de-barcelona\/wp-content\/blogs.dir\/6\/files\/sites\/186\/2018\/07\/pppp.png 673w\" sizes=\"auto, (max-width: 494px) 100vw, 494px\" \/><\/p>\n<p>&nbsp;<\/p>\n<p><a href=\"https:\/\/diba.ccoo.cat\/afiliat-al-sindicat-amb-mes-afiliacio-i-representacio-a-la-diputacio-de-barcelona\/\"><img loading=\"lazy\" decoding=\"async\" class=\"alignnone size-medium wp-image-2304\" src=\"http:\/\/ccoo.app\/diputacio-de-barcelona\/wp-content\/blogs.dir\/6\/files\/sites\/186\/2018\/05\/asasas-300x142.png\" alt=\"\" width=\"300\" height=\"142\" srcset=\"https:\/\/ccoo.app\/diputacio-de-barcelona\/wp-content\/blogs.dir\/6\/files\/sites\/186\/2018\/05\/asasas-300x142.png 300w, https:\/\/ccoo.app\/diputacio-de-barcelona\/wp-content\/blogs.dir\/6\/files\/sites\/186\/2018\/05\/asasas.png 318w\" sizes=\"auto, (max-width: 300px) 100vw, 300px\" \/><\/a><\/p>\n<p>&nbsp;<\/p>\n<p>&nbsp;<\/p>\n<p>&nbsp;<\/p>\n<p><span style=\"font-family: arial, helvetica, sans-serif;color: #000000\"><strong>Horari d\u2019atenci\u00f3 CCOO DIBA:<\/strong><\/span><\/p>\n<p><span style=\"font-family: arial, helvetica, sans-serif;color: #000000\"><strong>CARRER MALLORCA, 244, 2on 3a<\/strong><\/span><\/p>\n<p><span style=\"font-family: arial, helvetica, sans-serif;color: #000000\"><strong>DE DILLUNS A DIVENDRES DE 8:30 A 16:30\u00a0\u00a0 <\/strong><span style=\"font-size: 10pt\"><strong>(FORA D\u2019AQUEST HORARI AMB CITA PR\u00c8VIA)<\/strong><\/span><\/span><\/p>\n<p style=\"text-align: center\"><span style=\"font-size: 18pt\"><span style=\"font-family: arial, helvetica, sans-serif;color: #000000\"><strong>\u00a0<\/strong><\/span><span style=\"font-family: arial, helvetica, sans-serif\"><strong><small><span style=\"color: #000000\">Contacta&#8217;ns per tel\u00e8fon 934 022 985 o correu:<\/span> <a href=\"mailto:ccoo@diba.cat\">ccoo@diba.cat<\/a><\/small> <\/strong><\/span><\/span><\/p>\n<p><strong>\u00a0<\/strong><\/p>\n<p><a href=\"https:\/\/twitter.com\/CCOODiba\"><img loading=\"lazy\" decoding=\"async\" class=\"alignleft\" src=\"http:\/\/www.mysocialaccounts.com\/wp-content\/uploads\/2017\/04\/twitter.jpg\" alt=\"Resultado de imagen de twitter\" width=\"44\" height=\"44\" \/><\/a>\u00a0 \u00a0\u00a0<a href=\"http:\/\/diba.ccoo.cat\/\"><img loading=\"lazy\" decoding=\"async\" class=\"\" src=\"https:\/\/encrypted-tbn0.gstatic.com\/images?q=tbn:ANd9GcS98Z75qmWgKpehEkfwdWrInKdK65A-jf2SgkGvuU4oy_fPYt9q\" alt=\"Imagen relacionada\" width=\"52\" height=\"53\" \/><\/a><a href=\"https:\/\/www.facebook.com\/CcooDiputacioDeBarcelona\/\"><img loading=\"lazy\" decoding=\"async\" class=\"alignleft\" src=\"https:\/\/upload.wikimedia.org\/wikipedia\/commons\/thumb\/7\/7c\/Facebook_New_Logo_%282015%29.svg\/2000px-Facebook_New_Logo_%282015%29.svg.png\" alt=\"Resultado de imagen de facebook\" width=\"122\" height=\"46\" \/><\/a><a href=\"https:\/\/www.youtube.com\/channel\/UCFzenkS75udEcs4pB4qoZsg\"><img loading=\"lazy\" decoding=\"async\" class=\"alignleft\" src=\"https:\/\/i.kinja-img.com\/gawker-media\/image\/upload\/s--heVex4FV--\/c_scale,fl_progressive,q_80,w_800\/pol5zfmalpqmpt1jcnbp.png\" alt=\"Resultado de imagen de youtube\" width=\"117\" height=\"50\" \/><\/a><img loading=\"lazy\" decoding=\"async\" class=\"alignleft\" src=\"https:\/\/www.educapeques.com\/wp-content\/uploads\/2016\/04\/descargar-whatsapp.png\" alt=\"Resultado de imagen de whatsapp\" width=\"64\" height=\"50\" \/><\/p>\n<p>&nbsp;<\/p>\n<p>&nbsp;<\/p>\n<p>&nbsp;<\/p>\n<p>&nbsp;<\/p>\n<p>&nbsp;<\/p>\n<p>&nbsp;    \t<\/p>\n","protected":false},"excerpt":{"rendered":"<p>\u00a0 \u00a0 12.12.2018\u00a0 CONCENTRACI\u00d3 DIMARTS 18 DE DESEMBRE DE 2018 De 9.30 a 10.30 h Museu Mar\u00edtim de Barcelona PROU SILENCI A LES BIBLIOTEQUES \u00a0DEFENSEM DRETS I CONDICIONS DIGNES &nbsp; &#8230; <\/p>\n<p class=\"read-more-container\"><a title=\"INFO PERSONAL XBM. MOBILITZACI\u00d3 EN DEFENSA DELS DRETS DEL PERSONAL DIBA A LA XBM\" class=\"read-more button\" href=\"https:\/\/ccoo.app\/diputacio-de-barcelona\/concentracio-dimarts-18-de-desembre-de-2018-de-9-30-a-10-30-h-museu-maritim-de-barcelona\/#more-3147\" aria-label=\"Leer m\u00e1s sobre INFO PERSONAL XBM. MOBILITZACI\u00d3 EN DEFENSA DELS DRETS DEL PERSONAL DIBA A LA XBM\">Continuar llegint<\/a><\/p>\n","protected":false},"author":4519,"featured_media":2422,"comment_status":"open","ping_status":"open","sticky":false,"template":"","format":"standard","meta":{"footnotes":""},"categories":[19,27,32,37],"tags":[239],"class_list":["post-3147","post","type-post","status-publish","format-standard","has-post-thumbnail","hentry","category-comunicats","category-millores-socials","category-premis","category-xbm","tag-xarxa-de-bibioteques-xbm","generate-columns","tablet-grid-50","mobile-grid-100","grid-parent","grid-50"],"_links":{"self":[{"href":"https:\/\/ccoo.app\/diputacio-de-barcelona\/wp-json\/wp\/v2\/posts\/3147","targetHints":{"allow":["GET"]}}],"collection":[{"href":"https:\/\/ccoo.app\/diputacio-de-barcelona\/wp-json\/wp\/v2\/posts"}],"about":[{"href":"https:\/\/ccoo.app\/diputacio-de-barcelona\/wp-json\/wp\/v2\/types\/post"}],"author":[{"embeddable":true,"href":"https:\/\/ccoo.app\/diputacio-de-barcelona\/wp-json\/wp\/v2\/users\/4519"}],"replies":[{"embeddable":true,"href":"https:\/\/ccoo.app\/diputacio-de-barcelona\/wp-json\/wp\/v2\/comments?post=3147"}],"version-history":[{"count":1,"href":"https:\/\/ccoo.app\/diputacio-de-barcelona\/wp-json\/wp\/v2\/posts\/3147\/revisions"}],"predecessor-version":[{"id":52080,"href":"https:\/\/ccoo.app\/diputacio-de-barcelona\/wp-json\/wp\/v2\/posts\/3147\/revisions\/52080"}],"wp:featuredmedia":[{"embeddable":true,"href":"https:\/\/ccoo.app\/diputacio-de-barcelona\/wp-json\/wp\/v2\/media\/2422"}],"wp:attachment":[{"href":"https:\/\/ccoo.app\/diputacio-de-barcelona\/wp-json\/wp\/v2\/media?parent=3147"}],"wp:term":[{"taxonomy":"category","embeddable":true,"href":"https:\/\/ccoo.app\/diputacio-de-barcelona\/wp-json\/wp\/v2\/categories?post=3147"},{"taxonomy":"post_tag","embeddable":true,"href":"https:\/\/ccoo.app\/diputacio-de-barcelona\/wp-json\/wp\/v2\/tags?post=3147"}],"curies":[{"name":"wp","href":"https:\/\/api.w.org\/{rel}","templated":true}]}}