{"id":310,"date":"2016-03-09T14:13:10","date_gmt":"2016-03-09T13:13:10","guid":{"rendered":"https:\/\/diba.ccoo.cat\/plantilla_post-copy\/"},"modified":"2016-03-09T14:13:10","modified_gmt":"2016-03-09T13:13:10","slug":"comunicat-previ-mesa-marc-2016","status":"publish","type":"post","link":"https:\/\/ccoo.app\/diputacio-de-barcelona\/comunicat-previ-mesa-marc-2016\/","title":{"rendered":"COMUNICAT PREVI MESA MAR\u00c7 2016"},"content":{"rendered":"<p>&nbsp;<\/p>\n<p><img loading=\"lazy\" decoding=\"async\" class=\"wp-image-189\" title=\"Secci\u00f3 Sindical de la Diutaci\u00f3 de Barcelona de la Federaci\u00f3 Sindical de Catalunya\" src=\"http:\/\/ccoo.app\/diputacio-de-barcelona\/wp-content\/blogs.dir\/6\/files\/sites\/186\/2015\/12\/ccoo-fsc-cat.png\" alt=\"Secci\u00f3 Sindical de la Diputaci\u00f3 de Barcelona de la Federaci\u00f3 Sindical de Catalunya\" width=\"469\" height=\"90\" \/><\/p>\n<p class=\"wp-caption-text\">Secci\u00f3 Sindical de la Diputaci\u00f3 de Barcelona<\/p>\n<h3 style=\"text-align: center\"><\/h3>\n<h3 style=\"text-align: center\"><\/h3>\n<h3 style=\"text-align: center\"><strong><span style=\"color: #ff0000\">DRETS, CONDICIONS I ESTABILITAT DEL PERSONAL INTER\u00cd<br \/>\nProsposta de Reglament de Borses<\/span><\/strong><\/h3>\n<h3 style=\"text-align: center\"><strong><span style=\"color: #ff0000\">ALTRES PRIORITATS<br \/>\nCarrera horitzontal, jubilaci\u00f3, conciliaci\u00f3 i flexibilitat<\/span><\/strong><\/h3>\n<p>&nbsp;<\/p>\n<p style=\"text-align: justify\"><b>PERSONAL INTER\u00cd: TEMA PRIORITARI PER A CCOO DIBA<\/b><\/p>\n<p style=\"text-align: justify\">El segon punt de<b> l&#8217;acord signat entre d&#8217;altres per CCOO<\/b>, implicava el comprom\u00eds d&#8217;abordar en aquest mandat la situaci\u00f3 del personal funcionari INTER\u00cd.<\/p>\n<p style=\"text-align: justify\"><span style=\"color: #3366ff\"><a style=\"color: #3366ff\" href=\"http:\/\/intradiba.diba.cat\/documents\/28776273\/0\/Acord+MGNmc+comprom%C3%ADs+temes+proper+mandat\/e0d14ea9-74bc-4ce2-af12-fd29719a511c\">http:\/\/intradiba.diba.cat\/documents\/28776273\/0\/Acord+MGNmc+comprom%C3%ADs+temes+proper+mandat\/e0d14ea9-74bc-4ce2-af12-fd29719a511c<\/a>\u00a0<\/span><\/p>\n<p style=\"text-align: justify\">Despr\u00e9s de les eleccions sindicals i un cop constitu\u00efda la <b>Mesa General de Negociaci\u00f3<\/b>, aquest va ser <b>el tema que la nostra secci\u00f3 va assenyalar<\/b> <b>que<\/b> <b>s&#8217;havia de tractar de manera priorit\u00e0ria.<\/b><\/p>\n<p style=\"text-align: justify\">Precisament aix\u00f2 va ser tamb\u00e9 el que <b>li vam indicar a la presidenta<\/b> de la Diputaci\u00f3 de Barcelona, <b>la Sr<\/b><b>a<\/b><b>. Conesa<\/b>, en la reuni\u00f3 que vam mantenir amb ella.<\/p>\n<p style=\"text-align: justify\">De fet, en les <b>8 assemblees de treballadors i treballadores<\/b> que hem organitzat durant el darrer mes de febrer i en <b>l&#8217;enquesta sindical <\/b><b><i>o<\/i><\/b><b><i>n<\/i><\/b><b><i>l<\/i><\/b><b><i>ine<\/i><\/b> que CCOO va enviar a tot el personal, un tema sobresurt sobre els altres: <b>l&#8217;estabilitat, els drets i <\/b><b>les <\/b><b>condicions del personal inter\u00ed.<\/b><\/p>\n<p style=\"text-align: justify\"><b>RAONS PEL NOMENAMENT DE PERSONAL INTER\u00cd<\/b><\/p>\n<p style=\"text-align: justify\"><b>L\u2019article 10:1<\/b> de l&#8217;Estatut B\u00e0sic de l&#8217;Empleat P\u00fablic (l&#8217;EBEP), indica 4 raons que justifiquen el nomenament de personal inter\u00ed:<\/p>\n<p style=\"text-align: justify\"><i>\u201c<\/i><b><i>S\u00f3n funcionaris interins<\/i><\/b> <i>els que, per <\/i><b><i>raons <\/i><\/b><i>expressament justificades de<\/i><b><i> necessitat i urg\u00e8ncia<\/i><\/b><i>,\u00a0 s\u00f3n nomenats com a tals <\/i><b><i>per a l\u2019exercici de <\/i><\/b><b><i>funcions pr\u00f2pies de funcionaris de carrera,<\/i><\/b> <i>quan es doni alguna de les circumst\u00e0ncies seg\u00fcents:\u00a0<\/i><\/p>\n<ol style=\"text-align: justify\">\n<li><i>a) <\/i><b><i>L\u2019exist\u00e8ncia de places vacants<\/i><\/b><i> quan no sigui possible cobrir-les per funcionaris de carrera<\/i><i>.\u00a0<\/i><\/li>\n<li><i>b) La <\/i><b><i>substituci\u00f3 transit\u00f2ria<\/i><\/b><i> dels titulars.<\/i><\/li>\n<li><i>c) <\/i><i>L&#8217;execuci\u00f3 de <\/i><b><i>programes de car\u00e0cter temporal<\/i><\/b><i> , que no podran tenir\u00a0 una\u00a0\u00a0\u00a0\u00a0<\/i><\/li>\n<\/ol>\n<p style=\"text-align: justify\"><i>durada superior a tres anys, ampliable fins a dotze mesos m\u00e9s per les lleis de\u00a0<\/i><\/p>\n<p style=\"text-align: justify\"><i>funci\u00f3 p\u00fablica que es dictin en desplegament d&#8217;aquest Estatut .<\/i><\/p>\n<ol style=\"text-align: justify\">\n<li><i>d) <\/i><b><i>L\u2019exc\u00e9s o acumulaci\u00f3 de tasques<\/i><\/b><i> per un termini m\u00e0xim de sis mesos, dins d\u2019un per\u00edode de dotze mesos.\u00a0<\/i><\/li>\n<\/ol>\n<p style=\"text-align: justify\"><b>L\u2019article 10.4<\/b> de l\u2019EBEP tamb\u00e9 indica concretament quan s&#8217;ha de convocar l&#8217;Oferta d\u2019Ocupaci\u00f3 P\u00fablica i en quins sup\u00f2sits:<\/p>\n<p style=\"text-align: justify\"><i>\u201c<\/i><b><i>En el sup\u00f2sit que preveu la lletra a) de l\u2019apartat 1 <\/i><\/b><i>d\u2019aquest article, les places vacants ocupades per funcionaris interins <\/i><b><i>s\u2019han d\u2019incloure en l\u2019oferta d\u2019ocupaci\u00f3 <\/i><\/b><i>corresponent a <\/i><b><i>l\u2019exercici en qu\u00e8 es produeix <\/i><\/b><b><i>el seu nomenament i, <\/i><\/b><b><i>si no \u00e9s possible, en la seg\u00fcent<\/i><\/b><b><i>, <\/i><\/b><i>llevat que es decideixi amortitzar-les.\u201c.<\/i><\/p>\n<p style=\"text-align: justify\"><b>PERQU\u00c8 NO HI HA OFERTA <\/b><b>D\u2019<\/b><b>OCUPACI\u00d3 P\u00daBLICA (OOP)?<\/b><\/p>\n<p style=\"text-align: justify\">Perqu\u00e8 totes les lleis de pressupostos des del 2012 ho impedeixen o limiten. Per exemple, la Llei de Pressupostos Generals de l&#8217;Estat per a l&#8217;any 2016 (LPGE 2016) no permet la reposici\u00f3 de totes les places vacants sin\u00f3 que <b>imposa una<\/b> <b>taxa de reposici\u00f3<\/b> en la majoria d&#8217;administracions.<\/p>\n<p style=\"text-align: justify\">La LPGE 2016 permet fins a un 100% de les <b>taxes de reposici\u00f3 de les places vacant<\/b><b>s<\/b><b> l\u2019any 2015<\/b>:<\/p>\n<ul style=\"text-align: justify\">\n<li><i>Policia i llocs de treball de lluita contra el frau fiscal i laboral, de subvencions p\u00fabliques i l&#8217;assignaci\u00f3 eficient dels recursos p\u00fablics, d&#8217;assessorament jur\u00eddic i la gesti\u00f3 dels recursos p\u00fablics, personal de prevenci\u00f3 i extinci\u00f3 d&#8217;incendis, personal per a l&#8217;assist\u00e8ncia directa als usuaris de serveis socials i personal per a la gesti\u00f3 de prestacions i pol\u00edtiques actives en mat\u00e8ria d&#8217;ocupaci\u00f3.\u00a0<\/i><\/li>\n<\/ul>\n<p style=\"text-align: justify\">Per a la resta de sectors i administracions: taxa de reposici\u00f3 de fins al 50%<\/p>\n<p style=\"text-align: justify\"><b>DUES CONSEQ\u00dc\u00c8NCIES DEL NO COMPLIMENT DE <\/b><b>L&#8217;EBEP<\/b> (Art.10.4)<\/p>\n<p style=\"text-align: justify\">En primer lloc, aplicar la taxa de reposici\u00f3 de la LPGE 2016 suposa una <b>Oferta P<\/b><b>\u00fa<\/b><b>blica molt limitada.<\/b> Per tant, per evitar problemes, \u00e9s important negociar com s&#8217;aplica la taxa a la Diputaci\u00f3 d\u2019acord amb el que permet la llei: \u201c<i>La taxa de reposici\u00f3 <\/i><i>d\u2019efectius corresponent a un o <\/i><i>diversos sectors, \u00e0mbits o categories<\/i><i> (<\/i><i>&#8230;<\/i><i>) <\/i><i>podr\u00e0 acumular-se en altres\u201d.<\/i><\/p>\n<p style=\"text-align: justify\">En segon lloc, aplicar la taxa de reposici\u00f3 del LPGE 2016 suposa <b>continuar amb l&#8217;alt percentatge d&#8217;interins<\/b><b>\/<\/b><b>nes<\/b> sense possibilitat d&#8217;optar a ser funcionaris\/\u00e0ries de carrera i, com a conseq\u00fc\u00e8ncia, incrementant encara m\u00e9s la seva antiguitat (alguns tenen m\u00e9s de 10 anys).<\/p>\n<p style=\"text-align: justify\"><b>DRETS DEL PERSONAL FUNCIONARI INTER\u00cd\u00a0<\/b><\/p>\n<p style=\"text-align: justify\"><b>Article 10.5 de l\u2019EBEP:<\/b> <i>Als funcionaris interins els ser\u00e0 d\u2019aplicaci\u00f3, quan sigui ADEQUAT A LA NATURALESA DE LA SEVA CONDICI\u00d3, el r\u00e8gim general dels funcionaris de carrera\u201d\u00a0<\/i><\/p>\n<p style=\"text-align: justify\">Aix\u00ed doncs, L&#8217;EBEP \u00e9s el marc jur\u00eddic que estableix els drets del personal inter\u00ed, per\u00f2 amb una limitaci\u00f3 ambigua i subjecta a interpretacions: <i>\u201c<\/i><i>quan sigui adequat<\/i><i> a la naturalesa de la seva condici\u00f3\u201d.\u00a0<\/i><\/p>\n<p style=\"text-align: justify\">La greu situaci\u00f3 actual del personal inter\u00ed no existiria si s&#8217;acompl\u00eds l&#8217;article 10.4 de l\u2019EBEP. L&#8217;incompliment d&#8217;aquest article suposa personal, amb alguns casos amb anys d&#8217;antiguitat, realitzant les mateixes feines per\u00f2 amb menys drets laborals. <b>Una situaci\u00f3 de desigualtat inacceptable <\/b>per a la qu\u00e8 en la pr\u00e0ctica totalitat dels casos no hi ha raons objectives.<\/p>\n<p style=\"text-align: justify\">I no ho diem nosaltres nom\u00e9s. Ho marca la Directiva Europea 199\/70\/CE sobre la no discriminaci\u00f3 dels treballadors temporals i algunes sent\u00e8ncies espanyoles. Per exemple, la que va guanyar CCOO del Pa\u00eds Valenci\u00e0 que es fonamentava en la sent\u00e8ncia del TS de 30 de juny de 2014 en relaci\u00f3 a la <b>carrera horitzontal<\/b> que va concloure:<\/p>\n<p style=\"text-align: justify\"><i>\u201c<\/i><b><i>no existeix ra\u00f3 objectiva i raonable <\/i><\/b><i>des de la perspectiva del article 14 de la constituci\u00f3 per donar als funcionaris interins <\/i><b><i>un tractament jur\u00eddic diferent i perjudicial <\/i><\/b><i>respecte als funcionaris de carrera amb <\/i><b><i>l&#8217;\u00fanic argument que la seva relaci\u00f3 amb l&#8217;administraci\u00f3 \u00e9s provisional\u201d<\/i><\/b><\/p>\n<p style=\"text-align: justify\"><b>EQUIPARACI\u00d3 AMB EL PERSONAL FUNCIONARI DE CARRERA<\/b><\/p>\n<p style=\"text-align: justify\">CCOO <b>estem totalment implicat<\/b><b>s<\/b><b> en l&#8217;equiparaci\u00f3 de drets<\/b>. Ara b\u00e9, no es pot llan\u00e7ar un missatge fr\u00edvol que no tingui en compte que a la Diputaci\u00f3 hi ha personal que ha passat processos de selecci\u00f3 diferents. Aix\u00f2 no es pot obviar, perqu\u00e8 jur\u00eddicament s\u00f3n situacions molt diferents. L\u2019equiparaci\u00f3 ha de ser <b>tan \u00e0mplia com es pugui<\/b>, per\u00f2 cal retenir que el primer dret d\u2019equiparaci\u00f3 dels interins i les interines \u00e9s el dret a que la pla\u00e7a que ocupen es convoqui a concurs-oposici\u00f3 i tinguin l\u2019oportunitat de participar. En cas contrari, estar\u00edem fent de l\u2019interinatge la condici\u00f3 normal de treball i far\u00edem una plantilla completament prec\u00e0ria i sense cap veritable protecci\u00f3 davant de canvis org\u00e0nics, supressi\u00f3 de places i dependent d\u2019agradar als caps per tenir continu\u00eftat, cosa que no ens sembla gens desitjable.<\/p>\n<p style=\"text-align: justify\">De la mateixa manera entenem que al personal inter\u00ed <b>no se li pot negar cap dret que no tingui una explicaci\u00f3 objectiva <\/b>explicada per l\u2019estabilitat i la durada del seu contracte.<\/p>\n<p style=\"text-align: justify\">CCOO donarem suport a les propostes d\u2019equiparaci\u00f3 que impliquin seguretat jur\u00eddica per a tot el personal, els interins i les interines i els funcionaris i funcion\u00e0ries de carrera. Cap acord adoptat no ha de tenir possibilitats de ser recurrible judicialment ni perjudicial per a cap dels grups de la plantilla.<\/p>\n<p style=\"text-align: justify\">Entenem que es pot avan\u00e7ar f\u00e0cilment en molts temes per\u00f2 d\u2019altres necessitaran d\u2019un an\u00e0lisi i debat m\u00e9s profund per part de totes les parts implicades.<\/p>\n<p style=\"text-align: justify\"><strong>ESTABILITAT LABORAL\u00a0<\/strong><\/p>\n<p style=\"text-align: justify\">A m\u00e9s dels drets, \u00e9s important\u00edssim <b>trobar solucions a la manca d&#8217;estabilitat<\/b> que alguns i algunes interines tenen de manera injustificada. No pot ser que alguns llocs de treball estiguin ocupats per personal durant molts anys encadenant contractes.<\/p>\n<p style=\"text-align: justify\">Quan es nomena personal inter\u00ed d\u2019acord amb el que marca l\u2019article 10.1.<i>a. (<\/i><i>L\u2019exist\u00e8ncia de places vacants quan no sigui possible cobrir-les per funcionaris de carrera)<\/i> <b>no hi cap motiu justificat perqu\u00e8 no es faci \u201cfins a provisi\u00f3<\/b> reglament\u00e0ria\u201d<\/p>\n<p style=\"text-align: justify\">A m\u00e9s, volem deixar clar que estem en contra de les taxes de reposici\u00f3 imposades per les lleis aprovades pel PP. Des de CCOO <b>exigim que es compleixi a la Diputaci\u00f3 de Barcelona amb all\u00f2 que marca l\u2019EBEP a l\u2019article 10.5<\/b> i es convoqui Oferta d\u2019Ocupaci\u00f3 P\u00fablica.<\/p>\n<p style=\"text-align: justify\">Fixeu-vos en la recent <b>sent<\/b><b>\u00e8<\/b><b>ncia que obliga<\/b> a la Direcci\u00f3 General d\u2019Arag\u00f3 a <b>ampliar l\u2019Oferta d\u2019Ocupaci\u00f3 P<\/b><b>\u00fa<\/b><b>blica i incloure totes les places<\/b> ocupades per funcionaris interins:\u00a0\u00a0\u00a0 <span style=\"color: #3366ff\"><a style=\"color: #3366ff\" href=\"http:\/\/www.expansion.com\/aragon\/2016\/01\/05\/568ba9b4e2704e5f698b45c2.html\">http:\/\/www.expansion.com\/aragon\/2016\/01\/05\/568ba9b4e2704e5f698b45c2.html<\/a>\u00a0<\/span><\/p>\n<p style=\"text-align: justify\">Convocar Oferta P\u00fablica que possibiliti el pas de personal inter\u00ed a funcionari de carrera <b>no suposa cap increment de pressupost<\/b> i per tant, no fer-ho no t\u00e9 cap sentit. Al contrari, suposaria millorar les condicions i l\u2019estabilitat del personal sense cap cost afegit. <b>Demanem a la part pol\u00edtica que es posicioni en aquesta l\u00ednia i aposti pel seu personal.<\/b><\/p>\n<p style=\"text-align: justify\"><strong>AVUI REUNI\u00d3 DE LA MESA GENERAL DE NEGOCIACI\u00d3\u00a0<\/strong><\/p>\n<p style=\"text-align: justify\">Avui, ens han convocat a una reuni\u00f3 de la Mesa General de Negociaci\u00f3. Entre els temes a l\u2019ordre del dia es troba el de les condicions del personal inter\u00ed i les borses de treball. A finals de l\u2019any passat vam enviar a la corporaci\u00f3 i a la resta de sindicats presents a la Mesa, <b>la nostra proposta de reglament de Borsa.<\/b> <b>(<\/b><b>En un document adjunt trobareu la nostra proposta<\/b><b>).<\/b><\/p>\n<p style=\"text-align: justify\">Us recordem que al <b>novembre de 2015<\/b> vam obrir un <b>proc\u00e9s de participaci\u00f3 obert a <\/b><b>tot el personal<\/b> per elaborar aquest reglament. Llavors, es van constituir grups de treball i el resultat va ser el reglament que hem presentat.<\/p>\n<p style=\"text-align: justify\">Com sempre acostumem, el m\u00e9s aviat possible us farem arribar un resum del que s\u2019hagi parlat avui a la Mesa.<\/p>\n<p style=\"text-align: justify\"><strong>CARRERA HORITZONTAL, JUBILACI\u00d3, CONCILIACI\u00d3 I FLEXIBILITAT<\/strong><\/p>\n<p style=\"text-align: justify\"><b>A les 8 assemblees que vam celebrar durant el mes de febrer<\/b>, no nom\u00e9s vam parlar del personal inter\u00ed sin\u00f3 tamb\u00e9 d\u2019altres temes per a la reivindicaci\u00f3. El m\u00e9s insistent va ser la <b>carrera horitzontal<\/b> que de manera totalment injustificada ens van treure al 2012. L\u2019EBEP estableix la promoci\u00f3 professional com un dret i a les assemblees va quedar clar que <b>els <\/b><b>i les<\/b><b> treballadores no estan disposades a esperar m\u00e9s.\u00a0<\/b><\/p>\n<p style=\"text-align: justify\">Tamb\u00e9, es va parlar dels <b>I<\/b><b>ncentius per Jubilaci\u00f3<\/b> pactats a la DiBa que no s\u2019han actualitzat i adaptat al canvi de legislaci\u00f3 estatal. Aix\u00ed doncs, amb l\u2019edat m\u00ednima permesa abans es tenia dret a 35 pagues i ara a nom\u00e9s 14. Nosaltres, com el personal, <b>ho trob<\/b><b>em<\/b><b> l\u00f2gicament inacceptable.<\/b><\/p>\n<p style=\"text-align: justify\">Encara que m\u00e9s endavant us farem un resum dels resultats de l\u2019enquesta <i>o<\/i><i>nline<\/i> que us vam enviar, dir-vos que a m\u00e9s dels temes que hem tractat abans, <b>la conciliaci\u00f3 i manca de flexibilitat<\/b> s\u00f3n temes que tamb\u00e9 preocupen.<\/p>\n<p style=\"text-align: justify\"><b>El full de ruta \u00e9s clar i el lluitarem amb l\u2019objectiu que totes aquestes reivindicacions s\u2019assol<\/b><b>eix<\/b><b>in, \u00f2bviament sempre co<\/b><b>mp<\/b><b>tant el vostre suport.<\/b><\/p>\n<p style=\"text-align: center\">* \u00a0* \u00a0* \u00a0* \u00a0*<\/p>\n<p><img loading=\"lazy\" decoding=\"async\" class=\"alignleft wp-image-226\" src=\"http:\/\/ccoo.app\/diputacio-de-barcelona\/wp-content\/blogs.dir\/6\/files\/sites\/186\/2016\/04\/estem-decidits-acontinuar-lluitant.png\" alt=\"Estem decidits a continuar lluitant !\" width=\"213\" height=\"89\" \/><\/p>\n<p><img loading=\"lazy\" decoding=\"async\" class=\"wp-image-262 alignright\" src=\"http:\/\/ccoo.app\/diputacio-de-barcelona\/wp-content\/blogs.dir\/6\/files\/sites\/186\/2016\/04\/afiliat_ccoo_cat.gif\" alt=\"Tota la informaci\u00f3 de com afiliar-se a CCOO Catalunya i forlmulari d'alta o baxia.\" width=\"90\" height=\"80\" \/><\/p>\n<p><img loading=\"lazy\" decoding=\"async\" class=\"wp-image-227 aligncenter\" src=\"http:\/\/ccoo.app\/diputacio-de-barcelona\/wp-content\/blogs.dir\/6\/files\/sites\/186\/2016\/04\/logo-peu-300x69.png\" alt=\"logo-peu\" width=\"952\" height=\"219\" srcset=\"https:\/\/ccoo.app\/diputacio-de-barcelona\/wp-content\/blogs.dir\/6\/files\/sites\/186\/2016\/04\/logo-peu-300x69.png 300w, https:\/\/ccoo.app\/diputacio-de-barcelona\/wp-content\/blogs.dir\/6\/files\/sites\/186\/2016\/04\/logo-peu.png 557w\" sizes=\"auto, (max-width: 952px) 100vw, 952px\" \/><\/p>\n<p style=\"text-align: center\"><small><\/small><small>Formulari d&#8217;<a href=\"\/afiliat\/\">alta<\/a>, <a href=\"\/afiliat\/\">baixa <\/a>o <a href=\"\/afiliat\/\">modificaci\u00f3 <\/a>de les dades personals o<br \/>\ncontacta&#8217;ns a trav\u00e9s del tel\u00e8fon<strong> 934 022 985<\/strong> o correu: <a href=\"mailto:ccoo@diba.cat\"><strong>ccoo@diba.cat<\/strong><\/a><\/small><\/p>\n","protected":false},"excerpt":{"rendered":"<p>&nbsp; Secci\u00f3 Sindical de la Diputaci\u00f3 de Barcelona DRETS, CONDICIONS I ESTABILITAT DEL PERSONAL INTER\u00cd Prosposta de Reglament de Borses ALTRES PRIORITATS Carrera horitzontal, jubilaci\u00f3, conciliaci\u00f3 i flexibilitat &nbsp; PERSONAL &#8230; <\/p>\n<p class=\"read-more-container\"><a title=\"COMUNICAT PREVI MESA MAR\u00c7 2016\" class=\"read-more button\" href=\"https:\/\/ccoo.app\/diputacio-de-barcelona\/comunicat-previ-mesa-marc-2016\/#more-310\" aria-label=\"Leer m\u00e1s sobre COMUNICAT PREVI MESA MAR\u00c7 2016\">Continuar llegint<\/a><\/p>\n","protected":false},"author":4519,"featured_media":255,"comment_status":"open","ping_status":"open","sticky":false,"template":"","format":"standard","meta":{"footnotes":""},"categories":[38,19,26],"tags":[148,169,179],"class_list":["post-310","post","type-post","status-publish","format-standard","has-post-thumbnail","hentry","category-a-tot-el-personal","category-comunicats","category-mgn","tag-mesa-general-negociacio","tag-pamo","tag-personal-interi-seleccio-borses-treball","generate-columns","tablet-grid-50","mobile-grid-100","grid-parent","grid-50"],"_links":{"self":[{"href":"https:\/\/ccoo.app\/diputacio-de-barcelona\/wp-json\/wp\/v2\/posts\/310","targetHints":{"allow":["GET"]}}],"collection":[{"href":"https:\/\/ccoo.app\/diputacio-de-barcelona\/wp-json\/wp\/v2\/posts"}],"about":[{"href":"https:\/\/ccoo.app\/diputacio-de-barcelona\/wp-json\/wp\/v2\/types\/post"}],"author":[{"embeddable":true,"href":"https:\/\/ccoo.app\/diputacio-de-barcelona\/wp-json\/wp\/v2\/users\/4519"}],"replies":[{"embeddable":true,"href":"https:\/\/ccoo.app\/diputacio-de-barcelona\/wp-json\/wp\/v2\/comments?post=310"}],"version-history":[{"count":0,"href":"https:\/\/ccoo.app\/diputacio-de-barcelona\/wp-json\/wp\/v2\/posts\/310\/revisions"}],"wp:featuredmedia":[{"embeddable":true,"href":"https:\/\/ccoo.app\/diputacio-de-barcelona\/wp-json\/wp\/v2\/media\/255"}],"wp:attachment":[{"href":"https:\/\/ccoo.app\/diputacio-de-barcelona\/wp-json\/wp\/v2\/media?parent=310"}],"wp:term":[{"taxonomy":"category","embeddable":true,"href":"https:\/\/ccoo.app\/diputacio-de-barcelona\/wp-json\/wp\/v2\/categories?post=310"},{"taxonomy":"post_tag","embeddable":true,"href":"https:\/\/ccoo.app\/diputacio-de-barcelona\/wp-json\/wp\/v2\/tags?post=310"}],"curies":[{"name":"wp","href":"https:\/\/api.w.org\/{rel}","templated":true}]}}