{"id":3076,"date":"2018-12-11T13:26:16","date_gmt":"2018-12-11T12:26:16","guid":{"rendered":"https:\/\/diba.ccoo.cat\/?p=3076"},"modified":"2023-02-22T19:08:32","modified_gmt":"2023-02-22T18:08:32","slug":"pamo-2018-acord-definitiu-dels-criteris-i-del-nombre-de-places","status":"publish","type":"post","link":"https:\/\/ccoo.app\/diputacio-de-barcelona\/pamo-2018-acord-definitiu-dels-criteris-i-del-nombre-de-places\/","title":{"rendered":"PAMO 2018: ACORD DEFINITIU DELS CRITERIS i DEL NOMBRE DE PLACES"},"content":{"rendered":"<p class=\"wp-caption-text\"><img loading=\"lazy\" decoding=\"async\" class=\"alignnone wp-image-1853\" src=\"http:\/\/ccoo.app\/diputacio-de-barcelona\/wp-content\/blogs.dir\/6\/files\/sites\/186\/2018\/01\/logoccoov18.jpg\" alt=\"\" width=\"137\" height=\"63\" \/>\u00a0 \u00a0 \u00a0 \u00a0 \u00a0 \u00a0 \u00a0 \u00a0<a href=\"https:\/\/diba.ccoo.cat\/wp-content\/uploads\/sites\/37\/2018\/12\/8A-PD-CRITERIS-i-DEL-NOMBRE-DE-PLACES-LOFERTA-P%C3%9ABLICA-DOCUPACI%C3%93-2018..._.pdf\"><img loading=\"lazy\" decoding=\"async\" class=\"alignnone wp-image-2113\" src=\"http:\/\/ccoo.app\/diputacio-de-barcelona\/wp-content\/blogs.dir\/6\/files\/sites\/186\/2018\/04\/22-300x172.png\" alt=\"\" width=\"167\" height=\"96\" srcset=\"https:\/\/ccoo.app\/diputacio-de-barcelona\/wp-content\/blogs.dir\/6\/files\/sites\/186\/2018\/04\/22-300x172.png 300w, https:\/\/ccoo.app\/diputacio-de-barcelona\/wp-content\/blogs.dir\/6\/files\/sites\/186\/2018\/04\/22.png 327w\" sizes=\"auto, (max-width: 167px) 100vw, 167px\" \/><\/a><\/p>\n<p><span style=\"font-family: 'arial black', sans-serif;font-size: 18pt;color: #ff0000\"><strong>PAMO 2018:\u00a0ACORD DEFINITIU DELS CRITERIS i DEL NOMBRE DE PLACES <\/strong><\/span><\/p>\n<p style=\"text-align: justify\"><a href=\"http:\/\/www.fsc.ccoo.es\/cms.php?cd_cms_pag=13319&amp;cd_cms_elcon_from=&amp;cd_cms_elconmaster_to=126&amp;cd_cms_conte=238969&amp;opc_id=489ae92c94e37aa07fdc4b9a938889de\"><span style=\"font-family: arial, helvetica, sans-serif;color: #000000\"><img loading=\"lazy\" decoding=\"async\" class=\" wp-image-3054 alignleft\" src=\"http:\/\/ccoo.app\/diputacio-de-barcelona\/wp-content\/blogs.dir\/6\/files\/sites\/186\/2018\/12\/ccoo-1-sindicat.png\" alt=\"\" width=\"84\" height=\"84\" srcset=\"https:\/\/ccoo.app\/diputacio-de-barcelona\/wp-content\/blogs.dir\/6\/files\/sites\/186\/2018\/12\/ccoo-1-sindicat.png 259w, https:\/\/ccoo.app\/diputacio-de-barcelona\/wp-content\/blogs.dir\/6\/files\/sites\/186\/2018\/12\/ccoo-1-sindicat-150x150.png 150w\" sizes=\"auto, (max-width: 84px) 100vw, 84px\" \/><\/span><\/a><\/p>\n<p style=\"text-align: justify\"><span style=\"font-family: arial, helvetica, sans-serif;color: #000000\">Quan s\u2019hagi executat el PAMO 2018, haurem situat <strong>la taxa d\u2019interinitat a la Diputaci\u00f3 de Barcelona en un 7,4%. <\/strong>De nou, aquesta important millora \u00e9s fruit de l\u2019aplicaci\u00f3 del \u201c<em>II Acord per a la millora de l\u2019Ocupaci\u00f3 Publica<\/em>\u201d pactat amb els sindicats majoritaris de l\u2019Administraci\u00f3 P\u00fablica (CCOO, UGT i CSIF).<\/span><\/p>\n<p>&nbsp;<\/p>\n<p style=\"text-align: justify\"><span style=\"font-family: arial, helvetica, sans-serif;color: #000000\"><a href=\"https:\/\/diba.ccoo.cat\/wp-content\/uploads\/sites\/37\/2018\/12\/8B-RELACI%C3%93-PROVISIONAL-DE-PLACES-OFERTA-P%C3%9ABLICA-Act.5.12.2018.pdf\"><span style=\"font-family: 'arial black', sans-serif;font-size: 14pt\"><strong><span style=\"color: #0000ff\">CLIQUEU AQU\u00cd<\/span> <\/strong><\/span><\/a><strong>per trobar document amb la relaci\u00f3 de places (Promoci\u00f3 Interna, Reclassificaci\u00f3 i Torn Lliure) que s\u2019inclouran al PAMO 2018.<\/strong><\/span><\/p>\n<h3 style=\"text-align: justify\"><span style=\"font-family: arial, helvetica, sans-serif;color: #000000\"><span style=\"font-family: 'arial black', sans-serif;color: #0000ff\"><a style=\"color: #0000ff\" href=\"https:\/\/intradiba.diba.cat\/web\/e-rh\/e-rh\/-\/newsletter\/39058318\/27\/186887115\/pamo-2016-i-pamo-2017-preguntes-mes-frequents\">CLIQUEU AQU\u00cd<\/a><\/span> <span style=\"font-size: 12pt\"><em>per llegir el butllet\u00ed de RH de maig amb el tema \u201cPAMO 2016 i PAMO 2017: Preguntes m\u00e9s freq\u00fcents\u201d<\/em><\/span><\/span><\/h3>\n<p style=\"text-align: justify\"><span style=\"font-family: arial, helvetica, sans-serif;color: #000000\"><strong>\u00a0<\/strong><\/span><\/p>\n<p>&nbsp;<\/p>\n<p style=\"text-align: justify\"><span style=\"text-decoration: underline\"><span style=\"font-family: 'arial black', sans-serif;color: #0000ff;font-size: 14pt\"><strong>RESUM RESPECTE AL NOMBRE DE PLACES<\/strong><\/span><\/span><\/p>\n<p>&nbsp;<\/p>\n<ul style=\"text-align: justify\">\n<li><span style=\"font-family: 'arial black', sans-serif;color: #000000\"><strong>PROMOCI\u00d3 INTERNA <\/strong><\/span><\/li>\n<\/ul>\n<p style=\"text-align: justify\"><span style=\"font-family: arial, helvetica, sans-serif;color: #000000\">En total seran 18 places i s\u2019inclour\u00e0 finalment 1 de <em>t\u00e8cnic mitj\u00e0 sanitat<\/em> i 1 pla\u00e7a de <em>t\u00e8cnic auxiliar \u2013audiovisuals-<\/em> a petici\u00f3 de CCOO.<\/span><\/p>\n<p>&nbsp;<\/p>\n<ul style=\"text-align: justify\">\n<li><span style=\"font-family: 'arial black', sans-serif;color: #000000\"><strong>PROMOCI\u00d3 INTERNA (RECLASSIFICACI\u00d3)<\/strong><\/span><\/li>\n<\/ul>\n<p style=\"text-align: justify\"><span style=\"font-family: arial, helvetica, sans-serif;color: #000000\">Hem aconseguit incorporar TOTES LES PLACES que van quedar desertes a les reclassificacions dels PAMOs 2014\/2015. Estem especialment satisfets <strong><u>d\u2019haver aconseguit les 5 places d\u2019Oficial Especial Xofer<\/u><\/strong> ja que el posicionament inicial de la Diputaci\u00f3 era ferm en el sentit de no incloure-les.<\/span><\/p>\n<p style=\"text-align: justify\"><span style=\"font-family: arial, helvetica, sans-serif;color: #000000\">A m\u00e9s, per fi s\u2019inclour\u00e0 les <u>61 places<\/u> de <em>t\u00e8cnic auxiliar atenci\u00f3 a la depend\u00e8ncia i s\u2019incorpora una nova <\/em>pla\u00e7a d\u2019oficial manteniment d\u2019instal\u00b7lacions (reservada personal amb discapacitat intel\u00b7lectual).<\/span><\/p>\n<p>&nbsp;<\/p>\n<ul>\n<li><span style=\"font-family: 'arial black', sans-serif;color: #000000\"><strong>OFERTA P\u00daBLICA D\u2019OCUPACI\u00d3 (TORN LLIURE)<\/strong><\/span>\n<ul>\n<li style=\"text-align: justify\"><span style=\"font-family: arial, helvetica, sans-serif;color: #000000\"><strong>\u00a0<\/strong><\/span><span style=\"font-family: arial, helvetica, sans-serif;color: #000000\"><strong>Taxa de reposici\u00f3: <\/strong>101<\/span><\/li>\n<li style=\"text-align: justify\"><strong style=\"color: #000000;font-family: arial, helvetica, sans-serif\">Taxa addicional: <\/strong><span style=\"color: #000000;font-family: arial, helvetica, sans-serif\">167\u00a0\u00a0<\/span>(<em style=\"color: #000000;font-family: arial, helvetica, sans-serif\">II Acord per a la millora de l\u2019Ocupaci\u00f3 Publica)<\/em><\/li>\n<\/ul>\n<\/li>\n<\/ul>\n<p style=\"text-align: center\"><span style=\"font-family: arial, helvetica, sans-serif;color: #000000;font-size: 14pt\"><strong>TOTAL DE PLACES PAMO 2018 TORN LLIURE:\u00a0\u00a0<\/strong><strong><u>268 <\/u><\/strong><\/span><\/p>\n<p style=\"text-align: justify\"><span style=\"font-family: arial, helvetica, sans-serif;color: #000000\"><strong>\u00a0<\/strong><\/span><\/p>\n<p>&nbsp;<\/p>\n<p style=\"text-align: justify\"><span style=\"text-decoration: underline\"><span style=\"font-family: 'arial black', sans-serif;color: #0000ff;font-size: 14pt\"><strong>RESUM RESPECTE ALS CRITERIS<\/strong><\/span><\/span><\/p>\n<p>&nbsp;<\/p>\n<ul style=\"text-align: justify\">\n<li><span style=\"font-family: 'arial black', sans-serif;color: #000000\"><strong>MAJORS DE 55 ANYS<\/strong><\/span><\/li>\n<\/ul>\n<p style=\"text-align: justify\"><span style=\"font-family: arial, helvetica, sans-serif;color: #000000\">Es dona continu\u00eftat a <em>l\u2019Acord de protecci\u00f3 del personal major de 55 anys<\/em>. (CLIQUEU AQU\u00cd per recordar com es va aconseguir).<\/span><\/p>\n<p style=\"text-align: justify\"><span style=\"font-family: arial, helvetica, sans-serif;color: #000000\">Tot i que no suposa el dret dels mateixos a no haver-se de presentar als processos selectius que es convoquin, permet facilitar la perman\u00e8ncia de les persones interines majors de 55 anys amb:<\/span><\/p>\n<ul style=\"text-align: justify\">\n<li><span style=\"font-family: arial, helvetica, sans-serif;color: #000000\">Nomenaments fins a la provisi\u00f3 reglament\u00e0ria<\/span><\/li>\n<li><span style=\"font-family: arial, helvetica, sans-serif;color: #000000\">Que es trobin en la borsa corresponent a la seva categoria<\/span><\/li>\n<li><span style=\"font-family: arial, helvetica, sans-serif;color: #000000\">Que acumulin un m\u00ednim de 8 anys de serveis prestats a la Diputaci\u00f3<\/span><\/li>\n<li><span style=\"font-family: arial, helvetica, sans-serif;color: #000000\">Que acumulin un m\u00ednim de 3 anys de desenvolupament de llocs de treball corresponents a la categoria.<\/span><\/li>\n<\/ul>\n<p style=\"text-align: justify\"><span style=\"font-family: arial, helvetica, sans-serif;color: #000000\">Es garanteix la perman\u00e8ncia a les borses que es puguin constituir per execuci\u00f3 dels processos selectius del PAMO 2018 per al cas d\u2019aquells empleats\/ades que no s\u2019haguessin presentat a les corresponents convocat\u00f2ries.<\/span><\/p>\n<ul>\n<li><span style=\"font-family: 'arial black', sans-serif;color: #000000\"><strong>CONSERVAR NOTA<\/strong><\/span>\n<ul>\n<li style=\"text-align: justify\"><span style=\"font-family: arial, helvetica, sans-serif;color: #000000\">Els i les aspirants que superin tots o algun dels exercicis de la fase d\u2019oposici\u00f3 amb <strong>una puntuaci\u00f3 superior al 60%<\/strong> en la valoraci\u00f3 de cadascun d\u2019ells quedaran exempts de la pr\u00e0ctica d\u2019aquests en la convocat\u00f2ria de PAMO immediatament posterior, en la que se\u2019ls computar\u00e0 una puntuaci\u00f3 equivalent a l\u2019obtinguda, <strong>sempre que sigui id\u00e8ntic el contingut del temari i la forma de qualificaci\u00f3<\/strong>, excepte actualitzaci\u00f3 de normativa.<\/span><\/li>\n<li style=\"text-align: justify\"><span style=\"font-family: arial, helvetica, sans-serif\">Aix\u00ed mateix aquells aspirants que vulguin millorar la nota obtinguda es podran presentar en el PAMO seg\u00fcent i es tindr\u00e0 en compte la millor de les dues puntuacions obtingudes en cadascun dels exercicis.<\/span><\/li>\n<\/ul>\n<\/li>\n<\/ul>\n<p>&nbsp;<\/p>\n<p style=\"text-align: justify\"><span style=\"font-family: 'arial black', sans-serif;color: #0000ff;font-size: 14pt\"><strong>PETICIONS FETES PER CCOO QUE NO HAN ESTAT ACCEPTADES:<\/strong><\/span><\/p>\n<ul style=\"text-align: justify\">\n<li style=\"text-align: justify\"><span style=\"font-family: arial, helvetica, sans-serif;color: #000000\">Que la puntuaci\u00f3 requerida per poder conservar nota fos del 50%, \u00e9s a dir, qui aprov\u00e9s, pogu\u00e9s decidir.<\/span><\/li>\n<li style=\"text-align: justify\"><span style=\"font-family: arial, helvetica, sans-serif;color: #000000\">Que per conservar nota, d\u2019un PAMO a un altre, l\u2019acord no inclogu\u00e9s que <em>les bases han de ser \u201cid\u00e8ntiques<\/em>\u201d. Vam demanar una modificaci\u00f3 per a que l\u2019acord digu\u00e9s que les bases havien de ser \u201cb\u00e0sicament\u201d o \u201cen termes generals\u201d id\u00e8ntiques. Vam fer aquesta apreciaci\u00f3 per evitar que qualsevol canvi normatiu (per m\u00ednim que sigui) deixi sense efecte aquest apartat.<\/span><\/li>\n<\/ul>\n<p>&nbsp;<\/p>\n<p><span style=\"font-family: 'arial black', sans-serif;color: #0000ff\"><strong>INSISTIM EN DEMANAR QUE LA DIPUTACI\u00d3 AJUDI AL SEU PERSONAL<\/strong><\/span><\/p>\n<p style=\"text-align: justify\"><span style=\"font-family: arial, helvetica, sans-serif;color: #000000\"><img loading=\"lazy\" decoding=\"async\" class=\" wp-image-3078 alignleft\" src=\"http:\/\/ccoo.app\/diputacio-de-barcelona\/wp-content\/blogs.dir\/6\/files\/sites\/186\/2018\/12\/jjjjjjjjjjjjjjjjjjjjjjjjjjjjjjjjjjjjjjjjjjjjjjjjjjjjjjjjjjjjjjjjjjjjj-248x300.png\" alt=\"\" width=\"213\" height=\"258\" srcset=\"https:\/\/ccoo.app\/diputacio-de-barcelona\/wp-content\/blogs.dir\/6\/files\/sites\/186\/2018\/12\/jjjjjjjjjjjjjjjjjjjjjjjjjjjjjjjjjjjjjjjjjjjjjjjjjjjjjjjjjjjjjjjjjjjjj-248x300.png 248w, https:\/\/ccoo.app\/diputacio-de-barcelona\/wp-content\/blogs.dir\/6\/files\/sites\/186\/2018\/12\/jjjjjjjjjjjjjjjjjjjjjjjjjjjjjjjjjjjjjjjjjjjjjjjjjjjjjjjjjjjjjjjjjjjjj.png 368w\" sizes=\"auto, (max-width: 213px) 100vw, 213px\" \/><\/span><\/p>\n<p>&nbsp;<\/p>\n<p style=\"text-align: justify\"><span style=\"font-family: arial, helvetica, sans-serif;color: #000000\">A la Mesa general de negociaci\u00f3 del 29 de novembre, CCOO vam demanar que la Diputaci\u00f3 ajudi en el desenvolupament, actualitzaci\u00f3 i publicaci\u00f3 dels temaris relacionats amb l\u2019Oferta P\u00fablica de la diba.<\/span><\/p>\n<p style=\"text-align: justify\"><span style=\"font-family: arial, helvetica, sans-serif;color: #000000\">Volem informar-vos que tamb\u00e9 hem fet la petici\u00f3 mitjan\u00e7ant escrit per registre al president Sr. Marc Castell en qualitat de m\u00e0xim responsable del Consell Editorial de la Diputaci\u00f3 de Barcelona.<\/span><\/p>\n<p>&nbsp;<\/p>\n<p><a href=\"https:\/\/transparencia.diba.cat\/acords-de-la-mesa-general-de-negociacio-2015-2019\"><img loading=\"lazy\" decoding=\"async\" class=\"wp-image-3042 aligncenter\" src=\"http:\/\/ccoo.app\/diputacio-de-barcelona\/wp-content\/blogs.dir\/6\/files\/sites\/186\/2018\/12\/logo-revindiquem-lluitem-arribem-acords-300x56.png\" alt=\"\" width=\"514\" height=\"96\" srcset=\"https:\/\/ccoo.app\/diputacio-de-barcelona\/wp-content\/blogs.dir\/6\/files\/sites\/186\/2018\/12\/logo-revindiquem-lluitem-arribem-acords-300x56.png 300w, https:\/\/ccoo.app\/diputacio-de-barcelona\/wp-content\/blogs.dir\/6\/files\/sites\/186\/2018\/12\/logo-revindiquem-lluitem-arribem-acords-768x145.png 768w, https:\/\/ccoo.app\/diputacio-de-barcelona\/wp-content\/blogs.dir\/6\/files\/sites\/186\/2018\/12\/logo-revindiquem-lluitem-arribem-acords.png 940w\" sizes=\"auto, (max-width: 514px) 100vw, 514px\" \/><\/a><\/p>\n<p>&nbsp;<\/p>\n<p><a href=\"https:\/\/diba.ccoo.cat\/tambe-a-la-diputacio-no-es-no\/\"><img loading=\"lazy\" decoding=\"async\" class=\"wp-image-3043 aligncenter\" src=\"http:\/\/ccoo.app\/diputacio-de-barcelona\/wp-content\/blogs.dir\/6\/files\/sites\/186\/2018\/12\/ffffffffffffffffffff-1-300x108.png\" alt=\"\" width=\"175\" height=\"63\" srcset=\"https:\/\/ccoo.app\/diputacio-de-barcelona\/wp-content\/blogs.dir\/6\/files\/sites\/186\/2018\/12\/ffffffffffffffffffff-1-300x108.png 300w, https:\/\/ccoo.app\/diputacio-de-barcelona\/wp-content\/blogs.dir\/6\/files\/sites\/186\/2018\/12\/ffffffffffffffffffff-1.png 686w\" sizes=\"auto, (max-width: 175px) 100vw, 175px\" \/><\/a><\/p>\n<p>&nbsp;<\/p>\n<p>&nbsp;<\/p>\n<p>&nbsp;<\/p>\n<p>&nbsp;<\/p>\n<p>&nbsp;<\/p>\n<p><a href=\"https:\/\/diba.ccoo.cat\/afiliat-al-sindicat-amb-mes-afiliacio-i-representacio-a-la-diputacio-de-barcelona\/\"><img loading=\"lazy\" decoding=\"async\" class=\"alignnone size-medium wp-image-2346\" src=\"http:\/\/ccoo.app\/diputacio-de-barcelona\/wp-content\/blogs.dir\/6\/files\/sites\/186\/2016\/05\/asasas-300x142-1-300x142.png\" alt=\"\" width=\"300\" height=\"142\" \/><\/a><\/p>\n<p><span style=\"font-family: arial, helvetica, sans-serif;color: #000000\"><strong>Horari d\u2019atenci\u00f3 CCOO DIBA: <\/strong><\/span><\/p>\n<p><span style=\"font-family: arial, helvetica, sans-serif;color: #000000\"><strong>CARRER MALLORCA, 244, 2on 3a<\/strong><\/span><\/p>\n<p><span style=\"font-family: arial, helvetica, sans-serif;color: #000000\"><strong>DE DILLUNS A DIVENDRES DE 8:30 A 16:30\u00a0\u00a0 <\/strong><span style=\"font-size: 10pt\"><strong>(FORA D\u2019AQUEST HORARI AMB CITA PR\u00c8VIA)<\/strong><\/span><\/span><\/p>\n<p style=\"text-align: center\"><span style=\"font-size: 18pt\"><span style=\"font-family: arial, helvetica, sans-serif;color: #000000\"><strong>\u00a0<\/strong><\/span><span style=\"font-family: arial, helvetica, sans-serif\"><strong><small><span style=\"color: #000000\">Contacta&#8217;ns per tel\u00e8fon 934 022 985 o correu:<\/span> <a href=\"mailto:ccoo@diba.cat\">ccoo@diba.cat<\/a><\/small> <\/strong><\/span><\/span><\/p>\n<p><strong>\u00a0<\/strong><\/p>\n<p><a href=\"https:\/\/twitter.com\/CCOODiba\"><img loading=\"lazy\" decoding=\"async\" class=\"alignleft\" src=\"http:\/\/www.mysocialaccounts.com\/wp-content\/uploads\/2017\/04\/twitter.jpg\" alt=\"Resultado de imagen de twitter\" width=\"44\" height=\"44\" \/><\/a>\u00a0 \u00a0\u00a0<a href=\"http:\/\/diba.ccoo.cat\/\"><img loading=\"lazy\" decoding=\"async\" class=\"\" src=\"https:\/\/encrypted-tbn0.gstatic.com\/images?q=tbn:ANd9GcS98Z75qmWgKpehEkfwdWrInKdK65A-jf2SgkGvuU4oy_fPYt9q\" alt=\"Imagen relacionada\" width=\"52\" height=\"53\" \/><\/a><a href=\"https:\/\/www.facebook.com\/CcooDiputacioDeBarcelona\/\"><img loading=\"lazy\" decoding=\"async\" class=\"alignleft\" src=\"https:\/\/upload.wikimedia.org\/wikipedia\/commons\/thumb\/7\/7c\/Facebook_New_Logo_%282015%29.svg\/2000px-Facebook_New_Logo_%282015%29.svg.png\" alt=\"Resultado de imagen de facebook\" width=\"122\" height=\"46\" \/><\/a><a href=\"https:\/\/www.youtube.com\/channel\/UCFzenkS75udEcs4pB4qoZsg\"><img loading=\"lazy\" decoding=\"async\" class=\"alignleft\" src=\"https:\/\/i.kinja-img.com\/gawker-media\/image\/upload\/s--heVex4FV--\/c_scale,fl_progressive,q_80,w_800\/pol5zfmalpqmpt1jcnbp.png\" alt=\"Resultado de imagen de youtube\" width=\"117\" height=\"50\" \/><\/a><img loading=\"lazy\" decoding=\"async\" class=\"alignleft\" src=\"https:\/\/www.educapeques.com\/wp-content\/uploads\/2016\/04\/descargar-whatsapp.png\" alt=\"Resultado de imagen de whatsapp\" width=\"64\" height=\"50\" \/><\/p>\n<p>&nbsp;<\/p>\n<p>&nbsp;<\/p>\n<p>&nbsp;<\/p>\n<p>&nbsp;<\/p>\n<p>&nbsp;<\/p>\n<p>&nbsp;<\/p>\n<p>&nbsp;<\/p>\n<p>&nbsp;<\/p>\n<p><img loading=\"lazy\" decoding=\"async\" class=\"wp-image-262 alignright\" src=\"http:\/\/ccoo.app\/diputacio-de-barcelona\/wp-content\/blogs.dir\/6\/files\/sites\/186\/2016\/04\/afiliat_ccoo_cat.gif\" alt=\"Tota la informaci\u00f3 de com afiliar-se a CCOO Catalunya i forlmulari d'alta o baxia.\" width=\"90\" height=\"80\" \/><\/p>\n<p>&nbsp;<\/p>\n<p>&nbsp;<\/p>\n<p>&nbsp;<\/p>\n<p>&nbsp;<\/p>\n<p>&nbsp;    \t<\/p>\n","protected":false},"excerpt":{"rendered":"<p>\u00a0 \u00a0 \u00a0 \u00a0 \u00a0 \u00a0 \u00a0 \u00a0 PAMO 2018:\u00a0ACORD DEFINITIU DELS CRITERIS i DEL NOMBRE DE PLACES Quan s\u2019hagi executat el PAMO 2018, haurem situat la taxa d\u2019interinitat a &#8230; <\/p>\n<p class=\"read-more-container\"><a title=\"PAMO 2018: ACORD DEFINITIU DELS CRITERIS i DEL NOMBRE DE PLACES\" class=\"read-more button\" href=\"https:\/\/ccoo.app\/diputacio-de-barcelona\/pamo-2018-acord-definitiu-dels-criteris-i-del-nombre-de-places\/#more-3076\" aria-label=\"Leer m\u00e1s sobre PAMO 2018: ACORD DEFINITIU DELS CRITERIS i DEL NOMBRE DE PLACES\">Continuar llegint<\/a><\/p>\n","protected":false},"author":4519,"featured_media":2916,"comment_status":"open","ping_status":"open","sticky":false,"template":"","format":"standard","meta":{"footnotes":""},"categories":[38,19,20,24,26,31],"tags":[148,169,180],"class_list":["post-3076","post","type-post","status-publish","format-standard","has-post-thumbnail","hentry","category-a-tot-el-personal","category-comunicats","category-cursos","category-interins","category-mgn","category-personal-interi-comunicats","tag-mesa-general-negociacio","tag-pamo","tag-personal-interi","generate-columns","tablet-grid-50","mobile-grid-100","grid-parent","grid-50"],"_links":{"self":[{"href":"https:\/\/ccoo.app\/diputacio-de-barcelona\/wp-json\/wp\/v2\/posts\/3076","targetHints":{"allow":["GET"]}}],"collection":[{"href":"https:\/\/ccoo.app\/diputacio-de-barcelona\/wp-json\/wp\/v2\/posts"}],"about":[{"href":"https:\/\/ccoo.app\/diputacio-de-barcelona\/wp-json\/wp\/v2\/types\/post"}],"author":[{"embeddable":true,"href":"https:\/\/ccoo.app\/diputacio-de-barcelona\/wp-json\/wp\/v2\/users\/4519"}],"replies":[{"embeddable":true,"href":"https:\/\/ccoo.app\/diputacio-de-barcelona\/wp-json\/wp\/v2\/comments?post=3076"}],"version-history":[{"count":1,"href":"https:\/\/ccoo.app\/diputacio-de-barcelona\/wp-json\/wp\/v2\/posts\/3076\/revisions"}],"predecessor-version":[{"id":52084,"href":"https:\/\/ccoo.app\/diputacio-de-barcelona\/wp-json\/wp\/v2\/posts\/3076\/revisions\/52084"}],"wp:featuredmedia":[{"embeddable":true,"href":"https:\/\/ccoo.app\/diputacio-de-barcelona\/wp-json\/wp\/v2\/media\/2916"}],"wp:attachment":[{"href":"https:\/\/ccoo.app\/diputacio-de-barcelona\/wp-json\/wp\/v2\/media?parent=3076"}],"wp:term":[{"taxonomy":"category","embeddable":true,"href":"https:\/\/ccoo.app\/diputacio-de-barcelona\/wp-json\/wp\/v2\/categories?post=3076"},{"taxonomy":"post_tag","embeddable":true,"href":"https:\/\/ccoo.app\/diputacio-de-barcelona\/wp-json\/wp\/v2\/tags?post=3076"}],"curies":[{"name":"wp","href":"https:\/\/api.w.org\/{rel}","templated":true}]}}