{"id":3071,"date":"2018-12-11T13:23:29","date_gmt":"2018-12-11T12:23:29","guid":{"rendered":"https:\/\/diba.ccoo.cat\/?p=3071"},"modified":"2023-02-22T19:08:37","modified_gmt":"2023-02-22T18:08:37","slug":"bases-consolidacio-2017","status":"publish","type":"post","link":"https:\/\/ccoo.app\/diputacio-de-barcelona\/bases-consolidacio-2017\/","title":{"rendered":"ACORD DEFINITIU REGULACI\u00d3 DELS CRITERIS DE LES BASES  DE LA CONVOCAT\u00d2RIA EXTRAORDIN\u00c0RIA PER LA CONSOLIDACI\u00d3"},"content":{"rendered":"<p class=\"wp-caption-text\"><img loading=\"lazy\" decoding=\"async\" class=\"alignnone wp-image-1853\" src=\"http:\/\/ccoo.app\/diputacio-de-barcelona\/wp-content\/blogs.dir\/6\/files\/sites\/186\/2018\/01\/logoccoov18.jpg\" alt=\"\" width=\"137\" height=\"63\" \/>\u00a0 \u00a0 \u00a0 \u00a0 \u00a0 \u00a0 \u00a0 \u00a0<a href=\"https:\/\/diba.ccoo.cat\/wp-content\/uploads\/sites\/37\/2018\/12\/7A-BASES-CONVOCAT%C3%92RIA-EXTRAORDIN%C3%80RIA-PER-LA-CONSOLIDACI%C3%93-DE-L.pdf\"><img loading=\"lazy\" decoding=\"async\" class=\"alignnone wp-image-2113\" src=\"http:\/\/ccoo.app\/diputacio-de-barcelona\/wp-content\/blogs.dir\/6\/files\/sites\/186\/2018\/04\/22-300x172.png\" alt=\"\" width=\"167\" height=\"96\" srcset=\"https:\/\/ccoo.app\/diputacio-de-barcelona\/wp-content\/blogs.dir\/6\/files\/sites\/186\/2018\/04\/22-300x172.png 300w, https:\/\/ccoo.app\/diputacio-de-barcelona\/wp-content\/blogs.dir\/6\/files\/sites\/186\/2018\/04\/22.png 327w\" sizes=\"auto, (max-width: 167px) 100vw, 167px\" \/><\/a><\/p>\n<p><span style=\"color: #ff0000;font-family: 'arial black', sans-serif;font-size: 14pt\"><strong>ACORD DEFINITIU REGULACI\u00d3 DELS CRITERIS DE LES BASES DE LA CONVOCAT\u00d2RIA EXTRAORDIN\u00c0RIA PER LA CONSOLIDACI\u00d3 DE L&#8217;OCUPACI\u00d3 TEMPORAL (PAMO 2017)<\/strong><\/span><\/p>\n<p>&nbsp;<\/p>\n<p style=\"text-align: justify\"><span style=\"font-family: arial, helvetica, sans-serif;color: #000000\">El PAMO 2017 de torn lliure s\u2019executar\u00e0 en dues fases:<\/span><\/p>\n<ul style=\"text-align: justify\">\n<li><span style=\"font-family: arial, helvetica, sans-serif;color: #000000\">En primer lloc, la convocat\u00f2ria extraordin\u00e0ria anomenada CONSOLIDACI\u00d3 DE L\u2019OCUPACI\u00d3 TEMPORAL.<\/span><\/li>\n<li><span style=\"font-family: arial, helvetica, sans-serif;color: #000000\">En segon lloc, tota la resta de places relacionades amb el PAMO 2016 i 2017.<\/span><\/li>\n<\/ul>\n<p style=\"text-align: justify\"><span style=\"font-family: arial, helvetica, sans-serif;color: #000000\">Tot i ser places de TORN LLIURE, la norma no permet que es pugui executar conjuntament amb la resta d\u2019Oferta Publica d\u2019Ocupaci\u00f3 2016 i 2017.<\/span><\/p>\n<p style=\"text-align: justify\"><span style=\"font-family: 'arial black', sans-serif;color: #0000ff;font-size: 14pt\"><strong>CONSOLIDACI\u00d3 DE L\u2019OCUPACI\u00d3 TEMPORAL<\/strong><\/span><\/p>\n<p style=\"text-align: justify\"><span style=\"font-family: arial, helvetica, sans-serif;color: #000000\">Inclou les places dotades pressupost\u00e0riament i que abans de l\u20191 de gener de 2005 han estat ocupades ininterrompudament:<\/span><\/p>\n<p><a href=\"http:\/\/ccoo.app\/diputacio-de-barcelona\/wp-content\/blogs.dir\/6\/files\/sites\/186\/2018\/12\/nnnnnnnnnnnnnnnnnnnnnnnnnnnnnnnnnnnnnnn.png\"><img loading=\"lazy\" decoding=\"async\" class=\"wp-image-3072 aligncenter\" src=\"http:\/\/ccoo.app\/diputacio-de-barcelona\/wp-content\/blogs.dir\/6\/files\/sites\/186\/2018\/12\/nnnnnnnnnnnnnnnnnnnnnnnnnnnnnnnnnnnnnnn-300x126.png\" alt=\"\" width=\"519\" height=\"218\" srcset=\"https:\/\/ccoo.app\/diputacio-de-barcelona\/wp-content\/blogs.dir\/6\/files\/sites\/186\/2018\/12\/nnnnnnnnnnnnnnnnnnnnnnnnnnnnnnnnnnnnnnn-300x126.png 300w, https:\/\/ccoo.app\/diputacio-de-barcelona\/wp-content\/blogs.dir\/6\/files\/sites\/186\/2018\/12\/nnnnnnnnnnnnnnnnnnnnnnnnnnnnnnnnnnnnnnn-1024x429.png 1024w, https:\/\/ccoo.app\/diputacio-de-barcelona\/wp-content\/blogs.dir\/6\/files\/sites\/186\/2018\/12\/nnnnnnnnnnnnnnnnnnnnnnnnnnnnnnnnnnnnnnn-768x322.png 768w, https:\/\/ccoo.app\/diputacio-de-barcelona\/wp-content\/blogs.dir\/6\/files\/sites\/186\/2018\/12\/nnnnnnnnnnnnnnnnnnnnnnnnnnnnnnnnnnnnnnn.png 1128w\" sizes=\"auto, (max-width: 519px) 100vw, 519px\" \/><\/a><\/p>\n<p>&nbsp;<\/p>\n<p style=\"text-align: justify\"><span style=\"font-family: arial, helvetica, sans-serif;font-size: 12pt;color: #000000\"><strong><u>CALENDARI APROXIMAT DE DSRH <\/u><\/strong><\/span><\/p>\n<ul style=\"text-align: justify\">\n<li><span style=\"font-family: arial, helvetica, sans-serif;font-size: 12pt;color: #000000\">Aprovaci\u00f3 de les bases: <strong>NOVEMBRE 2018 <\/strong><\/span><span style=\"font-family: arial, helvetica, sans-serif;font-size: 12pt;background-color: #ffffff;color: #0000ff\"><strong>JA ANEM TARD!<\/strong><\/span><\/li>\n<li><span style=\"font-family: arial, helvetica, sans-serif;font-size: 12pt;color: #000000\">Obertura de termini de presentaci\u00f3 d\u2019inst\u00e0ncies: <strong>GENER 2019<\/strong><\/span><\/li>\n<li><span style=\"font-family: arial, helvetica, sans-serif;font-size: 12pt;color: #000000\">Relaci\u00f3 d\u2019admesos\/es i exclosos\/es: <strong>MAR\u00c7 2019<\/strong><\/span><\/li>\n<li><span style=\"font-family: arial, helvetica, sans-serif;font-size: 12pt;color: #000000\">Publicaci\u00f3 de la data de les primeres proves: <strong>MAR\u00c7 2019<\/strong><\/span><\/li>\n<li><span style=\"font-family: arial, helvetica, sans-serif;font-size: 12pt;color: #000000\">Ordre previst d\u2019execuci\u00f3 ser\u00e0 de les categories m\u00e9s baixes a les m\u00e9s altes<\/span><\/li>\n<\/ul>\n<p style=\"text-align: justify\"><span style=\"font-family: arial, helvetica, sans-serif;font-size: 12pt;color: #000000\">Es tracta d\u2019una convocat\u00f2ria extraordin\u00e0ria d\u2019Oferta Publica d\u2019Ocupaci\u00f3 fruit dels acords pactats amb els sindicats majoritaris a l\u2019Administraci\u00f3 P\u00fablica (CCOO, UGT i CSIF). L\u2019objectiu d\u2019aquesta \u00e9s disminuir la temporalitat tot afavorint la consolidaci\u00f3 del personal que ja hi treballa.<\/span><\/p>\n<p style=\"text-align: justify\"><span style=\"font-family: arial, helvetica, sans-serif;font-size: 12pt;color: #000000\">En aquest sentit, la norma permet aprovar unes bases reguladores especials que afavoreix el personal que ja treballa a la Diputaci\u00f3 \u00e0<\/span><\/p>\n<p style=\"text-align: justify\"><span style=\"font-family: arial, helvetica, sans-serif;font-size: 12pt;color: #000000\"><span style=\"font-family: 'arial black', sans-serif;color: #0000ff\"><strong>VALORACI\u00d3 DE M\u00c8RITS<\/strong><\/span><strong> (M\u00e0xim total de 10 punts):<\/strong><\/span><\/p>\n<ul style=\"text-align: justify\">\n<li><span style=\"font-family: arial, helvetica, sans-serif;font-size: 12pt;color: #000000\"><strong>M\u00e0xim de 6,5 punts<\/strong><\/span><\/li>\n<\/ul>\n<p style=\"text-align: justify\"><span style=\"font-family: arial, helvetica, sans-serif;font-size: 12pt;color: #000000\">Serveis prestats a la diputaci\u00f3 en el mateix lloc de treball (0,15 punts\/mes)<\/span><\/p>\n<ul style=\"text-align: justify\">\n<li><span style=\"font-family: arial, helvetica, sans-serif;font-size: 12pt;color: #000000\"><strong>M\u00e0xim d\u20191 punt<\/strong><\/span><\/li>\n<\/ul>\n<p style=\"text-align: justify\"><span style=\"font-family: arial, helvetica, sans-serif;font-size: 12pt;color: #000000\">Experi\u00e8ncia en d\u2019altres administracions\/\u00e0mbit privat amb funcions similars<\/span><\/p>\n<ul style=\"text-align: justify\">\n<li><span style=\"font-family: arial, helvetica, sans-serif;font-size: 12pt;color: #000000\"><strong>M\u00e0xim d\u20191,5 punts <\/strong><\/span><\/li>\n<\/ul>\n<p style=\"text-align: justify\"><span style=\"font-family: arial, helvetica, sans-serif;font-size: 12pt;color: #000000\">Formaci\u00f3\u00a0\u00a0\u00a0\u00a0\u00a0\u00a0\u00a0\u00a0\u00a0<\/span><\/p>\n<ul style=\"text-align: justify\">\n<li><span style=\"font-family: arial, helvetica, sans-serif;font-size: 12pt;color: #000000\"><strong>M\u00e0xim d\u20191 punt <\/strong><\/span><\/li>\n<\/ul>\n<p style=\"text-align: justify\"><span style=\"font-family: arial, helvetica, sans-serif;font-size: 12pt;color: #000000\">Altres m\u00e8rits<\/span><\/p>\n<p style=\"text-align: justify\"><span style=\"font-family: 'arial black', sans-serif;font-size: 12pt;color: #0000ff\"><strong>PERSONAL AMB DISCAPACITAT<\/strong><\/span><\/p>\n<ul style=\"text-align: justify\">\n<li><span style=\"font-family: arial, helvetica, sans-serif;font-size: 12pt;color: #000000\">Doble oportunitat per guanyar una pla\u00e7a. Un cop resolt el torn reservat, en el cas de quedar aspirants aprovats sense pla\u00e7a, s\u2019integraran en funci\u00f3 de la puntuaci\u00f3 obtinguda en la relaci\u00f3 d\u2019aspirants del torn lliure.<\/span><\/li>\n<\/ul>\n<p>&nbsp;<\/p>\n<p style=\"text-align: justify\"><span style=\"font-family: 'arial black', sans-serif;font-size: 12pt;color: #0000ff\"><strong>ORDRE DE REALITZACI\u00d3 DE PROVES<\/strong><\/span><\/p>\n<ul style=\"text-align: justify\">\n<li><span style=\"font-family: arial, helvetica, sans-serif;font-size: 12pt;color: #000000\">1a prova te\u00f2rica, 2a prova pr\u00e0ctica, 3a prova de catal\u00e0 i 4a prova de castell\u00e0 (per aspirants que no tinguin nacionalitat espanyola).<\/span><\/li>\n<\/ul>\n<p>&nbsp;<\/p>\n<ul style=\"text-align: justify\">\n<li><span style=\"font-family: arial, helvetica, sans-serif;font-size: 12pt;color: #000000\">Prova de catal\u00e0: les bases inclouran una descripci\u00f3 m\u00e9s detallada dels exercicis orals i escrites aix\u00ed com la puntuaci\u00f3 m\u00ednima per superar l\u2019exercici.<\/span><\/li>\n<\/ul>\n<p>&nbsp;<\/p>\n<p style=\"text-align: justify\"><span style=\"font-family: 'arial black', sans-serif;font-size: 12pt;color: #0000ff\"><strong>TEMARIS GENERALS<\/strong><\/span><\/p>\n<ul>\n<li style=\"text-align: justify\"><span style=\"font-family: arial, helvetica, sans-serif;font-size: 12pt;color: #000000\">Inclour\u00e0 novetats: \u201c<em>Les administracions publiques i la societat de la informaci\u00f3. L\u2019administraci\u00f3 electr\u00f2nica. Els principis de transpar\u00e8ncia i bon govern: legislaci\u00f3 b\u00e0sica, objecte, \u00e0mbit d\u2019aplicaci\u00f3 i definicions. Transpar\u00e8ncia de l\u2019activitat publica i acc\u00e9s a la informaci\u00f3. La protecci\u00f3 de dades de car\u00e0cter personal: obligaci\u00f3 de compliment<\/em>\u201d.<\/span><\/li>\n<\/ul>\n<p>&nbsp;<\/p>\n<p style=\"text-align: justify\"><span style=\"font-family: 'arial black', sans-serif;color: #0000ff\"><strong>ACLARIMENT<\/strong><\/span><\/p>\n<p style=\"text-align: justify\"><span style=\"font-family: arial, helvetica, sans-serif;color: #000000\">La convocat\u00f2ria de CONSOLIDACI\u00d3 D\u2019OCUPACI\u00d3 t\u00e9 car\u00e0cter extraordinari. Malgrat aix\u00f2 es tracta d\u2019una convocat\u00f2ria de torn lliure i s\u2019hi pot presentar, evidentment, qualsevol funcionari inter\u00ed o de carrera, o qualsevol ciutad\u00e0.<a href=\"http:\/\/ccoo.app\/diputacio-de-barcelona\/wp-content\/blogs.dir\/6\/files\/sites\/186\/2018\/12\/hhhhhhhhhhhhhhhhhhhhhh.png\"><img loading=\"lazy\" decoding=\"async\" class=\" wp-image-3073 alignright\" src=\"http:\/\/ccoo.app\/diputacio-de-barcelona\/wp-content\/blogs.dir\/6\/files\/sites\/186\/2018\/12\/hhhhhhhhhhhhhhhhhhhhhh-300x181.png\" alt=\"\" width=\"345\" height=\"208\" srcset=\"https:\/\/ccoo.app\/diputacio-de-barcelona\/wp-content\/blogs.dir\/6\/files\/sites\/186\/2018\/12\/hhhhhhhhhhhhhhhhhhhhhh-300x181.png 300w, https:\/\/ccoo.app\/diputacio-de-barcelona\/wp-content\/blogs.dir\/6\/files\/sites\/186\/2018\/12\/hhhhhhhhhhhhhhhhhhhhhh.png 512w\" sizes=\"auto, (max-width: 345px) 100vw, 345px\" \/><\/a><\/span><\/p>\n<p style=\"text-align: justify\"><span style=\"font-family: arial, helvetica, sans-serif;color: #000000\">Per tant, TOT el personal que actualment ocupi un lloc de treball a la Diputaci\u00f3 de Barcelona relacionat amb les places que es convoquen hauria de presentar-se.<\/span><\/p>\n<p style=\"text-align: justify\"><span style=\"font-family: arial, helvetica, sans-serif;color: #000000\">Es veritat que les places han hagut de ser identificades: entre aquelles que estaven dotades pressupost\u00e0riament i que abans de l\u20191 de gener de 2005 haguessin vingut sent ocupades ininterrompudament. Ara b\u00e9, hem de saber que el fet que la pla\u00e7a que ocupem hagi estat identificada o no, no ens dona cap avantatge ni desavantatge. No oblidem que es tracta d\u2019una convocat\u00f2ria de torn lliure i per tant la puntuaci\u00f3 obtinguda ser\u00e0 determinant.<\/span><\/p>\n<p style=\"text-align: justify\"><span style=\"font-family: arial, helvetica, sans-serif;color: #000000\">I finalment, recordeu que totes les convocat\u00f2ries generar\u00e0 borses de treball de les persones aprovades per\u00f2 que no hagin tret nota suficient per ser anomenades funcionari\/a de carrera.<\/span><\/p>\n<p style=\"text-align: justify\"><span style=\"font-family: arial, helvetica, sans-serif;color: #000000\"><a style=\"color: #000000\" href=\"https:\/\/intradiba.diba.cat\/web\/e-rh\/e-rh\/-\/newsletter\/39058318\/27\/186887115\/pamo-2016-i-pamo-2017-preguntes-mes-frequents\"><span style=\"color: #0000ff;font-family: 'arial black', sans-serif\">CLIQUEU AQU\u00cd<\/span><\/a> per llegir el <em>butllet\u00ed de RH<\/em> de maig 2018 amb el tema \u201c<em>PAMO 2016 i PAMO 2017: Preguntes m\u00e9s freq\u00fcents<\/em>\u201d<\/span><\/p>\n<p>&nbsp;<\/p>\n<p><a href=\"http:\/\/ccoo.app\/diputacio-de-barcelona\/wp-content\/blogs.dir\/6\/files\/sites\/186\/2018\/12\/7b-pamo-2016-i-2017-info-31-10-2018.pdf\"><img loading=\"lazy\" decoding=\"async\" class=\"size-medium wp-image-2909 aligncenter\" src=\"http:\/\/ccoo.app\/diputacio-de-barcelona\/wp-content\/blogs.dir\/6\/files\/sites\/186\/2018\/11\/jjjjjjjjjjjjjjjjjjj-300x176.png\" alt=\"\" width=\"300\" height=\"176\" srcset=\"https:\/\/ccoo.app\/diputacio-de-barcelona\/wp-content\/blogs.dir\/6\/files\/sites\/186\/2018\/11\/jjjjjjjjjjjjjjjjjjj-300x176.png 300w, https:\/\/ccoo.app\/diputacio-de-barcelona\/wp-content\/blogs.dir\/6\/files\/sites\/186\/2018\/11\/jjjjjjjjjjjjjjjjjjj.png 386w\" sizes=\"auto, (max-width: 300px) 100vw, 300px\" \/><\/a><\/p>\n<p>&nbsp;<\/p>\n<p><a href=\"http:\/\/www.fsc.ccoo.es\/cms.php?cd_cms_pag=13319&amp;cd_cms_elcon_from=&amp;cd_cms_elconmaster_to=126&amp;cd_cms_conte=238969&amp;opc_id=489ae92c94e37aa07fdc4b9a938889de\"><span style=\"font-family: 'arial black', sans-serif;color: #0000ff\">CLIQUEU PER VEURE V\u00cdDEO DE L&#8217;ACORD<\/span><\/a><\/p>\n<p>&nbsp;<\/p>\n<p><a href=\"https:\/\/transparencia.diba.cat\/acords-de-la-mesa-general-de-negociacio-2015-2019\"><img loading=\"lazy\" decoding=\"async\" class=\"wp-image-3042 aligncenter\" src=\"http:\/\/ccoo.app\/diputacio-de-barcelona\/wp-content\/blogs.dir\/6\/files\/sites\/186\/2018\/12\/logo-revindiquem-lluitem-arribem-acords-300x56.png\" alt=\"\" width=\"488\" height=\"91\" srcset=\"https:\/\/ccoo.app\/diputacio-de-barcelona\/wp-content\/blogs.dir\/6\/files\/sites\/186\/2018\/12\/logo-revindiquem-lluitem-arribem-acords-300x56.png 300w, https:\/\/ccoo.app\/diputacio-de-barcelona\/wp-content\/blogs.dir\/6\/files\/sites\/186\/2018\/12\/logo-revindiquem-lluitem-arribem-acords-768x145.png 768w, https:\/\/ccoo.app\/diputacio-de-barcelona\/wp-content\/blogs.dir\/6\/files\/sites\/186\/2018\/12\/logo-revindiquem-lluitem-arribem-acords.png 940w\" sizes=\"auto, (max-width: 488px) 100vw, 488px\" \/><\/a><\/p>\n<p>&nbsp;<\/p>\n<p><a href=\"https:\/\/diba.ccoo.cat\/tambe-a-la-diputacio-no-es-no\/\"><img loading=\"lazy\" decoding=\"async\" class=\"wp-image-3043 aligncenter\" src=\"http:\/\/ccoo.app\/diputacio-de-barcelona\/wp-content\/blogs.dir\/6\/files\/sites\/186\/2018\/12\/ffffffffffffffffffff-1-300x108.png\" alt=\"\" width=\"186\" height=\"67\" srcset=\"https:\/\/ccoo.app\/diputacio-de-barcelona\/wp-content\/blogs.dir\/6\/files\/sites\/186\/2018\/12\/ffffffffffffffffffff-1-300x108.png 300w, https:\/\/ccoo.app\/diputacio-de-barcelona\/wp-content\/blogs.dir\/6\/files\/sites\/186\/2018\/12\/ffffffffffffffffffff-1.png 686w\" sizes=\"auto, (max-width: 186px) 100vw, 186px\" \/><\/a><\/p>\n<p>&nbsp;<\/p>\n<p><a href=\"https:\/\/diba.ccoo.cat\/afiliat-al-sindicat-amb-mes-afiliacio-i-representacio-a-la-diputacio-de-barcelona\/\"><img loading=\"lazy\" decoding=\"async\" class=\"alignnone size-medium wp-image-2346\" src=\"http:\/\/ccoo.app\/diputacio-de-barcelona\/wp-content\/blogs.dir\/6\/files\/sites\/186\/2016\/05\/asasas-300x142-1-300x142.png\" alt=\"\" width=\"300\" height=\"142\" \/><\/a><\/p>\n<p><span style=\"font-family: arial, helvetica, sans-serif;color: #000000\"><strong>Horari d\u2019atenci\u00f3 CCOO DIBA: <\/strong><\/span><\/p>\n<p><span style=\"font-family: arial, helvetica, sans-serif;color: #000000\"><strong>CARRER MALLORCA, 244, 2on 3a<\/strong><\/span><\/p>\n<p><span style=\"font-family: arial, helvetica, sans-serif;color: #000000\"><strong>DE DILLUNS A DIVENDRES DE 8:30 A 16:30\u00a0\u00a0 <\/strong><span style=\"font-size: 10pt\"><strong>(FORA D\u2019AQUEST HORARI AMB CITA PR\u00c8VIA)<\/strong><\/span><\/span><\/p>\n<p style=\"text-align: center\"><span style=\"font-size: 18pt\"><span style=\"font-family: arial, helvetica, sans-serif;color: #000000\"><strong>\u00a0<\/strong><\/span><span style=\"font-family: arial, helvetica, sans-serif\"><strong><small><span style=\"color: #000000\">Contacta&#8217;ns per tel\u00e8fon 934 022 985 o correu:<\/span> <a href=\"mailto:ccoo@diba.cat\">ccoo@diba.cat<\/a><\/small> <\/strong><\/span><\/span><\/p>\n<p><strong>\u00a0<\/strong><\/p>\n<p><a href=\"https:\/\/twitter.com\/CCOODiba\"><img loading=\"lazy\" decoding=\"async\" class=\"alignleft\" src=\"http:\/\/www.mysocialaccounts.com\/wp-content\/uploads\/2017\/04\/twitter.jpg\" alt=\"Resultado de imagen de twitter\" width=\"44\" height=\"44\" \/><\/a>\u00a0 \u00a0\u00a0<a href=\"http:\/\/diba.ccoo.cat\/\"><img loading=\"lazy\" decoding=\"async\" class=\"\" src=\"https:\/\/encrypted-tbn0.gstatic.com\/images?q=tbn:ANd9GcS98Z75qmWgKpehEkfwdWrInKdK65A-jf2SgkGvuU4oy_fPYt9q\" alt=\"Imagen relacionada\" width=\"52\" height=\"53\" \/><\/a><a href=\"https:\/\/www.facebook.com\/CcooDiputacioDeBarcelona\/\"><img loading=\"lazy\" decoding=\"async\" class=\"alignleft\" src=\"https:\/\/upload.wikimedia.org\/wikipedia\/commons\/thumb\/7\/7c\/Facebook_New_Logo_%282015%29.svg\/2000px-Facebook_New_Logo_%282015%29.svg.png\" alt=\"Resultado de imagen de facebook\" width=\"122\" height=\"46\" \/><\/a><a href=\"https:\/\/www.youtube.com\/channel\/UCFzenkS75udEcs4pB4qoZsg\"><img loading=\"lazy\" decoding=\"async\" class=\"alignleft\" src=\"https:\/\/i.kinja-img.com\/gawker-media\/image\/upload\/s--heVex4FV--\/c_scale,fl_progressive,q_80,w_800\/pol5zfmalpqmpt1jcnbp.png\" alt=\"Resultado de imagen de youtube\" width=\"117\" height=\"50\" \/><\/a><img loading=\"lazy\" decoding=\"async\" class=\"alignleft\" src=\"https:\/\/www.educapeques.com\/wp-content\/uploads\/2016\/04\/descargar-whatsapp.png\" alt=\"Resultado de imagen de whatsapp\" width=\"64\" height=\"50\" \/><\/p>\n<p>&nbsp;<\/p>\n<p>&nbsp;<\/p>\n<p>&nbsp;<\/p>\n<p>&nbsp;<\/p>\n<p>&nbsp;<\/p>\n<p>&nbsp;<\/p>\n<p>&nbsp;<\/p>\n<p>&nbsp;<\/p>\n<p><img loading=\"lazy\" decoding=\"async\" class=\"wp-image-262 alignright\" src=\"http:\/\/ccoo.app\/diputacio-de-barcelona\/wp-content\/blogs.dir\/6\/files\/sites\/186\/2016\/04\/afiliat_ccoo_cat.gif\" alt=\"Tota la informaci\u00f3 de com afiliar-se a CCOO Catalunya i forlmulari d'alta o baxia.\" width=\"90\" height=\"80\" \/><\/p>\n<p>&nbsp;<\/p>\n<p>&nbsp;<\/p>\n<p>&nbsp;<\/p>\n<p>&nbsp;<\/p>\n<p>&nbsp;    \t<\/p>\n","protected":false},"excerpt":{"rendered":"<p>\u00a0 \u00a0 \u00a0 \u00a0 \u00a0 \u00a0 \u00a0 \u00a0 ACORD DEFINITIU REGULACI\u00d3 DELS CRITERIS DE LES BASES DE LA CONVOCAT\u00d2RIA EXTRAORDIN\u00c0RIA PER LA CONSOLIDACI\u00d3 DE L&#8217;OCUPACI\u00d3 TEMPORAL (PAMO 2017) &nbsp; El &#8230; <\/p>\n<p class=\"read-more-container\"><a title=\"ACORD DEFINITIU REGULACI\u00d3 DELS CRITERIS DE LES BASES  DE LA CONVOCAT\u00d2RIA EXTRAORDIN\u00c0RIA PER LA CONSOLIDACI\u00d3\" class=\"read-more button\" href=\"https:\/\/ccoo.app\/diputacio-de-barcelona\/bases-consolidacio-2017\/#more-3071\" aria-label=\"Leer m\u00e1s sobre ACORD DEFINITIU REGULACI\u00d3 DELS CRITERIS DE LES BASES  DE LA CONVOCAT\u00d2RIA EXTRAORDIN\u00c0RIA PER LA CONSOLIDACI\u00d3\">Continuar llegint<\/a><\/p>\n","protected":false},"author":4519,"featured_media":2961,"comment_status":"open","ping_status":"open","sticky":false,"template":"","format":"standard","meta":{"footnotes":""},"categories":[38,19,20,24,26,31],"tags":[148,169,180],"class_list":["post-3071","post","type-post","status-publish","format-standard","has-post-thumbnail","hentry","category-a-tot-el-personal","category-comunicats","category-cursos","category-interins","category-mgn","category-personal-interi-comunicats","tag-mesa-general-negociacio","tag-pamo","tag-personal-interi","generate-columns","tablet-grid-50","mobile-grid-100","grid-parent","grid-50"],"_links":{"self":[{"href":"https:\/\/ccoo.app\/diputacio-de-barcelona\/wp-json\/wp\/v2\/posts\/3071","targetHints":{"allow":["GET"]}}],"collection":[{"href":"https:\/\/ccoo.app\/diputacio-de-barcelona\/wp-json\/wp\/v2\/posts"}],"about":[{"href":"https:\/\/ccoo.app\/diputacio-de-barcelona\/wp-json\/wp\/v2\/types\/post"}],"author":[{"embeddable":true,"href":"https:\/\/ccoo.app\/diputacio-de-barcelona\/wp-json\/wp\/v2\/users\/4519"}],"replies":[{"embeddable":true,"href":"https:\/\/ccoo.app\/diputacio-de-barcelona\/wp-json\/wp\/v2\/comments?post=3071"}],"version-history":[{"count":1,"href":"https:\/\/ccoo.app\/diputacio-de-barcelona\/wp-json\/wp\/v2\/posts\/3071\/revisions"}],"predecessor-version":[{"id":52086,"href":"https:\/\/ccoo.app\/diputacio-de-barcelona\/wp-json\/wp\/v2\/posts\/3071\/revisions\/52086"}],"wp:featuredmedia":[{"embeddable":true,"href":"https:\/\/ccoo.app\/diputacio-de-barcelona\/wp-json\/wp\/v2\/media\/2961"}],"wp:attachment":[{"href":"https:\/\/ccoo.app\/diputacio-de-barcelona\/wp-json\/wp\/v2\/media?parent=3071"}],"wp:term":[{"taxonomy":"category","embeddable":true,"href":"https:\/\/ccoo.app\/diputacio-de-barcelona\/wp-json\/wp\/v2\/categories?post=3071"},{"taxonomy":"post_tag","embeddable":true,"href":"https:\/\/ccoo.app\/diputacio-de-barcelona\/wp-json\/wp\/v2\/tags?post=3071"}],"curies":[{"name":"wp","href":"https:\/\/api.w.org\/{rel}","templated":true}]}}