{"id":2982,"date":"2018-11-30T15:18:16","date_gmt":"2018-11-30T14:18:16","guid":{"rendered":"https:\/\/diba.ccoo.cat\/?p=2982"},"modified":"2023-02-22T19:08:52","modified_gmt":"2023-02-22T18:08:52","slug":"ccooprevencio-diba-requeriments-de-la-inspeccio-de-treball-a-la-diputacio-de-barcelona","status":"publish","type":"post","link":"https:\/\/ccoo.app\/diputacio-de-barcelona\/ccooprevencio-diba-requeriments-de-la-inspeccio-de-treball-a-la-diputacio-de-barcelona\/","title":{"rendered":"CCOOPREVENCI\u00d3-DIBA:\u00a0REQUERIMENTS DE LA INSPECCI\u00d3 DE TREBALL A LA DIPUTACI\u00d3 DE BARCELONA"},"content":{"rendered":"<p class=\"wp-caption-text\"><img loading=\"lazy\" decoding=\"async\" class=\"alignnone wp-image-1853\" src=\"http:\/\/ccoo.app\/diputacio-de-barcelona\/wp-content\/blogs.dir\/6\/files\/sites\/186\/2018\/01\/logoccoov18.jpg\" alt=\"\" width=\"137\" height=\"63\" \/>\u00a0 \u00a0 \u00a0 \u00a0 \u00a0 \u00a0 \u00a0 \u00a0 \u00a0<a href=\"https:\/\/diba.ccoo.cat\/wp-content\/uploads\/sites\/37\/2018\/10\/PREVENCI%C3%93-Setembre-2018-2.pdf\"><img loading=\"lazy\" decoding=\"async\" class=\"alignnone wp-image-2113\" src=\"http:\/\/ccoo.app\/diputacio-de-barcelona\/wp-content\/blogs.dir\/6\/files\/sites\/186\/2018\/04\/22-300x172.png\" alt=\"\" width=\"161\" height=\"92\" srcset=\"https:\/\/ccoo.app\/diputacio-de-barcelona\/wp-content\/blogs.dir\/6\/files\/sites\/186\/2018\/04\/22-300x172.png 300w, https:\/\/ccoo.app\/diputacio-de-barcelona\/wp-content\/blogs.dir\/6\/files\/sites\/186\/2018\/04\/22.png 327w\" sizes=\"auto, (max-width: 161px) 100vw, 161px\" \/><\/a><\/p>\n<p class=\"wp-caption-text\"><span style=\"font-family: 'arial black', sans-serif;font-size: 18pt;color: #ff0000\">CCOOPREVENCI\u00d3-DIBA:\u00a0<\/span><span style=\"font-family: 'arial black', sans-serif;font-size: 18pt;color: #0000ff\"><strong>REQUERIMENTS <\/strong><strong>DE LA INSPECCI\u00d3 DE TREBALL <\/strong><strong>A LA DIPUTACI\u00d3 DE BARCELONA<\/strong><\/span><\/p>\n<p class=\"wp-caption-text\"><span style=\"font-family: arial, helvetica, sans-serif;font-size: 14pt;color: #000000\"><img loading=\"lazy\" decoding=\"async\" class=\"wp-image-2549 alignleft\" src=\"http:\/\/ccoo.app\/diputacio-de-barcelona\/wp-content\/blogs.dir\/6\/files\/sites\/186\/2016\/05\/pppppppppppppppp.png\" alt=\"\" width=\"75\" height=\"159\" \/><\/span><\/p>\n<p>&nbsp;<\/p>\n<p class=\"wp-caption-text\" style=\"text-align: center\"><span style=\"font-family: arial, helvetica, sans-serif;font-size: 14pt;color: #000000\">La Inspecci\u00f3 de Treball fa un nou requeriment a la Diputaci\u00f3 de Barcelona en base a les defici\u00e8ncies observades en mat\u00e8ria de prevenci\u00f3 de riscos laborals.<\/span><\/p>\n<p>&nbsp;<\/p>\n<p>&nbsp;<\/p>\n<p><span style=\"color: #000000;font-family: arial, helvetica, sans-serif\">Aquests requeriments fan relaci\u00f3 a:<\/span><\/p>\n<ol>\n<li><span style=\"color: #000000;font-family: arial, helvetica, sans-serif\">Que la Diputaci\u00f3 de Barcelona ha de complir amb l\u2019obligaci\u00f3 de realitzar una adequada vigil\u00e0ncia de la salut i <strong>realitzar quantes proves siguin necess\u00e0ries per determinar si un treballador\/a \u00e9s especialment sensible<\/strong> i la seva compatibilitat amb les condicions del lloc de treball o la necessitat de realitzar adaptacions del mateix.<\/span><\/li>\n<li><span style=\"color: #000000;font-family: arial, helvetica, sans-serif\">Des de CCOO-Diba vam demanar a l\u2019Oficina de Prevenci\u00f3 de Riscos Laborals que l\u2019avaluaci\u00f3 d\u2019un determinat lloc de treball es consider\u00e9s com despatx i no com oficina, sobretot a l\u2019hora de les condicions d\u2019exposici\u00f3 al soroll. Aix\u00ed doncs, la Inspecci\u00f3 requereix que la Diputaci\u00f3 de Barcelona ha de realitzar una adequada avaluaci\u00f3 de riscos laborals del lloc de treball. Tenint en compte que es tracta d\u2019un despatx i no d\u2019una oficina mecanitzada, i per tant, l\u2019interval d\u2019exposici\u00f3 que haur\u00e0 de tenir en compte \u00e9s el NR 30-40 i no el NR 50-55 dba. En el cas que se li reconegui com especialment sensible s\u2019hauran d\u2019adoptar les recomanacions preventives necess\u00e0ries per protegir a la treballadora front el risc identificat.<\/span><\/li>\n<\/ol>\n<p><span style=\"color: #000000;font-family: arial, helvetica, sans-serif\">Creiem important que tothom conegui les resolucions que fa la Inspecci\u00f3 de Treball a l\u2019hora de defensar els drets els treballadors\/es en mat\u00e8ria de salut laboral.<\/span><\/p>\n<p><span style=\"color: #000000;font-family: arial, helvetica, sans-serif\">Per altra part ens crida molt l\u2019atenci\u00f3 la manca de criteris en l\u2019aplicaci\u00f3 de la normativa vigent en mat\u00e8ria de salut laboral per part de l\u2019Oficina de Prevenci\u00f3 de Riscos Laborals.<\/span><\/p>\n<p>&nbsp;<\/p>\n<p><span style=\"font-family: arial, helvetica, sans-serif;color: #000000\">QUALSEVOL dubte al respecte, si us plau, contacteu amb el vostre delegat o delegada de prevenci\u00f3:<\/span><\/p>\n<ul>\n<li><span style=\"color: #000000\">Carlos Arias\u00a0\u00a0<a style=\"color: #000000\" href=\"mailto:ariasal@diba.cat\">ariasal@diba.cat<\/a><\/span><\/li>\n<li><span style=\"color: #000000\">Leonardo Chac\u00f3n\u00a0\u00a0<a style=\"color: #000000\" href=\"mailto:chaconrl@diba.cat\">chaconrl@diba.cat<\/a><\/span><\/li>\n<li><span style=\"color: #000000\">Pedro Montiel\u00a0\u00a0<a style=\"color: #000000\" href=\"mailto:montiellp@diba.cat\">montiellp@diba.cat<\/a><\/span><\/li>\n<li><span style=\"color: #000000\">Xavier Villacampa\u00a0\u00a0<a style=\"color: #000000\" href=\"mailto:villacampaml@diba.cat\">villacampaml@diba.cat<\/a><\/span><\/li>\n<li><span style=\"color: #000000\">Ricard Alcojor\u00a0\u00a0<a style=\"color: #000000\" href=\"mailto:alcojorbr@diba.cat\">alcojorbr@diba.cat<\/a><\/span><\/li>\n<li><span style=\"color: #000000\">L\u00eddia Rodr\u00edguez\u00a0\u00a0<a style=\"color: #000000\" href=\"mailto:rodriguezsld@diba.cat\">rodriguezsld@diba.cat<\/a><\/span><\/li>\n<\/ul>\n<p><strong><span style=\"color: #000000\">\u00a0\u00a0\u00a0\u00a0\u00a0\u00a0\u00a0\u00a0\u00a0\u00a0\u00a0<\/span><a href=\"https:\/\/diba.ccoo.cat\/ccooprevencio-diba-requeriments-de-la-inspeccio-de-treball-a-la-diputacio-de-barcelona\/\"><img loading=\"lazy\" decoding=\"async\" class=\"wp-image-2551 aligncenter\" src=\"http:\/\/ccoo.app\/diputacio-de-barcelona\/wp-content\/blogs.dir\/6\/files\/sites\/186\/2018\/09\/aaaaaaaaaaaaaaaa-300x138.png\" alt=\"\" width=\"435\" height=\"200\" srcset=\"https:\/\/ccoo.app\/diputacio-de-barcelona\/wp-content\/blogs.dir\/6\/files\/sites\/186\/2018\/09\/aaaaaaaaaaaaaaaa-300x138.png 300w, https:\/\/ccoo.app\/diputacio-de-barcelona\/wp-content\/blogs.dir\/6\/files\/sites\/186\/2018\/09\/aaaaaaaaaaaaaaaa.png 580w\" sizes=\"auto, (max-width: 435px) 100vw, 435px\" \/> <\/a><\/strong><\/p>\n<p><img loading=\"lazy\" decoding=\"async\" class=\" wp-image-2552 aligncenter\" src=\"http:\/\/ccoo.app\/diputacio-de-barcelona\/wp-content\/blogs.dir\/6\/files\/sites\/186\/2018\/09\/ssssssssssss-300x58.png\" alt=\"\" width=\"435\" height=\"84\" srcset=\"https:\/\/ccoo.app\/diputacio-de-barcelona\/wp-content\/blogs.dir\/6\/files\/sites\/186\/2018\/09\/ssssssssssss-300x58.png 300w, https:\/\/ccoo.app\/diputacio-de-barcelona\/wp-content\/blogs.dir\/6\/files\/sites\/186\/2018\/09\/ssssssssssss.png 555w\" sizes=\"auto, (max-width: 435px) 100vw, 435px\" \/><\/p>\n<p>&nbsp;<\/p>\n<p><a href=\"https:\/\/diba.ccoo.cat\/afiliat-al-sindicat-amb-mes-afiliacio-i-representacio-a-la-diputacio-de-barcelona\/\"><img loading=\"lazy\" decoding=\"async\" class=\"alignnone size-medium wp-image-2346\" src=\"http:\/\/ccoo.app\/diputacio-de-barcelona\/wp-content\/blogs.dir\/6\/files\/sites\/186\/2016\/05\/asasas-300x142-1-300x142.png\" alt=\"\" width=\"300\" height=\"142\" \/><\/a><\/p>\n<p><span style=\"font-family: arial, helvetica, sans-serif;color: #000000\"><strong>Horari d\u2019atenci\u00f3 CCOO DIBA: <\/strong><\/span><\/p>\n<p><span style=\"font-family: arial, helvetica, sans-serif;color: #000000\"><strong>CARRER MALLORCA, 244, 2on 3a<\/strong><\/span><\/p>\n<p><span style=\"font-family: arial, helvetica, sans-serif;color: #000000\"><strong>DE DILLUNS A DIVENDRES DE 8:30 A 16:30\u00a0\u00a0 <\/strong><span style=\"font-size: 10pt\"><strong>(FORA D\u2019AQUEST HORARI AMB CITA PR\u00c8VIA)<\/strong><\/span><\/span><\/p>\n<p style=\"text-align: center\"><span style=\"font-size: 18pt\"><span style=\"font-family: arial, helvetica, sans-serif;color: #000000\"><strong>\u00a0<\/strong><\/span><span style=\"font-family: arial, helvetica, sans-serif\"><strong><small><span style=\"color: #000000\">Contacta&#8217;ns per tel\u00e8fon 934 022 985 o correu:<\/span> <a href=\"mailto:ccoo@diba.cat\">ccoo@diba.cat<\/a><\/small> <\/strong><\/span><\/span><\/p>\n<p><strong>\u00a0<\/strong><\/p>\n<p><a href=\"https:\/\/twitter.com\/CCOODiba\"><img loading=\"lazy\" decoding=\"async\" class=\"alignleft\" src=\"http:\/\/www.mysocialaccounts.com\/wp-content\/uploads\/2017\/04\/twitter.jpg\" alt=\"Resultado de imagen de twitter\" width=\"44\" height=\"44\" \/><\/a>\u00a0 \u00a0\u00a0<a href=\"http:\/\/diba.ccoo.cat\/\"><img loading=\"lazy\" decoding=\"async\" class=\"\" src=\"https:\/\/encrypted-tbn0.gstatic.com\/images?q=tbn:ANd9GcS98Z75qmWgKpehEkfwdWrInKdK65A-jf2SgkGvuU4oy_fPYt9q\" alt=\"Imagen relacionada\" width=\"52\" height=\"53\" \/><\/a><a href=\"https:\/\/www.facebook.com\/CcooDiputacioDeBarcelona\/\"><img loading=\"lazy\" decoding=\"async\" class=\"alignleft\" src=\"https:\/\/upload.wikimedia.org\/wikipedia\/commons\/thumb\/7\/7c\/Facebook_New_Logo_%282015%29.svg\/2000px-Facebook_New_Logo_%282015%29.svg.png\" alt=\"Resultado de imagen de facebook\" width=\"122\" height=\"46\" \/><\/a><a href=\"https:\/\/www.youtube.com\/channel\/UCFzenkS75udEcs4pB4qoZsg\"><img loading=\"lazy\" decoding=\"async\" class=\"alignleft\" src=\"https:\/\/i.kinja-img.com\/gawker-media\/image\/upload\/s--heVex4FV--\/c_scale,fl_progressive,q_80,w_800\/pol5zfmalpqmpt1jcnbp.png\" alt=\"Resultado de imagen de youtube\" width=\"117\" height=\"50\" \/><\/a><img loading=\"lazy\" decoding=\"async\" class=\"alignleft\" src=\"https:\/\/www.educapeques.com\/wp-content\/uploads\/2016\/04\/descargar-whatsapp.png\" alt=\"Resultado de imagen de whatsapp\" width=\"64\" height=\"50\" \/><\/p>\n<p>&nbsp;<\/p>\n<p>&nbsp;<\/p>\n<p>&nbsp;<\/p>\n<p>&nbsp;<\/p>\n<p>&nbsp;<\/p>\n<p>&nbsp;<\/p>\n<p>&nbsp;<\/p>\n<p>&nbsp;<\/p>\n<p><img loading=\"lazy\" decoding=\"async\" class=\"wp-image-262 alignright\" src=\"http:\/\/ccoo.app\/diputacio-de-barcelona\/wp-content\/blogs.dir\/6\/files\/sites\/186\/2016\/04\/afiliat_ccoo_cat.gif\" alt=\"Tota la informaci\u00f3 de com afiliar-se a CCOO Catalunya i forlmulari d'alta o baxia.\" width=\"90\" height=\"80\" \/><\/p>\n<p>&nbsp;<\/p>\n<p>&nbsp;<\/p>\n<p>&nbsp;<\/p>\n<p>&nbsp;<\/p>\n<p>&nbsp;    \t<\/p>\n","protected":false},"excerpt":{"rendered":"<p>\u00a0 \u00a0 \u00a0 \u00a0 \u00a0 \u00a0 \u00a0 \u00a0 \u00a0 CCOOPREVENCI\u00d3-DIBA:\u00a0REQUERIMENTS DE LA INSPECCI\u00d3 DE TREBALL A LA DIPUTACI\u00d3 DE BARCELONA &nbsp; La Inspecci\u00f3 de Treball fa un nou requeriment a &#8230; <\/p>\n<p class=\"read-more-container\"><a title=\"CCOOPREVENCI\u00d3-DIBA:\u00a0REQUERIMENTS DE LA INSPECCI\u00d3 DE TREBALL A LA DIPUTACI\u00d3 DE BARCELONA\" class=\"read-more button\" href=\"https:\/\/ccoo.app\/diputacio-de-barcelona\/ccooprevencio-diba-requeriments-de-la-inspeccio-de-treball-a-la-diputacio-de-barcelona\/#more-2982\" aria-label=\"Leer m\u00e1s sobre CCOOPREVENCI\u00d3-DIBA:\u00a0REQUERIMENTS DE LA INSPECCI\u00d3 DE TREBALL A LA DIPUTACI\u00d3 DE BARCELONA\">Continuar llegint<\/a><\/p>\n","protected":false},"author":4519,"featured_media":2963,"comment_status":"open","ping_status":"open","sticky":false,"template":"","format":"standard","meta":{"footnotes":""},"categories":[19,35],"tags":[64,124],"class_list":["post-2982","post","type-post","status-publish","format-standard","has-post-thumbnail","hentry","category-comunicats","category-salut-laboral","tag-baixes-laborals","tag-inspeccio-de-treball","generate-columns","tablet-grid-50","mobile-grid-100","grid-parent","grid-50"],"_links":{"self":[{"href":"https:\/\/ccoo.app\/diputacio-de-barcelona\/wp-json\/wp\/v2\/posts\/2982","targetHints":{"allow":["GET"]}}],"collection":[{"href":"https:\/\/ccoo.app\/diputacio-de-barcelona\/wp-json\/wp\/v2\/posts"}],"about":[{"href":"https:\/\/ccoo.app\/diputacio-de-barcelona\/wp-json\/wp\/v2\/types\/post"}],"author":[{"embeddable":true,"href":"https:\/\/ccoo.app\/diputacio-de-barcelona\/wp-json\/wp\/v2\/users\/4519"}],"replies":[{"embeddable":true,"href":"https:\/\/ccoo.app\/diputacio-de-barcelona\/wp-json\/wp\/v2\/comments?post=2982"}],"version-history":[{"count":1,"href":"https:\/\/ccoo.app\/diputacio-de-barcelona\/wp-json\/wp\/v2\/posts\/2982\/revisions"}],"predecessor-version":[{"id":52093,"href":"https:\/\/ccoo.app\/diputacio-de-barcelona\/wp-json\/wp\/v2\/posts\/2982\/revisions\/52093"}],"wp:featuredmedia":[{"embeddable":true,"href":"https:\/\/ccoo.app\/diputacio-de-barcelona\/wp-json\/wp\/v2\/media\/2963"}],"wp:attachment":[{"href":"https:\/\/ccoo.app\/diputacio-de-barcelona\/wp-json\/wp\/v2\/media?parent=2982"}],"wp:term":[{"taxonomy":"category","embeddable":true,"href":"https:\/\/ccoo.app\/diputacio-de-barcelona\/wp-json\/wp\/v2\/categories?post=2982"},{"taxonomy":"post_tag","embeddable":true,"href":"https:\/\/ccoo.app\/diputacio-de-barcelona\/wp-json\/wp\/v2\/tags?post=2982"}],"curies":[{"name":"wp","href":"https:\/\/api.w.org\/{rel}","templated":true}]}}