{"id":2928,"date":"2018-11-25T10:13:00","date_gmt":"2018-11-25T09:13:00","guid":{"rendered":"https:\/\/diba.ccoo.cat\/?p=2928"},"modified":"2023-02-22T19:08:57","modified_gmt":"2023-02-22T18:08:57","slug":"ccoo-presentem-al%c2%b7legacions-al-nou-reglament","status":"publish","type":"post","link":"https:\/\/ccoo.app\/diputacio-de-barcelona\/ccoo-presentem-al%c2%b7legacions-al-nou-reglament\/","title":{"rendered":"CCOO PRESENTEM AL\u00b7LEGACIONS AL NOU REGLAMENT DE LES RELACIONS ELECTR\u00d2NIQUES EN EL MARC DELS PROCEDIMENTS ADMINISTRATIUS EN L\u2019\u00c0MBIT DE RECURSOS HUMANS DE LA DIPUTACI\u00d3 DE BARCELONA."},"content":{"rendered":"<p class=\"wp-caption-text\"><img loading=\"lazy\" decoding=\"async\" class=\"alignnone wp-image-1853\" src=\"http:\/\/ccoo.app\/diputacio-de-barcelona\/wp-content\/blogs.dir\/6\/files\/sites\/186\/2018\/01\/logoccoov18.jpg\" alt=\"\" width=\"137\" height=\"63\" \/>\u00a0 \u00a0 \u00a0 \u00a0 \u00a0 \u00a0 \u00a0 \u00a0<a href=\"https:\/\/diba.ccoo.cat\/wp-content\/uploads\/sites\/37\/2018\/11\/INFO-25.11.2018-EL-PERSONAL-INTER%C3%8D-T%C3%89-DRET-A-CONSOLIDAR-GRAU.pdf\"><img loading=\"lazy\" decoding=\"async\" class=\"alignnone wp-image-2113\" src=\"http:\/\/ccoo.app\/diputacio-de-barcelona\/wp-content\/blogs.dir\/6\/files\/sites\/186\/2018\/04\/22-300x172.png\" alt=\"\" width=\"167\" height=\"96\" srcset=\"https:\/\/ccoo.app\/diputacio-de-barcelona\/wp-content\/blogs.dir\/6\/files\/sites\/186\/2018\/04\/22-300x172.png 300w, https:\/\/ccoo.app\/diputacio-de-barcelona\/wp-content\/blogs.dir\/6\/files\/sites\/186\/2018\/04\/22.png 327w\" sizes=\"auto, (max-width: 167px) 100vw, 167px\" \/><\/a><\/p>\n<p><span style=\"font-family: 'arial black', sans-serif;font-size: 18pt;color: #ff0000\"><strong>CCOO <\/strong><strong>PRESENTEM AL\u00b7LEGACIONS AL NOU REGLAMENT\u00a0<\/strong><\/span><\/p>\n<p><span style=\"font-family: arial, helvetica, sans-serif;color: #000000\">Tal com ja us vam informar, fa unes setmanes, s\u2019ha aprovat <u>en fase inicial<\/u> el Reglament de les relacions electr\u00f2niques en el marc dels procediments administratius en l\u2019\u00e0mbit de Recursos Humans de la Diputaci\u00f3 de Barcelona.<\/span><\/p>\n<p><span style=\"font-family: arial, helvetica, sans-serif;color: #000000\">Un reglament que una vegada sigui d\u2019aplicaci\u00f3 afectar\u00e0 de manera directa a tot el personal que treballa a la Diputaci\u00f3 de Barcelona.<\/span><\/p>\n<p><span style=\"font-family: arial, helvetica, sans-serif;color: #000000\">En el seg\u00fcent enlla\u00e7 podeu trobar un resum respecte a la preocupaci\u00f3 que ens desperta l\u2019actual redactat <a href=\"https:\/\/diba.ccoo.cat\/aprovacioinicialreglament\/\"><span style=\"color: #0000ff\"><strong>(Cliqueu per veure comunicat)<\/strong><\/span><\/a><\/span><\/p>\n<p>&nbsp;<\/p>\n<p><span style=\"font-family: arial, helvetica, sans-serif;color: #000000\">En qualsevol cas i dins del termini legal, <strong>CCOO diba hem elevat AL\u00b7LEGACIONS al president de la Diputaci\u00f3 de Barcelona<\/strong> (amb copia a la resta de grups pol\u00edtics) per a que introdueixin modificacions que entenem imprescindibles.<\/span><\/p>\n<p>&nbsp;<\/p>\n<p><a href=\"http:\/\/ccoo.app\/diputacio-de-barcelona\/wp-content\/blogs.dir\/6\/files\/sites\/186\/2018\/11\/swcs798_ma2c_2409_001.pdf\"><span style=\"color: #0000ff\"><strong><span style=\"font-family: arial, helvetica, sans-serif;font-size: 12pt\">CLIQUEU AQU\u00cd per veure escrit enviat al president de la Diputaci\u00f3 de Barcelona<\/span><\/strong><\/span><\/a><\/p>\n<p>&nbsp;<\/p>\n<p>&nbsp;<\/p>\n<p><a href=\"https:\/\/transparencia.diba.cat\/acords-de-la-mesa-general-de-negociacio-2015-2019\"><img loading=\"lazy\" decoding=\"async\" class=\" wp-image-2361 aligncenter\" src=\"http:\/\/ccoo.app\/diputacio-de-barcelona\/wp-content\/blogs.dir\/6\/files\/sites\/186\/2018\/06\/sss-300x64.png\" alt=\"\" width=\"398\" height=\"85\" srcset=\"https:\/\/ccoo.app\/diputacio-de-barcelona\/wp-content\/blogs.dir\/6\/files\/sites\/186\/2018\/06\/sss-300x64.png 300w, https:\/\/ccoo.app\/diputacio-de-barcelona\/wp-content\/blogs.dir\/6\/files\/sites\/186\/2018\/06\/sss.png 584w\" sizes=\"auto, (max-width: 398px) 100vw, 398px\" \/><\/a><\/p>\n<p>&nbsp;<\/p>\n<p>&nbsp;<\/p>\n<p><a href=\"https:\/\/diba.ccoo.cat\/afiliat-al-sindicat-amb-mes-afiliacio-i-representacio-a-la-diputacio-de-barcelona\/\"><img loading=\"lazy\" decoding=\"async\" class=\"alignnone size-medium wp-image-2346\" src=\"http:\/\/ccoo.app\/diputacio-de-barcelona\/wp-content\/blogs.dir\/6\/files\/sites\/186\/2016\/05\/asasas-300x142-1-300x142.png\" alt=\"\" width=\"300\" height=\"142\" \/><\/a><\/p>\n<p><span style=\"font-family: arial, helvetica, sans-serif;color: #000000\"><strong>Horari d\u2019atenci\u00f3 CCOO DIBA: <\/strong><\/span><\/p>\n<p><span style=\"font-family: arial, helvetica, sans-serif;color: #000000\"><strong>CARRER MALLORCA, 244, 2on 3a<\/strong><\/span><\/p>\n<p><span style=\"font-family: arial, helvetica, sans-serif;color: #000000\"><strong>DE DILLUNS A DIVENDRES DE 8:30 A 16:30\u00a0\u00a0 <\/strong><span style=\"font-size: 10pt\"><strong>(FORA D\u2019AQUEST HORARI AMB CITA PR\u00c8VIA)<\/strong><\/span><\/span><\/p>\n<p style=\"text-align: center\"><span style=\"font-size: 18pt\"><span style=\"font-family: arial, helvetica, sans-serif;color: #000000\"><strong>\u00a0<\/strong><\/span><span style=\"font-family: arial, helvetica, sans-serif\"><strong><small><span style=\"color: #000000\">Contacta&#8217;ns per tel\u00e8fon 934 022 985 o correu:<\/span> <a href=\"mailto:ccoo@diba.cat\">ccoo@diba.cat<\/a><\/small> <\/strong><\/span><\/span><\/p>\n<p><strong>\u00a0<\/strong><\/p>\n<p><a href=\"https:\/\/twitter.com\/CCOODiba\"><img loading=\"lazy\" decoding=\"async\" class=\"alignleft\" src=\"http:\/\/www.mysocialaccounts.com\/wp-content\/uploads\/2017\/04\/twitter.jpg\" alt=\"Resultado de imagen de twitter\" width=\"44\" height=\"44\" \/><\/a>\u00a0 \u00a0\u00a0<a href=\"http:\/\/diba.ccoo.cat\/\"><img loading=\"lazy\" decoding=\"async\" class=\"\" src=\"https:\/\/encrypted-tbn0.gstatic.com\/images?q=tbn:ANd9GcS98Z75qmWgKpehEkfwdWrInKdK65A-jf2SgkGvuU4oy_fPYt9q\" alt=\"Imagen relacionada\" width=\"52\" height=\"53\" \/><\/a><a href=\"https:\/\/www.facebook.com\/CcooDiputacioDeBarcelona\/\"><img loading=\"lazy\" decoding=\"async\" class=\"alignleft\" src=\"https:\/\/upload.wikimedia.org\/wikipedia\/commons\/thumb\/7\/7c\/Facebook_New_Logo_%282015%29.svg\/2000px-Facebook_New_Logo_%282015%29.svg.png\" alt=\"Resultado de imagen de facebook\" width=\"122\" height=\"46\" \/><\/a><a href=\"https:\/\/www.youtube.com\/channel\/UCFzenkS75udEcs4pB4qoZsg\"><img loading=\"lazy\" decoding=\"async\" class=\"alignleft\" src=\"https:\/\/i.kinja-img.com\/gawker-media\/image\/upload\/s--heVex4FV--\/c_scale,fl_progressive,q_80,w_800\/pol5zfmalpqmpt1jcnbp.png\" alt=\"Resultado de imagen de youtube\" width=\"117\" height=\"50\" \/><\/a><img loading=\"lazy\" decoding=\"async\" class=\"alignleft\" src=\"https:\/\/www.educapeques.com\/wp-content\/uploads\/2016\/04\/descargar-whatsapp.png\" alt=\"Resultado de imagen de whatsapp\" width=\"64\" height=\"50\" \/><\/p>\n<p>&nbsp;<\/p>\n<p>&nbsp;<\/p>\n<p>&nbsp;<\/p>\n<p>&nbsp;<\/p>\n<p>&nbsp;<\/p>\n<p>&nbsp;<\/p>\n<p>&nbsp;<\/p>\n<p>&nbsp;<\/p>\n<p><img loading=\"lazy\" decoding=\"async\" class=\"wp-image-262 alignright\" src=\"http:\/\/ccoo.app\/diputacio-de-barcelona\/wp-content\/blogs.dir\/6\/files\/sites\/186\/2016\/04\/afiliat_ccoo_cat.gif\" alt=\"Tota la informaci\u00f3 de com afiliar-se a CCOO Catalunya i forlmulari d'alta o baxia.\" width=\"90\" height=\"80\" \/><\/p>\n<p>&nbsp;<\/p>\n<p>&nbsp;<\/p>\n<p>&nbsp;<\/p>\n<p>&nbsp;<\/p>\n<p>&nbsp;    \t<\/p>\n","protected":false},"excerpt":{"rendered":"<p>\u00a0 \u00a0 \u00a0 \u00a0 \u00a0 \u00a0 \u00a0 \u00a0 CCOO PRESENTEM AL\u00b7LEGACIONS AL NOU REGLAMENT\u00a0 Tal com ja us vam informar, fa unes setmanes, s\u2019ha aprovat en fase inicial el Reglament &#8230; <\/p>\n<p class=\"read-more-container\"><a title=\"CCOO PRESENTEM AL\u00b7LEGACIONS AL NOU REGLAMENT DE LES RELACIONS ELECTR\u00d2NIQUES EN EL MARC DELS PROCEDIMENTS ADMINISTRATIUS EN L\u2019\u00c0MBIT DE RECURSOS HUMANS DE LA DIPUTACI\u00d3 DE BARCELONA.\" class=\"read-more button\" href=\"https:\/\/ccoo.app\/diputacio-de-barcelona\/ccoo-presentem-al%c2%b7legacions-al-nou-reglament\/#more-2928\" aria-label=\"Leer m\u00e1s sobre CCOO PRESENTEM AL\u00b7LEGACIONS AL NOU REGLAMENT DE LES RELACIONS ELECTR\u00d2NIQUES EN EL MARC DELS PROCEDIMENTS ADMINISTRATIUS EN L\u2019\u00c0MBIT DE RECURSOS HUMANS DE LA DIPUTACI\u00d3 DE BARCELONA.\">Continuar llegint<\/a><\/p>\n","protected":false},"author":4519,"featured_media":2646,"comment_status":"open","ping_status":"open","sticky":false,"template":"","format":"standard","meta":{"footnotes":""},"categories":[38,19,20,26],"tags":[148,169,180],"class_list":["post-2928","post","type-post","status-publish","format-standard","has-post-thumbnail","hentry","category-a-tot-el-personal","category-comunicats","category-cursos","category-mgn","tag-mesa-general-negociacio","tag-pamo","tag-personal-interi","generate-columns","tablet-grid-50","mobile-grid-100","grid-parent","grid-50"],"_links":{"self":[{"href":"https:\/\/ccoo.app\/diputacio-de-barcelona\/wp-json\/wp\/v2\/posts\/2928","targetHints":{"allow":["GET"]}}],"collection":[{"href":"https:\/\/ccoo.app\/diputacio-de-barcelona\/wp-json\/wp\/v2\/posts"}],"about":[{"href":"https:\/\/ccoo.app\/diputacio-de-barcelona\/wp-json\/wp\/v2\/types\/post"}],"author":[{"embeddable":true,"href":"https:\/\/ccoo.app\/diputacio-de-barcelona\/wp-json\/wp\/v2\/users\/4519"}],"replies":[{"embeddable":true,"href":"https:\/\/ccoo.app\/diputacio-de-barcelona\/wp-json\/wp\/v2\/comments?post=2928"}],"version-history":[{"count":1,"href":"https:\/\/ccoo.app\/diputacio-de-barcelona\/wp-json\/wp\/v2\/posts\/2928\/revisions"}],"predecessor-version":[{"id":52096,"href":"https:\/\/ccoo.app\/diputacio-de-barcelona\/wp-json\/wp\/v2\/posts\/2928\/revisions\/52096"}],"wp:featuredmedia":[{"embeddable":true,"href":"https:\/\/ccoo.app\/diputacio-de-barcelona\/wp-json\/wp\/v2\/media\/2646"}],"wp:attachment":[{"href":"https:\/\/ccoo.app\/diputacio-de-barcelona\/wp-json\/wp\/v2\/media?parent=2928"}],"wp:term":[{"taxonomy":"category","embeddable":true,"href":"https:\/\/ccoo.app\/diputacio-de-barcelona\/wp-json\/wp\/v2\/categories?post=2928"},{"taxonomy":"post_tag","embeddable":true,"href":"https:\/\/ccoo.app\/diputacio-de-barcelona\/wp-json\/wp\/v2\/tags?post=2928"}],"curies":[{"name":"wp","href":"https:\/\/api.w.org\/{rel}","templated":true}]}}