{"id":2923,"date":"2018-11-25T10:14:06","date_gmt":"2018-11-25T09:14:06","guid":{"rendered":"https:\/\/diba.ccoo.cat\/?p=2923"},"modified":"2023-02-22T19:08:54","modified_gmt":"2023-02-22T18:08:54","slug":"el-personal-interi-te-dret-a-consolidar-grau","status":"publish","type":"post","link":"https:\/\/ccoo.app\/diputacio-de-barcelona\/el-personal-interi-te-dret-a-consolidar-grau\/","title":{"rendered":"EL PERSONAL INTER\u00cd T\u00c9 DRET A CONSOLIDAR GRAU"},"content":{"rendered":"<p class=\"wp-caption-text\"><img loading=\"lazy\" decoding=\"async\" class=\"alignnone wp-image-1853\" src=\"http:\/\/ccoo.app\/diputacio-de-barcelona\/wp-content\/blogs.dir\/6\/files\/sites\/186\/2018\/01\/logoccoov18.jpg\" alt=\"\" width=\"137\" height=\"63\" \/>\u00a0 \u00a0 \u00a0 \u00a0 \u00a0 \u00a0 \u00a0 \u00a0<a href=\"https:\/\/diba.ccoo.cat\/wp-content\/uploads\/sites\/37\/2018\/11\/INFO-25.11.2018-EL-PERSONAL-INTER%C3%8D-T%C3%89-DRET-A-CONSOLIDAR-GRAU.pdf\"><img loading=\"lazy\" decoding=\"async\" class=\"alignnone wp-image-2113\" src=\"http:\/\/ccoo.app\/diputacio-de-barcelona\/wp-content\/blogs.dir\/6\/files\/sites\/186\/2018\/04\/22-300x172.png\" alt=\"\" width=\"167\" height=\"96\" srcset=\"https:\/\/ccoo.app\/diputacio-de-barcelona\/wp-content\/blogs.dir\/6\/files\/sites\/186\/2018\/04\/22-300x172.png 300w, https:\/\/ccoo.app\/diputacio-de-barcelona\/wp-content\/blogs.dir\/6\/files\/sites\/186\/2018\/04\/22.png 327w\" sizes=\"auto, (max-width: 167px) 100vw, 167px\" \/><\/a><\/p>\n<p><span style=\"font-family: 'arial black', sans-serif;font-size: 18pt;color: #ff0000\">EL PERSONAL INTER\u00cd T\u00c9 DRET A CONSOLIDAR GRAU\u00a0<\/span><\/p>\n<p><span style=\"font-family: arial, helvetica, sans-serif;font-size: 12pt;color: #000000\">El personal inter\u00ed t\u00e9 dret a consolidar grau: aix\u00f2 es despr\u00e8n de la sent\u00e8ncia del Tribunal Suprem (07.11.2018) la qual resolt que no es pot denegar la consolidaci\u00f3 del grau personal nom\u00e9s per la naturalesa temporal de la relaci\u00f3 laboral que vincula a l\u2019inter\u00ed amb l\u2019Administraci\u00f3.<\/span><\/p>\n<p><span style=\"font-family: arial, helvetica, sans-serif;font-size: 12pt;color: #000000\">Davant d\u2019aquesta nova circumst\u00e0ncia, <strong>CCOO a la Diputaci\u00f3 hem enviat escrit a la DSRH per registre<\/strong> demanant que s\u2019estudi\u00ef\u00a0 la incid\u00e8ncia d\u2019aquesta sent\u00e8ncia en l\u2019\u00e0mbit de la Diputaci\u00f3 de Barcelona. Entenem que hi ha\u00a0 treballadors i treballadores d\u2019aquesta Corporaci\u00f3 que es veuen directament afectats per aquesta resoluci\u00f3. Us anirem informant.<\/span><\/p>\n<p><span style=\"font-family: arial, helvetica, sans-serif;font-size: 12pt;color: #000000\"><span style=\"font-family: 'arial black', sans-serif;color: #0000ff\"><strong>RECORDES? <\/strong><\/span>Existeixen dues vies de consolidaci\u00f3 de grau que a m\u00e9s poden coexistir:<\/span><\/p>\n<ul>\n<li><span style=\"font-family: 'arial black', sans-serif;font-size: 12pt;color: #0000ff\"><strong>Per ocupaci\u00f3 de lloc<\/strong><\/span><\/li>\n<\/ul>\n<ul>\n<li style=\"list-style-type: none\">\n<ul>\n<li><span style=\"font-family: arial, helvetica, sans-serif;font-size: 12pt;color: #000000\">Consolidaci\u00f3 per ocupaci\u00f3 d\u2019un o m\u00e9s llocs de treball del nivell corresponent o superior durant dos anys continuats o tres amb interrupci\u00f3.<\/span><\/li>\n<\/ul>\n<\/li>\n<\/ul>\n<p><span style=\"font-family: arial, helvetica, sans-serif;font-size: 12pt;color: #000000\"><strong>NOTA:<\/strong> Aquesta \u00e9s la via de consolidaci\u00f3 que parla la sent\u00e8ncia del TS.<\/span><\/p>\n<ul>\n<li><span style=\"font-family: 'arial black', sans-serif;font-size: 12pt;color: #0000ff\"><strong>Per carrera administrativa<\/strong><\/span><\/li>\n<\/ul>\n<ul>\n<li style=\"list-style-type: none\">\n<ul>\n<li><span style=\"font-family: arial, helvetica, sans-serif;font-size: 12pt;color: #000000\">Sistema de carrera professional que possibiliti la progressi\u00f3 de nivell sense canvi de lloc de treball.<\/span><\/li>\n<\/ul>\n<\/li>\n<\/ul>\n<p><span style=\"font-family: arial, helvetica, sans-serif;font-size: 12pt;color: #000000\"><strong>NOTA:<\/strong> En aquest moment, lamentablement encara no existeix cap carrera vigent a la Diputaci\u00f3. L\u2019acord de personal inter\u00ed (signat per a CCOO al 2016) deixa clar que qualsevol carrera que s\u2019implanti a la Diputaci\u00f3 haur\u00e0 de ser d\u2019aplicaci\u00f3 tamb\u00e9 al personal inter\u00ed. <\/span><\/p>\n<p><span style=\"font-family: arial, helvetica, sans-serif;font-size: 12pt;color: #000000\">Ara i amb aquesta sent\u00e8ncia, entenem que fins i tot la progressi\u00f3 per grau ja no seria un \u201cescull\u201d tal com ens havien reiterat anteriorment.<\/span><\/p>\n<p>&nbsp;<\/p>\n<p><a href=\"http:\/\/ccoo.app\/diputacio-de-barcelona\/wp-content\/blogs.dir\/6\/files\/sites\/186\/2018\/11\/swcs798_ma2c_2410_001.pdf\"><span style=\"color: #0000ff\"><strong><span style=\"font-family: arial, helvetica, sans-serif;font-size: 12pt\">CLIQUEU AQU\u00cd per veure escrit enviat a DSRH<\/span><\/strong><\/span><\/a><\/p>\n<p>&nbsp;<\/p>\n<p>&nbsp;<\/p>\n<p><a href=\"https:\/\/transparencia.diba.cat\/acords-de-la-mesa-general-de-negociacio-2015-2019\"><img loading=\"lazy\" decoding=\"async\" class=\" wp-image-2361 aligncenter\" src=\"http:\/\/ccoo.app\/diputacio-de-barcelona\/wp-content\/blogs.dir\/6\/files\/sites\/186\/2018\/06\/sss-300x64.png\" alt=\"\" width=\"398\" height=\"85\" srcset=\"https:\/\/ccoo.app\/diputacio-de-barcelona\/wp-content\/blogs.dir\/6\/files\/sites\/186\/2018\/06\/sss-300x64.png 300w, https:\/\/ccoo.app\/diputacio-de-barcelona\/wp-content\/blogs.dir\/6\/files\/sites\/186\/2018\/06\/sss.png 584w\" sizes=\"auto, (max-width: 398px) 100vw, 398px\" \/><\/a><\/p>\n<p>&nbsp;<\/p>\n<p>&nbsp;<\/p>\n<p><a href=\"https:\/\/diba.ccoo.cat\/afiliat-al-sindicat-amb-mes-afiliacio-i-representacio-a-la-diputacio-de-barcelona\/\"><img loading=\"lazy\" decoding=\"async\" class=\"alignnone size-medium wp-image-2346\" src=\"http:\/\/ccoo.app\/diputacio-de-barcelona\/wp-content\/blogs.dir\/6\/files\/sites\/186\/2016\/05\/asasas-300x142-1-300x142.png\" alt=\"\" width=\"300\" height=\"142\" \/><\/a><\/p>\n<p><span style=\"font-family: arial, helvetica, sans-serif;color: #000000\"><strong>Horari d\u2019atenci\u00f3 CCOO DIBA: <\/strong><\/span><\/p>\n<p><span style=\"font-family: arial, helvetica, sans-serif;color: #000000\"><strong>CARRER MALLORCA, 244, 2on 3a<\/strong><\/span><\/p>\n<p><span style=\"font-family: arial, helvetica, sans-serif;color: #000000\"><strong>DE DILLUNS A DIVENDRES DE 8:30 A 16:30\u00a0\u00a0 <\/strong><span style=\"font-size: 10pt\"><strong>(FORA D\u2019AQUEST HORARI AMB CITA PR\u00c8VIA)<\/strong><\/span><\/span><\/p>\n<p style=\"text-align: center\"><span style=\"font-size: 18pt\"><span style=\"font-family: arial, helvetica, sans-serif;color: #000000\"><strong>\u00a0<\/strong><\/span><span style=\"font-family: arial, helvetica, sans-serif\"><strong><small><span style=\"color: #000000\">Contacta&#8217;ns per tel\u00e8fon 934 022 985 o correu:<\/span> <a href=\"mailto:ccoo@diba.cat\">ccoo@diba.cat<\/a><\/small> <\/strong><\/span><\/span><\/p>\n<p><strong>\u00a0<\/strong><\/p>\n<p><a href=\"https:\/\/twitter.com\/CCOODiba\"><img loading=\"lazy\" decoding=\"async\" class=\"alignleft\" src=\"http:\/\/www.mysocialaccounts.com\/wp-content\/uploads\/2017\/04\/twitter.jpg\" alt=\"Resultado de imagen de twitter\" width=\"44\" height=\"44\" \/><\/a>\u00a0 \u00a0\u00a0<a href=\"http:\/\/diba.ccoo.cat\/\"><img loading=\"lazy\" decoding=\"async\" class=\"\" src=\"https:\/\/encrypted-tbn0.gstatic.com\/images?q=tbn:ANd9GcS98Z75qmWgKpehEkfwdWrInKdK65A-jf2SgkGvuU4oy_fPYt9q\" alt=\"Imagen relacionada\" width=\"52\" height=\"53\" \/><\/a><a href=\"https:\/\/www.facebook.com\/CcooDiputacioDeBarcelona\/\"><img loading=\"lazy\" decoding=\"async\" class=\"alignleft\" src=\"https:\/\/upload.wikimedia.org\/wikipedia\/commons\/thumb\/7\/7c\/Facebook_New_Logo_%282015%29.svg\/2000px-Facebook_New_Logo_%282015%29.svg.png\" alt=\"Resultado de imagen de facebook\" width=\"122\" height=\"46\" \/><\/a><a href=\"https:\/\/www.youtube.com\/channel\/UCFzenkS75udEcs4pB4qoZsg\"><img loading=\"lazy\" decoding=\"async\" class=\"alignleft\" src=\"https:\/\/i.kinja-img.com\/gawker-media\/image\/upload\/s--heVex4FV--\/c_scale,fl_progressive,q_80,w_800\/pol5zfmalpqmpt1jcnbp.png\" alt=\"Resultado de imagen de youtube\" width=\"117\" height=\"50\" \/><\/a><img loading=\"lazy\" decoding=\"async\" class=\"alignleft\" src=\"https:\/\/www.educapeques.com\/wp-content\/uploads\/2016\/04\/descargar-whatsapp.png\" alt=\"Resultado de imagen de whatsapp\" width=\"64\" height=\"50\" \/><\/p>\n<p>&nbsp;<\/p>\n<p>&nbsp;<\/p>\n<p>&nbsp;<\/p>\n<p>&nbsp;<\/p>\n<p>&nbsp;<\/p>\n<p>&nbsp;<\/p>\n<p>&nbsp;<\/p>\n<p>&nbsp;<\/p>\n<p><img loading=\"lazy\" decoding=\"async\" class=\"wp-image-262 alignright\" src=\"http:\/\/ccoo.app\/diputacio-de-barcelona\/wp-content\/blogs.dir\/6\/files\/sites\/186\/2016\/04\/afiliat_ccoo_cat.gif\" alt=\"Tota la informaci\u00f3 de com afiliar-se a CCOO Catalunya i forlmulari d'alta o baxia.\" width=\"90\" height=\"80\" \/><\/p>\n<p>&nbsp;<\/p>\n<p>&nbsp;<\/p>\n<p>&nbsp;<\/p>\n<p>&nbsp;<\/p>\n<p>&nbsp;    \t<\/p>\n","protected":false},"excerpt":{"rendered":"<p>\u00a0 \u00a0 \u00a0 \u00a0 \u00a0 \u00a0 \u00a0 \u00a0 EL PERSONAL INTER\u00cd T\u00c9 DRET A CONSOLIDAR GRAU\u00a0 El personal inter\u00ed t\u00e9 dret a consolidar grau: aix\u00f2 es despr\u00e8n de la sent\u00e8ncia &#8230; <\/p>\n<p class=\"read-more-container\"><a title=\"EL PERSONAL INTER\u00cd T\u00c9 DRET A CONSOLIDAR GRAU\" class=\"read-more button\" href=\"https:\/\/ccoo.app\/diputacio-de-barcelona\/el-personal-interi-te-dret-a-consolidar-grau\/#more-2923\" aria-label=\"Leer m\u00e1s sobre EL PERSONAL INTER\u00cd T\u00c9 DRET A CONSOLIDAR GRAU\">Continuar llegint<\/a><\/p>\n","protected":false},"author":4519,"featured_media":2251,"comment_status":"open","ping_status":"open","sticky":false,"template":"","format":"standard","meta":{"footnotes":""},"categories":[38,40,16,17,19,20,24,26,31],"tags":[148,169,180],"class_list":["post-2923","post","type-post","status-publish","format-standard","has-post-thumbnail","hentry","category-a-tot-el-personal","category-carrera-horitzontal","category-carrera-professional","category-carrera-vertical","category-comunicats","category-cursos","category-interins","category-mgn","category-personal-interi-comunicats","tag-mesa-general-negociacio","tag-pamo","tag-personal-interi","generate-columns","tablet-grid-50","mobile-grid-100","grid-parent","grid-50"],"_links":{"self":[{"href":"https:\/\/ccoo.app\/diputacio-de-barcelona\/wp-json\/wp\/v2\/posts\/2923","targetHints":{"allow":["GET"]}}],"collection":[{"href":"https:\/\/ccoo.app\/diputacio-de-barcelona\/wp-json\/wp\/v2\/posts"}],"about":[{"href":"https:\/\/ccoo.app\/diputacio-de-barcelona\/wp-json\/wp\/v2\/types\/post"}],"author":[{"embeddable":true,"href":"https:\/\/ccoo.app\/diputacio-de-barcelona\/wp-json\/wp\/v2\/users\/4519"}],"replies":[{"embeddable":true,"href":"https:\/\/ccoo.app\/diputacio-de-barcelona\/wp-json\/wp\/v2\/comments?post=2923"}],"version-history":[{"count":1,"href":"https:\/\/ccoo.app\/diputacio-de-barcelona\/wp-json\/wp\/v2\/posts\/2923\/revisions"}],"predecessor-version":[{"id":52095,"href":"https:\/\/ccoo.app\/diputacio-de-barcelona\/wp-json\/wp\/v2\/posts\/2923\/revisions\/52095"}],"wp:featuredmedia":[{"embeddable":true,"href":"https:\/\/ccoo.app\/diputacio-de-barcelona\/wp-json\/wp\/v2\/media\/2251"}],"wp:attachment":[{"href":"https:\/\/ccoo.app\/diputacio-de-barcelona\/wp-json\/wp\/v2\/media?parent=2923"}],"wp:term":[{"taxonomy":"category","embeddable":true,"href":"https:\/\/ccoo.app\/diputacio-de-barcelona\/wp-json\/wp\/v2\/categories?post=2923"},{"taxonomy":"post_tag","embeddable":true,"href":"https:\/\/ccoo.app\/diputacio-de-barcelona\/wp-json\/wp\/v2\/tags?post=2923"}],"curies":[{"name":"wp","href":"https:\/\/api.w.org\/{rel}","templated":true}]}}