{"id":2891,"date":"2018-11-19T13:45:47","date_gmt":"2018-11-19T12:45:47","guid":{"rendered":"https:\/\/diba.ccoo.cat\/?p=2891"},"modified":"2023-02-22T19:09:03","modified_gmt":"2023-02-22T18:09:03","slug":"mobilitzacio-en-defensa-dels-drets-del-personal-diba-a-la-xbm","status":"publish","type":"post","link":"https:\/\/ccoo.app\/diputacio-de-barcelona\/mobilitzacio-en-defensa-dels-drets-del-personal-diba-a-la-xbm\/","title":{"rendered":"INFO PERSONAL XBM. MOBILITZACI\u00d3 EN DEFENSA DELS DRETS DEL PERSONAL DIBA A LA XBM"},"content":{"rendered":"<p class=\"wp-caption-text\"><img loading=\"lazy\" decoding=\"async\" class=\"alignnone wp-image-1853\" src=\"http:\/\/ccoo.app\/diputacio-de-barcelona\/wp-content\/blogs.dir\/6\/files\/sites\/186\/2018\/01\/logoccoov18.jpg\" alt=\"\" width=\"137\" height=\"63\" \/>\u00a0 \u00a0<a href=\"http:\/\/ccoo.app\/diputacio-de-barcelona\/wp-content\/blogs.dir\/6\/files\/sites\/186\/2018\/11\/comunicat-xbm-novembre-2018-1.pdf\"><img loading=\"lazy\" decoding=\"async\" class=\" wp-image-2113 alignnone\" src=\"http:\/\/ccoo.app\/diputacio-de-barcelona\/wp-content\/blogs.dir\/6\/files\/sites\/186\/2018\/04\/22-300x172.png\" alt=\"\" width=\"170\" height=\"98\" srcset=\"https:\/\/ccoo.app\/diputacio-de-barcelona\/wp-content\/blogs.dir\/6\/files\/sites\/186\/2018\/04\/22-300x172.png 300w, https:\/\/ccoo.app\/diputacio-de-barcelona\/wp-content\/blogs.dir\/6\/files\/sites\/186\/2018\/04\/22.png 327w\" sizes=\"auto, (max-width: 170px) 100vw, 170px\" \/><\/a><\/p>\n<p class=\"wp-caption-text\"><span style=\"font-family: 'arial black', sans-serif;font-size: 12pt;color: #000000\">19.11.2018\u00a0<\/span><\/p>\n<p><span style=\"font-family: 'arial black', sans-serif;color: #ff0000\"><span style=\"font-size: 18pt\"><strong><span style=\"text-decoration: underline\">DIMARTS 18 DE DESEMBRE DE 2018\u00a0<\/span>:\u00a0<\/strong><\/span><\/span><span style=\"font-family: 'arial black', sans-serif;color: #ff0000\"><span style=\"font-size: 18pt\"><strong>MOBILITZACI\u00d3 EN DEFENSA DELS DRETS DEL PERSONAL DIBA A LA XBM<\/strong><\/span><\/span><\/p>\n<p><span style=\"font-family: arial, helvetica, sans-serif;color: #000000\">Davant la manca d\u2019aven\u00e7os relacionats amb les reivindicacions del personal convoquem a tots i totes les treballadores de Diputaci\u00f3 que treballa a la Xarxa de Biblioteques Municipals a una mobilitzaci\u00f3.<\/span><\/p>\n<p><span style=\"font-family: arial, helvetica, sans-serif;color: #000000;font-size: 18pt\"><strong>Ja arribat l\u2019hora de fer escoltar la nostra veu!<\/strong><\/span><\/p>\n<p>&nbsp;<\/p>\n<p><span style=\"font-family: arial, helvetica, sans-serif;color: #000000\">Des de CCOO apel\u00b7lem sempre al di\u00e0leg i la negociaci\u00f3. Les moltes reunions mantingudes al llarg dels darrers anys amb els m\u00e0xims responsables, els molts escrits enviats, les nostres constants peticions a la Mesa General de Negociaci\u00f3, la constataci\u00f3 en comit\u00e8s i subcomit\u00e8s de seguretat i salut de les condicions discriminat\u00f2ries respecte la resta de la plantilla, en s\u00f3n una clara mostra.<\/span><\/p>\n<p><span style=\"font-family: arial, helvetica, sans-serif;color: #000000\">Ara b\u00e9, arribat a aquest punt, tenim clar que no hi ha cap voluntat real per part de la Diputaci\u00f3 de Barcelona de donar respostes a les necessitats i demandes del seu personal a la XBM.<\/span><\/p>\n<p>&nbsp;<\/p>\n<p><span style=\"font-family: arial, helvetica, sans-serif;color: #000000\">El darrer exemple el trobem en la negociaci\u00f3 que s\u2019est\u00e0 portant a terme respecte al calendari 2019. Cap novetat referent al personal XBM. Seguirem sent L\u2019\u00daNIC PERSONAL QUE TREBALLA <u>M\u00c9S JORNADES<\/u> A L\u2019ANYque la resta:<\/span><\/p>\n<p><span style=\"font-family: arial, helvetica, sans-serif;color: #000000\">Al calendari 2019 el c\u00f2mput anual \u00e9s de:<\/span><\/p>\n<ul>\n<li><span style=\"font-family: arial, helvetica, sans-serif;color: #000000\">1687,30 hores per la <strong><u>jornada general<\/u><\/strong> (horari de 7,5 hores\/dia)<\/span><\/li>\n<li><span style=\"font-family: arial, helvetica, sans-serif;color: #000000\">1800 hores per la <strong><u>jornada especial<\/u><\/strong> (horari de 8 hores\/dia)<\/span><\/li>\n<\/ul>\n<p>&nbsp;<\/p>\n<p><span style=\"font-family: arial, helvetica, sans-serif;color: #000000\">Aix\u00f2 suposa <strong><u>225 jornades o dies.<\/u> <\/strong>En canvi, el personal diba a la XBM pot arribar a superar-les i de llarg!<\/span><\/p>\n<p><span style=\"font-family: arial, helvetica, sans-serif;color: #000000\">Doncs a la Mesa General de Negociaci\u00f3, la resposta de la corporaci\u00f3 davant aquest fet \u00e9s: res a negociar; tot \u00e9s correcte.<\/span><\/p>\n<p><span style=\"font-family: arial, helvetica, sans-serif;color: #000000\">Ens sorpr\u00e8n, a m\u00e9s, el silenci de la resta de sindicats presents: cap mostra de suport.<\/span><\/p>\n<p><span style=\"font-family: arial, helvetica, sans-serif;color: #000000\">Tot i aix\u00f2, CCOO hem anunciat a la Mesa que enviar\u00edem a la DSRH un escrit explicatiu i detallat respecte al nombre de jornades juntament amb la nostra proposta sindical per compensar aquest fet.<\/span><\/p>\n<p>&nbsp;<\/p>\n<p><span style=\"font-family: arial, helvetica, sans-serif;color: #000000\">CCOO hem fent evident la manca de coordinaci\u00f3 entre la reuni\u00f3 del passat mes de juny mantinguda amb els m\u00e0xims responsables <a href=\"http:\/\/ccoo.app\/diputacio-de-barcelona\/wp-content\/blogs.dir\/6\/files\/sites\/186\/2018\/11\/comunicat-xbm-juny-2018-reunio-amb-diputat.pdf\"><span style=\"color: #0000ff\"><strong>(podeu veure un resum clicant aqu\u00ed)<\/strong><\/span> <\/a>i el posicionament de les representants de la corporaci\u00f3 a la Mesa de Negociaci\u00f3.<\/span><\/p>\n<p><span style=\"font-family: arial, helvetica, sans-serif;color: #000000\">Per tant, davant l\u2019actual immobilisme respecte a aquest tema, com en molts d\u2019altres <span style=\"color: #0000ff\"><strong><a style=\"color: #0000ff\" href=\"http:\/\/ccoo.app\/diputacio-de-barcelona\/wp-content\/blogs.dir\/6\/files\/sites\/186\/2018\/11\/comunicat-xbm-octubre-2016-resultats-enquesta.pdf\">(podeu veure recull de les reivindicacions clicant aqu\u00ed<\/a>)<\/strong><\/span>, CCOO considerem que no queda m\u00e9s sortida que la mobilitzaci\u00f3.<\/span><\/p>\n<p><span style=\"font-size: 14pt;color: #000000\"><strong><span style=\"font-family: 'arial black', sans-serif\">Per aix\u00f2, el dia 18 de desembre, tots i totes al carrer!<\/span>*<\/strong><\/span><\/p>\n<p><span style=\"font-family: arial, helvetica, sans-serif;color: #000000\"><em>*M\u00e9s endavant us informarem del lloc i l\u2019hora.<\/em><\/span><\/p>\n<p>&nbsp;<\/p>\n<p><img loading=\"lazy\" decoding=\"async\" class=\"wp-image-2416 aligncenter\" src=\"http:\/\/ccoo.app\/diputacio-de-barcelona\/wp-content\/blogs.dir\/6\/files\/sites\/186\/2018\/07\/pppp-300x45.png\" alt=\"\" width=\"494\" height=\"74\" srcset=\"https:\/\/ccoo.app\/diputacio-de-barcelona\/wp-content\/blogs.dir\/6\/files\/sites\/186\/2018\/07\/pppp-300x45.png 300w, https:\/\/ccoo.app\/diputacio-de-barcelona\/wp-content\/blogs.dir\/6\/files\/sites\/186\/2018\/07\/pppp.png 673w\" sizes=\"auto, (max-width: 494px) 100vw, 494px\" \/><\/p>\n<p><img loading=\"lazy\" decoding=\"async\" class=\"wp-image-2418 aligncenter\" src=\"http:\/\/ccoo.app\/diputacio-de-barcelona\/wp-content\/blogs.dir\/6\/files\/sites\/186\/2018\/07\/iiii.jpg\" alt=\"\" width=\"81\" height=\"117\" \/><\/p>\n<p><a href=\"https:\/\/diba.ccoo.cat\/afiliat-al-sindicat-amb-mes-afiliacio-i-representacio-a-la-diputacio-de-barcelona\/\"><img loading=\"lazy\" decoding=\"async\" class=\"alignnone size-medium wp-image-2304\" src=\"http:\/\/ccoo.app\/diputacio-de-barcelona\/wp-content\/blogs.dir\/6\/files\/sites\/186\/2018\/05\/asasas-300x142.png\" alt=\"\" width=\"300\" height=\"142\" srcset=\"https:\/\/ccoo.app\/diputacio-de-barcelona\/wp-content\/blogs.dir\/6\/files\/sites\/186\/2018\/05\/asasas-300x142.png 300w, https:\/\/ccoo.app\/diputacio-de-barcelona\/wp-content\/blogs.dir\/6\/files\/sites\/186\/2018\/05\/asasas.png 318w\" sizes=\"auto, (max-width: 300px) 100vw, 300px\" \/><\/a><\/p>\n<p>&nbsp;<\/p>\n<p>&nbsp;<\/p>\n<p>&nbsp;<\/p>\n<p><span style=\"font-family: arial, helvetica, sans-serif;color: #000000\"><strong>Horari d\u2019atenci\u00f3 CCOO DIBA:<\/strong><\/span><\/p>\n<p><span style=\"font-family: arial, helvetica, sans-serif;color: #000000\"><strong>CARRER MALLORCA, 244, 2on 3a<\/strong><\/span><\/p>\n<p><span style=\"font-family: arial, helvetica, sans-serif;color: #000000\"><strong>DE DILLUNS A DIVENDRES DE 8:30 A 16:30\u00a0\u00a0 <\/strong><span style=\"font-size: 10pt\"><strong>(FORA D\u2019AQUEST HORARI AMB CITA PR\u00c8VIA)<\/strong><\/span><\/span><\/p>\n<p style=\"text-align: center\"><span style=\"font-size: 18pt\"><span style=\"font-family: arial, helvetica, sans-serif;color: #000000\"><strong>\u00a0<\/strong><\/span><span style=\"font-family: arial, helvetica, sans-serif\"><strong><small><span style=\"color: #000000\">Contacta&#8217;ns per tel\u00e8fon 934 022 985 o correu:<\/span> <a href=\"mailto:ccoo@diba.cat\">ccoo@diba.cat<\/a><\/small> <\/strong><\/span><\/span><\/p>\n<p><strong>\u00a0<\/strong><\/p>\n<p><a href=\"https:\/\/twitter.com\/CCOODiba\"><img loading=\"lazy\" decoding=\"async\" class=\"alignleft\" src=\"http:\/\/www.mysocialaccounts.com\/wp-content\/uploads\/2017\/04\/twitter.jpg\" alt=\"Resultado de imagen de twitter\" width=\"44\" height=\"44\" \/><\/a>\u00a0 \u00a0\u00a0<a href=\"http:\/\/diba.ccoo.cat\/\"><img loading=\"lazy\" decoding=\"async\" class=\"\" src=\"https:\/\/encrypted-tbn0.gstatic.com\/images?q=tbn:ANd9GcS98Z75qmWgKpehEkfwdWrInKdK65A-jf2SgkGvuU4oy_fPYt9q\" alt=\"Imagen relacionada\" width=\"52\" height=\"53\" \/><\/a><a href=\"https:\/\/www.facebook.com\/CcooDiputacioDeBarcelona\/\"><img loading=\"lazy\" decoding=\"async\" class=\"alignleft\" src=\"https:\/\/upload.wikimedia.org\/wikipedia\/commons\/thumb\/7\/7c\/Facebook_New_Logo_%282015%29.svg\/2000px-Facebook_New_Logo_%282015%29.svg.png\" alt=\"Resultado de imagen de facebook\" width=\"122\" height=\"46\" \/><\/a><a href=\"https:\/\/www.youtube.com\/channel\/UCFzenkS75udEcs4pB4qoZsg\"><img loading=\"lazy\" decoding=\"async\" class=\"alignleft\" src=\"https:\/\/i.kinja-img.com\/gawker-media\/image\/upload\/s--heVex4FV--\/c_scale,fl_progressive,q_80,w_800\/pol5zfmalpqmpt1jcnbp.png\" alt=\"Resultado de imagen de youtube\" width=\"117\" height=\"50\" \/><\/a><img loading=\"lazy\" decoding=\"async\" class=\"alignleft\" src=\"https:\/\/www.educapeques.com\/wp-content\/uploads\/2016\/04\/descargar-whatsapp.png\" alt=\"Resultado de imagen de whatsapp\" width=\"64\" height=\"50\" \/><\/p>\n<p>&nbsp;<\/p>\n<p>&nbsp;<\/p>\n<p>&nbsp;<\/p>\n<p>&nbsp;<\/p>\n<p>&nbsp;<\/p>\n<p>&nbsp;    \t<\/p>\n","protected":false},"excerpt":{"rendered":"<p>\u00a0 \u00a0 19.11.2018\u00a0 DIMARTS 18 DE DESEMBRE DE 2018\u00a0:\u00a0MOBILITZACI\u00d3 EN DEFENSA DELS DRETS DEL PERSONAL DIBA A LA XBM Davant la manca d\u2019aven\u00e7os relacionats amb les reivindicacions del personal convoquem &#8230; <\/p>\n<p class=\"read-more-container\"><a title=\"INFO PERSONAL XBM. MOBILITZACI\u00d3 EN DEFENSA DELS DRETS DEL PERSONAL DIBA A LA XBM\" class=\"read-more button\" href=\"https:\/\/ccoo.app\/diputacio-de-barcelona\/mobilitzacio-en-defensa-dels-drets-del-personal-diba-a-la-xbm\/#more-2891\" aria-label=\"Leer m\u00e1s sobre INFO PERSONAL XBM. MOBILITZACI\u00d3 EN DEFENSA DELS DRETS DEL PERSONAL DIBA A LA XBM\">Continuar llegint<\/a><\/p>\n","protected":false},"author":4519,"featured_media":2422,"comment_status":"open","ping_status":"open","sticky":false,"template":"","format":"standard","meta":{"footnotes":""},"categories":[19,27,32,37],"tags":[239],"class_list":["post-2891","post","type-post","status-publish","format-standard","has-post-thumbnail","hentry","category-comunicats","category-millores-socials","category-premis","category-xbm","tag-xarxa-de-bibioteques-xbm","generate-columns","tablet-grid-50","mobile-grid-100","grid-parent","grid-50"],"_links":{"self":[{"href":"https:\/\/ccoo.app\/diputacio-de-barcelona\/wp-json\/wp\/v2\/posts\/2891","targetHints":{"allow":["GET"]}}],"collection":[{"href":"https:\/\/ccoo.app\/diputacio-de-barcelona\/wp-json\/wp\/v2\/posts"}],"about":[{"href":"https:\/\/ccoo.app\/diputacio-de-barcelona\/wp-json\/wp\/v2\/types\/post"}],"author":[{"embeddable":true,"href":"https:\/\/ccoo.app\/diputacio-de-barcelona\/wp-json\/wp\/v2\/users\/4519"}],"replies":[{"embeddable":true,"href":"https:\/\/ccoo.app\/diputacio-de-barcelona\/wp-json\/wp\/v2\/comments?post=2891"}],"version-history":[{"count":1,"href":"https:\/\/ccoo.app\/diputacio-de-barcelona\/wp-json\/wp\/v2\/posts\/2891\/revisions"}],"predecessor-version":[{"id":52099,"href":"https:\/\/ccoo.app\/diputacio-de-barcelona\/wp-json\/wp\/v2\/posts\/2891\/revisions\/52099"}],"wp:featuredmedia":[{"embeddable":true,"href":"https:\/\/ccoo.app\/diputacio-de-barcelona\/wp-json\/wp\/v2\/media\/2422"}],"wp:attachment":[{"href":"https:\/\/ccoo.app\/diputacio-de-barcelona\/wp-json\/wp\/v2\/media?parent=2891"}],"wp:term":[{"taxonomy":"category","embeddable":true,"href":"https:\/\/ccoo.app\/diputacio-de-barcelona\/wp-json\/wp\/v2\/categories?post=2891"},{"taxonomy":"post_tag","embeddable":true,"href":"https:\/\/ccoo.app\/diputacio-de-barcelona\/wp-json\/wp\/v2\/tags?post=2891"}],"curies":[{"name":"wp","href":"https:\/\/api.w.org\/{rel}","templated":true}]}}