{"id":2868,"date":"2018-11-19T10:23:19","date_gmt":"2018-11-19T09:23:19","guid":{"rendered":"https:\/\/diba.ccoo.cat\/?p=2868"},"modified":"2023-02-22T19:09:06","modified_gmt":"2023-02-22T18:09:06","slug":"publicat-al-dogc-el-pamo-de-2016-i-2017-promocio-interna","status":"publish","type":"post","link":"https:\/\/ccoo.app\/diputacio-de-barcelona\/publicat-al-dogc-el-pamo-de-2016-i-2017-promocio-interna\/","title":{"rendered":"PUBLICAT AL DOGC el PAMO de 2016 i 2017 PROMOCI\u00d3 INTERNA."},"content":{"rendered":"<p class=\"wp-caption-text\"><img loading=\"lazy\" decoding=\"async\" class=\"alignnone wp-image-1853\" src=\"http:\/\/ccoo.app\/diputacio-de-barcelona\/wp-content\/blogs.dir\/6\/files\/sites\/186\/2018\/01\/logoccoov18.jpg\" alt=\"\" width=\"137\" height=\"63\" \/><\/p>\n<p><span style=\"font-family: 'arial black', sans-serif;font-size: 18pt;color: #ff0000\">PUBLICAT AL DOGC el PAMO de 2016 i 2017 PROMOCI\u00d3 INTERNA.<\/span><\/p>\n<p>&nbsp;<\/p>\n<p><span style=\"font-family: arial, helvetica, sans-serif;color: #000000\">Ja s&#8217;ha publicat al Diari Oficial de la Generalitat de Catalunya la convocat\u00f2ria de processos selectius del Pla d&#8217;actuaci\u00f3 en mat\u00e8ria d&#8217;ocupaci\u00f3 (PAMO) de 2016 i 2017 PROMOCI\u00d3 INTERNA.<\/span><\/p>\n<p><a href=\"http:\/\/dogc.gencat.cat\/ca\/pdogc_canals_interns\/pdogc_resultats_fitxa\/?action=fitxa&amp;documentId=834726&amp;language=ca_ES\"><span style=\"font-size: 14pt\"><strong><span style=\"font-family: arial, helvetica, sans-serif;color: #0000ff\">(CLIQUEU AQU\u00cd per anar a l\u2019enlla\u00e7)<\/span><\/strong><\/span><\/a><\/p>\n<p>&nbsp;<\/p>\n<div class=\"FW_bWidth\">\n<div class=\"FW_bMinwidth\">\n<div class=\"FW_bContainer\">\n<div class=\"FW_bMarc\">\n<div id=\"FW_contingut\" class=\"FW_bCont\">\n<div id=\"unav_gcc_main\">\n<div class=\"FW_column_portlet\">\n<div id=\"mainContainer2\">\n<div>\n<div class=\"page_container\">\n<div class=\"fitxaDocumentBottom\">\n<div>\n<div>\n<div class=\"fitxaCosFitxa\">\n<div class=\"article-document\">\n<div id=\"art-1\" class=\"articulos\">\n<div class=\"fitxaFragment\">\n<div>\n<div>\n<div>\n<p><span style=\"font-family: arial, helvetica, sans-serif;color: #000000\">El termini per a la presentaci\u00f3 de sol\u00b7licituds \u00e9s de vint dies h\u00e0bils, comptadors a partir del dia seg\u00fcent al de la publicaci\u00f3 de la convocat\u00f2ria al Diari Oficial de la Generalitat de Catalunya.<\/span><\/p>\n<\/div>\n<div>\n<p><span style=\"font-family: arial, helvetica, sans-serif;color: #000000\">Els successius anuncis relatius a aquestes convocat\u00f2ries es publicaran al Diari Oficial de la Generalitat de Catalunya i al tauler d&#8217;anuncis de la Direcci\u00f3 dels Serveis de Recursos Humans (carrer de Minerva, 4 \u2013 Barcelona).<\/span><\/p>\n<\/div>\n<\/div>\n<\/div>\n<\/div>\n<\/div>\n<\/div>\n<\/div>\n<\/div>\n<\/div>\n<\/div>\n<\/div>\n<\/div>\n<\/div>\n<\/div>\n<\/div>\n<\/div>\n<\/div>\n<\/div>\n<\/div>\n<\/div>\n<p>&nbsp;<\/p>\n<p>&nbsp;<\/p>\n<p><img loading=\"lazy\" decoding=\"async\" class=\"size-medium wp-image-2565 alignleft\" src=\"http:\/\/ccoo.app\/diputacio-de-barcelona\/wp-content\/blogs.dir\/6\/files\/sites\/186\/2016\/05\/pppppppppppppppppppppppppppppppppppppo-300x158.jpg\" alt=\"\" width=\"300\" height=\"158\" srcset=\"https:\/\/ccoo.app\/diputacio-de-barcelona\/wp-content\/blogs.dir\/6\/files\/sites\/186\/2016\/05\/pppppppppppppppppppppppppppppppppppppo-300x158.jpg 300w, https:\/\/ccoo.app\/diputacio-de-barcelona\/wp-content\/blogs.dir\/6\/files\/sites\/186\/2016\/05\/pppppppppppppppppppppppppppppppppppppo.jpg 764w\" sizes=\"auto, (max-width: 300px) 100vw, 300px\" \/><\/p>\n<p>&nbsp;<\/p>\n<p><span style=\"font-family: 'arial black', sans-serif;color: #000000;font-size: 18pt\"><strong>VOLS COL\u00b7LABORAR COM A FORMADOR\/A?<\/strong><\/span><\/p>\n<p><span style=\"font-family: arial, helvetica, sans-serif;color: #000000\">Aprofitem per agrair a totes les persones que heu respost a la crida per col\u00b7laborar com a formadors\/es i animem a qui vulgui oferir-se per impartir cursos o elaborar temaris a que es posi en contacte amb nosaltres per poder establir les condicions.<\/span><\/p>\n<p><span style=\"font-family: arial, helvetica, sans-serif;color: #000000\">Coneixes persones que voldrien col\u00b7laborar? Fes-nos arribar el seu contacte.<\/span><\/p>\n<p>&nbsp;<\/p>\n<p>&nbsp;<\/p>\n<p style=\"text-align: left\"><span style=\"font-family: 'arial black', sans-serif;font-size: 18pt;color: #0000ff\">Seguim treballant per ampliar la nostra oferta formativa.<\/span><\/p>\n<p style=\"text-align: left\"><span style=\"font-family: 'arial black', sans-serif;font-size: 18pt;color: #0000ff\">Presteu atenci\u00f3 a futures comunicacions.<\/span><\/p>\n<p>&nbsp;<\/p>\n<p>&nbsp;<\/p>\n<p><a href=\"https:\/\/diba.ccoo.cat\/afiliat-al-sindicat-amb-mes-afiliacio-i-representacio-a-la-diputacio-de-barcelona\/\"><img loading=\"lazy\" decoding=\"async\" class=\"alignnone size-medium wp-image-2346\" src=\"http:\/\/ccoo.app\/diputacio-de-barcelona\/wp-content\/blogs.dir\/6\/files\/sites\/186\/2016\/05\/asasas-300x142-1-300x142.png\" alt=\"\" width=\"300\" height=\"142\" \/><\/a><\/p>\n<p><span style=\"font-family: arial, helvetica, sans-serif;color: #000000\"><strong>Horari d\u2019atenci\u00f3 CCOO DIBA: <\/strong><\/span><\/p>\n<p><span style=\"font-family: arial, helvetica, sans-serif;color: #000000\"><strong>CARRER MALLORCA, 244, 2on 3a<\/strong><\/span><\/p>\n<p><span style=\"font-family: arial, helvetica, sans-serif;color: #000000\"><strong>DE DILLUNS A DIVENDRES DE 8:30 A 16:30\u00a0\u00a0 <\/strong><span style=\"font-size: 10pt\"><strong>(FORA D\u2019AQUEST HORARI AMB CITA PR\u00c8VIA)<\/strong><\/span><\/span><\/p>\n<p style=\"text-align: center\"><span style=\"font-size: 18pt\"><span style=\"font-family: arial, helvetica, sans-serif;color: #000000\"><strong>\u00a0<\/strong><\/span><span style=\"font-family: arial, helvetica, sans-serif\"><strong><small><span style=\"color: #000000\">Contacta&#8217;ns per tel\u00e8fon 934 022 985 o correu:<\/span> <a href=\"mailto:ccoo@diba.cat\">ccoo@diba.cat<\/a><\/small> <\/strong><\/span><\/span><\/p>\n<p><strong>\u00a0<\/strong><\/p>\n<p><a href=\"https:\/\/twitter.com\/CCOODiba\"><img loading=\"lazy\" decoding=\"async\" class=\"alignleft\" src=\"http:\/\/www.mysocialaccounts.com\/wp-content\/uploads\/2017\/04\/twitter.jpg\" alt=\"Resultado de imagen de twitter\" width=\"44\" height=\"44\" \/><\/a>\u00a0 \u00a0\u00a0<a href=\"http:\/\/diba.ccoo.cat\/\"><img loading=\"lazy\" decoding=\"async\" class=\"\" src=\"https:\/\/encrypted-tbn0.gstatic.com\/images?q=tbn:ANd9GcS98Z75qmWgKpehEkfwdWrInKdK65A-jf2SgkGvuU4oy_fPYt9q\" alt=\"Imagen relacionada\" width=\"52\" height=\"53\" \/><\/a><a href=\"https:\/\/www.facebook.com\/CcooDiputacioDeBarcelona\/\"><img loading=\"lazy\" decoding=\"async\" class=\"alignleft\" src=\"https:\/\/upload.wikimedia.org\/wikipedia\/commons\/thumb\/7\/7c\/Facebook_New_Logo_%282015%29.svg\/2000px-Facebook_New_Logo_%282015%29.svg.png\" alt=\"Resultado de imagen de facebook\" width=\"122\" height=\"46\" \/><\/a><a href=\"https:\/\/www.youtube.com\/channel\/UCFzenkS75udEcs4pB4qoZsg\"><img loading=\"lazy\" decoding=\"async\" class=\"alignleft\" src=\"https:\/\/i.kinja-img.com\/gawker-media\/image\/upload\/s--heVex4FV--\/c_scale,fl_progressive,q_80,w_800\/pol5zfmalpqmpt1jcnbp.png\" alt=\"Resultado de imagen de youtube\" width=\"117\" height=\"50\" \/><\/a><img loading=\"lazy\" decoding=\"async\" class=\"alignleft\" src=\"https:\/\/www.educapeques.com\/wp-content\/uploads\/2016\/04\/descargar-whatsapp.png\" alt=\"Resultado de imagen de whatsapp\" width=\"64\" height=\"50\" \/><\/p>\n<p>&nbsp;<\/p>\n<p>&nbsp;<\/p>\n<p>&nbsp;<\/p>\n<p>&nbsp;<\/p>\n<p>&nbsp;<\/p>\n<p>&nbsp;<\/p>\n<p>&nbsp;<\/p>\n<p>&nbsp;<\/p>\n<p><img loading=\"lazy\" decoding=\"async\" class=\"wp-image-262 alignright\" src=\"http:\/\/ccoo.app\/diputacio-de-barcelona\/wp-content\/blogs.dir\/6\/files\/sites\/186\/2016\/04\/afiliat_ccoo_cat.gif\" alt=\"Tota la informaci\u00f3 de com afiliar-se a CCOO Catalunya i forlmulari d'alta o baxia.\" width=\"90\" height=\"80\" \/><\/p>\n<p>&nbsp;<\/p>\n<p>&nbsp;<\/p>\n<p>&nbsp;<\/p>\n<p>&nbsp;<\/p>\n<p>&nbsp;    \t<\/p>\n","protected":false},"excerpt":{"rendered":"<p>PUBLICAT AL DOGC el PAMO de 2016 i 2017 PROMOCI\u00d3 INTERNA. &nbsp; Ja s&#8217;ha publicat al Diari Oficial de la Generalitat de Catalunya la convocat\u00f2ria de processos selectius del Pla &#8230; <\/p>\n<p class=\"read-more-container\"><a title=\"PUBLICAT AL DOGC el PAMO de 2016 i 2017 PROMOCI\u00d3 INTERNA.\" class=\"read-more button\" href=\"https:\/\/ccoo.app\/diputacio-de-barcelona\/publicat-al-dogc-el-pamo-de-2016-i-2017-promocio-interna\/#more-2868\" aria-label=\"Leer m\u00e1s sobre PUBLICAT AL DOGC el PAMO de 2016 i 2017 PROMOCI\u00d3 INTERNA.\">Continuar llegint<\/a><\/p>\n","protected":false},"author":4519,"featured_media":2547,"comment_status":"open","ping_status":"open","sticky":false,"template":"","format":"standard","meta":{"footnotes":""},"categories":[38,17,19,20,26,31,34],"tags":[148,180],"class_list":["post-2868","post","type-post","status-publish","format-standard","has-post-thumbnail","hentry","category-a-tot-el-personal","category-carrera-vertical","category-comunicats","category-cursos","category-mgn","category-personal-interi-comunicats","category-respir","tag-mesa-general-negociacio","tag-personal-interi","generate-columns","tablet-grid-50","mobile-grid-100","grid-parent","grid-50"],"_links":{"self":[{"href":"https:\/\/ccoo.app\/diputacio-de-barcelona\/wp-json\/wp\/v2\/posts\/2868","targetHints":{"allow":["GET"]}}],"collection":[{"href":"https:\/\/ccoo.app\/diputacio-de-barcelona\/wp-json\/wp\/v2\/posts"}],"about":[{"href":"https:\/\/ccoo.app\/diputacio-de-barcelona\/wp-json\/wp\/v2\/types\/post"}],"author":[{"embeddable":true,"href":"https:\/\/ccoo.app\/diputacio-de-barcelona\/wp-json\/wp\/v2\/users\/4519"}],"replies":[{"embeddable":true,"href":"https:\/\/ccoo.app\/diputacio-de-barcelona\/wp-json\/wp\/v2\/comments?post=2868"}],"version-history":[{"count":1,"href":"https:\/\/ccoo.app\/diputacio-de-barcelona\/wp-json\/wp\/v2\/posts\/2868\/revisions"}],"predecessor-version":[{"id":52101,"href":"https:\/\/ccoo.app\/diputacio-de-barcelona\/wp-json\/wp\/v2\/posts\/2868\/revisions\/52101"}],"wp:featuredmedia":[{"embeddable":true,"href":"https:\/\/ccoo.app\/diputacio-de-barcelona\/wp-json\/wp\/v2\/media\/2547"}],"wp:attachment":[{"href":"https:\/\/ccoo.app\/diputacio-de-barcelona\/wp-json\/wp\/v2\/media?parent=2868"}],"wp:term":[{"taxonomy":"category","embeddable":true,"href":"https:\/\/ccoo.app\/diputacio-de-barcelona\/wp-json\/wp\/v2\/categories?post=2868"},{"taxonomy":"post_tag","embeddable":true,"href":"https:\/\/ccoo.app\/diputacio-de-barcelona\/wp-json\/wp\/v2\/tags?post=2868"}],"curies":[{"name":"wp","href":"https:\/\/api.w.org\/{rel}","templated":true}]}}