{"id":2857,"date":"2018-11-19T10:06:01","date_gmt":"2018-11-19T09:06:01","guid":{"rendered":"https:\/\/diba.ccoo.cat\/?p=2857"},"modified":"2023-02-22T19:09:08","modified_gmt":"2023-02-22T18:09:08","slug":"ccooprevencio-diba-diem-no-als-acaraments","status":"publish","type":"post","link":"https:\/\/ccoo.app\/diputacio-de-barcelona\/ccooprevencio-diba-diem-no-als-acaraments\/","title":{"rendered":"CCOOPREVENCI\u00d3-DIBA.\u00a0DIEM NO ALS ACARAMENTS!\u00a0 \u00a0"},"content":{"rendered":"<p class=\"wp-caption-text\"><img loading=\"lazy\" decoding=\"async\" class=\"alignnone wp-image-1853\" src=\"http:\/\/ccoo.app\/diputacio-de-barcelona\/wp-content\/blogs.dir\/6\/files\/sites\/186\/2018\/01\/logoccoov18.jpg\" alt=\"\" width=\"137\" height=\"63\" \/>\u00a0 \u00a0 \u00a0 \u00a0 \u00a0 \u00a0 \u00a0 \u00a0 \u00a0<a href=\"http:\/\/ccoo.app\/diputacio-de-barcelona\/wp-content\/blogs.dir\/6\/files\/sites\/186\/2018\/11\/prevencio-ccoo-diba-diem-no-als-acaraments-1.pdf\"><img loading=\"lazy\" decoding=\"async\" class=\"alignnone wp-image-2113\" src=\"http:\/\/ccoo.app\/diputacio-de-barcelona\/wp-content\/blogs.dir\/6\/files\/sites\/186\/2018\/04\/22-300x172.png\" alt=\"\" width=\"161\" height=\"92\" srcset=\"https:\/\/ccoo.app\/diputacio-de-barcelona\/wp-content\/blogs.dir\/6\/files\/sites\/186\/2018\/04\/22-300x172.png 300w, https:\/\/ccoo.app\/diputacio-de-barcelona\/wp-content\/blogs.dir\/6\/files\/sites\/186\/2018\/04\/22.png 327w\" sizes=\"auto, (max-width: 161px) 100vw, 161px\" \/><\/a><\/p>\n<p class=\"wp-caption-text\"><span style=\"font-family: 'arial black', sans-serif;font-size: 18pt;color: #ff0000\">CCOOPREVENCI\u00d3-DIBA.\u00a0<span style=\"color: #0000ff\"><strong>DIEM <u>NO<\/u> ALS ACARAMENTS!\u00a0<span style=\"font-size: 8pt\">(CAREOS EN CASTELL\u00c0)<\/span><\/strong><\/span><\/span><\/p>\n<p class=\"wp-caption-text\"><span style=\"font-family: arial, helvetica, sans-serif;font-size: 14pt;color: #000000\"><img loading=\"lazy\" decoding=\"async\" class=\"wp-image-2549 alignleft\" src=\"http:\/\/ccoo.app\/diputacio-de-barcelona\/wp-content\/blogs.dir\/6\/files\/sites\/186\/2016\/05\/pppppppppppppppp.png\" alt=\"\" width=\"71\" height=\"150\" \/><\/span><\/p>\n<p>&nbsp;<\/p>\n<p><span style=\"font-family: arial, helvetica, sans-serif;color: #000000\">Volem cridar l&#8217;atenci\u00f3 de tots els treballadors\/es de la Diputaci\u00f3 de Barcelona respecte una pr\u00e0ctica que <strong>S\u2019EST\u00c0 PRODUINT EN DETERMINATS SERVEIS DE <u>MUNDET<\/u><\/strong>, com s\u00f3n <strong>els acaraments<\/strong> entre treballadors\/as o entre treballadors\/es i persones que fan una reclamaci\u00f3 o queixa.<\/span><\/p>\n<p><span style=\"font-family: arial, helvetica, sans-serif;color: #000000\">Dues situacions que <strong><u>GENEREN INDEFENSI\u00d3<\/u><\/strong>, i per la qual cosa, volem informar-vos al respecte:<\/span><\/p>\n<ul>\n<li><span style=\"font-family: arial, helvetica, sans-serif;color: #000000;font-size: 14pt\"><strong>Qu\u00e8 \u00e9s l\u2019acarament (en espanyol \u201ccareo\u201d)?<\/strong><\/span>\n<ul>\n<li><span style=\"font-family: arial, helvetica, sans-serif;color: #000000\">\u00c9s posar una o v\u00e0ries persones en pres\u00e8ncia d\u2019altra\/es per confrontar el que diuen. En definitiva, \u00e9s un procediment per trobar la veritat sobre determinats fets.<\/span><\/li>\n<\/ul>\n<\/li>\n<\/ul>\n<p>&nbsp;<\/p>\n<ul>\n<li><span style=\"font-family: arial, helvetica, sans-serif;color: #000000;font-size: 14pt\"><strong>Es troba regulat aquest procediment d\u2019acarament?<\/strong><\/span>\n<ul>\n<li><span style=\"font-family: arial, helvetica, sans-serif;color: #000000\">En el procediment penal es troba regulat en la fase d\u2019instrucci\u00f3, per\u00f2 no de manera taxativa en el procediment civil.<\/span><\/li>\n<\/ul>\n<\/li>\n<\/ul>\n<p>&nbsp;<\/p>\n<ul>\n<li><span style=\"font-family: arial, helvetica, sans-serif;color: #000000;font-size: 14pt\"><strong>Un servei pot realitzar un acarament? <\/strong><\/span>\n<ul>\n<li><span style=\"font-family: arial, helvetica, sans-serif;color: #000000\">NOSALTRES CONSIDEREM QUE NO, perqu\u00e8 \u00e9s un procediment que es produeix en la fase d\u2019instrucci\u00f3 o investigaci\u00f3. El responsables d\u2019un servei de la Corporaci\u00f3 no tenen atribucions per realitzar aquest procediment. M\u00e9s encara quan des de fa anys \u00e9s coneguda la situaci\u00f3 i els responsables no fan res per resoldre-la, solament acaraments.<\/span><\/li>\n<\/ul>\n<\/li>\n<\/ul>\n<p>&nbsp;<\/p>\n<p><span style=\"font-family: arial, helvetica, sans-serif;color: #000000\">Considerem que aquest procediment s\u2019est\u00e0 utilitzant com una eina que provoca angoixa, indefensi\u00f3 (no s\u2019informa degudament a les persones afectades), submissi\u00f3, ansietat, sensaci\u00f3 de culpabilitat, etc. front la incapacitat dels i de les responsables en la gesti\u00f3 del propi servei.<\/span><\/p>\n<p><span style=\"font-family: arial, helvetica, sans-serif;color: #000000\">Qualsevol situaci\u00f3 irregular\/an\u00f2mala s\u2019ha d\u2019investigar, el m\u00e9s aviat possible per no provocar m\u00e9s distorsi\u00f3 o problemes, per\u00f2 amb els procediments regulats per l\u2019administraci\u00f3 i amb totes les garanties.<\/span><\/p>\n<p>&nbsp;<\/p>\n<p><span style=\"font-family: arial, helvetica, sans-serif;color: #000000\"><strong><u>FRONT A UN PROCEDIMENT D&#8217;ACARAMENT ES DEMANA:<\/u><\/strong><\/span><\/p>\n<ol>\n<li><span style=\"font-family: arial, helvetica, sans-serif;color: #000000\">Citaci\u00f3 per escrit sobre els motius perqu\u00e8 es fa aquest procediment. Si \u00e9s per e-mail ha de constar els motius de manera precisa.<\/span><\/li>\n<li><span style=\"font-family: arial, helvetica, sans-serif;color: #000000\">La citaci\u00f3 ha de ser amb un m\u00ednim de 15 dies per si cal preparar documentaci\u00f3, etc.<\/span><\/li>\n<li><span style=\"font-family: arial, helvetica, sans-serif;color: #000000\">Si no est\u00e0 regulat <strong>DES DE CCOO-PREVENCI\u00d3 HO DENUNCIARAN<\/strong><\/span><\/li>\n<li><span style=\"font-family: arial, helvetica, sans-serif;color: #000000\">Si es tracta d\u2019un acarament amb fam\u00edlies que han fet una reclamaci\u00f3, FAREM UNA RESPOSTA PER ESCRIT DELS FETS PER\u00d2 NO ACARAMENT.<\/span><\/li>\n<li><span style=\"font-family: arial, helvetica, sans-serif;color: #000000\">Posar-se de manera urgent en contacte amb e\/lal vostre\/a delegat\/ada sindical per a l\u2019adopci\u00f3 de les mesures oportunes: acompanyament, den\u00fancia a la inspecci\u00f3 de treball, anular l\u2019esmentada citaci\u00f3, vetllar pels vostres drets, etc..<\/span><\/li>\n<\/ol>\n<p><span style=\"font-family: arial, helvetica, sans-serif;color: #000000\"><strong>\u00a0<\/strong><\/span><\/p>\n<p><span style=\"font-family: 'arial black', sans-serif;color: #000000\"><strong>DENUNCIEM LES MALES PR\u00c0CTIQUES ORGANITZATIVES I INTIMIDADORES<\/strong>!<\/span><\/p>\n<p>&nbsp;<\/p>\n<p><span style=\"font-family: arial, helvetica, sans-serif;color: #000000\">QUALSEVOL dubte al respecte, si us plau, contacteu amb el vostre delegat o delegada de prevenci\u00f3:<\/span><\/p>\n<ul>\n<li><span style=\"color: #000000\">Carlos Arias\u00a0\u00a0<a style=\"color: #000000\" href=\"mailto:ariasal@diba.cat\">ariasal@diba.cat<\/a><\/span><\/li>\n<li><span style=\"color: #000000\">Leonardo Chac\u00f3n\u00a0\u00a0<a style=\"color: #000000\" href=\"mailto:chaconrl@diba.cat\">chaconrl@diba.cat<\/a><\/span><\/li>\n<li><span style=\"color: #000000\">Pedro Montiel\u00a0\u00a0<a style=\"color: #000000\" href=\"mailto:montiellp@diba.cat\">montiellp@diba.cat<\/a><\/span><\/li>\n<li><span style=\"color: #000000\">Xavier Villacampa\u00a0\u00a0<a style=\"color: #000000\" href=\"mailto:villacampaml@diba.cat\">villacampaml@diba.cat<\/a><\/span><\/li>\n<li><span style=\"color: #000000\">Ricard Alcojor\u00a0\u00a0<a style=\"color: #000000\" href=\"mailto:alcojorbr@diba.cat\">alcojorbr@diba.cat<\/a><\/span><\/li>\n<li><span style=\"color: #000000\">L\u00eddia Rodr\u00edguez\u00a0\u00a0<a style=\"color: #000000\" href=\"mailto:rodriguezsld@diba.cat\">rodriguezsld@diba.cat<\/a><\/span><\/li>\n<\/ul>\n<p><strong><span style=\"color: #000000\">\u00a0\u00a0\u00a0\u00a0\u00a0\u00a0\u00a0\u00a0\u00a0\u00a0\u00a0<\/span><a href=\"https:\/\/diba.ccoo.cat\/ccooprevencio-diba-requeriments-de-la-inspeccio-de-treball-a-la-diputacio-de-barcelona\/\"><img loading=\"lazy\" decoding=\"async\" class=\"wp-image-2551 aligncenter\" src=\"http:\/\/ccoo.app\/diputacio-de-barcelona\/wp-content\/blogs.dir\/6\/files\/sites\/186\/2018\/09\/aaaaaaaaaaaaaaaa-300x138.png\" alt=\"\" width=\"435\" height=\"200\" srcset=\"https:\/\/ccoo.app\/diputacio-de-barcelona\/wp-content\/blogs.dir\/6\/files\/sites\/186\/2018\/09\/aaaaaaaaaaaaaaaa-300x138.png 300w, https:\/\/ccoo.app\/diputacio-de-barcelona\/wp-content\/blogs.dir\/6\/files\/sites\/186\/2018\/09\/aaaaaaaaaaaaaaaa.png 580w\" sizes=\"auto, (max-width: 435px) 100vw, 435px\" \/> <\/a><\/strong><\/p>\n<p><img loading=\"lazy\" decoding=\"async\" class=\" wp-image-2552 aligncenter\" src=\"http:\/\/ccoo.app\/diputacio-de-barcelona\/wp-content\/blogs.dir\/6\/files\/sites\/186\/2018\/09\/ssssssssssss-300x58.png\" alt=\"\" width=\"435\" height=\"84\" srcset=\"https:\/\/ccoo.app\/diputacio-de-barcelona\/wp-content\/blogs.dir\/6\/files\/sites\/186\/2018\/09\/ssssssssssss-300x58.png 300w, https:\/\/ccoo.app\/diputacio-de-barcelona\/wp-content\/blogs.dir\/6\/files\/sites\/186\/2018\/09\/ssssssssssss.png 555w\" sizes=\"auto, (max-width: 435px) 100vw, 435px\" \/><\/p>\n<p>&nbsp;<\/p>\n<p><a href=\"https:\/\/diba.ccoo.cat\/afiliat-al-sindicat-amb-mes-afiliacio-i-representacio-a-la-diputacio-de-barcelona\/\"><img loading=\"lazy\" decoding=\"async\" class=\"alignnone size-medium wp-image-2346\" src=\"http:\/\/ccoo.app\/diputacio-de-barcelona\/wp-content\/blogs.dir\/6\/files\/sites\/186\/2016\/05\/asasas-300x142-1-300x142.png\" alt=\"\" width=\"300\" height=\"142\" \/><\/a><\/p>\n<p><span style=\"font-family: arial, helvetica, sans-serif;color: #000000\"><strong>Horari d\u2019atenci\u00f3 CCOO DIBA: <\/strong><\/span><\/p>\n<p><span style=\"font-family: arial, helvetica, sans-serif;color: #000000\"><strong>CARRER MALLORCA, 244, 2on 3a<\/strong><\/span><\/p>\n<p><span style=\"font-family: arial, helvetica, sans-serif;color: #000000\"><strong>DE DILLUNS A DIVENDRES DE 8:30 A 16:30\u00a0\u00a0 <\/strong><span style=\"font-size: 10pt\"><strong>(FORA D\u2019AQUEST HORARI AMB CITA PR\u00c8VIA)<\/strong><\/span><\/span><\/p>\n<p style=\"text-align: center\"><span style=\"font-size: 18pt\"><span style=\"font-family: arial, helvetica, sans-serif;color: #000000\"><strong>\u00a0<\/strong><\/span><span style=\"font-family: arial, helvetica, sans-serif\"><strong><small><span style=\"color: #000000\">Contacta&#8217;ns per tel\u00e8fon 934 022 985 o correu:<\/span> <a href=\"mailto:ccoo@diba.cat\">ccoo@diba.cat<\/a><\/small> <\/strong><\/span><\/span><\/p>\n<p><strong>\u00a0<\/strong><\/p>\n<p><a href=\"https:\/\/twitter.com\/CCOODiba\"><img loading=\"lazy\" decoding=\"async\" class=\"alignleft\" src=\"http:\/\/www.mysocialaccounts.com\/wp-content\/uploads\/2017\/04\/twitter.jpg\" alt=\"Resultado de imagen de twitter\" width=\"44\" height=\"44\" \/><\/a>\u00a0 \u00a0\u00a0<a href=\"http:\/\/diba.ccoo.cat\/\"><img loading=\"lazy\" decoding=\"async\" class=\"\" src=\"https:\/\/encrypted-tbn0.gstatic.com\/images?q=tbn:ANd9GcS98Z75qmWgKpehEkfwdWrInKdK65A-jf2SgkGvuU4oy_fPYt9q\" alt=\"Imagen relacionada\" width=\"52\" height=\"53\" \/><\/a><a href=\"https:\/\/www.facebook.com\/CcooDiputacioDeBarcelona\/\"><img loading=\"lazy\" decoding=\"async\" class=\"alignleft\" src=\"https:\/\/upload.wikimedia.org\/wikipedia\/commons\/thumb\/7\/7c\/Facebook_New_Logo_%282015%29.svg\/2000px-Facebook_New_Logo_%282015%29.svg.png\" alt=\"Resultado de imagen de facebook\" width=\"122\" height=\"46\" \/><\/a><a href=\"https:\/\/www.youtube.com\/channel\/UCFzenkS75udEcs4pB4qoZsg\"><img loading=\"lazy\" decoding=\"async\" class=\"alignleft\" src=\"https:\/\/i.kinja-img.com\/gawker-media\/image\/upload\/s--heVex4FV--\/c_scale,fl_progressive,q_80,w_800\/pol5zfmalpqmpt1jcnbp.png\" alt=\"Resultado de imagen de youtube\" width=\"117\" height=\"50\" \/><\/a><img loading=\"lazy\" decoding=\"async\" class=\"alignleft\" src=\"https:\/\/www.educapeques.com\/wp-content\/uploads\/2016\/04\/descargar-whatsapp.png\" alt=\"Resultado de imagen de whatsapp\" width=\"64\" height=\"50\" \/><\/p>\n<p>&nbsp;<\/p>\n<p>&nbsp;<\/p>\n<p>&nbsp;<\/p>\n<p>&nbsp;<\/p>\n<p>&nbsp;<\/p>\n<p>&nbsp;<\/p>\n<p>&nbsp;<\/p>\n<p>&nbsp;<\/p>\n<p><img loading=\"lazy\" decoding=\"async\" class=\"wp-image-262 alignright\" src=\"http:\/\/ccoo.app\/diputacio-de-barcelona\/wp-content\/blogs.dir\/6\/files\/sites\/186\/2016\/04\/afiliat_ccoo_cat.gif\" alt=\"Tota la informaci\u00f3 de com afiliar-se a CCOO Catalunya i forlmulari d'alta o baxia.\" width=\"90\" height=\"80\" \/><\/p>\n<p>&nbsp;<\/p>\n<p>&nbsp;<\/p>\n<p>&nbsp;<\/p>\n<p>&nbsp;<\/p>\n<p>&nbsp;    \t<\/p>\n","protected":false},"excerpt":{"rendered":"<p>\u00a0 \u00a0 \u00a0 \u00a0 \u00a0 \u00a0 \u00a0 \u00a0 \u00a0 CCOOPREVENCI\u00d3-DIBA.\u00a0DIEM NO ALS ACARAMENTS!\u00a0(CAREOS EN CASTELL\u00c0) &nbsp; Volem cridar l&#8217;atenci\u00f3 de tots els treballadors\/es de la Diputaci\u00f3 de Barcelona respecte una &#8230; <\/p>\n<p class=\"read-more-container\"><a title=\"CCOOPREVENCI\u00d3-DIBA.\u00a0DIEM NO ALS ACARAMENTS!\u00a0 \u00a0\" class=\"read-more button\" href=\"https:\/\/ccoo.app\/diputacio-de-barcelona\/ccooprevencio-diba-diem-no-als-acaraments\/#more-2857\" aria-label=\"Leer m\u00e1s sobre CCOOPREVENCI\u00d3-DIBA.\u00a0DIEM NO ALS ACARAMENTS!\u00a0 \u00a0\">Continuar llegint<\/a><\/p>\n","protected":false},"author":4519,"featured_media":2549,"comment_status":"open","ping_status":"open","sticky":false,"template":"","format":"standard","meta":{"footnotes":""},"categories":[19,26,35],"tags":[64,86,124,127,148],"class_list":["post-2857","post","type-post","status-publish","format-standard","has-post-thumbnail","hentry","category-comunicats","category-mgn","category-salut-laboral","tag-baixes-laborals","tag-baixes-altes-mediques-embaras-maternitat-flexibilitat-fills-ebep-eleccions-jornada-horari-horaris-laboral-jornada-jornades-laborals-its-incapacitat-temporal-salut-inspeccio-treball","tag-inspeccio-de-treball","tag-its","tag-mesa-general-negociacio","generate-columns","tablet-grid-50","mobile-grid-100","grid-parent","grid-50"],"_links":{"self":[{"href":"https:\/\/ccoo.app\/diputacio-de-barcelona\/wp-json\/wp\/v2\/posts\/2857","targetHints":{"allow":["GET"]}}],"collection":[{"href":"https:\/\/ccoo.app\/diputacio-de-barcelona\/wp-json\/wp\/v2\/posts"}],"about":[{"href":"https:\/\/ccoo.app\/diputacio-de-barcelona\/wp-json\/wp\/v2\/types\/post"}],"author":[{"embeddable":true,"href":"https:\/\/ccoo.app\/diputacio-de-barcelona\/wp-json\/wp\/v2\/users\/4519"}],"replies":[{"embeddable":true,"href":"https:\/\/ccoo.app\/diputacio-de-barcelona\/wp-json\/wp\/v2\/comments?post=2857"}],"version-history":[{"count":1,"href":"https:\/\/ccoo.app\/diputacio-de-barcelona\/wp-json\/wp\/v2\/posts\/2857\/revisions"}],"predecessor-version":[{"id":52102,"href":"https:\/\/ccoo.app\/diputacio-de-barcelona\/wp-json\/wp\/v2\/posts\/2857\/revisions\/52102"}],"wp:featuredmedia":[{"embeddable":true,"href":"https:\/\/ccoo.app\/diputacio-de-barcelona\/wp-json\/wp\/v2\/media\/2549"}],"wp:attachment":[{"href":"https:\/\/ccoo.app\/diputacio-de-barcelona\/wp-json\/wp\/v2\/media?parent=2857"}],"wp:term":[{"taxonomy":"category","embeddable":true,"href":"https:\/\/ccoo.app\/diputacio-de-barcelona\/wp-json\/wp\/v2\/categories?post=2857"},{"taxonomy":"post_tag","embeddable":true,"href":"https:\/\/ccoo.app\/diputacio-de-barcelona\/wp-json\/wp\/v2\/tags?post=2857"}],"curies":[{"name":"wp","href":"https:\/\/api.w.org\/{rel}","templated":true}]}}