{"id":2735,"date":"2018-10-26T16:32:26","date_gmt":"2018-10-26T15:32:26","guid":{"rendered":"https:\/\/diba.ccoo.cat\/?p=2735"},"modified":"2023-02-22T19:09:29","modified_gmt":"2023-02-22T18:09:29","slug":"aprovacioinicialreglament","status":"publish","type":"post","link":"https:\/\/ccoo.app\/diputacio-de-barcelona\/aprovacioinicialreglament\/","title":{"rendered":"DAVANT L&#8217;APROVACI\u00d3 INICIAL DEL REGLAMENT DE LES RELACIONS ELECTR\u00d2NIQUES EN EL MARC DELS PROCEDIMENTS ADMINISTRATIUS EN L&#8217;\u00c0MBIT DE RRHH, DE LA DIBA CCOO ENVIEM PROPOSTES DE MODIFICACI\u00d3"},"content":{"rendered":"<p class=\"wp-caption-text\"><img loading=\"lazy\" decoding=\"async\" class=\"alignnone wp-image-1853\" src=\"http:\/\/ccoo.app\/diputacio-de-barcelona\/wp-content\/blogs.dir\/6\/files\/sites\/186\/2018\/01\/logoccoov18.jpg\" alt=\"\" width=\"137\" height=\"63\" \/><\/p>\n<p><span style=\"color: #0000ff;font-family: arial black, sans-serif\"><span style=\"font-size: 24px\"><b>APROVACI\u00d3 INICIAL DEL REGLAMENT DE LES RELACIONS ELECTR\u00d2NIQUES EN EL MARC DELS PROCEDIMENTS ADMINISTRATIUS EN L&#8217;\u00c0MBIT DE RRHH DE LA DIBA<\/b><\/span><\/span><\/p>\n<p><span style=\"font-family: arial, helvetica, sans-serif;color: #000000\">CCOO considerem que abans de la seva aprovaci\u00f3 definitiva, aquest reglament ha de tenir en compte al menys els seg\u00fcents aspectes importants:\u00a0<\/span><\/p>\n<ul>\n<li><span style=\"font-family: arial, helvetica, sans-serif;color: #000000\">Aplicar per\u00edodes d\u2019exempci\u00f3 en la comunicaci\u00f3 de la corporaci\u00f3: vacances (i per\u00edodes pre i post vacacionals), horari no laboral, dies de perm\u00eds i caps de setmana.<\/span><\/li>\n<\/ul>\n<p>&nbsp;<\/p>\n<ul>\n<li><span style=\"font-family: arial, helvetica, sans-serif;color: #000000\">Habilitar un sistema de firma electr\u00f2nica expl\u00edcit de les notificacions per aplicar-les i no el mer transc\u00f3rrer d\u2019un per\u00edode de dies en les casu\u00edstiques de possible lesi\u00f3 de drets dels i de les treballadores. En aquest sentit ens remetem a la Ordenanza Reguladora del Procedimiento Administrativo Com\u00fan Electr\u00f3nico En La Administraci\u00f3n Local en el seu Article 20. Expedici\u00f3 i pr\u00e0ctica electr\u00f2nica de la notificaci\u00f3 Punt 4. Apartat c) \u201c<em>Deber\u00e1 quedar const\u00e0ncia del acceso del interesado o de su representante al contenido de la notificaci\u00f3n, con indicaci\u00f3n de la fecha y la hora en que se produce.<\/em>\u201d<\/span><\/li>\n<\/ul>\n<p>&nbsp;<\/p>\n<ul>\n<li><span style=\"font-family: arial, helvetica, sans-serif;color: #000000\">Tipificar les notificacions depenent de les seves implicacions per aplicar el nivell d\u2019incid\u00e8ncia i tractament de la notificaci\u00f3.<\/span><\/li>\n<\/ul>\n<p>&nbsp;<\/p>\n<ul>\n<li><span style=\"font-family: arial, helvetica, sans-serif;color: #000000\">Considerar un especial tractament als col\u00b7lectius de poca o nul\u00b7la interacci\u00f3 amb els sistemes inform\u00e0tics amb aplicaci\u00f3 de per\u00edodes transitoris, alfabetitzaci\u00f3 digital i habilitaci\u00f3 efectiva dels recursos inform\u00e0tics.<\/span><\/li>\n<\/ul>\n<p>&nbsp;<\/p>\n<p><span style=\"font-family: arial, helvetica, sans-serif;color: #000000\">El reglament proposat (i en cap cas negociat amb la representaci\u00f3 sindical) ha quedat aprovat inicialment amb\u00a0vots a favor de PDeCAT, ERC i PSC i abstenci\u00f3 de CUP, PP, Entesa, Ciutadans i diputat no adscrit.<\/span><\/p>\n<p><span style=\"font-family: arial, helvetica, sans-serif;color: #000000\">Tamb\u00e9 en aquest cas, CCOO hem enviat un escrit a tots els grups pol\u00edtics de la Diputaci\u00f3 de barcelona. (<a href=\"https:\/\/diba.ccoo.cat\/wp-content\/uploads\/sites\/37\/2018\/10\/Grup-pol%C3%ADtic-d.pdf\"><strong><span style=\"color: #0000ff\">CLIQUEU PER LLEGIR-LO<\/span><\/strong><\/a>)<\/span><\/p>\n<p>&nbsp;<\/p>\n<p><strong><a href=\"https:\/\/transparencia.diba.cat\/acords-de-la-mesa-general-de-negociacio-2015-2019\"><img loading=\"lazy\" decoding=\"async\" class=\"wp-image-2336 aligncenter\" src=\"http:\/\/ccoo.app\/diputacio-de-barcelona\/wp-content\/blogs.dir\/6\/files\/sites\/186\/2018\/05\/bnbn-300x47.png\" alt=\"\" width=\"568\" height=\"89\" srcset=\"https:\/\/ccoo.app\/diputacio-de-barcelona\/wp-content\/blogs.dir\/6\/files\/sites\/186\/2018\/05\/bnbn-300x47.png 300w, https:\/\/ccoo.app\/diputacio-de-barcelona\/wp-content\/blogs.dir\/6\/files\/sites\/186\/2018\/05\/bnbn.png 676w\" sizes=\"auto, (max-width: 568px) 100vw, 568px\" \/><\/a><\/strong><\/p>\n<p>&nbsp;<\/p>\n<p><a href=\"https:\/\/diba.ccoo.cat\/afiliat-al-sindicat-amb-mes-afiliacio-i-representacio-a-la-diputacio-de-barcelona\/\"><span style=\"font-family: arial, helvetica, sans-serif;color: #000000\"><strong><img loading=\"lazy\" decoding=\"async\" class=\"wp-image-2304 alignleft\" src=\"http:\/\/ccoo.app\/diputacio-de-barcelona\/wp-content\/blogs.dir\/6\/files\/sites\/186\/2018\/05\/asasas-300x142.png\" alt=\"\" width=\"218\" height=\"103\" srcset=\"https:\/\/ccoo.app\/diputacio-de-barcelona\/wp-content\/blogs.dir\/6\/files\/sites\/186\/2018\/05\/asasas-300x142.png 300w, https:\/\/ccoo.app\/diputacio-de-barcelona\/wp-content\/blogs.dir\/6\/files\/sites\/186\/2018\/05\/asasas.png 318w\" sizes=\"auto, (max-width: 218px) 100vw, 218px\" \/><\/strong><\/span><\/a><\/p>\n<p><span style=\"font-family: 'arial black', sans-serif;color: #0000ff\"><strong>Horari d\u2019atenci\u00f3 CCOO DIBA: <\/strong><\/span><\/p>\n<p><span style=\"font-family: 'arial black', sans-serif;color: #0000ff\"><strong>CARRER MALLORCA, 244, 2on 3a<\/strong><\/span><\/p>\n<p><span style=\"font-family: 'arial black', sans-serif;color: #0000ff\"><strong>DE DILLUNS A DIVENDRES DE 8:30 A 16:30\u00a0\u00a0 <\/strong><span style=\"font-size: 10pt\"><strong>(FORA D\u2019AQUEST HORARI AMB CITA PR\u00c8VIA)<\/strong><\/span><\/span><\/p>\n<p style=\"text-align: center\"><span style=\"font-size: 18pt\"><span style=\"font-family: 'arial black', sans-serif;color: #0000ff\"><strong>\u00a0<\/strong><\/span><span style=\"font-family: arial, helvetica, sans-serif\"><strong><small><span style=\"color: #0000ff;font-family: 'arial black', sans-serif\">Contacta&#8217;ns per tel\u00e8fon 934 022 985 o correu:<\/span> <a href=\"mailto:ccoo@diba.cat\">ccoo@diba.cat<\/a><\/small> <\/strong><\/span><\/span><\/p>\n<p><strong>\u00a0<\/strong><\/p>\n<p><a href=\"https:\/\/twitter.com\/CCOODiba\"><img loading=\"lazy\" decoding=\"async\" class=\"alignleft\" src=\"http:\/\/www.mysocialaccounts.com\/wp-content\/uploads\/2017\/04\/twitter.jpg\" alt=\"Resultado de imagen de twitter\" width=\"44\" height=\"44\" \/><\/a>\u00a0 \u00a0\u00a0<a href=\"http:\/\/diba.ccoo.cat\/\"><img loading=\"lazy\" decoding=\"async\" class=\"\" src=\"https:\/\/encrypted-tbn0.gstatic.com\/images?q=tbn:ANd9GcS98Z75qmWgKpehEkfwdWrInKdK65A-jf2SgkGvuU4oy_fPYt9q\" alt=\"Imagen relacionada\" width=\"52\" height=\"53\" \/><\/a><a href=\"https:\/\/www.facebook.com\/CcooDiputacioDeBarcelona\/\"><img loading=\"lazy\" decoding=\"async\" class=\"alignleft\" src=\"https:\/\/upload.wikimedia.org\/wikipedia\/commons\/thumb\/7\/7c\/Facebook_New_Logo_%282015%29.svg\/2000px-Facebook_New_Logo_%282015%29.svg.png\" alt=\"Resultado de imagen de facebook\" width=\"122\" height=\"46\" \/><\/a><a href=\"https:\/\/www.youtube.com\/channel\/UCFzenkS75udEcs4pB4qoZsg\"><img loading=\"lazy\" decoding=\"async\" class=\"alignleft\" src=\"https:\/\/i.kinja-img.com\/gawker-media\/image\/upload\/s--heVex4FV--\/c_scale,fl_progressive,q_80,w_800\/pol5zfmalpqmpt1jcnbp.png\" alt=\"Resultado de imagen de youtube\" width=\"117\" height=\"50\" \/><\/a><img loading=\"lazy\" decoding=\"async\" class=\"alignleft\" src=\"https:\/\/www.educapeques.com\/wp-content\/uploads\/2016\/04\/descargar-whatsapp.png\" alt=\"Resultado de imagen de whatsapp\" width=\"64\" height=\"50\" \/><\/p>\n<p>&nbsp;<\/p>\n<p>&nbsp;<\/p>\n<p>&nbsp;<\/p>\n<p>&nbsp;<\/p>\n<p>&nbsp;<\/p>\n<p>&nbsp;<\/p>\n<p>&nbsp;<\/p>\n<p>&nbsp;<\/p>\n<p><img loading=\"lazy\" decoding=\"async\" class=\"wp-image-262 alignright\" src=\"http:\/\/ccoo.app\/diputacio-de-barcelona\/wp-content\/blogs.dir\/6\/files\/sites\/186\/2016\/04\/afiliat_ccoo_cat.gif\" alt=\"Tota la informaci\u00f3 de com afiliar-se a CCOO Catalunya i forlmulari d'alta o baxia.\" width=\"90\" height=\"80\" \/><\/p>\n<p>&nbsp;<\/p>\n<p>&nbsp;<\/p>\n<p>&nbsp;<\/p>\n<p>&nbsp;<\/p>\n<p>&nbsp;    \t<\/p>\n","protected":false},"excerpt":{"rendered":"<p>APROVACI\u00d3 INICIAL DEL REGLAMENT DE LES RELACIONS ELECTR\u00d2NIQUES EN EL MARC DELS PROCEDIMENTS ADMINISTRATIUS EN L&#8217;\u00c0MBIT DE RRHH DE LA DIBA CCOO considerem que abans de la seva aprovaci\u00f3 definitiva, &#8230; <\/p>\n<p class=\"read-more-container\"><a title=\"DAVANT L&#8217;APROVACI\u00d3 INICIAL DEL REGLAMENT DE LES RELACIONS ELECTR\u00d2NIQUES EN EL MARC DELS PROCEDIMENTS ADMINISTRATIUS EN L&#8217;\u00c0MBIT DE RRHH, DE LA DIBA CCOO ENVIEM PROPOSTES DE MODIFICACI\u00d3\" class=\"read-more button\" href=\"https:\/\/ccoo.app\/diputacio-de-barcelona\/aprovacioinicialreglament\/#more-2735\" aria-label=\"Leer m\u00e1s sobre DAVANT L&#8217;APROVACI\u00d3 INICIAL DEL REGLAMENT DE LES RELACIONS ELECTR\u00d2NIQUES EN EL MARC DELS PROCEDIMENTS ADMINISTRATIUS EN L&#8217;\u00c0MBIT DE RRHH, DE LA DIBA CCOO ENVIEM PROPOSTES DE MODIFICACI\u00d3\">Continuar llegint<\/a><\/p>\n","protected":false},"author":4519,"featured_media":2646,"comment_status":"open","ping_status":"open","sticky":false,"template":"","format":"standard","meta":{"footnotes":""},"categories":[38,19,30],"tags":[145,174,175],"class_list":["post-2735","post","type-post","status-publish","format-standard","has-post-thumbnail","hentry","category-a-tot-el-personal","category-comunicats","category-permisos","tag-maternitat","tag-permis-de-conciliacio","tag-permis-de-maternitat","generate-columns","tablet-grid-50","mobile-grid-100","grid-parent","grid-50"],"_links":{"self":[{"href":"https:\/\/ccoo.app\/diputacio-de-barcelona\/wp-json\/wp\/v2\/posts\/2735","targetHints":{"allow":["GET"]}}],"collection":[{"href":"https:\/\/ccoo.app\/diputacio-de-barcelona\/wp-json\/wp\/v2\/posts"}],"about":[{"href":"https:\/\/ccoo.app\/diputacio-de-barcelona\/wp-json\/wp\/v2\/types\/post"}],"author":[{"embeddable":true,"href":"https:\/\/ccoo.app\/diputacio-de-barcelona\/wp-json\/wp\/v2\/users\/4519"}],"replies":[{"embeddable":true,"href":"https:\/\/ccoo.app\/diputacio-de-barcelona\/wp-json\/wp\/v2\/comments?post=2735"}],"version-history":[{"count":1,"href":"https:\/\/ccoo.app\/diputacio-de-barcelona\/wp-json\/wp\/v2\/posts\/2735\/revisions"}],"predecessor-version":[{"id":52115,"href":"https:\/\/ccoo.app\/diputacio-de-barcelona\/wp-json\/wp\/v2\/posts\/2735\/revisions\/52115"}],"wp:featuredmedia":[{"embeddable":true,"href":"https:\/\/ccoo.app\/diputacio-de-barcelona\/wp-json\/wp\/v2\/media\/2646"}],"wp:attachment":[{"href":"https:\/\/ccoo.app\/diputacio-de-barcelona\/wp-json\/wp\/v2\/media?parent=2735"}],"wp:term":[{"taxonomy":"category","embeddable":true,"href":"https:\/\/ccoo.app\/diputacio-de-barcelona\/wp-json\/wp\/v2\/categories?post=2735"},{"taxonomy":"post_tag","embeddable":true,"href":"https:\/\/ccoo.app\/diputacio-de-barcelona\/wp-json\/wp\/v2\/tags?post=2735"}],"curies":[{"name":"wp","href":"https:\/\/api.w.org\/{rel}","templated":true}]}}